{"id":40399,"date":"2025-04-07T10:08:13","date_gmt":"2025-04-07T08:08:13","guid":{"rendered":"https:\/\/www.link2fleet.com\/q-park-belgie-verveelvoudigde-aantal-laadpunten-en-zet-ambities-ook-in-2025-door\/"},"modified":"2025-04-09T10:01:31","modified_gmt":"2025-04-09T08:01:31","slug":"q-park-belgique-multiplie-le-nombre-de-chargeurs-et-pose-ses-ambitions-pour-2025","status":"publish","type":"post","link":"https:\/\/www.link2fleet.com\/fr\/q-park-belgique-multiplie-le-nombre-de-chargeurs-et-pose-ses-ambitions-pour-2025\/","title":{"rendered":"Q-Park Belgique multiplie le nombre de chargeurs et pose ses ambitions pour 2025"},"content":{"rendered":"","protected":false},"excerpt":{"rendered":"","protected":false},"author":4,"featured_media":40394,"comment_status":"closed","ping_status":"closed","sticky":false,"template":"","format":"standard","meta":{"_acf_changed":false,"footnotes":""},"categories":[81,91],"tags":[],"class_list":["post-40399","post","type-post","status-publish","format-standard","has-post-thumbnail","hentry","category-gestion-de-carburant-et-energie","category-expertise-et-management"],"acf":[],"yoast_head":"<!-- This site is optimized with the Yoast SEO plugin v27.3 - https:\/\/yoast.com\/product\/yoast-seo-wordpress\/ -->\n<title>Q-Park Belgique multiplie le nombre de chargeurs et pose ses ambitions pour 2025 - link2fleet<\/title>\n<meta name=\"description\" content=\"Q-Park Belgique a r\u00e9cemment inaugur\u00e9 son 600e point de recharge \u00e9lectrique, qui fait partie int\u00e9grante de ses ambitions en mati\u00e8re de solutions de mobilit\u00e9 durables.\u2026\" \/>\n<meta name=\"robots\" content=\"index, follow, max-snippet:-1, max-image-preview:large, max-video-preview:-1\" \/>\n<meta property=\"og:locale\" content=\"fr_FR\" \/>\n<meta property=\"og:type\" content=\"article\" \/>\n<meta property=\"og:title\" content=\"Q-Park Belgique multiplie le nombre de chargeurs et pose ses ambitions pour 2025 - link2fleet\" \/>\n<meta property=\"og:description\" content=\"Q-Park Belgique a r\u00e9cemment inaugur\u00e9 son 600e point de recharge \u00e9lectrique, qui fait partie int\u00e9grante de ses ambitions en mati\u00e8re de solutions de mobilit\u00e9 durables.\u2026\" \/>\n<meta property=\"og:url\" content=\"https:\/\/www.link2fleet.com\/q-park-belgie-verveelvoudigde-aantal-laadpunten-en-zet-ambities-ook-in-2025-door\/\" \/>\n<meta property=\"og:site_name\" content=\"link2fleet\" \/>\n<meta property=\"article:published_time\" content=\"2025-04-07T08:08:13+00:00\" \/>\n<meta property=\"article:modified_time\" content=\"2025-04-09T08:01:31+00:00\" \/>\n<meta property=\"og:image\" content=\"https:\/\/static.link2fleet.com\/wp-content\/uploads\/2025\/04\/qpark-1024x678.png\" \/>\n\t<meta property=\"og:image:width\" content=\"1024\" \/>\n\t<meta property=\"og:image:height\" content=\"678\" \/>\n\t<meta property=\"og:image:type\" content=\"image\/png\" \/>\n<meta name=\"author\" content=\"Damien Malvetti\" \/>\n<meta name=\"twitter:card\" content=\"summary_large_image\" \/>\n<meta name=\"twitter:description\" content=\"Q-Park Belgique a r\u00e9cemment inaugur\u00e9 son 600e point de recharge \u00e9lectrique, qui fait partie int\u00e9grante de ses ambitions en mati\u00e8re de solutions de mobilit\u00e9 durables.\u2026\" \/>\n<meta name=\"twitter:label1\" content=\"\u00c9crit par\" \/>\n\t<meta name=\"twitter:data1\" content=\"Damien Malvetti\" \/>\n\t<meta name=\"twitter:label2\" content=\"Dur\u00e9e de lecture estim\u00e9e\" \/>\n\t<meta name=\"twitter:data2\" content=\"4 minutes\" \/>\n<script type=\"application\/ld+json\" class=\"yoast-schema-graph\">{\"@context\":\"https:\\\/\\\/schema.org\",\"@graph\":[{\"@type\":\"Article\",\"@id\":\"https:\\\/\\\/www.link2fleet.com\\\/q-park-belgie-verveelvoudigde-aantal-laadpunten-en-zet-ambities-ook-in-2025-door\\\/#article\",\"isPartOf\":{\"@id\":\"https:\\\/\\\/www.link2fleet.com\\\/q-park-belgie-verveelvoudigde-aantal-laadpunten-en-zet-ambities-ook-in-2025-door\\\/\"},\"author\":{\"name\":\"Damien Malvetti\",\"@id\":\"https:\\\/\\\/www.link2fleet.com\\\/fr\\\/#\\\/schema\\\/person\\\/027cd46113c78036b3809c9a054049da\"},\"headline\":\"Q-Park Belgique multiplie le nombre de chargeurs et pose ses ambitions pour 2025\",\"datePublished\":\"2025-04-07T08:08:13+00:00\",\"dateModified\":\"2025-04-09T08:01:31+00:00\",\"mainEntityOfPage\":{\"@id\":\"https:\\\/\\\/www.link2fleet.com\\\/q-park-belgie-verveelvoudigde-aantal-laadpunten-en-zet-ambities-ook-in-2025-door\\\/\"},\"wordCount\":12,\"publisher\":{\"@id\":\"https:\\\/\\\/www.link2fleet.com\\\/fr\\\/#organization\"},\"image\":{\"@id\":\"https:\\\/\\\/www.link2fleet.com\\\/q-park-belgie-verveelvoudigde-aantal-laadpunten-en-zet-ambities-ook-in-2025-door\\\/#primaryimage\"},\"thumbnailUrl\":\"https:\\\/\\\/static.link2fleet.com\\\/wp-content\\\/uploads\\\/2025\\\/04\\\/qpark.png\",\"articleSection\":[\"Gestion carburant et de l'\u00e9nergie\",\"Gestion de flotte\"],\"inLanguage\":\"fr-FR\"},{\"@type\":\"WebPage\",\"@id\":\"https:\\\/\\\/www.link2fleet.com\\\/q-park-belgie-verveelvoudigde-aantal-laadpunten-en-zet-ambities-ook-in-2025-door\\\/\",\"url\":\"https:\\\/\\\/www.link2fleet.com\\\/q-park-belgie-verveelvoudigde-aantal-laadpunten-en-zet-ambities-ook-in-2025-door\\\/\",\"name\":\"Q-Park Belgique multiplie le nombre de chargeurs et pose ses ambitions pour 2025 - link2fleet\",\"isPartOf\":{\"@id\":\"https:\\\/\\\/www.link2fleet.com\\\/fr\\\/#website\"},\"primaryImageOfPage\":{\"@id\":\"https:\\\/\\\/www.link2fleet.com\\\/q-park-belgie-verveelvoudigde-aantal-laadpunten-en-zet-ambities-ook-in-2025-door\\\/#primaryimage\"},\"image\":{\"@id\":\"https:\\\/\\\/www.link2fleet.com\\\/q-park-belgie-verveelvoudigde-aantal-laadpunten-en-zet-ambities-ook-in-2025-door\\\/#primaryimage\"},\"thumbnailUrl\":\"https:\\\/\\\/static.link2fleet.com\\\/wp-content\\\/uploads\\\/2025\\\/04\\\/qpark.png\",\"datePublished\":\"2025-04-07T08:08:13+00:00\",\"dateModified\":\"2025-04-09T08:01:31+00:00\",\"breadcrumb\":{\"@id\":\"https:\\\/\\\/www.link2fleet.com\\\/q-park-belgie-verveelvoudigde-aantal-laadpunten-en-zet-ambities-ook-in-2025-door\\\/#breadcrumb\"},\"inLanguage\":\"fr-FR\",\"potentialAction\":[{\"@type\":\"ReadAction\",\"target\":[\"https:\\\/\\\/www.link2fleet.com\\\/q-park-belgie-verveelvoudigde-aantal-laadpunten-en-zet-ambities-ook-in-2025-door\\\/\"]}]},{\"@type\":\"ImageObject\",\"inLanguage\":\"fr-FR\",\"@id\":\"https:\\\/\\\/www.link2fleet.com\\\/q-park-belgie-verveelvoudigde-aantal-laadpunten-en-zet-ambities-ook-in-2025-door\\\/#primaryimage\",\"url\":\"https:\\\/\\\/static.link2fleet.com\\\/wp-content\\\/uploads\\\/2025\\\/04\\\/qpark.png\",\"contentUrl\":\"https:\\\/\\\/static.link2fleet.com\\\/wp-content\\\/uploads\\\/2025\\\/04\\\/qpark.png\",\"width\":2200,\"height\":1456},{\"@type\":\"BreadcrumbList\",\"@id\":\"https:\\\/\\\/www.link2fleet.com\\\/q-park-belgie-verveelvoudigde-aantal-laadpunten-en-zet-ambities-ook-in-2025-door\\\/#breadcrumb\",\"itemListElement\":[{\"@type\":\"ListItem\",\"position\":1,\"name\":\"Home\",\"item\":\"https:\\\/\\\/www.link2fleet.com\\\/fr\\\/\"},{\"@type\":\"ListItem\",\"position\":2,\"name\":\"Q-Park Belgique multiplie le nombre de chargeurs et pose ses ambitions pour 2025\"}]},{\"@type\":\"WebSite\",\"@id\":\"https:\\\/\\\/www.link2fleet.com\\\/fr\\\/#website\",\"url\":\"https:\\\/\\\/www.link2fleet.com\\\/fr\\\/\",\"name\":\"Link2fleet\",\"description\":\"\",\"publisher\":{\"@id\":\"https:\\\/\\\/www.link2fleet.com\\\/fr\\\/#organization\"},\"potentialAction\":[{\"@type\":\"SearchAction\",\"target\":{\"@type\":\"EntryPoint\",\"urlTemplate\":\"https:\\\/\\\/www.link2fleet.com\\\/fr\\\/?s={search_term_string}\"},\"query-input\":{\"@type\":\"PropertyValueSpecification\",\"valueRequired\":true,\"valueName\":\"search_term_string\"}}],\"inLanguage\":\"fr-FR\"},{\"@type\":\"Organization\",\"@id\":\"https:\\\/\\\/www.link2fleet.com\\\/fr\\\/#organization\",\"name\":\"Link2fleet\",\"url\":\"https:\\\/\\\/www.link2fleet.com\\\/fr\\\/\",\"logo\":{\"@type\":\"ImageObject\",\"inLanguage\":\"fr-FR\",\"@id\":\"https:\\\/\\\/www.link2fleet.com\\\/fr\\\/#\\\/schema\\\/logo\\\/image\\\/\",\"url\":\"https:\\\/\\\/static.link2fleet.com\\\/wp-content\\\/uploads\\\/2024\\\/03\\\/share-image.jpg\",\"contentUrl\":\"https:\\\/\\\/static.link2fleet.com\\\/wp-content\\\/uploads\\\/2024\\\/03\\\/share-image.jpg\",\"width\":1200,\"height\":630,\"caption\":\"Link2fleet\"},\"image\":{\"@id\":\"https:\\\/\\\/www.link2fleet.com\\\/fr\\\/#\\\/schema\\\/logo\\\/image\\\/\"},\"sameAs\":[\"https:\\\/\\\/www.linkedin.com\\\/company\\\/link2fleet-belgium\",\"https:\\\/\\\/www.youtube.com\\\/user\\\/MMMBMBE\"]},{\"@type\":\"Person\",\"@id\":\"https:\\\/\\\/www.link2fleet.com\\\/fr\\\/#\\\/schema\\\/person\\\/027cd46113c78036b3809c9a054049da\",\"name\":\"Damien Malvetti\",\"image\":{\"@type\":\"ImageObject\",\"inLanguage\":\"fr-FR\",\"@id\":\"https:\\\/\\\/secure.gravatar.com\\\/avatar\\\/dd8cc03b49466c735f753ac37f8caa371af16dfed347456ed61f02883255eebb?s=96&d=mm&r=g\",\"url\":\"https:\\\/\\\/secure.gravatar.com\\\/avatar\\\/dd8cc03b49466c735f753ac37f8caa371af16dfed347456ed61f02883255eebb?s=96&d=mm&r=g\",\"contentUrl\":\"https:\\\/\\\/secure.gravatar.com\\\/avatar\\\/dd8cc03b49466c735f753ac37f8caa371af16dfed347456ed61f02883255eebb?s=96&d=mm&r=g\",\"caption\":\"Damien Malvetti\"},\"description\":\"Damien Malvetti is opgeleid als journalist en gepassioneerd door wagens, technologie en mobiliteit. Hij is verantwoordelijk voor de redactionele inhoud van link2fleet en beschikt over een uitgebreide kennis van de fleet-sector en elektrische mobiliteit.\",\"sameAs\":[\"https:\\\/\\\/www.linkedin.com\\\/in\\\/damien-malvetti-56601142\\\/\"]}]}<\/script>\n<!-- \/ Yoast SEO plugin. -->","yoast_head_json":{"title":"Q-Park Belgique multiplie le nombre de chargeurs et pose ses ambitions pour 2025 - link2fleet","description":"Q-Park Belgique a r\u00e9cemment inaugur\u00e9 son 600e point de recharge \u00e9lectrique, qui fait partie int\u00e9grante de ses ambitions en mati\u00e8re de solutions de mobilit\u00e9 durables.\u2026","robots":{"index":"index","follow":"follow","max-snippet":"max-snippet:-1","max-image-preview":"max-image-preview:large","max-video-preview":"max-video-preview:-1"},"og_locale":"fr_FR","og_type":"article","og_title":"Q-Park Belgique multiplie le nombre de chargeurs et pose ses ambitions pour 2025 - link2fleet","og_description":"Q-Park Belgique a r\u00e9cemment inaugur\u00e9 son 600e point de recharge \u00e9lectrique, qui fait partie int\u00e9grante de ses ambitions en mati\u00e8re de solutions de mobilit\u00e9 durables.\u2026","og_url":"https:\/\/www.link2fleet.com\/q-park-belgie-verveelvoudigde-aantal-laadpunten-en-zet-ambities-ook-in-2025-door\/","og_site_name":"link2fleet","article_published_time":"2025-04-07T08:08:13+00:00","article_modified_time":"2025-04-09T08:01:31+00:00","og_image":[{"width":1024,"height":678,"url":"https:\/\/static.link2fleet.com\/wp-content\/uploads\/2025\/04\/qpark-1024x678.png","type":"image\/png"}],"author":"Damien Malvetti","twitter_card":"summary_large_image","twitter_description":"Q-Park Belgique a r\u00e9cemment inaugur\u00e9 son 600e point de recharge \u00e9lectrique, qui fait partie int\u00e9grante de ses ambitions en mati\u00e8re de solutions de mobilit\u00e9 durables.\u2026","twitter_misc":{"\u00c9crit par":"Damien Malvetti","Dur\u00e9e de lecture estim\u00e9e":"4 minutes"},"schema":{"@context":"https:\/\/schema.org","@graph":[{"@type":"Article","@id":"https:\/\/www.link2fleet.com\/q-park-belgie-verveelvoudigde-aantal-laadpunten-en-zet-ambities-ook-in-2025-door\/#article","isPartOf":{"@id":"https:\/\/www.link2fleet.com\/q-park-belgie-verveelvoudigde-aantal-laadpunten-en-zet-ambities-ook-in-2025-door\/"},"author":{"name":"Damien Malvetti","@id":"https:\/\/www.link2fleet.com\/fr\/#\/schema\/person\/027cd46113c78036b3809c9a054049da"},"headline":"Q-Park Belgique multiplie le nombre de chargeurs et pose ses ambitions pour 2025","datePublished":"2025-04-07T08:08:13+00:00","dateModified":"2025-04-09T08:01:31+00:00","mainEntityOfPage":{"@id":"https:\/\/www.link2fleet.com\/q-park-belgie-verveelvoudigde-aantal-laadpunten-en-zet-ambities-ook-in-2025-door\/"},"wordCount":12,"publisher":{"@id":"https:\/\/www.link2fleet.com\/fr\/#organization"},"image":{"@id":"https:\/\/www.link2fleet.com\/q-park-belgie-verveelvoudigde-aantal-laadpunten-en-zet-ambities-ook-in-2025-door\/#primaryimage"},"thumbnailUrl":"https:\/\/static.link2fleet.com\/wp-content\/uploads\/2025\/04\/qpark.png","articleSection":["Gestion carburant et de l'\u00e9nergie","Gestion de flotte"],"inLanguage":"fr-FR"},{"@type":"WebPage","@id":"https:\/\/www.link2fleet.com\/q-park-belgie-verveelvoudigde-aantal-laadpunten-en-zet-ambities-ook-in-2025-door\/","url":"https:\/\/www.link2fleet.com\/q-park-belgie-verveelvoudigde-aantal-laadpunten-en-zet-ambities-ook-in-2025-door\/","name":"Q-Park Belgique multiplie le nombre de chargeurs et pose ses ambitions pour 2025 - link2fleet","isPartOf":{"@id":"https:\/\/www.link2fleet.com\/fr\/#website"},"primaryImageOfPage":{"@id":"https:\/\/www.link2fleet.com\/q-park-belgie-verveelvoudigde-aantal-laadpunten-en-zet-ambities-ook-in-2025-door\/#primaryimage"},"image":{"@id":"https:\/\/www.link2fleet.com\/q-park-belgie-verveelvoudigde-aantal-laadpunten-en-zet-ambities-ook-in-2025-door\/#primaryimage"},"thumbnailUrl":"https:\/\/static.link2fleet.com\/wp-content\/uploads\/2025\/04\/qpark.png","datePublished":"2025-04-07T08:08:13+00:00","dateModified":"2025-04-09T08:01:31+00:00","breadcrumb":{"@id":"https:\/\/www.link2fleet.com\/q-park-belgie-verveelvoudigde-aantal-laadpunten-en-zet-ambities-ook-in-2025-door\/#breadcrumb"},"inLanguage":"fr-FR","potentialAction":[{"@type":"ReadAction","target":["https:\/\/www.link2fleet.com\/q-park-belgie-verveelvoudigde-aantal-laadpunten-en-zet-ambities-ook-in-2025-door\/"]}]},{"@type":"ImageObject","inLanguage":"fr-FR","@id":"https:\/\/www.link2fleet.com\/q-park-belgie-verveelvoudigde-aantal-laadpunten-en-zet-ambities-ook-in-2025-door\/#primaryimage","url":"https:\/\/static.link2fleet.com\/wp-content\/uploads\/2025\/04\/qpark.png","contentUrl":"https:\/\/static.link2fleet.com\/wp-content\/uploads\/2025\/04\/qpark.png","width":2200,"height":1456},{"@type":"BreadcrumbList","@id":"https:\/\/www.link2fleet.com\/q-park-belgie-verveelvoudigde-aantal-laadpunten-en-zet-ambities-ook-in-2025-door\/#breadcrumb","itemListElement":[{"@type":"ListItem","position":1,"name":"Home","item":"https:\/\/www.link2fleet.com\/fr\/"},{"@type":"ListItem","position":2,"name":"Q-Park Belgique multiplie le nombre de chargeurs et pose ses ambitions pour 2025"}]},{"@type":"WebSite","@id":"https:\/\/www.link2fleet.com\/fr\/#website","url":"https:\/\/www.link2fleet.com\/fr\/","name":"Link2fleet","description":"","publisher":{"@id":"https:\/\/www.link2fleet.com\/fr\/#organization"},"potentialAction":[{"@type":"SearchAction","target":{"@type":"EntryPoint","urlTemplate":"https:\/\/www.link2fleet.com\/fr\/?s={search_term_string}"},"query-input":{"@type":"PropertyValueSpecification","valueRequired":true,"valueName":"search_term_string"}}],"inLanguage":"fr-FR"},{"@type":"Organization","@id":"https:\/\/www.link2fleet.com\/fr\/#organization","name":"Link2fleet","url":"https:\/\/www.link2fleet.com\/fr\/","logo":{"@type":"ImageObject","inLanguage":"fr-FR","@id":"https:\/\/www.link2fleet.com\/fr\/#\/schema\/logo\/image\/","url":"https:\/\/static.link2fleet.com\/wp-content\/uploads\/2024\/03\/share-image.jpg","contentUrl":"https:\/\/static.link2fleet.com\/wp-content\/uploads\/2024\/03\/share-image.jpg","width":1200,"height":630,"caption":"Link2fleet"},"image":{"@id":"https:\/\/www.link2fleet.com\/fr\/#\/schema\/logo\/image\/"},"sameAs":["https:\/\/www.linkedin.com\/company\/link2fleet-belgium","https:\/\/www.youtube.com\/user\/MMMBMBE"]},{"@type":"Person","@id":"https:\/\/www.link2fleet.com\/fr\/#\/schema\/person\/027cd46113c78036b3809c9a054049da","name":"Damien Malvetti","image":{"@type":"ImageObject","inLanguage":"fr-FR","@id":"https:\/\/secure.gravatar.com\/avatar\/dd8cc03b49466c735f753ac37f8caa371af16dfed347456ed61f02883255eebb?s=96&d=mm&r=g","url":"https:\/\/secure.gravatar.com\/avatar\/dd8cc03b49466c735f753ac37f8caa371af16dfed347456ed61f02883255eebb?s=96&d=mm&r=g","contentUrl":"https:\/\/secure.gravatar.com\/avatar\/dd8cc03b49466c735f753ac37f8caa371af16dfed347456ed61f02883255eebb?s=96&d=mm&r=g","caption":"Damien Malvetti"},"description":"Damien Malvetti is opgeleid als journalist en gepassioneerd door wagens, technologie en mobiliteit. Hij is verantwoordelijk voor de redactionele inhoud van link2fleet en beschikt over een uitgebreide kennis van de fleet-sector en elektrische mobiliteit.","sameAs":["https:\/\/www.linkedin.com\/in\/damien-malvetti-56601142\/"]}]}},"_links":{"self":[{"href":"https:\/\/www.link2fleet.com\/fr\/wp-json\/wp\/v2\/posts\/40399","targetHints":{"allow":["GET"]}}],"collection":[{"href":"https:\/\/www.link2fleet.com\/fr\/wp-json\/wp\/v2\/posts"}],"about":[{"href":"https:\/\/www.link2fleet.com\/fr\/wp-json\/wp\/v2\/types\/post"}],"author":[{"embeddable":true,"href":"https:\/\/www.link2fleet.com\/fr\/wp-json\/wp\/v2\/users\/4"}],"replies":[{"embeddable":true,"href":"https:\/\/www.link2fleet.com\/fr\/wp-json\/wp\/v2\/comments?post=40399"}],"version-history":[{"count":4,"href":"https:\/\/www.link2fleet.com\/fr\/wp-json\/wp\/v2\/posts\/40399\/revisions"}],"predecessor-version":[{"id":40541,"href":"https:\/\/www.link2fleet.com\/fr\/wp-json\/wp\/v2\/posts\/40399\/revisions\/40541"}],"wp:featuredmedia":[{"embeddable":true,"href":"https:\/\/www.link2fleet.com\/fr\/wp-json\/wp\/v2\/media\/40394"}],"wp:attachment":[{"href":"https:\/\/www.link2fleet.com\/fr\/wp-json\/wp\/v2\/media?parent=40399"}],"wp:term":[{"taxonomy":"category","embeddable":true,"href":"https:\/\/www.link2fleet.com\/fr\/wp-json\/wp\/v2\/categories?post=40399"},{"taxonomy":"post_tag","embeddable":true,"href":"https:\/\/www.link2fleet.com\/fr\/wp-json\/wp\/v2\/tags?post=40399"}],"curies":[{"name":"wp","href":"https:\/\/api.w.org\/{rel}","templated":true}]}}