{"id":40424,"date":"2025-04-07T19:13:15","date_gmt":"2025-04-07T17:13:15","guid":{"rendered":"https:\/\/www.link2fleet.com\/?p=40424"},"modified":"2025-04-09T10:00:15","modified_gmt":"2025-04-09T08:00:15","slug":"pres-de-600-inscrits-a-notre-webinaire-gestion-de-flotte-ecar-policy-et-vous","status":"publish","type":"post","link":"https:\/\/www.link2fleet.com\/fr\/pres-de-600-inscrits-a-notre-webinaire-gestion-de-flotte-ecar-policy-et-vous\/","title":{"rendered":"Pr\u00e8s de 600 inscrits \u00e0 notre webinaire &lsquo;Gestion de flotte &#038; (e)Car policy&rsquo;. Et vous?"},"content":{"rendered":"","protected":false},"excerpt":{"rendered":"","protected":false},"author":4,"featured_media":23711,"comment_status":"closed","ping_status":"closed","sticky":false,"template":"","format":"standard","meta":{"_acf_changed":false,"footnotes":""},"categories":[2],"tags":[],"class_list":["post-40424","post","type-post","status-publish","format-standard","has-post-thumbnail","hentry","category-non-classifiee"],"acf":[],"yoast_head":"<!-- This site is optimized with the Yoast SEO plugin v27.3 - https:\/\/yoast.com\/product\/yoast-seo-wordpress\/ -->\n<title>Pr\u00e8s de 600 inscrits \u00e0 notre webinaire &#039;Gestion de flotte &amp; (e)Car policy&#039;. Et vous? - link2fleet<\/title>\n<meta name=\"description\" content=\"Alors que l\u2019\u00e9lectrification des flottes d\u2019entreprise s\u2019acc\u00e9l\u00e8re, de nombreuses questions \u00e9mergent chez les gestionnaires de parc, les responsables RH ou les acheteurs. Comment int\u00e9grer concr\u00e8tement\u2026\" \/>\n<meta name=\"robots\" content=\"index, follow, max-snippet:-1, max-image-preview:large, max-video-preview:-1\" \/>\n<meta property=\"og:locale\" content=\"fr_FR\" \/>\n<meta property=\"og:type\" content=\"article\" \/>\n<meta property=\"og:title\" content=\"Pr\u00e8s de 600 inscrits \u00e0 notre webinaire &#039;Gestion de flotte &amp; (e)Car policy&#039;. Et vous? - link2fleet\" \/>\n<meta property=\"og:description\" content=\"Alors que l\u2019\u00e9lectrification des flottes d\u2019entreprise s\u2019acc\u00e9l\u00e8re, de nombreuses questions \u00e9mergent chez les gestionnaires de parc, les responsables RH ou les acheteurs. Comment int\u00e9grer concr\u00e8tement\u2026\" \/>\n<meta property=\"og:url\" content=\"https:\/\/www.link2fleet.com\/bijna-600-inschrijvingen-voor-ons-webinar-vlootbeheer-ecar-policy-en-u\/\" \/>\n<meta property=\"og:site_name\" content=\"link2fleet\" \/>\n<meta property=\"article:published_time\" content=\"2025-04-07T17:13:15+00:00\" \/>\n<meta property=\"article:modified_time\" content=\"2025-04-09T08:00:15+00:00\" \/>\n<meta property=\"og:image\" content=\"https:\/\/static.link2fleet.com\/wp-content\/uploads\/2024\/04\/auto-insurance.jpg\" \/>\n\t<meta property=\"og:image:width\" content=\"610\" \/>\n\t<meta property=\"og:image:height\" content=\"250\" \/>\n\t<meta property=\"og:image:type\" content=\"image\/jpeg\" \/>\n<meta name=\"author\" content=\"Damien Malvetti\" \/>\n<meta name=\"twitter:card\" content=\"summary_large_image\" \/>\n<meta name=\"twitter:description\" content=\"Alors que l\u2019\u00e9lectrification des flottes d\u2019entreprise s\u2019acc\u00e9l\u00e8re, de nombreuses questions \u00e9mergent chez les gestionnaires de parc, les responsables RH ou les acheteurs. Comment int\u00e9grer concr\u00e8tement\u2026\" \/>\n<meta name=\"twitter:label1\" content=\"\u00c9crit par\" \/>\n\t<meta name=\"twitter:data1\" content=\"Damien Malvetti\" \/>\n\t<meta name=\"twitter:label2\" content=\"Dur\u00e9e de lecture estim\u00e9e\" \/>\n\t<meta name=\"twitter:data2\" content=\"2 minutes\" \/>\n<script type=\"application\/ld+json\" class=\"yoast-schema-graph\">{\"@context\":\"https:\\\/\\\/schema.org\",\"@graph\":[{\"@type\":\"Article\",\"@id\":\"https:\\\/\\\/www.link2fleet.com\\\/bijna-600-inschrijvingen-voor-ons-webinar-vlootbeheer-ecar-policy-en-u\\\/#article\",\"isPartOf\":{\"@id\":\"https:\\\/\\\/www.link2fleet.com\\\/bijna-600-inschrijvingen-voor-ons-webinar-vlootbeheer-ecar-policy-en-u\\\/\"},\"author\":{\"name\":\"Damien Malvetti\",\"@id\":\"https:\\\/\\\/www.link2fleet.com\\\/fr\\\/#\\\/schema\\\/person\\\/027cd46113c78036b3809c9a054049da\"},\"headline\":\"Pr\u00e8s de 600 inscrits \u00e0 notre webinaire &lsquo;Gestion de flotte &#038; (e)Car policy&rsquo;. Et vous?\",\"datePublished\":\"2025-04-07T17:13:15+00:00\",\"dateModified\":\"2025-04-09T08:00:15+00:00\",\"mainEntityOfPage\":{\"@id\":\"https:\\\/\\\/www.link2fleet.com\\\/bijna-600-inschrijvingen-voor-ons-webinar-vlootbeheer-ecar-policy-en-u\\\/\"},\"wordCount\":14,\"publisher\":{\"@id\":\"https:\\\/\\\/www.link2fleet.com\\\/fr\\\/#organization\"},\"image\":{\"@id\":\"https:\\\/\\\/www.link2fleet.com\\\/bijna-600-inschrijvingen-voor-ons-webinar-vlootbeheer-ecar-policy-en-u\\\/#primaryimage\"},\"thumbnailUrl\":\"https:\\\/\\\/static.link2fleet.com\\\/wp-content\\\/uploads\\\/2024\\\/04\\\/auto-insurance.jpg\",\"articleSection\":[\"Non classifi\u00e9(e)\"],\"inLanguage\":\"fr-FR\"},{\"@type\":\"WebPage\",\"@id\":\"https:\\\/\\\/www.link2fleet.com\\\/bijna-600-inschrijvingen-voor-ons-webinar-vlootbeheer-ecar-policy-en-u\\\/\",\"url\":\"https:\\\/\\\/www.link2fleet.com\\\/bijna-600-inschrijvingen-voor-ons-webinar-vlootbeheer-ecar-policy-en-u\\\/\",\"name\":\"Pr\u00e8s de 600 inscrits \u00e0 notre webinaire 'Gestion de flotte & (e)Car policy'. Et vous? - link2fleet\",\"isPartOf\":{\"@id\":\"https:\\\/\\\/www.link2fleet.com\\\/fr\\\/#website\"},\"primaryImageOfPage\":{\"@id\":\"https:\\\/\\\/www.link2fleet.com\\\/bijna-600-inschrijvingen-voor-ons-webinar-vlootbeheer-ecar-policy-en-u\\\/#primaryimage\"},\"image\":{\"@id\":\"https:\\\/\\\/www.link2fleet.com\\\/bijna-600-inschrijvingen-voor-ons-webinar-vlootbeheer-ecar-policy-en-u\\\/#primaryimage\"},\"thumbnailUrl\":\"https:\\\/\\\/static.link2fleet.com\\\/wp-content\\\/uploads\\\/2024\\\/04\\\/auto-insurance.jpg\",\"datePublished\":\"2025-04-07T17:13:15+00:00\",\"dateModified\":\"2025-04-09T08:00:15+00:00\",\"breadcrumb\":{\"@id\":\"https:\\\/\\\/www.link2fleet.com\\\/bijna-600-inschrijvingen-voor-ons-webinar-vlootbeheer-ecar-policy-en-u\\\/#breadcrumb\"},\"inLanguage\":\"fr-FR\",\"potentialAction\":[{\"@type\":\"ReadAction\",\"target\":[\"https:\\\/\\\/www.link2fleet.com\\\/bijna-600-inschrijvingen-voor-ons-webinar-vlootbeheer-ecar-policy-en-u\\\/\"]}]},{\"@type\":\"ImageObject\",\"inLanguage\":\"fr-FR\",\"@id\":\"https:\\\/\\\/www.link2fleet.com\\\/bijna-600-inschrijvingen-voor-ons-webinar-vlootbeheer-ecar-policy-en-u\\\/#primaryimage\",\"url\":\"https:\\\/\\\/static.link2fleet.com\\\/wp-content\\\/uploads\\\/2024\\\/04\\\/auto-insurance.jpg\",\"contentUrl\":\"https:\\\/\\\/static.link2fleet.com\\\/wp-content\\\/uploads\\\/2024\\\/04\\\/auto-insurance.jpg\",\"width\":610,\"height\":250,\"caption\":\"||\"},{\"@type\":\"BreadcrumbList\",\"@id\":\"https:\\\/\\\/www.link2fleet.com\\\/bijna-600-inschrijvingen-voor-ons-webinar-vlootbeheer-ecar-policy-en-u\\\/#breadcrumb\",\"itemListElement\":[{\"@type\":\"ListItem\",\"position\":1,\"name\":\"Home\",\"item\":\"https:\\\/\\\/www.link2fleet.com\\\/fr\\\/\"},{\"@type\":\"ListItem\",\"position\":2,\"name\":\"Pr\u00e8s de 600 inscrits \u00e0 notre webinaire &#8216;Gestion de flotte &#038; (e)Car policy&#8217;. Et vous?\"}]},{\"@type\":\"WebSite\",\"@id\":\"https:\\\/\\\/www.link2fleet.com\\\/fr\\\/#website\",\"url\":\"https:\\\/\\\/www.link2fleet.com\\\/fr\\\/\",\"name\":\"Link2fleet\",\"description\":\"\",\"publisher\":{\"@id\":\"https:\\\/\\\/www.link2fleet.com\\\/fr\\\/#organization\"},\"potentialAction\":[{\"@type\":\"SearchAction\",\"target\":{\"@type\":\"EntryPoint\",\"urlTemplate\":\"https:\\\/\\\/www.link2fleet.com\\\/fr\\\/?s={search_term_string}\"},\"query-input\":{\"@type\":\"PropertyValueSpecification\",\"valueRequired\":true,\"valueName\":\"search_term_string\"}}],\"inLanguage\":\"fr-FR\"},{\"@type\":\"Organization\",\"@id\":\"https:\\\/\\\/www.link2fleet.com\\\/fr\\\/#organization\",\"name\":\"Link2fleet\",\"url\":\"https:\\\/\\\/www.link2fleet.com\\\/fr\\\/\",\"logo\":{\"@type\":\"ImageObject\",\"inLanguage\":\"fr-FR\",\"@id\":\"https:\\\/\\\/www.link2fleet.com\\\/fr\\\/#\\\/schema\\\/logo\\\/image\\\/\",\"url\":\"https:\\\/\\\/static.link2fleet.com\\\/wp-content\\\/uploads\\\/2024\\\/03\\\/share-image.jpg\",\"contentUrl\":\"https:\\\/\\\/static.link2fleet.com\\\/wp-content\\\/uploads\\\/2024\\\/03\\\/share-image.jpg\",\"width\":1200,\"height\":630,\"caption\":\"Link2fleet\"},\"image\":{\"@id\":\"https:\\\/\\\/www.link2fleet.com\\\/fr\\\/#\\\/schema\\\/logo\\\/image\\\/\"},\"sameAs\":[\"https:\\\/\\\/www.linkedin.com\\\/company\\\/link2fleet-belgium\",\"https:\\\/\\\/www.youtube.com\\\/user\\\/MMMBMBE\"]},{\"@type\":\"Person\",\"@id\":\"https:\\\/\\\/www.link2fleet.com\\\/fr\\\/#\\\/schema\\\/person\\\/027cd46113c78036b3809c9a054049da\",\"name\":\"Damien Malvetti\",\"image\":{\"@type\":\"ImageObject\",\"inLanguage\":\"fr-FR\",\"@id\":\"https:\\\/\\\/secure.gravatar.com\\\/avatar\\\/dd8cc03b49466c735f753ac37f8caa371af16dfed347456ed61f02883255eebb?s=96&d=mm&r=g\",\"url\":\"https:\\\/\\\/secure.gravatar.com\\\/avatar\\\/dd8cc03b49466c735f753ac37f8caa371af16dfed347456ed61f02883255eebb?s=96&d=mm&r=g\",\"contentUrl\":\"https:\\\/\\\/secure.gravatar.com\\\/avatar\\\/dd8cc03b49466c735f753ac37f8caa371af16dfed347456ed61f02883255eebb?s=96&d=mm&r=g\",\"caption\":\"Damien Malvetti\"},\"description\":\"Damien Malvetti is opgeleid als journalist en gepassioneerd door wagens, technologie en mobiliteit. Hij is verantwoordelijk voor de redactionele inhoud van link2fleet en beschikt over een uitgebreide kennis van de fleet-sector en elektrische mobiliteit.\",\"sameAs\":[\"https:\\\/\\\/www.linkedin.com\\\/in\\\/damien-malvetti-56601142\\\/\"]}]}<\/script>\n<!-- \/ Yoast SEO plugin. -->","yoast_head_json":{"title":"Pr\u00e8s de 600 inscrits \u00e0 notre webinaire 'Gestion de flotte & (e)Car policy'. Et vous? - link2fleet","description":"Alors que l\u2019\u00e9lectrification des flottes d\u2019entreprise s\u2019acc\u00e9l\u00e8re, de nombreuses questions \u00e9mergent chez les gestionnaires de parc, les responsables RH ou les acheteurs. Comment int\u00e9grer concr\u00e8tement\u2026","robots":{"index":"index","follow":"follow","max-snippet":"max-snippet:-1","max-image-preview":"max-image-preview:large","max-video-preview":"max-video-preview:-1"},"og_locale":"fr_FR","og_type":"article","og_title":"Pr\u00e8s de 600 inscrits \u00e0 notre webinaire 'Gestion de flotte & (e)Car policy'. Et vous? - link2fleet","og_description":"Alors que l\u2019\u00e9lectrification des flottes d\u2019entreprise s\u2019acc\u00e9l\u00e8re, de nombreuses questions \u00e9mergent chez les gestionnaires de parc, les responsables RH ou les acheteurs. Comment int\u00e9grer concr\u00e8tement\u2026","og_url":"https:\/\/www.link2fleet.com\/bijna-600-inschrijvingen-voor-ons-webinar-vlootbeheer-ecar-policy-en-u\/","og_site_name":"link2fleet","article_published_time":"2025-04-07T17:13:15+00:00","article_modified_time":"2025-04-09T08:00:15+00:00","og_image":[{"width":610,"height":250,"url":"https:\/\/static.link2fleet.com\/wp-content\/uploads\/2024\/04\/auto-insurance.jpg","type":"image\/jpeg"}],"author":"Damien Malvetti","twitter_card":"summary_large_image","twitter_description":"Alors que l\u2019\u00e9lectrification des flottes d\u2019entreprise s\u2019acc\u00e9l\u00e8re, de nombreuses questions \u00e9mergent chez les gestionnaires de parc, les responsables RH ou les acheteurs. Comment int\u00e9grer concr\u00e8tement\u2026","twitter_misc":{"\u00c9crit par":"Damien Malvetti","Dur\u00e9e de lecture estim\u00e9e":"2 minutes"},"schema":{"@context":"https:\/\/schema.org","@graph":[{"@type":"Article","@id":"https:\/\/www.link2fleet.com\/bijna-600-inschrijvingen-voor-ons-webinar-vlootbeheer-ecar-policy-en-u\/#article","isPartOf":{"@id":"https:\/\/www.link2fleet.com\/bijna-600-inschrijvingen-voor-ons-webinar-vlootbeheer-ecar-policy-en-u\/"},"author":{"name":"Damien Malvetti","@id":"https:\/\/www.link2fleet.com\/fr\/#\/schema\/person\/027cd46113c78036b3809c9a054049da"},"headline":"Pr\u00e8s de 600 inscrits \u00e0 notre webinaire &lsquo;Gestion de flotte &#038; (e)Car policy&rsquo;. Et vous?","datePublished":"2025-04-07T17:13:15+00:00","dateModified":"2025-04-09T08:00:15+00:00","mainEntityOfPage":{"@id":"https:\/\/www.link2fleet.com\/bijna-600-inschrijvingen-voor-ons-webinar-vlootbeheer-ecar-policy-en-u\/"},"wordCount":14,"publisher":{"@id":"https:\/\/www.link2fleet.com\/fr\/#organization"},"image":{"@id":"https:\/\/www.link2fleet.com\/bijna-600-inschrijvingen-voor-ons-webinar-vlootbeheer-ecar-policy-en-u\/#primaryimage"},"thumbnailUrl":"https:\/\/static.link2fleet.com\/wp-content\/uploads\/2024\/04\/auto-insurance.jpg","articleSection":["Non classifi\u00e9(e)"],"inLanguage":"fr-FR"},{"@type":"WebPage","@id":"https:\/\/www.link2fleet.com\/bijna-600-inschrijvingen-voor-ons-webinar-vlootbeheer-ecar-policy-en-u\/","url":"https:\/\/www.link2fleet.com\/bijna-600-inschrijvingen-voor-ons-webinar-vlootbeheer-ecar-policy-en-u\/","name":"Pr\u00e8s de 600 inscrits \u00e0 notre webinaire 'Gestion de flotte & (e)Car policy'. Et vous? - link2fleet","isPartOf":{"@id":"https:\/\/www.link2fleet.com\/fr\/#website"},"primaryImageOfPage":{"@id":"https:\/\/www.link2fleet.com\/bijna-600-inschrijvingen-voor-ons-webinar-vlootbeheer-ecar-policy-en-u\/#primaryimage"},"image":{"@id":"https:\/\/www.link2fleet.com\/bijna-600-inschrijvingen-voor-ons-webinar-vlootbeheer-ecar-policy-en-u\/#primaryimage"},"thumbnailUrl":"https:\/\/static.link2fleet.com\/wp-content\/uploads\/2024\/04\/auto-insurance.jpg","datePublished":"2025-04-07T17:13:15+00:00","dateModified":"2025-04-09T08:00:15+00:00","breadcrumb":{"@id":"https:\/\/www.link2fleet.com\/bijna-600-inschrijvingen-voor-ons-webinar-vlootbeheer-ecar-policy-en-u\/#breadcrumb"},"inLanguage":"fr-FR","potentialAction":[{"@type":"ReadAction","target":["https:\/\/www.link2fleet.com\/bijna-600-inschrijvingen-voor-ons-webinar-vlootbeheer-ecar-policy-en-u\/"]}]},{"@type":"ImageObject","inLanguage":"fr-FR","@id":"https:\/\/www.link2fleet.com\/bijna-600-inschrijvingen-voor-ons-webinar-vlootbeheer-ecar-policy-en-u\/#primaryimage","url":"https:\/\/static.link2fleet.com\/wp-content\/uploads\/2024\/04\/auto-insurance.jpg","contentUrl":"https:\/\/static.link2fleet.com\/wp-content\/uploads\/2024\/04\/auto-insurance.jpg","width":610,"height":250,"caption":"||"},{"@type":"BreadcrumbList","@id":"https:\/\/www.link2fleet.com\/bijna-600-inschrijvingen-voor-ons-webinar-vlootbeheer-ecar-policy-en-u\/#breadcrumb","itemListElement":[{"@type":"ListItem","position":1,"name":"Home","item":"https:\/\/www.link2fleet.com\/fr\/"},{"@type":"ListItem","position":2,"name":"Pr\u00e8s de 600 inscrits \u00e0 notre webinaire &#8216;Gestion de flotte &#038; (e)Car policy&#8217;. Et vous?"}]},{"@type":"WebSite","@id":"https:\/\/www.link2fleet.com\/fr\/#website","url":"https:\/\/www.link2fleet.com\/fr\/","name":"Link2fleet","description":"","publisher":{"@id":"https:\/\/www.link2fleet.com\/fr\/#organization"},"potentialAction":[{"@type":"SearchAction","target":{"@type":"EntryPoint","urlTemplate":"https:\/\/www.link2fleet.com\/fr\/?s={search_term_string}"},"query-input":{"@type":"PropertyValueSpecification","valueRequired":true,"valueName":"search_term_string"}}],"inLanguage":"fr-FR"},{"@type":"Organization","@id":"https:\/\/www.link2fleet.com\/fr\/#organization","name":"Link2fleet","url":"https:\/\/www.link2fleet.com\/fr\/","logo":{"@type":"ImageObject","inLanguage":"fr-FR","@id":"https:\/\/www.link2fleet.com\/fr\/#\/schema\/logo\/image\/","url":"https:\/\/static.link2fleet.com\/wp-content\/uploads\/2024\/03\/share-image.jpg","contentUrl":"https:\/\/static.link2fleet.com\/wp-content\/uploads\/2024\/03\/share-image.jpg","width":1200,"height":630,"caption":"Link2fleet"},"image":{"@id":"https:\/\/www.link2fleet.com\/fr\/#\/schema\/logo\/image\/"},"sameAs":["https:\/\/www.linkedin.com\/company\/link2fleet-belgium","https:\/\/www.youtube.com\/user\/MMMBMBE"]},{"@type":"Person","@id":"https:\/\/www.link2fleet.com\/fr\/#\/schema\/person\/027cd46113c78036b3809c9a054049da","name":"Damien Malvetti","image":{"@type":"ImageObject","inLanguage":"fr-FR","@id":"https:\/\/secure.gravatar.com\/avatar\/dd8cc03b49466c735f753ac37f8caa371af16dfed347456ed61f02883255eebb?s=96&d=mm&r=g","url":"https:\/\/secure.gravatar.com\/avatar\/dd8cc03b49466c735f753ac37f8caa371af16dfed347456ed61f02883255eebb?s=96&d=mm&r=g","contentUrl":"https:\/\/secure.gravatar.com\/avatar\/dd8cc03b49466c735f753ac37f8caa371af16dfed347456ed61f02883255eebb?s=96&d=mm&r=g","caption":"Damien Malvetti"},"description":"Damien Malvetti is opgeleid als journalist en gepassioneerd door wagens, technologie en mobiliteit. Hij is verantwoordelijk voor de redactionele inhoud van link2fleet en beschikt over een uitgebreide kennis van de fleet-sector en elektrische mobiliteit.","sameAs":["https:\/\/www.linkedin.com\/in\/damien-malvetti-56601142\/"]}]}},"_links":{"self":[{"href":"https:\/\/www.link2fleet.com\/fr\/wp-json\/wp\/v2\/posts\/40424","targetHints":{"allow":["GET"]}}],"collection":[{"href":"https:\/\/www.link2fleet.com\/fr\/wp-json\/wp\/v2\/posts"}],"about":[{"href":"https:\/\/www.link2fleet.com\/fr\/wp-json\/wp\/v2\/types\/post"}],"author":[{"embeddable":true,"href":"https:\/\/www.link2fleet.com\/fr\/wp-json\/wp\/v2\/users\/4"}],"replies":[{"embeddable":true,"href":"https:\/\/www.link2fleet.com\/fr\/wp-json\/wp\/v2\/comments?post=40424"}],"version-history":[{"count":5,"href":"https:\/\/www.link2fleet.com\/fr\/wp-json\/wp\/v2\/posts\/40424\/revisions"}],"predecessor-version":[{"id":40539,"href":"https:\/\/www.link2fleet.com\/fr\/wp-json\/wp\/v2\/posts\/40424\/revisions\/40539"}],"wp:featuredmedia":[{"embeddable":true,"href":"https:\/\/www.link2fleet.com\/fr\/wp-json\/wp\/v2\/media\/23711"}],"wp:attachment":[{"href":"https:\/\/www.link2fleet.com\/fr\/wp-json\/wp\/v2\/media?parent=40424"}],"wp:term":[{"taxonomy":"category","embeddable":true,"href":"https:\/\/www.link2fleet.com\/fr\/wp-json\/wp\/v2\/categories?post=40424"},{"taxonomy":"post_tag","embeddable":true,"href":"https:\/\/www.link2fleet.com\/fr\/wp-json\/wp\/v2\/tags?post=40424"}],"curies":[{"name":"wp","href":"https:\/\/api.w.org\/{rel}","templated":true}]}}