{"id":4067,"date":"2021-03-30T12:53:42","date_gmt":"2021-03-30T10:53:42","guid":{"rendered":"https:\/\/www.link2fleet.com\/ag-et-arval-sunissent-pour-lancer-une-solution-de-leasing-pour-particuliers\/"},"modified":"2021-03-30T12:53:42","modified_gmt":"2021-03-30T10:53:42","slug":"ag-et-arval-sunissent-pour-lancer-une-solution-de-leasing-pour-particuliers","status":"publish","type":"post","link":"https:\/\/www.link2fleet.com\/fr\/ag-et-arval-sunissent-pour-lancer-une-solution-de-leasing-pour-particuliers\/","title":{"rendered":"AG et Arval s&rsquo;unissent pour lancer une solution de leasing pour particuliers"},"content":{"rendered":"<div><strong>Le march\u00e9 du leasing priv\u00e9 en pleine croissance<\/strong>\n<\/div>\n<div>Une \u00e9tude men\u00e9e par Insites en 2019 \u00e0 la demande d\u2019AG montrait d\u00e9j\u00e0 la tendance\u00a0: parmi les personnes qui souhaitaient acheter une voiture sans apport personnel, 4 sur 10 avaient l\u2019intention de se tourner vers une formule de \u00ab\u00a0leasing\u00a0\u00bb. En Belgique, le march\u00e9 cro\u00eet chaque ann\u00e9e (1.500 v\u00e9hicules en 2015\u00a0et 17.000 en 2019\u00a0!). C\u2019est que le principe a des avantages\u2026 Une formule similaire \u00e0 un contrat de location \u00ab\u00a0tout compris\u00a0\u00bb, qui permet d\u2019acqu\u00e9rir rapidement une voiture neuve en payant une redevance mensuelle dans le cadre d\u2019un contrat \u00e0 dur\u00e9e et kilom\u00e9trage d\u00e9termin\u00e9s. Il s\u00e9duit les automobilistes privil\u00e9giant l\u2019usage \u00e0 la propri\u00e9t\u00e9.<\/p>\n<p>Ce qui motive aussi les candidats au leasing priv\u00e9 ? <em>\u00ab C\u2019est d\u2019une part, une question de budget (il n\u2019y a pas d\u2019apport initial et ils ne paient que la valeur d\u2019usage de la voiture), et d\u2019autre part la tranquillit\u00e9 d\u2019esprit. Les utilisateurs ne s\u2019engagent que pour un montant fixe par mois qui couvre le financement de la voiture, mais aussi les taxes, les assurances, les entretiens, les r\u00e9parations, les changements de pneus\u2026 Il n\u2019y a donc jamais de mauvaises surprises, les utilisateurs savent \u00e0 l\u2019avance quel budget ils vont consacrer pour l\u2019utilisation de leur v\u00e9hicule. Enfin, les r\u00e8gles changent tellement souvent en mati\u00e8re de consommation, normes CO2, revente\u2026 que le contrat de leasing donne au client \u00e0 la fois une libert\u00e9 et une s\u00e9curit\u00e9 : il b\u00e9n\u00e9ficie d\u2019une voiture neuve et pourra changer tous les 4 ans, ce qui lui garantit de rester toujours dans les normes en vigueur \u00bb<\/em> explique Laurent Loncke, general manager d\u2019Arval Belgique.\n<\/div>\n<div>\n<strong>Les principes de Go4Lease<\/strong>\n<\/div>\n<div>Vu la volont\u00e9 croissante des automobilistes belges de se tourner vers le leasing, le r\u00f4le naturel qu\u2019occupe une compagnie d\u2019assurances par rapport \u00e0 l\u2019achat d\u2019un v\u00e9hicule et le r\u00f4le soci\u00e9tal qu\u2019AG souhaite occuper dans la mobilit\u00e9 de demain, AG a d\u00e9cid\u00e9 de s\u2019associer avec Arval Belgique, sp\u00e9cialiste en location de v\u00e9hicules multimarques, pour proposer une formule de leasing priv\u00e9 \u00ab\u00a0tout compris\u00a0\u00bb via ses partenaires privil\u00e9gi\u00e9s\u00a0: les courtiers. Concr\u00e8tement, le produit permet de souscrire simultan\u00e9ment un leasing op\u00e9rationnel avec Arval (choix de v\u00e9hicule \u00e0 un loyer comp\u00e9titif) et les assurances (couvertures obligatoires et compl\u00e9mentaires) avec AG. Le tout, aupr\u00e8s d\u2019un courtier.<\/p>\n<p><em>\u00ab\u00a0Cette solution innovante de leasing priv\u00e9 via le courtier, traditionnellement une personne proche en qui le client a confiance, permettra \u00e0 ce courtier d\u2019ajouter une corde \u00e0 son arc et de conserver son r\u00f4le central de conseiller en assurance aupr\u00e8s de son client\u00a0\u00bb<\/em> explique Edwin Klaps, Managing Director chez AG.\n<\/div>\n<div>\n<strong>Une phase pilote avec les courtiers<\/strong>\n<\/div>\n<div>Une phase pilote a d\u00e9but\u00e9 avec une cinquantaine de courtiers r\u00e9partis dans toute la Belgique. <em>\u00ab\u00a0Une mani\u00e8re pour nous et pour Arval de tester ce march\u00e9 en devenir et de voir comment le courtier va se positionner aupr\u00e8s de son client, lui qui vient traditionnellement plus tard dans le processus d\u2019achat d\u2019un v\u00e9hicule. On d\u00e9place ici son r\u00f4le en le rendant central et en lui accordant encore plus d\u2019importance et de confiance. C\u2019est une approche tout \u00e0 fait novatrice dans le march\u00e9 du leasing\u00a0\u00bb<\/em>, ajoute Edwin Klaps. En fonction des r\u00e9sultats de cette phase pilote, AG et Arval se r\u00e9servent la possibilit\u00e9 d\u2019ajuster leur produit pour un lancement plus global, pr\u00e9vu plus tard dans l\u2019ann\u00e9e.<\/div>\n","protected":false},"excerpt":{"rendered":"<p>Le march\u00e9 du leasing priv\u00e9 en pleine croissance Une \u00e9tude men\u00e9e par Insites en 2019 \u00e0 la demande d\u2019AG montrait d\u00e9j\u00e0 la tendance\u00a0: parmi les personnes qui souhaitaient acheter une voiture sans apport personnel, 4 sur 10 avaient l\u2019intention de se tourner vers une formule de \u00ab\u00a0leasing\u00a0\u00bb. En Belgique, le march\u00e9 cro\u00eet chaque ann\u00e9e (1.500 [&hellip;]<\/p>\n","protected":false},"author":4,"featured_media":4068,"comment_status":"closed","ping_status":"closed","sticky":false,"template":"","format":"standard","meta":{"_acf_changed":false,"footnotes":""},"categories":[91,79],"tags":[],"class_list":["post-4067","post","type-post","status-publish","format-standard","has-post-thumbnail","hentry","category-expertise-et-management","category-societes-de-leasing"],"acf":[],"yoast_head":"<!-- This site is optimized with the Yoast SEO plugin v27.3 - https:\/\/yoast.com\/product\/yoast-seo-wordpress\/ -->\n<title>AG et Arval s&#039;unissent pour lancer une solution de leasing pour particuliers - link2fleet<\/title>\n<meta name=\"description\" content=\"Une voiture en leasing\u2026 jusqu\u2019il y a quelques ann\u00e9es, ce concept \u00e9tait surtout r\u00e9serv\u00e9 aux employ\u00e9s ou cadres en entreprise. Mais depuis 2015 en Belgique,\u2026\" \/>\n<meta name=\"robots\" content=\"index, follow, max-snippet:-1, max-image-preview:large, max-video-preview:-1\" \/>\n<meta property=\"og:locale\" content=\"fr_FR\" \/>\n<meta property=\"og:type\" content=\"article\" \/>\n<meta property=\"og:title\" content=\"AG et Arval s&#039;unissent pour lancer une solution de leasing pour particuliers - link2fleet\" \/>\n<meta property=\"og:description\" content=\"Une voiture en leasing\u2026 jusqu\u2019il y a quelques ann\u00e9es, ce concept \u00e9tait surtout r\u00e9serv\u00e9 aux employ\u00e9s ou cadres en entreprise. Mais depuis 2015 en Belgique,\u2026\" \/>\n<meta property=\"og:url\" content=\"https:\/\/www.link2fleet.com\/fr\/ag-et-arval-sunissent-pour-lancer-une-solution-de-leasing-pour-particuliers\/\" \/>\n<meta property=\"og:site_name\" content=\"link2fleet\" \/>\n<meta property=\"article:published_time\" content=\"2021-03-30T10:53:42+00:00\" \/>\n<meta property=\"og:image\" content=\"https:\/\/static.link2fleet.com\/wp-content\/uploads\/2024\/03\/used-car-leasing.jpg\" \/>\n\t<meta property=\"og:image:width\" content=\"2120\" \/>\n\t<meta property=\"og:image:height\" content=\"1414\" \/>\n\t<meta property=\"og:image:type\" content=\"image\/jpeg\" \/>\n<meta name=\"author\" content=\"Damien Malvetti\" \/>\n<meta name=\"twitter:card\" content=\"summary_large_image\" \/>\n<meta name=\"twitter:description\" content=\"Une voiture en leasing\u2026 jusqu\u2019il y a quelques ann\u00e9es, ce concept \u00e9tait surtout r\u00e9serv\u00e9 aux employ\u00e9s ou cadres en entreprise. Mais depuis 2015 en Belgique,\u2026\" \/>\n<meta name=\"twitter:label1\" content=\"\u00c9crit par\" \/>\n\t<meta name=\"twitter:data1\" content=\"Damien Malvetti\" \/>\n\t<meta name=\"twitter:label2\" content=\"Dur\u00e9e de lecture estim\u00e9e\" \/>\n\t<meta name=\"twitter:data2\" content=\"3 minutes\" \/>\n<script type=\"application\/ld+json\" class=\"yoast-schema-graph\">{\"@context\":\"https:\\\/\\\/schema.org\",\"@graph\":[{\"@type\":\"Article\",\"@id\":\"https:\\\/\\\/www.link2fleet.com\\\/fr\\\/ag-et-arval-sunissent-pour-lancer-une-solution-de-leasing-pour-particuliers\\\/#article\",\"isPartOf\":{\"@id\":\"https:\\\/\\\/www.link2fleet.com\\\/fr\\\/ag-et-arval-sunissent-pour-lancer-une-solution-de-leasing-pour-particuliers\\\/\"},\"author\":{\"name\":\"Damien Malvetti\",\"@id\":\"https:\\\/\\\/www.link2fleet.com\\\/fr\\\/#\\\/schema\\\/person\\\/027cd46113c78036b3809c9a054049da\"},\"headline\":\"AG et Arval s&rsquo;unissent pour lancer une solution de leasing pour particuliers\",\"datePublished\":\"2021-03-30T10:53:42+00:00\",\"mainEntityOfPage\":{\"@id\":\"https:\\\/\\\/www.link2fleet.com\\\/fr\\\/ag-et-arval-sunissent-pour-lancer-une-solution-de-leasing-pour-particuliers\\\/\"},\"wordCount\":616,\"publisher\":{\"@id\":\"https:\\\/\\\/www.link2fleet.com\\\/fr\\\/#organization\"},\"image\":{\"@id\":\"https:\\\/\\\/www.link2fleet.com\\\/fr\\\/ag-et-arval-sunissent-pour-lancer-une-solution-de-leasing-pour-particuliers\\\/#primaryimage\"},\"thumbnailUrl\":\"https:\\\/\\\/static.link2fleet.com\\\/wp-content\\\/uploads\\\/2024\\\/03\\\/used-car-leasing.jpg\",\"articleSection\":[\"Gestion de flotte\",\"Location long-terme\"],\"inLanguage\":\"fr-FR\"},{\"@type\":\"WebPage\",\"@id\":\"https:\\\/\\\/www.link2fleet.com\\\/fr\\\/ag-et-arval-sunissent-pour-lancer-une-solution-de-leasing-pour-particuliers\\\/\",\"url\":\"https:\\\/\\\/www.link2fleet.com\\\/fr\\\/ag-et-arval-sunissent-pour-lancer-une-solution-de-leasing-pour-particuliers\\\/\",\"name\":\"AG et Arval s'unissent pour lancer une solution de leasing pour particuliers - link2fleet\",\"isPartOf\":{\"@id\":\"https:\\\/\\\/www.link2fleet.com\\\/fr\\\/#website\"},\"primaryImageOfPage\":{\"@id\":\"https:\\\/\\\/www.link2fleet.com\\\/fr\\\/ag-et-arval-sunissent-pour-lancer-une-solution-de-leasing-pour-particuliers\\\/#primaryimage\"},\"image\":{\"@id\":\"https:\\\/\\\/www.link2fleet.com\\\/fr\\\/ag-et-arval-sunissent-pour-lancer-une-solution-de-leasing-pour-particuliers\\\/#primaryimage\"},\"thumbnailUrl\":\"https:\\\/\\\/static.link2fleet.com\\\/wp-content\\\/uploads\\\/2024\\\/03\\\/used-car-leasing.jpg\",\"datePublished\":\"2021-03-30T10:53:42+00:00\",\"breadcrumb\":{\"@id\":\"https:\\\/\\\/www.link2fleet.com\\\/fr\\\/ag-et-arval-sunissent-pour-lancer-une-solution-de-leasing-pour-particuliers\\\/#breadcrumb\"},\"inLanguage\":\"fr-FR\",\"potentialAction\":[{\"@type\":\"ReadAction\",\"target\":[\"https:\\\/\\\/www.link2fleet.com\\\/fr\\\/ag-et-arval-sunissent-pour-lancer-une-solution-de-leasing-pour-particuliers\\\/\"]}]},{\"@type\":\"ImageObject\",\"inLanguage\":\"fr-FR\",\"@id\":\"https:\\\/\\\/www.link2fleet.com\\\/fr\\\/ag-et-arval-sunissent-pour-lancer-une-solution-de-leasing-pour-particuliers\\\/#primaryimage\",\"url\":\"https:\\\/\\\/static.link2fleet.com\\\/wp-content\\\/uploads\\\/2024\\\/03\\\/used-car-leasing.jpg\",\"contentUrl\":\"https:\\\/\\\/static.link2fleet.com\\\/wp-content\\\/uploads\\\/2024\\\/03\\\/used-car-leasing.jpg\",\"width\":2120,\"height\":1414,\"caption\":\"Smiling woman in the showroom enjoying luxury car\"},{\"@type\":\"BreadcrumbList\",\"@id\":\"https:\\\/\\\/www.link2fleet.com\\\/fr\\\/ag-et-arval-sunissent-pour-lancer-une-solution-de-leasing-pour-particuliers\\\/#breadcrumb\",\"itemListElement\":[{\"@type\":\"ListItem\",\"position\":1,\"name\":\"Home\",\"item\":\"https:\\\/\\\/www.link2fleet.com\\\/fr\\\/\"},{\"@type\":\"ListItem\",\"position\":2,\"name\":\"AG et Arval s&#8217;unissent pour lancer une solution de leasing pour particuliers\"}]},{\"@type\":\"WebSite\",\"@id\":\"https:\\\/\\\/www.link2fleet.com\\\/fr\\\/#website\",\"url\":\"https:\\\/\\\/www.link2fleet.com\\\/fr\\\/\",\"name\":\"Link2fleet\",\"description\":\"\",\"publisher\":{\"@id\":\"https:\\\/\\\/www.link2fleet.com\\\/fr\\\/#organization\"},\"potentialAction\":[{\"@type\":\"SearchAction\",\"target\":{\"@type\":\"EntryPoint\",\"urlTemplate\":\"https:\\\/\\\/www.link2fleet.com\\\/fr\\\/?s={search_term_string}\"},\"query-input\":{\"@type\":\"PropertyValueSpecification\",\"valueRequired\":true,\"valueName\":\"search_term_string\"}}],\"inLanguage\":\"fr-FR\"},{\"@type\":\"Organization\",\"@id\":\"https:\\\/\\\/www.link2fleet.com\\\/fr\\\/#organization\",\"name\":\"Link2fleet\",\"url\":\"https:\\\/\\\/www.link2fleet.com\\\/fr\\\/\",\"logo\":{\"@type\":\"ImageObject\",\"inLanguage\":\"fr-FR\",\"@id\":\"https:\\\/\\\/www.link2fleet.com\\\/fr\\\/#\\\/schema\\\/logo\\\/image\\\/\",\"url\":\"https:\\\/\\\/static.link2fleet.com\\\/wp-content\\\/uploads\\\/2024\\\/03\\\/share-image.jpg\",\"contentUrl\":\"https:\\\/\\\/static.link2fleet.com\\\/wp-content\\\/uploads\\\/2024\\\/03\\\/share-image.jpg\",\"width\":1200,\"height\":630,\"caption\":\"Link2fleet\"},\"image\":{\"@id\":\"https:\\\/\\\/www.link2fleet.com\\\/fr\\\/#\\\/schema\\\/logo\\\/image\\\/\"},\"sameAs\":[\"https:\\\/\\\/www.linkedin.com\\\/company\\\/link2fleet-belgium\",\"https:\\\/\\\/www.youtube.com\\\/user\\\/MMMBMBE\"]},{\"@type\":\"Person\",\"@id\":\"https:\\\/\\\/www.link2fleet.com\\\/fr\\\/#\\\/schema\\\/person\\\/027cd46113c78036b3809c9a054049da\",\"name\":\"Damien Malvetti\",\"image\":{\"@type\":\"ImageObject\",\"inLanguage\":\"fr-FR\",\"@id\":\"https:\\\/\\\/secure.gravatar.com\\\/avatar\\\/dd8cc03b49466c735f753ac37f8caa371af16dfed347456ed61f02883255eebb?s=96&d=mm&r=g\",\"url\":\"https:\\\/\\\/secure.gravatar.com\\\/avatar\\\/dd8cc03b49466c735f753ac37f8caa371af16dfed347456ed61f02883255eebb?s=96&d=mm&r=g\",\"contentUrl\":\"https:\\\/\\\/secure.gravatar.com\\\/avatar\\\/dd8cc03b49466c735f753ac37f8caa371af16dfed347456ed61f02883255eebb?s=96&d=mm&r=g\",\"caption\":\"Damien Malvetti\"},\"description\":\"Damien Malvetti is opgeleid als journalist en gepassioneerd door wagens, technologie en mobiliteit. Hij is verantwoordelijk voor de redactionele inhoud van link2fleet en beschikt over een uitgebreide kennis van de fleet-sector en elektrische mobiliteit.\",\"sameAs\":[\"https:\\\/\\\/www.linkedin.com\\\/in\\\/damien-malvetti-56601142\\\/\"]}]}<\/script>\n<!-- \/ Yoast SEO plugin. -->","yoast_head_json":{"title":"AG et Arval s'unissent pour lancer une solution de leasing pour particuliers - link2fleet","description":"Une voiture en leasing\u2026 jusqu\u2019il y a quelques ann\u00e9es, ce concept \u00e9tait surtout r\u00e9serv\u00e9 aux employ\u00e9s ou cadres en entreprise. Mais depuis 2015 en Belgique,\u2026","robots":{"index":"index","follow":"follow","max-snippet":"max-snippet:-1","max-image-preview":"max-image-preview:large","max-video-preview":"max-video-preview:-1"},"og_locale":"fr_FR","og_type":"article","og_title":"AG et Arval s'unissent pour lancer une solution de leasing pour particuliers - link2fleet","og_description":"Une voiture en leasing\u2026 jusqu\u2019il y a quelques ann\u00e9es, ce concept \u00e9tait surtout r\u00e9serv\u00e9 aux employ\u00e9s ou cadres en entreprise. Mais depuis 2015 en Belgique,\u2026","og_url":"https:\/\/www.link2fleet.com\/fr\/ag-et-arval-sunissent-pour-lancer-une-solution-de-leasing-pour-particuliers\/","og_site_name":"link2fleet","article_published_time":"2021-03-30T10:53:42+00:00","og_image":[{"width":2120,"height":1414,"url":"https:\/\/static.link2fleet.com\/wp-content\/uploads\/2024\/03\/used-car-leasing.jpg","type":"image\/jpeg"}],"author":"Damien Malvetti","twitter_card":"summary_large_image","twitter_description":"Une voiture en leasing\u2026 jusqu\u2019il y a quelques ann\u00e9es, ce concept \u00e9tait surtout r\u00e9serv\u00e9 aux employ\u00e9s ou cadres en entreprise. Mais depuis 2015 en Belgique,\u2026","twitter_misc":{"\u00c9crit par":"Damien Malvetti","Dur\u00e9e de lecture estim\u00e9e":"3 minutes"},"schema":{"@context":"https:\/\/schema.org","@graph":[{"@type":"Article","@id":"https:\/\/www.link2fleet.com\/fr\/ag-et-arval-sunissent-pour-lancer-une-solution-de-leasing-pour-particuliers\/#article","isPartOf":{"@id":"https:\/\/www.link2fleet.com\/fr\/ag-et-arval-sunissent-pour-lancer-une-solution-de-leasing-pour-particuliers\/"},"author":{"name":"Damien Malvetti","@id":"https:\/\/www.link2fleet.com\/fr\/#\/schema\/person\/027cd46113c78036b3809c9a054049da"},"headline":"AG et Arval s&rsquo;unissent pour lancer une solution de leasing pour particuliers","datePublished":"2021-03-30T10:53:42+00:00","mainEntityOfPage":{"@id":"https:\/\/www.link2fleet.com\/fr\/ag-et-arval-sunissent-pour-lancer-une-solution-de-leasing-pour-particuliers\/"},"wordCount":616,"publisher":{"@id":"https:\/\/www.link2fleet.com\/fr\/#organization"},"image":{"@id":"https:\/\/www.link2fleet.com\/fr\/ag-et-arval-sunissent-pour-lancer-une-solution-de-leasing-pour-particuliers\/#primaryimage"},"thumbnailUrl":"https:\/\/static.link2fleet.com\/wp-content\/uploads\/2024\/03\/used-car-leasing.jpg","articleSection":["Gestion de flotte","Location long-terme"],"inLanguage":"fr-FR"},{"@type":"WebPage","@id":"https:\/\/www.link2fleet.com\/fr\/ag-et-arval-sunissent-pour-lancer-une-solution-de-leasing-pour-particuliers\/","url":"https:\/\/www.link2fleet.com\/fr\/ag-et-arval-sunissent-pour-lancer-une-solution-de-leasing-pour-particuliers\/","name":"AG et Arval s'unissent pour lancer une solution de leasing pour particuliers - link2fleet","isPartOf":{"@id":"https:\/\/www.link2fleet.com\/fr\/#website"},"primaryImageOfPage":{"@id":"https:\/\/www.link2fleet.com\/fr\/ag-et-arval-sunissent-pour-lancer-une-solution-de-leasing-pour-particuliers\/#primaryimage"},"image":{"@id":"https:\/\/www.link2fleet.com\/fr\/ag-et-arval-sunissent-pour-lancer-une-solution-de-leasing-pour-particuliers\/#primaryimage"},"thumbnailUrl":"https:\/\/static.link2fleet.com\/wp-content\/uploads\/2024\/03\/used-car-leasing.jpg","datePublished":"2021-03-30T10:53:42+00:00","breadcrumb":{"@id":"https:\/\/www.link2fleet.com\/fr\/ag-et-arval-sunissent-pour-lancer-une-solution-de-leasing-pour-particuliers\/#breadcrumb"},"inLanguage":"fr-FR","potentialAction":[{"@type":"ReadAction","target":["https:\/\/www.link2fleet.com\/fr\/ag-et-arval-sunissent-pour-lancer-une-solution-de-leasing-pour-particuliers\/"]}]},{"@type":"ImageObject","inLanguage":"fr-FR","@id":"https:\/\/www.link2fleet.com\/fr\/ag-et-arval-sunissent-pour-lancer-une-solution-de-leasing-pour-particuliers\/#primaryimage","url":"https:\/\/static.link2fleet.com\/wp-content\/uploads\/2024\/03\/used-car-leasing.jpg","contentUrl":"https:\/\/static.link2fleet.com\/wp-content\/uploads\/2024\/03\/used-car-leasing.jpg","width":2120,"height":1414,"caption":"Smiling woman in the showroom enjoying luxury car"},{"@type":"BreadcrumbList","@id":"https:\/\/www.link2fleet.com\/fr\/ag-et-arval-sunissent-pour-lancer-une-solution-de-leasing-pour-particuliers\/#breadcrumb","itemListElement":[{"@type":"ListItem","position":1,"name":"Home","item":"https:\/\/www.link2fleet.com\/fr\/"},{"@type":"ListItem","position":2,"name":"AG et Arval s&#8217;unissent pour lancer une solution de leasing pour particuliers"}]},{"@type":"WebSite","@id":"https:\/\/www.link2fleet.com\/fr\/#website","url":"https:\/\/www.link2fleet.com\/fr\/","name":"Link2fleet","description":"","publisher":{"@id":"https:\/\/www.link2fleet.com\/fr\/#organization"},"potentialAction":[{"@type":"SearchAction","target":{"@type":"EntryPoint","urlTemplate":"https:\/\/www.link2fleet.com\/fr\/?s={search_term_string}"},"query-input":{"@type":"PropertyValueSpecification","valueRequired":true,"valueName":"search_term_string"}}],"inLanguage":"fr-FR"},{"@type":"Organization","@id":"https:\/\/www.link2fleet.com\/fr\/#organization","name":"Link2fleet","url":"https:\/\/www.link2fleet.com\/fr\/","logo":{"@type":"ImageObject","inLanguage":"fr-FR","@id":"https:\/\/www.link2fleet.com\/fr\/#\/schema\/logo\/image\/","url":"https:\/\/static.link2fleet.com\/wp-content\/uploads\/2024\/03\/share-image.jpg","contentUrl":"https:\/\/static.link2fleet.com\/wp-content\/uploads\/2024\/03\/share-image.jpg","width":1200,"height":630,"caption":"Link2fleet"},"image":{"@id":"https:\/\/www.link2fleet.com\/fr\/#\/schema\/logo\/image\/"},"sameAs":["https:\/\/www.linkedin.com\/company\/link2fleet-belgium","https:\/\/www.youtube.com\/user\/MMMBMBE"]},{"@type":"Person","@id":"https:\/\/www.link2fleet.com\/fr\/#\/schema\/person\/027cd46113c78036b3809c9a054049da","name":"Damien Malvetti","image":{"@type":"ImageObject","inLanguage":"fr-FR","@id":"https:\/\/secure.gravatar.com\/avatar\/dd8cc03b49466c735f753ac37f8caa371af16dfed347456ed61f02883255eebb?s=96&d=mm&r=g","url":"https:\/\/secure.gravatar.com\/avatar\/dd8cc03b49466c735f753ac37f8caa371af16dfed347456ed61f02883255eebb?s=96&d=mm&r=g","contentUrl":"https:\/\/secure.gravatar.com\/avatar\/dd8cc03b49466c735f753ac37f8caa371af16dfed347456ed61f02883255eebb?s=96&d=mm&r=g","caption":"Damien Malvetti"},"description":"Damien Malvetti is opgeleid als journalist en gepassioneerd door wagens, technologie en mobiliteit. Hij is verantwoordelijk voor de redactionele inhoud van link2fleet en beschikt over een uitgebreide kennis van de fleet-sector en elektrische mobiliteit.","sameAs":["https:\/\/www.linkedin.com\/in\/damien-malvetti-56601142\/"]}]}},"_links":{"self":[{"href":"https:\/\/www.link2fleet.com\/fr\/wp-json\/wp\/v2\/posts\/4067","targetHints":{"allow":["GET"]}}],"collection":[{"href":"https:\/\/www.link2fleet.com\/fr\/wp-json\/wp\/v2\/posts"}],"about":[{"href":"https:\/\/www.link2fleet.com\/fr\/wp-json\/wp\/v2\/types\/post"}],"author":[{"embeddable":true,"href":"https:\/\/www.link2fleet.com\/fr\/wp-json\/wp\/v2\/users\/4"}],"replies":[{"embeddable":true,"href":"https:\/\/www.link2fleet.com\/fr\/wp-json\/wp\/v2\/comments?post=4067"}],"version-history":[{"count":0,"href":"https:\/\/www.link2fleet.com\/fr\/wp-json\/wp\/v2\/posts\/4067\/revisions"}],"wp:featuredmedia":[{"embeddable":true,"href":"https:\/\/www.link2fleet.com\/fr\/wp-json\/wp\/v2\/media\/4068"}],"wp:attachment":[{"href":"https:\/\/www.link2fleet.com\/fr\/wp-json\/wp\/v2\/media?parent=4067"}],"wp:term":[{"taxonomy":"category","embeddable":true,"href":"https:\/\/www.link2fleet.com\/fr\/wp-json\/wp\/v2\/categories?post=4067"},{"taxonomy":"post_tag","embeddable":true,"href":"https:\/\/www.link2fleet.com\/fr\/wp-json\/wp\/v2\/tags?post=4067"}],"curies":[{"name":"wp","href":"https:\/\/api.w.org\/{rel}","templated":true}]}}