{"id":4083,"date":"2021-03-31T11:03:38","date_gmt":"2021-03-31T09:03:38","guid":{"rendered":"https:\/\/www.link2fleet.com\/20-ans-dalphabet-retour-sur-ces-20-dernieres-annees-de-mobilite-en-belgique-et-apercu-de-lavenir\/"},"modified":"2021-03-31T11:03:38","modified_gmt":"2021-03-31T09:03:38","slug":"20-ans-dalphabet-retour-sur-ces-20-dernieres-annees-de-mobilite-en-belgique-et-apercu-de-lavenir","status":"publish","type":"post","link":"https:\/\/www.link2fleet.com\/fr\/20-ans-dalphabet-retour-sur-ces-20-dernieres-annees-de-mobilite-en-belgique-et-apercu-de-lavenir\/","title":{"rendered":"20 ans d&rsquo;Alphabet: retour sur ces 20 derni\u00e8res ann\u00e9es de mobilit\u00e9 en Belgique et aper\u00e7u de l&rsquo;avenir"},"content":{"rendered":"<p><em>\u00ab Je me souviens qu&rsquo;au d\u00e9but, nous avons d\u00fb expliquer ce qu&rsquo;\u00e9tait le leasing automobile. Aujourd&rsquo;hui, bien s\u00fbr, toutes les entreprises, petites et grandes, savent ce que c&rsquo;est et nous constatons que les besoins des clients \u00e9voluent. Aujourd&rsquo;hui, nous nous sommes aper\u00e7us que les clients ont des besoins multimodaux plus complexes et qu&rsquo;ils r\u00e9fl\u00e9chissent \u00e9galement au cours du processus. L\u00e0 o\u00f9 la demande tournait autour de la voiture elle-m\u00eame auparavant, il y a maintenant une demande pour une solution totale o\u00f9 les conseils sur la politique automobile, le remboursement de l&rsquo;\u00e9lectricit\u00e9 et l&rsquo;installation de bornes de recharge, etc. sont inclus dans la discussion avec le client \u00bb, <\/em>d\u00e9clare Erik Swerts, Managing Director d&rsquo;Alphabet Belgique.<\/p>\n<p><em>\u00ab Quand Alphabet a d\u00e9marr\u00e9 en 2001, il y avait six employ\u00e9s. Le bureau faisait \u00e0 peine 15m2 et les processus ont \u00e9t\u00e9 d\u00e9velopp\u00e9s progressivement sur base des questions de chaque client, c&rsquo;\u00e9tait un v\u00e9ritable travail de pionnier. Il y avait une grande coll\u00e9gialit\u00e9 o\u00f9 tout le monde, la direction et les employ\u00e9s, travaillaient ensemble intensivement dans un esprit d&rsquo;entreprise et s&rsquo;entraidaient pour r\u00e9ussir. Aujourd&rsquo;hui, 20 ans plus tard, nous comptons pr\u00e8s de 200 employ\u00e9s. Nous avons toujours une culture d&rsquo;entreprise ouverte qui laisse de la place aux opinions et aux id\u00e9es individuelles et une atmosph\u00e8re familiale, amicale et conviviale. Le haut degr\u00e9 de flexibilit\u00e9 et l&rsquo;esprit de groupe restent parmi les valeurs importantes d&rsquo;Alphabet. Notre offre a \u00e9volu\u00e9 en fonction des besoins du client : les questions du client ont chang\u00e9, l&rsquo;approche d&rsquo;un parc automobile a \u00e9volu\u00e9, nous fournissons davantage de conseils et le client lui-m\u00eame est \u00e9galement mieux inform\u00e9 \u00bb<\/em>, explique Tine Beckx, Indirect Sales Manager qui travaille toujours chez Alphabet apr\u00e8s 20 ans.<\/p>\n<p><strong>La mobilit\u00e9 : un secteur sensible aux crises et tendances.<\/strong><\/p>\n<p>Les voitures de leasing \u00e9taient initialement r\u00e9serv\u00e9es aux employ\u00e9s qui avaient besoin d&rsquo;une voiture pour exercer leur m\u00e9tier, comme les repr\u00e9sentants commerciaux. Entre-temps, la voiture de soci\u00e9t\u00e9 est devenue dans de nombreux cas une voiture qui fait partie int\u00e9grante du package salarial des employ\u00e9s. Cela explique \u00e9galement pourquoi la demande de voitures de leasing est toujours en hausse, malgr\u00e9 la situation \u00e9conomique actuelle dans laquelle une grande partie de la population active travaille \u00e0 domicile.<\/p>\n<p>Le secteur du leasing est n\u00e9anmoins un secteur sensible aux crises et aux tendances : les premi\u00e8res ann\u00e9es, il \u00e9tait domin\u00e9 par les voitures \u00e0 essence, puis ce fut le virage complet vers le diesel. Il y a quelques ann\u00e9es, la r\u00e9putation des voitures diesel a pris un s\u00e9rieux coup et les gens ont recommenc\u00e9 \u00e0 penser \u00e0 l&rsquo;essence. Entre-temps, la conscience environnementale du conducteur moyen s&rsquo;est consid\u00e9rablement accrue et un tiers de toutes les offres \u00e9mises concernent d\u00e9sormais des voitures hybrides ou \u00e9lectriques.<\/p>\n<p>L&rsquo;un des d\u00e9fis que doit relever le secteur aujourd&rsquo;hui est de savoir comment la nouvelle g\u00e9n\u00e9ration de travailleurs va appr\u00e9hender la mobilit\u00e9. La voiture n&rsquo;a plus le m\u00eame attrait pour les jeunes que pour les g\u00e9n\u00e9rations pr\u00e9c\u00e9dentes. Logiquement, la vision de la mobilit\u00e9 dans les entreprises est guid\u00e9e par la vision de la direction de cette entreprise. Une fois que la nouvelle g\u00e9n\u00e9ration de salari\u00e9s, plus jeune, aura un si\u00e8ge \u00e0 la table des d\u00e9cideurs, elle aura une influence sur la politique de mobilit\u00e9 de l&rsquo;entreprise et celle-ci pourrait prendre une toute autre apparence. Le secteur du leasing doit y \u00eatre attentif et anticiper ces besoins changeants. La voiture continuera \u00e0 jouer un r\u00f4le central dans la politique de location, mais elle sera combin\u00e9e \u00e0 d&rsquo;autres solutions de mobilit\u00e9, comme le v\u00e9lo ou les transports publics.<\/p>\n<p>La crise du coronavirus a, comme celle de 2008, un impact sur le secteur de la mobilit\u00e9. <em>\u00abLa recette pour faire face \u00e0 une crise est toujours la m\u00eame. On ne peut rien changer, mais ce qui compte, c&rsquo;est la fa\u00e7on dont on y fait face. Vous devez vous assurer que vous \u00eates suffisamment \u00ab\u00a0agile\u00a0\u00bb en tant qu&rsquo;organisation et que vous pouvez changer quand c&rsquo;est n\u00e9cessaire \u00bb<\/em>, d\u00e9clare Erik. <em>\u00abIl faut vouloir s&rsquo;adapter, il faut \u00eatre capable d&rsquo;analyser ce qui se passe et voir comment, \u00e0 partir de son mod\u00e8le \u00e9conomique, de son produit et de son service, on peut r\u00e9pondre au mieux \u00e0 la r\u00e9alit\u00e9 des clients. Jusqu&rsquo;\u00e0 pr\u00e9sent, nous y sommes parvenus et nous avons souvent su transformer les d\u00e9fis qui se sont pr\u00e9sent\u00e9s en opportunit\u00e9s \u00bb<\/em>.<\/p>\n<p><strong>En route pour les 20 prochaines ann\u00e9es.<\/strong><\/p>\n<p>La mobilit\u00e9 va continuer \u00e0 \u00e9voluer fortement au cours des 20 prochaines ann\u00e9es : la voiture \u00e0 conduite autonome arrive, le mod\u00e8le de mobilit\u00e9 partag\u00e9e va se d\u00e9velopper davantage&#8230; \u00a0Dans ce monde en \u00e9volution rapide et de plus en plus complexe, Alphabet veut continuer \u00e0 jouer un r\u00f4le de premier plan dans l&rsquo;exp\u00e9rience de la mobilit\u00e9.<\/p>\n<p><em>\u00ab<\/em> <em>La mobilit\u00e9 sera diff\u00e9rente. Comment cela se traduira-t-il en termes de fiscalit\u00e9 et d&rsquo;infrastructures ? Nous avons l&rsquo;ambition d&rsquo;\u00eatre et de rester un leader et de r\u00e9ussir \u00e0 traduire les changements soci\u00e9taux en mati\u00e8re de mobilit\u00e9 en politique op\u00e9rationnelle et en rentabilit\u00e9 \u00bb<\/em>, conclut Erik Swerts.<\/p>\n<p><strong>Historique.<\/strong><\/p>\n<p>2001 Cr\u00e9ation d&rsquo;Alphabet Belgium en tant que filiale de BMW Group Belux.<\/p>\n<p>2004 Cr\u00e9ation d&rsquo;AlphaRent Short Term Rental, qui faisait partie de CW Lease depuis 1984.<\/p>\n<p>2011 Fusion avec ING Car Lease.<\/p>\n<p>2012 Nouveau service BikeLease.<\/p>\n<p>2013 Nouveau service AlphaCity, notre solution de covoiturage.<\/p>\n<p>2013 AlphaElectric, premi\u00e8re proposition pour une mobilit\u00e9 \u00e9lectrique.<\/p>\n","protected":false},"excerpt":{"rendered":"<p>\u00ab Je me souviens qu&rsquo;au d\u00e9but, nous avons d\u00fb expliquer ce qu&rsquo;\u00e9tait le leasing automobile. Aujourd&rsquo;hui, bien s\u00fbr, toutes les entreprises, petites et grandes, savent ce que c&rsquo;est et nous constatons que les besoins des clients \u00e9voluent. Aujourd&rsquo;hui, nous nous sommes aper\u00e7us que les clients ont des besoins multimodaux plus complexes et qu&rsquo;ils r\u00e9fl\u00e9chissent \u00e9galement [&hellip;]<\/p>\n","protected":false},"author":4,"featured_media":4084,"comment_status":"closed","ping_status":"closed","sticky":false,"template":"","format":"standard","meta":{"_acf_changed":false,"footnotes":""},"categories":[91,79],"tags":[],"class_list":["post-4083","post","type-post","status-publish","format-standard","has-post-thumbnail","hentry","category-expertise-et-management","category-societes-de-leasing"],"acf":[],"yoast_head":"<!-- This site is optimized with the Yoast SEO plugin v27.3 - https:\/\/yoast.com\/product\/yoast-seo-wordpress\/ -->\n<title>20 ans d&#039;Alphabet: retour sur ces 20 derni\u00e8res ann\u00e9es de mobilit\u00e9 en Belgique et aper\u00e7u de l&#039;avenir - link2fleet<\/title>\n<meta name=\"description\" content=\"Alphabet, principal fournisseur de solutions de mobilit\u00e9, f\u00eatera son vingti\u00e8me anniversaire en Belgique en avril. Alphabet est issu du groupe BMW Financial Services et a\u2026\" \/>\n<meta name=\"robots\" content=\"index, follow, max-snippet:-1, max-image-preview:large, max-video-preview:-1\" \/>\n<meta property=\"og:locale\" content=\"fr_FR\" \/>\n<meta property=\"og:type\" content=\"article\" \/>\n<meta property=\"og:title\" content=\"20 ans d&#039;Alphabet: retour sur ces 20 derni\u00e8res ann\u00e9es de mobilit\u00e9 en Belgique et aper\u00e7u de l&#039;avenir - link2fleet\" \/>\n<meta property=\"og:description\" content=\"Alphabet, principal fournisseur de solutions de mobilit\u00e9, f\u00eatera son vingti\u00e8me anniversaire en Belgique en avril. Alphabet est issu du groupe BMW Financial Services et a\u2026\" \/>\n<meta property=\"og:url\" content=\"https:\/\/www.link2fleet.com\/fr\/20-ans-dalphabet-retour-sur-ces-20-dernieres-annees-de-mobilite-en-belgique-et-apercu-de-lavenir\/\" \/>\n<meta property=\"og:site_name\" content=\"link2fleet\" \/>\n<meta property=\"article:published_time\" content=\"2021-03-31T09:03:38+00:00\" \/>\n<meta property=\"og:image\" content=\"https:\/\/static.link2fleet.com\/wp-content\/uploads\/2024\/03\/capture-decran-2021-03-31-a-130221.png\" \/>\n\t<meta property=\"og:image:width\" content=\"1102\" \/>\n\t<meta property=\"og:image:height\" content=\"507\" \/>\n\t<meta property=\"og:image:type\" content=\"image\/png\" \/>\n<meta name=\"author\" content=\"Damien Malvetti\" \/>\n<meta name=\"twitter:card\" content=\"summary_large_image\" \/>\n<meta name=\"twitter:description\" content=\"Alphabet, principal fournisseur de solutions de mobilit\u00e9, f\u00eatera son vingti\u00e8me anniversaire en Belgique en avril. Alphabet est issu du groupe BMW Financial Services et a\u2026\" \/>\n<meta name=\"twitter:label1\" content=\"\u00c9crit par\" \/>\n\t<meta name=\"twitter:data1\" content=\"Damien Malvetti\" \/>\n\t<meta name=\"twitter:label2\" content=\"Dur\u00e9e de lecture estim\u00e9e\" \/>\n\t<meta name=\"twitter:data2\" content=\"5 minutes\" \/>\n<script type=\"application\/ld+json\" class=\"yoast-schema-graph\">{\"@context\":\"https:\\\/\\\/schema.org\",\"@graph\":[{\"@type\":\"Article\",\"@id\":\"https:\\\/\\\/www.link2fleet.com\\\/fr\\\/20-ans-dalphabet-retour-sur-ces-20-dernieres-annees-de-mobilite-en-belgique-et-apercu-de-lavenir\\\/#article\",\"isPartOf\":{\"@id\":\"https:\\\/\\\/www.link2fleet.com\\\/fr\\\/20-ans-dalphabet-retour-sur-ces-20-dernieres-annees-de-mobilite-en-belgique-et-apercu-de-lavenir\\\/\"},\"author\":{\"name\":\"Damien Malvetti\",\"@id\":\"https:\\\/\\\/www.link2fleet.com\\\/fr\\\/#\\\/schema\\\/person\\\/027cd46113c78036b3809c9a054049da\"},\"headline\":\"20 ans d&rsquo;Alphabet: retour sur ces 20 derni\u00e8res ann\u00e9es de mobilit\u00e9 en Belgique et aper\u00e7u de l&rsquo;avenir\",\"datePublished\":\"2021-03-31T09:03:38+00:00\",\"mainEntityOfPage\":{\"@id\":\"https:\\\/\\\/www.link2fleet.com\\\/fr\\\/20-ans-dalphabet-retour-sur-ces-20-dernieres-annees-de-mobilite-en-belgique-et-apercu-de-lavenir\\\/\"},\"wordCount\":974,\"publisher\":{\"@id\":\"https:\\\/\\\/www.link2fleet.com\\\/fr\\\/#organization\"},\"image\":{\"@id\":\"https:\\\/\\\/www.link2fleet.com\\\/fr\\\/20-ans-dalphabet-retour-sur-ces-20-dernieres-annees-de-mobilite-en-belgique-et-apercu-de-lavenir\\\/#primaryimage\"},\"thumbnailUrl\":\"https:\\\/\\\/static.link2fleet.com\\\/wp-content\\\/uploads\\\/2024\\\/03\\\/capture-decran-2021-03-31-a-130221.png\",\"articleSection\":[\"Gestion de flotte\",\"Location long-terme\"],\"inLanguage\":\"fr-FR\"},{\"@type\":\"WebPage\",\"@id\":\"https:\\\/\\\/www.link2fleet.com\\\/fr\\\/20-ans-dalphabet-retour-sur-ces-20-dernieres-annees-de-mobilite-en-belgique-et-apercu-de-lavenir\\\/\",\"url\":\"https:\\\/\\\/www.link2fleet.com\\\/fr\\\/20-ans-dalphabet-retour-sur-ces-20-dernieres-annees-de-mobilite-en-belgique-et-apercu-de-lavenir\\\/\",\"name\":\"20 ans d'Alphabet: retour sur ces 20 derni\u00e8res ann\u00e9es de mobilit\u00e9 en Belgique et aper\u00e7u de l'avenir - link2fleet\",\"isPartOf\":{\"@id\":\"https:\\\/\\\/www.link2fleet.com\\\/fr\\\/#website\"},\"primaryImageOfPage\":{\"@id\":\"https:\\\/\\\/www.link2fleet.com\\\/fr\\\/20-ans-dalphabet-retour-sur-ces-20-dernieres-annees-de-mobilite-en-belgique-et-apercu-de-lavenir\\\/#primaryimage\"},\"image\":{\"@id\":\"https:\\\/\\\/www.link2fleet.com\\\/fr\\\/20-ans-dalphabet-retour-sur-ces-20-dernieres-annees-de-mobilite-en-belgique-et-apercu-de-lavenir\\\/#primaryimage\"},\"thumbnailUrl\":\"https:\\\/\\\/static.link2fleet.com\\\/wp-content\\\/uploads\\\/2024\\\/03\\\/capture-decran-2021-03-31-a-130221.png\",\"datePublished\":\"2021-03-31T09:03:38+00:00\",\"breadcrumb\":{\"@id\":\"https:\\\/\\\/www.link2fleet.com\\\/fr\\\/20-ans-dalphabet-retour-sur-ces-20-dernieres-annees-de-mobilite-en-belgique-et-apercu-de-lavenir\\\/#breadcrumb\"},\"inLanguage\":\"fr-FR\",\"potentialAction\":[{\"@type\":\"ReadAction\",\"target\":[\"https:\\\/\\\/www.link2fleet.com\\\/fr\\\/20-ans-dalphabet-retour-sur-ces-20-dernieres-annees-de-mobilite-en-belgique-et-apercu-de-lavenir\\\/\"]}]},{\"@type\":\"ImageObject\",\"inLanguage\":\"fr-FR\",\"@id\":\"https:\\\/\\\/www.link2fleet.com\\\/fr\\\/20-ans-dalphabet-retour-sur-ces-20-dernieres-annees-de-mobilite-en-belgique-et-apercu-de-lavenir\\\/#primaryimage\",\"url\":\"https:\\\/\\\/static.link2fleet.com\\\/wp-content\\\/uploads\\\/2024\\\/03\\\/capture-decran-2021-03-31-a-130221.png\",\"contentUrl\":\"https:\\\/\\\/static.link2fleet.com\\\/wp-content\\\/uploads\\\/2024\\\/03\\\/capture-decran-2021-03-31-a-130221.png\",\"width\":1102,\"height\":507},{\"@type\":\"BreadcrumbList\",\"@id\":\"https:\\\/\\\/www.link2fleet.com\\\/fr\\\/20-ans-dalphabet-retour-sur-ces-20-dernieres-annees-de-mobilite-en-belgique-et-apercu-de-lavenir\\\/#breadcrumb\",\"itemListElement\":[{\"@type\":\"ListItem\",\"position\":1,\"name\":\"Home\",\"item\":\"https:\\\/\\\/www.link2fleet.com\\\/fr\\\/\"},{\"@type\":\"ListItem\",\"position\":2,\"name\":\"20 ans d&#8217;Alphabet: retour sur ces 20 derni\u00e8res ann\u00e9es de mobilit\u00e9 en Belgique et aper\u00e7u de l&#8217;avenir\"}]},{\"@type\":\"WebSite\",\"@id\":\"https:\\\/\\\/www.link2fleet.com\\\/fr\\\/#website\",\"url\":\"https:\\\/\\\/www.link2fleet.com\\\/fr\\\/\",\"name\":\"Link2fleet\",\"description\":\"\",\"publisher\":{\"@id\":\"https:\\\/\\\/www.link2fleet.com\\\/fr\\\/#organization\"},\"potentialAction\":[{\"@type\":\"SearchAction\",\"target\":{\"@type\":\"EntryPoint\",\"urlTemplate\":\"https:\\\/\\\/www.link2fleet.com\\\/fr\\\/?s={search_term_string}\"},\"query-input\":{\"@type\":\"PropertyValueSpecification\",\"valueRequired\":true,\"valueName\":\"search_term_string\"}}],\"inLanguage\":\"fr-FR\"},{\"@type\":\"Organization\",\"@id\":\"https:\\\/\\\/www.link2fleet.com\\\/fr\\\/#organization\",\"name\":\"Link2fleet\",\"url\":\"https:\\\/\\\/www.link2fleet.com\\\/fr\\\/\",\"logo\":{\"@type\":\"ImageObject\",\"inLanguage\":\"fr-FR\",\"@id\":\"https:\\\/\\\/www.link2fleet.com\\\/fr\\\/#\\\/schema\\\/logo\\\/image\\\/\",\"url\":\"https:\\\/\\\/static.link2fleet.com\\\/wp-content\\\/uploads\\\/2024\\\/03\\\/share-image.jpg\",\"contentUrl\":\"https:\\\/\\\/static.link2fleet.com\\\/wp-content\\\/uploads\\\/2024\\\/03\\\/share-image.jpg\",\"width\":1200,\"height\":630,\"caption\":\"Link2fleet\"},\"image\":{\"@id\":\"https:\\\/\\\/www.link2fleet.com\\\/fr\\\/#\\\/schema\\\/logo\\\/image\\\/\"},\"sameAs\":[\"https:\\\/\\\/www.linkedin.com\\\/company\\\/link2fleet-belgium\",\"https:\\\/\\\/www.youtube.com\\\/user\\\/MMMBMBE\"]},{\"@type\":\"Person\",\"@id\":\"https:\\\/\\\/www.link2fleet.com\\\/fr\\\/#\\\/schema\\\/person\\\/027cd46113c78036b3809c9a054049da\",\"name\":\"Damien Malvetti\",\"image\":{\"@type\":\"ImageObject\",\"inLanguage\":\"fr-FR\",\"@id\":\"https:\\\/\\\/secure.gravatar.com\\\/avatar\\\/dd8cc03b49466c735f753ac37f8caa371af16dfed347456ed61f02883255eebb?s=96&d=mm&r=g\",\"url\":\"https:\\\/\\\/secure.gravatar.com\\\/avatar\\\/dd8cc03b49466c735f753ac37f8caa371af16dfed347456ed61f02883255eebb?s=96&d=mm&r=g\",\"contentUrl\":\"https:\\\/\\\/secure.gravatar.com\\\/avatar\\\/dd8cc03b49466c735f753ac37f8caa371af16dfed347456ed61f02883255eebb?s=96&d=mm&r=g\",\"caption\":\"Damien Malvetti\"},\"description\":\"Damien Malvetti is opgeleid als journalist en gepassioneerd door wagens, technologie en mobiliteit. Hij is verantwoordelijk voor de redactionele inhoud van link2fleet en beschikt over een uitgebreide kennis van de fleet-sector en elektrische mobiliteit.\",\"sameAs\":[\"https:\\\/\\\/www.linkedin.com\\\/in\\\/damien-malvetti-56601142\\\/\"]}]}<\/script>\n<!-- \/ Yoast SEO plugin. -->","yoast_head_json":{"title":"20 ans d'Alphabet: retour sur ces 20 derni\u00e8res ann\u00e9es de mobilit\u00e9 en Belgique et aper\u00e7u de l'avenir - link2fleet","description":"Alphabet, principal fournisseur de solutions de mobilit\u00e9, f\u00eatera son vingti\u00e8me anniversaire en Belgique en avril. Alphabet est issu du groupe BMW Financial Services et a\u2026","robots":{"index":"index","follow":"follow","max-snippet":"max-snippet:-1","max-image-preview":"max-image-preview:large","max-video-preview":"max-video-preview:-1"},"og_locale":"fr_FR","og_type":"article","og_title":"20 ans d'Alphabet: retour sur ces 20 derni\u00e8res ann\u00e9es de mobilit\u00e9 en Belgique et aper\u00e7u de l'avenir - link2fleet","og_description":"Alphabet, principal fournisseur de solutions de mobilit\u00e9, f\u00eatera son vingti\u00e8me anniversaire en Belgique en avril. Alphabet est issu du groupe BMW Financial Services et a\u2026","og_url":"https:\/\/www.link2fleet.com\/fr\/20-ans-dalphabet-retour-sur-ces-20-dernieres-annees-de-mobilite-en-belgique-et-apercu-de-lavenir\/","og_site_name":"link2fleet","article_published_time":"2021-03-31T09:03:38+00:00","og_image":[{"width":1102,"height":507,"url":"https:\/\/static.link2fleet.com\/wp-content\/uploads\/2024\/03\/capture-decran-2021-03-31-a-130221.png","type":"image\/png"}],"author":"Damien Malvetti","twitter_card":"summary_large_image","twitter_description":"Alphabet, principal fournisseur de solutions de mobilit\u00e9, f\u00eatera son vingti\u00e8me anniversaire en Belgique en avril. Alphabet est issu du groupe BMW Financial Services et a\u2026","twitter_misc":{"\u00c9crit par":"Damien Malvetti","Dur\u00e9e de lecture estim\u00e9e":"5 minutes"},"schema":{"@context":"https:\/\/schema.org","@graph":[{"@type":"Article","@id":"https:\/\/www.link2fleet.com\/fr\/20-ans-dalphabet-retour-sur-ces-20-dernieres-annees-de-mobilite-en-belgique-et-apercu-de-lavenir\/#article","isPartOf":{"@id":"https:\/\/www.link2fleet.com\/fr\/20-ans-dalphabet-retour-sur-ces-20-dernieres-annees-de-mobilite-en-belgique-et-apercu-de-lavenir\/"},"author":{"name":"Damien Malvetti","@id":"https:\/\/www.link2fleet.com\/fr\/#\/schema\/person\/027cd46113c78036b3809c9a054049da"},"headline":"20 ans d&rsquo;Alphabet: retour sur ces 20 derni\u00e8res ann\u00e9es de mobilit\u00e9 en Belgique et aper\u00e7u de l&rsquo;avenir","datePublished":"2021-03-31T09:03:38+00:00","mainEntityOfPage":{"@id":"https:\/\/www.link2fleet.com\/fr\/20-ans-dalphabet-retour-sur-ces-20-dernieres-annees-de-mobilite-en-belgique-et-apercu-de-lavenir\/"},"wordCount":974,"publisher":{"@id":"https:\/\/www.link2fleet.com\/fr\/#organization"},"image":{"@id":"https:\/\/www.link2fleet.com\/fr\/20-ans-dalphabet-retour-sur-ces-20-dernieres-annees-de-mobilite-en-belgique-et-apercu-de-lavenir\/#primaryimage"},"thumbnailUrl":"https:\/\/static.link2fleet.com\/wp-content\/uploads\/2024\/03\/capture-decran-2021-03-31-a-130221.png","articleSection":["Gestion de flotte","Location long-terme"],"inLanguage":"fr-FR"},{"@type":"WebPage","@id":"https:\/\/www.link2fleet.com\/fr\/20-ans-dalphabet-retour-sur-ces-20-dernieres-annees-de-mobilite-en-belgique-et-apercu-de-lavenir\/","url":"https:\/\/www.link2fleet.com\/fr\/20-ans-dalphabet-retour-sur-ces-20-dernieres-annees-de-mobilite-en-belgique-et-apercu-de-lavenir\/","name":"20 ans d'Alphabet: retour sur ces 20 derni\u00e8res ann\u00e9es de mobilit\u00e9 en Belgique et aper\u00e7u de l'avenir - link2fleet","isPartOf":{"@id":"https:\/\/www.link2fleet.com\/fr\/#website"},"primaryImageOfPage":{"@id":"https:\/\/www.link2fleet.com\/fr\/20-ans-dalphabet-retour-sur-ces-20-dernieres-annees-de-mobilite-en-belgique-et-apercu-de-lavenir\/#primaryimage"},"image":{"@id":"https:\/\/www.link2fleet.com\/fr\/20-ans-dalphabet-retour-sur-ces-20-dernieres-annees-de-mobilite-en-belgique-et-apercu-de-lavenir\/#primaryimage"},"thumbnailUrl":"https:\/\/static.link2fleet.com\/wp-content\/uploads\/2024\/03\/capture-decran-2021-03-31-a-130221.png","datePublished":"2021-03-31T09:03:38+00:00","breadcrumb":{"@id":"https:\/\/www.link2fleet.com\/fr\/20-ans-dalphabet-retour-sur-ces-20-dernieres-annees-de-mobilite-en-belgique-et-apercu-de-lavenir\/#breadcrumb"},"inLanguage":"fr-FR","potentialAction":[{"@type":"ReadAction","target":["https:\/\/www.link2fleet.com\/fr\/20-ans-dalphabet-retour-sur-ces-20-dernieres-annees-de-mobilite-en-belgique-et-apercu-de-lavenir\/"]}]},{"@type":"ImageObject","inLanguage":"fr-FR","@id":"https:\/\/www.link2fleet.com\/fr\/20-ans-dalphabet-retour-sur-ces-20-dernieres-annees-de-mobilite-en-belgique-et-apercu-de-lavenir\/#primaryimage","url":"https:\/\/static.link2fleet.com\/wp-content\/uploads\/2024\/03\/capture-decran-2021-03-31-a-130221.png","contentUrl":"https:\/\/static.link2fleet.com\/wp-content\/uploads\/2024\/03\/capture-decran-2021-03-31-a-130221.png","width":1102,"height":507},{"@type":"BreadcrumbList","@id":"https:\/\/www.link2fleet.com\/fr\/20-ans-dalphabet-retour-sur-ces-20-dernieres-annees-de-mobilite-en-belgique-et-apercu-de-lavenir\/#breadcrumb","itemListElement":[{"@type":"ListItem","position":1,"name":"Home","item":"https:\/\/www.link2fleet.com\/fr\/"},{"@type":"ListItem","position":2,"name":"20 ans d&#8217;Alphabet: retour sur ces 20 derni\u00e8res ann\u00e9es de mobilit\u00e9 en Belgique et aper\u00e7u de l&#8217;avenir"}]},{"@type":"WebSite","@id":"https:\/\/www.link2fleet.com\/fr\/#website","url":"https:\/\/www.link2fleet.com\/fr\/","name":"Link2fleet","description":"","publisher":{"@id":"https:\/\/www.link2fleet.com\/fr\/#organization"},"potentialAction":[{"@type":"SearchAction","target":{"@type":"EntryPoint","urlTemplate":"https:\/\/www.link2fleet.com\/fr\/?s={search_term_string}"},"query-input":{"@type":"PropertyValueSpecification","valueRequired":true,"valueName":"search_term_string"}}],"inLanguage":"fr-FR"},{"@type":"Organization","@id":"https:\/\/www.link2fleet.com\/fr\/#organization","name":"Link2fleet","url":"https:\/\/www.link2fleet.com\/fr\/","logo":{"@type":"ImageObject","inLanguage":"fr-FR","@id":"https:\/\/www.link2fleet.com\/fr\/#\/schema\/logo\/image\/","url":"https:\/\/static.link2fleet.com\/wp-content\/uploads\/2024\/03\/share-image.jpg","contentUrl":"https:\/\/static.link2fleet.com\/wp-content\/uploads\/2024\/03\/share-image.jpg","width":1200,"height":630,"caption":"Link2fleet"},"image":{"@id":"https:\/\/www.link2fleet.com\/fr\/#\/schema\/logo\/image\/"},"sameAs":["https:\/\/www.linkedin.com\/company\/link2fleet-belgium","https:\/\/www.youtube.com\/user\/MMMBMBE"]},{"@type":"Person","@id":"https:\/\/www.link2fleet.com\/fr\/#\/schema\/person\/027cd46113c78036b3809c9a054049da","name":"Damien Malvetti","image":{"@type":"ImageObject","inLanguage":"fr-FR","@id":"https:\/\/secure.gravatar.com\/avatar\/dd8cc03b49466c735f753ac37f8caa371af16dfed347456ed61f02883255eebb?s=96&d=mm&r=g","url":"https:\/\/secure.gravatar.com\/avatar\/dd8cc03b49466c735f753ac37f8caa371af16dfed347456ed61f02883255eebb?s=96&d=mm&r=g","contentUrl":"https:\/\/secure.gravatar.com\/avatar\/dd8cc03b49466c735f753ac37f8caa371af16dfed347456ed61f02883255eebb?s=96&d=mm&r=g","caption":"Damien Malvetti"},"description":"Damien Malvetti is opgeleid als journalist en gepassioneerd door wagens, technologie en mobiliteit. Hij is verantwoordelijk voor de redactionele inhoud van link2fleet en beschikt over een uitgebreide kennis van de fleet-sector en elektrische mobiliteit.","sameAs":["https:\/\/www.linkedin.com\/in\/damien-malvetti-56601142\/"]}]}},"_links":{"self":[{"href":"https:\/\/www.link2fleet.com\/fr\/wp-json\/wp\/v2\/posts\/4083","targetHints":{"allow":["GET"]}}],"collection":[{"href":"https:\/\/www.link2fleet.com\/fr\/wp-json\/wp\/v2\/posts"}],"about":[{"href":"https:\/\/www.link2fleet.com\/fr\/wp-json\/wp\/v2\/types\/post"}],"author":[{"embeddable":true,"href":"https:\/\/www.link2fleet.com\/fr\/wp-json\/wp\/v2\/users\/4"}],"replies":[{"embeddable":true,"href":"https:\/\/www.link2fleet.com\/fr\/wp-json\/wp\/v2\/comments?post=4083"}],"version-history":[{"count":0,"href":"https:\/\/www.link2fleet.com\/fr\/wp-json\/wp\/v2\/posts\/4083\/revisions"}],"wp:featuredmedia":[{"embeddable":true,"href":"https:\/\/www.link2fleet.com\/fr\/wp-json\/wp\/v2\/media\/4084"}],"wp:attachment":[{"href":"https:\/\/www.link2fleet.com\/fr\/wp-json\/wp\/v2\/media?parent=4083"}],"wp:term":[{"taxonomy":"category","embeddable":true,"href":"https:\/\/www.link2fleet.com\/fr\/wp-json\/wp\/v2\/categories?post=4083"},{"taxonomy":"post_tag","embeddable":true,"href":"https:\/\/www.link2fleet.com\/fr\/wp-json\/wp\/v2\/tags?post=4083"}],"curies":[{"name":"wp","href":"https:\/\/api.w.org\/{rel}","templated":true}]}}