{"id":40911,"date":"2025-04-14T09:22:07","date_gmt":"2025-04-14T07:22:07","guid":{"rendered":"https:\/\/www.link2fleet.com\/philip-copmans-ex-audi-wordt-network-development-operations-manager-porsche\/"},"modified":"2025-04-14T11:26:25","modified_gmt":"2025-04-14T09:26:25","slug":"philip-copmans-ex-audi-nomme-network-development-operations-manager-porsche","status":"publish","type":"post","link":"https:\/\/www.link2fleet.com\/fr\/philip-copmans-ex-audi-nomme-network-development-operations-manager-porsche\/","title":{"rendered":"Philip Copmans (ex-Audi) nomm\u00e9 Network Development &#038; Operations Manager Porsche"},"content":{"rendered":"","protected":false},"excerpt":{"rendered":"","protected":false},"author":4,"featured_media":40906,"comment_status":"closed","ping_status":"closed","sticky":false,"template":"","format":"standard","meta":{"_acf_changed":false,"footnotes":""},"categories":[135],"tags":[],"class_list":["post-40911","post","type-post","status-publish","format-standard","has-post-thumbnail","hentry","category-news-fr"],"acf":[],"yoast_head":"<!-- This site is optimized with the Yoast SEO plugin v27.3 - https:\/\/yoast.com\/product\/yoast-seo-wordpress\/ -->\n<title>Philip Copmans (ex-Audi) nomm\u00e9 Network Development &amp; Operations Manager Porsche - link2fleet<\/title>\n<meta name=\"description\" content=\"\u00c0 partir du 14 avril 2025, Philip Copmans rejoindra Porsche Belgium en tant que Network Development &amp; Operations Manager. Pour Philip, il s&rsquo;agit d&rsquo;un retour\u2026\" \/>\n<meta name=\"robots\" content=\"index, follow, max-snippet:-1, max-image-preview:large, max-video-preview:-1\" \/>\n<meta property=\"og:locale\" content=\"fr_FR\" \/>\n<meta property=\"og:type\" content=\"article\" \/>\n<meta property=\"og:title\" content=\"Philip Copmans (ex-Audi) nomm\u00e9 Network Development &amp; Operations Manager Porsche - link2fleet\" \/>\n<meta property=\"og:description\" content=\"\u00c0 partir du 14 avril 2025, Philip Copmans rejoindra Porsche Belgium en tant que Network Development &amp; Operations Manager. Pour Philip, il s&rsquo;agit d&rsquo;un retour\u2026\" \/>\n<meta property=\"og:url\" content=\"https:\/\/www.link2fleet.com\/philip-copmans-ex-audi-wordt-network-development-operations-manager-porsche\/\" \/>\n<meta property=\"og:site_name\" content=\"link2fleet\" \/>\n<meta property=\"article:published_time\" content=\"2025-04-14T07:22:07+00:00\" \/>\n<meta property=\"article:modified_time\" content=\"2025-04-14T09:26:25+00:00\" \/>\n<meta property=\"og:image\" content=\"https:\/\/static.link2fleet.com\/wp-content\/uploads\/2025\/04\/copmans-philip-scaled.jpg\" \/>\n\t<meta property=\"og:image:width\" content=\"2560\" \/>\n\t<meta property=\"og:image:height\" content=\"2560\" \/>\n\t<meta property=\"og:image:type\" content=\"image\/jpeg\" \/>\n<meta name=\"author\" content=\"Damien Malvetti\" \/>\n<meta name=\"twitter:card\" content=\"summary_large_image\" \/>\n<meta name=\"twitter:description\" content=\"\u00c0 partir du 14 avril 2025, Philip Copmans rejoindra Porsche Belgium en tant que Network Development &amp; Operations Manager. Pour Philip, il s&rsquo;agit d&rsquo;un retour\u2026\" \/>\n<meta name=\"twitter:label1\" content=\"\u00c9crit par\" \/>\n\t<meta name=\"twitter:data1\" content=\"Damien Malvetti\" \/>\n\t<meta name=\"twitter:label2\" content=\"Dur\u00e9e de lecture estim\u00e9e\" \/>\n\t<meta name=\"twitter:data2\" content=\"1 minute\" \/>\n<script type=\"application\/ld+json\" class=\"yoast-schema-graph\">{\"@context\":\"https:\\\/\\\/schema.org\",\"@graph\":[{\"@type\":\"Article\",\"@id\":\"https:\\\/\\\/www.link2fleet.com\\\/philip-copmans-ex-audi-wordt-network-development-operations-manager-porsche\\\/#article\",\"isPartOf\":{\"@id\":\"https:\\\/\\\/www.link2fleet.com\\\/philip-copmans-ex-audi-wordt-network-development-operations-manager-porsche\\\/\"},\"author\":{\"name\":\"Damien Malvetti\",\"@id\":\"https:\\\/\\\/www.link2fleet.com\\\/fr\\\/#\\\/schema\\\/person\\\/027cd46113c78036b3809c9a054049da\"},\"headline\":\"Philip Copmans (ex-Audi) nomm\u00e9 Network Development &#038; Operations Manager Porsche\",\"datePublished\":\"2025-04-14T07:22:07+00:00\",\"dateModified\":\"2025-04-14T09:26:25+00:00\",\"mainEntityOfPage\":{\"@id\":\"https:\\\/\\\/www.link2fleet.com\\\/philip-copmans-ex-audi-wordt-network-development-operations-manager-porsche\\\/\"},\"wordCount\":9,\"publisher\":{\"@id\":\"https:\\\/\\\/www.link2fleet.com\\\/fr\\\/#organization\"},\"image\":{\"@id\":\"https:\\\/\\\/www.link2fleet.com\\\/philip-copmans-ex-audi-wordt-network-development-operations-manager-porsche\\\/#primaryimage\"},\"thumbnailUrl\":\"https:\\\/\\\/static.link2fleet.com\\\/wp-content\\\/uploads\\\/2025\\\/04\\\/copmans-philip-scaled.jpg\",\"articleSection\":[\"Actus\"],\"inLanguage\":\"fr-FR\"},{\"@type\":\"WebPage\",\"@id\":\"https:\\\/\\\/www.link2fleet.com\\\/philip-copmans-ex-audi-wordt-network-development-operations-manager-porsche\\\/\",\"url\":\"https:\\\/\\\/www.link2fleet.com\\\/philip-copmans-ex-audi-wordt-network-development-operations-manager-porsche\\\/\",\"name\":\"Philip Copmans (ex-Audi) nomm\u00e9 Network Development & Operations Manager Porsche - link2fleet\",\"isPartOf\":{\"@id\":\"https:\\\/\\\/www.link2fleet.com\\\/fr\\\/#website\"},\"primaryImageOfPage\":{\"@id\":\"https:\\\/\\\/www.link2fleet.com\\\/philip-copmans-ex-audi-wordt-network-development-operations-manager-porsche\\\/#primaryimage\"},\"image\":{\"@id\":\"https:\\\/\\\/www.link2fleet.com\\\/philip-copmans-ex-audi-wordt-network-development-operations-manager-porsche\\\/#primaryimage\"},\"thumbnailUrl\":\"https:\\\/\\\/static.link2fleet.com\\\/wp-content\\\/uploads\\\/2025\\\/04\\\/copmans-philip-scaled.jpg\",\"datePublished\":\"2025-04-14T07:22:07+00:00\",\"dateModified\":\"2025-04-14T09:26:25+00:00\",\"breadcrumb\":{\"@id\":\"https:\\\/\\\/www.link2fleet.com\\\/philip-copmans-ex-audi-wordt-network-development-operations-manager-porsche\\\/#breadcrumb\"},\"inLanguage\":\"fr-FR\",\"potentialAction\":[{\"@type\":\"ReadAction\",\"target\":[\"https:\\\/\\\/www.link2fleet.com\\\/philip-copmans-ex-audi-wordt-network-development-operations-manager-porsche\\\/\"]}]},{\"@type\":\"ImageObject\",\"inLanguage\":\"fr-FR\",\"@id\":\"https:\\\/\\\/www.link2fleet.com\\\/philip-copmans-ex-audi-wordt-network-development-operations-manager-porsche\\\/#primaryimage\",\"url\":\"https:\\\/\\\/static.link2fleet.com\\\/wp-content\\\/uploads\\\/2025\\\/04\\\/copmans-philip-scaled.jpg\",\"contentUrl\":\"https:\\\/\\\/static.link2fleet.com\\\/wp-content\\\/uploads\\\/2025\\\/04\\\/copmans-philip-scaled.jpg\",\"width\":2560,\"height\":2560},{\"@type\":\"BreadcrumbList\",\"@id\":\"https:\\\/\\\/www.link2fleet.com\\\/philip-copmans-ex-audi-wordt-network-development-operations-manager-porsche\\\/#breadcrumb\",\"itemListElement\":[{\"@type\":\"ListItem\",\"position\":1,\"name\":\"Home\",\"item\":\"https:\\\/\\\/www.link2fleet.com\\\/fr\\\/\"},{\"@type\":\"ListItem\",\"position\":2,\"name\":\"Philip Copmans (ex-Audi) nomm\u00e9 Network Development &#038; Operations Manager Porsche\"}]},{\"@type\":\"WebSite\",\"@id\":\"https:\\\/\\\/www.link2fleet.com\\\/fr\\\/#website\",\"url\":\"https:\\\/\\\/www.link2fleet.com\\\/fr\\\/\",\"name\":\"Link2fleet\",\"description\":\"\",\"publisher\":{\"@id\":\"https:\\\/\\\/www.link2fleet.com\\\/fr\\\/#organization\"},\"potentialAction\":[{\"@type\":\"SearchAction\",\"target\":{\"@type\":\"EntryPoint\",\"urlTemplate\":\"https:\\\/\\\/www.link2fleet.com\\\/fr\\\/?s={search_term_string}\"},\"query-input\":{\"@type\":\"PropertyValueSpecification\",\"valueRequired\":true,\"valueName\":\"search_term_string\"}}],\"inLanguage\":\"fr-FR\"},{\"@type\":\"Organization\",\"@id\":\"https:\\\/\\\/www.link2fleet.com\\\/fr\\\/#organization\",\"name\":\"Link2fleet\",\"url\":\"https:\\\/\\\/www.link2fleet.com\\\/fr\\\/\",\"logo\":{\"@type\":\"ImageObject\",\"inLanguage\":\"fr-FR\",\"@id\":\"https:\\\/\\\/www.link2fleet.com\\\/fr\\\/#\\\/schema\\\/logo\\\/image\\\/\",\"url\":\"https:\\\/\\\/static.link2fleet.com\\\/wp-content\\\/uploads\\\/2024\\\/03\\\/share-image.jpg\",\"contentUrl\":\"https:\\\/\\\/static.link2fleet.com\\\/wp-content\\\/uploads\\\/2024\\\/03\\\/share-image.jpg\",\"width\":1200,\"height\":630,\"caption\":\"Link2fleet\"},\"image\":{\"@id\":\"https:\\\/\\\/www.link2fleet.com\\\/fr\\\/#\\\/schema\\\/logo\\\/image\\\/\"},\"sameAs\":[\"https:\\\/\\\/www.linkedin.com\\\/company\\\/link2fleet-belgium\",\"https:\\\/\\\/www.youtube.com\\\/user\\\/MMMBMBE\"]},{\"@type\":\"Person\",\"@id\":\"https:\\\/\\\/www.link2fleet.com\\\/fr\\\/#\\\/schema\\\/person\\\/027cd46113c78036b3809c9a054049da\",\"name\":\"Damien Malvetti\",\"image\":{\"@type\":\"ImageObject\",\"inLanguage\":\"fr-FR\",\"@id\":\"https:\\\/\\\/secure.gravatar.com\\\/avatar\\\/dd8cc03b49466c735f753ac37f8caa371af16dfed347456ed61f02883255eebb?s=96&d=mm&r=g\",\"url\":\"https:\\\/\\\/secure.gravatar.com\\\/avatar\\\/dd8cc03b49466c735f753ac37f8caa371af16dfed347456ed61f02883255eebb?s=96&d=mm&r=g\",\"contentUrl\":\"https:\\\/\\\/secure.gravatar.com\\\/avatar\\\/dd8cc03b49466c735f753ac37f8caa371af16dfed347456ed61f02883255eebb?s=96&d=mm&r=g\",\"caption\":\"Damien Malvetti\"},\"description\":\"Damien Malvetti is opgeleid als journalist en gepassioneerd door wagens, technologie en mobiliteit. Hij is verantwoordelijk voor de redactionele inhoud van link2fleet en beschikt over een uitgebreide kennis van de fleet-sector en elektrische mobiliteit.\",\"sameAs\":[\"https:\\\/\\\/www.linkedin.com\\\/in\\\/damien-malvetti-56601142\\\/\"]}]}<\/script>\n<!-- \/ Yoast SEO plugin. -->","yoast_head_json":{"title":"Philip Copmans (ex-Audi) nomm\u00e9 Network Development & Operations Manager Porsche - link2fleet","description":"\u00c0 partir du 14 avril 2025, Philip Copmans rejoindra Porsche Belgium en tant que Network Development &amp; Operations Manager. Pour Philip, il s&rsquo;agit d&rsquo;un retour\u2026","robots":{"index":"index","follow":"follow","max-snippet":"max-snippet:-1","max-image-preview":"max-image-preview:large","max-video-preview":"max-video-preview:-1"},"og_locale":"fr_FR","og_type":"article","og_title":"Philip Copmans (ex-Audi) nomm\u00e9 Network Development & Operations Manager Porsche - link2fleet","og_description":"\u00c0 partir du 14 avril 2025, Philip Copmans rejoindra Porsche Belgium en tant que Network Development &amp; Operations Manager. Pour Philip, il s&rsquo;agit d&rsquo;un retour\u2026","og_url":"https:\/\/www.link2fleet.com\/philip-copmans-ex-audi-wordt-network-development-operations-manager-porsche\/","og_site_name":"link2fleet","article_published_time":"2025-04-14T07:22:07+00:00","article_modified_time":"2025-04-14T09:26:25+00:00","og_image":[{"width":2560,"height":2560,"url":"https:\/\/static.link2fleet.com\/wp-content\/uploads\/2025\/04\/copmans-philip-scaled.jpg","type":"image\/jpeg"}],"author":"Damien Malvetti","twitter_card":"summary_large_image","twitter_description":"\u00c0 partir du 14 avril 2025, Philip Copmans rejoindra Porsche Belgium en tant que Network Development &amp; Operations Manager. Pour Philip, il s&rsquo;agit d&rsquo;un retour\u2026","twitter_misc":{"\u00c9crit par":"Damien Malvetti","Dur\u00e9e de lecture estim\u00e9e":"1 minute"},"schema":{"@context":"https:\/\/schema.org","@graph":[{"@type":"Article","@id":"https:\/\/www.link2fleet.com\/philip-copmans-ex-audi-wordt-network-development-operations-manager-porsche\/#article","isPartOf":{"@id":"https:\/\/www.link2fleet.com\/philip-copmans-ex-audi-wordt-network-development-operations-manager-porsche\/"},"author":{"name":"Damien Malvetti","@id":"https:\/\/www.link2fleet.com\/fr\/#\/schema\/person\/027cd46113c78036b3809c9a054049da"},"headline":"Philip Copmans (ex-Audi) nomm\u00e9 Network Development &#038; Operations Manager Porsche","datePublished":"2025-04-14T07:22:07+00:00","dateModified":"2025-04-14T09:26:25+00:00","mainEntityOfPage":{"@id":"https:\/\/www.link2fleet.com\/philip-copmans-ex-audi-wordt-network-development-operations-manager-porsche\/"},"wordCount":9,"publisher":{"@id":"https:\/\/www.link2fleet.com\/fr\/#organization"},"image":{"@id":"https:\/\/www.link2fleet.com\/philip-copmans-ex-audi-wordt-network-development-operations-manager-porsche\/#primaryimage"},"thumbnailUrl":"https:\/\/static.link2fleet.com\/wp-content\/uploads\/2025\/04\/copmans-philip-scaled.jpg","articleSection":["Actus"],"inLanguage":"fr-FR"},{"@type":"WebPage","@id":"https:\/\/www.link2fleet.com\/philip-copmans-ex-audi-wordt-network-development-operations-manager-porsche\/","url":"https:\/\/www.link2fleet.com\/philip-copmans-ex-audi-wordt-network-development-operations-manager-porsche\/","name":"Philip Copmans (ex-Audi) nomm\u00e9 Network Development & Operations Manager Porsche - link2fleet","isPartOf":{"@id":"https:\/\/www.link2fleet.com\/fr\/#website"},"primaryImageOfPage":{"@id":"https:\/\/www.link2fleet.com\/philip-copmans-ex-audi-wordt-network-development-operations-manager-porsche\/#primaryimage"},"image":{"@id":"https:\/\/www.link2fleet.com\/philip-copmans-ex-audi-wordt-network-development-operations-manager-porsche\/#primaryimage"},"thumbnailUrl":"https:\/\/static.link2fleet.com\/wp-content\/uploads\/2025\/04\/copmans-philip-scaled.jpg","datePublished":"2025-04-14T07:22:07+00:00","dateModified":"2025-04-14T09:26:25+00:00","breadcrumb":{"@id":"https:\/\/www.link2fleet.com\/philip-copmans-ex-audi-wordt-network-development-operations-manager-porsche\/#breadcrumb"},"inLanguage":"fr-FR","potentialAction":[{"@type":"ReadAction","target":["https:\/\/www.link2fleet.com\/philip-copmans-ex-audi-wordt-network-development-operations-manager-porsche\/"]}]},{"@type":"ImageObject","inLanguage":"fr-FR","@id":"https:\/\/www.link2fleet.com\/philip-copmans-ex-audi-wordt-network-development-operations-manager-porsche\/#primaryimage","url":"https:\/\/static.link2fleet.com\/wp-content\/uploads\/2025\/04\/copmans-philip-scaled.jpg","contentUrl":"https:\/\/static.link2fleet.com\/wp-content\/uploads\/2025\/04\/copmans-philip-scaled.jpg","width":2560,"height":2560},{"@type":"BreadcrumbList","@id":"https:\/\/www.link2fleet.com\/philip-copmans-ex-audi-wordt-network-development-operations-manager-porsche\/#breadcrumb","itemListElement":[{"@type":"ListItem","position":1,"name":"Home","item":"https:\/\/www.link2fleet.com\/fr\/"},{"@type":"ListItem","position":2,"name":"Philip Copmans (ex-Audi) nomm\u00e9 Network Development &#038; Operations Manager Porsche"}]},{"@type":"WebSite","@id":"https:\/\/www.link2fleet.com\/fr\/#website","url":"https:\/\/www.link2fleet.com\/fr\/","name":"Link2fleet","description":"","publisher":{"@id":"https:\/\/www.link2fleet.com\/fr\/#organization"},"potentialAction":[{"@type":"SearchAction","target":{"@type":"EntryPoint","urlTemplate":"https:\/\/www.link2fleet.com\/fr\/?s={search_term_string}"},"query-input":{"@type":"PropertyValueSpecification","valueRequired":true,"valueName":"search_term_string"}}],"inLanguage":"fr-FR"},{"@type":"Organization","@id":"https:\/\/www.link2fleet.com\/fr\/#organization","name":"Link2fleet","url":"https:\/\/www.link2fleet.com\/fr\/","logo":{"@type":"ImageObject","inLanguage":"fr-FR","@id":"https:\/\/www.link2fleet.com\/fr\/#\/schema\/logo\/image\/","url":"https:\/\/static.link2fleet.com\/wp-content\/uploads\/2024\/03\/share-image.jpg","contentUrl":"https:\/\/static.link2fleet.com\/wp-content\/uploads\/2024\/03\/share-image.jpg","width":1200,"height":630,"caption":"Link2fleet"},"image":{"@id":"https:\/\/www.link2fleet.com\/fr\/#\/schema\/logo\/image\/"},"sameAs":["https:\/\/www.linkedin.com\/company\/link2fleet-belgium","https:\/\/www.youtube.com\/user\/MMMBMBE"]},{"@type":"Person","@id":"https:\/\/www.link2fleet.com\/fr\/#\/schema\/person\/027cd46113c78036b3809c9a054049da","name":"Damien Malvetti","image":{"@type":"ImageObject","inLanguage":"fr-FR","@id":"https:\/\/secure.gravatar.com\/avatar\/dd8cc03b49466c735f753ac37f8caa371af16dfed347456ed61f02883255eebb?s=96&d=mm&r=g","url":"https:\/\/secure.gravatar.com\/avatar\/dd8cc03b49466c735f753ac37f8caa371af16dfed347456ed61f02883255eebb?s=96&d=mm&r=g","contentUrl":"https:\/\/secure.gravatar.com\/avatar\/dd8cc03b49466c735f753ac37f8caa371af16dfed347456ed61f02883255eebb?s=96&d=mm&r=g","caption":"Damien Malvetti"},"description":"Damien Malvetti is opgeleid als journalist en gepassioneerd door wagens, technologie en mobiliteit. Hij is verantwoordelijk voor de redactionele inhoud van link2fleet en beschikt over een uitgebreide kennis van de fleet-sector en elektrische mobiliteit.","sameAs":["https:\/\/www.linkedin.com\/in\/damien-malvetti-56601142\/"]}]}},"_links":{"self":[{"href":"https:\/\/www.link2fleet.com\/fr\/wp-json\/wp\/v2\/posts\/40911","targetHints":{"allow":["GET"]}}],"collection":[{"href":"https:\/\/www.link2fleet.com\/fr\/wp-json\/wp\/v2\/posts"}],"about":[{"href":"https:\/\/www.link2fleet.com\/fr\/wp-json\/wp\/v2\/types\/post"}],"author":[{"embeddable":true,"href":"https:\/\/www.link2fleet.com\/fr\/wp-json\/wp\/v2\/users\/4"}],"replies":[{"embeddable":true,"href":"https:\/\/www.link2fleet.com\/fr\/wp-json\/wp\/v2\/comments?post=40911"}],"version-history":[{"count":3,"href":"https:\/\/www.link2fleet.com\/fr\/wp-json\/wp\/v2\/posts\/40911\/revisions"}],"predecessor-version":[{"id":40914,"href":"https:\/\/www.link2fleet.com\/fr\/wp-json\/wp\/v2\/posts\/40911\/revisions\/40914"}],"wp:featuredmedia":[{"embeddable":true,"href":"https:\/\/www.link2fleet.com\/fr\/wp-json\/wp\/v2\/media\/40906"}],"wp:attachment":[{"href":"https:\/\/www.link2fleet.com\/fr\/wp-json\/wp\/v2\/media?parent=40911"}],"wp:term":[{"taxonomy":"category","embeddable":true,"href":"https:\/\/www.link2fleet.com\/fr\/wp-json\/wp\/v2\/categories?post=40911"},{"taxonomy":"post_tag","embeddable":true,"href":"https:\/\/www.link2fleet.com\/fr\/wp-json\/wp\/v2\/tags?post=40911"}],"curies":[{"name":"wp","href":"https:\/\/api.w.org\/{rel}","templated":true}]}}