{"id":41133,"date":"2025-04-16T14:09:47","date_gmt":"2025-04-16T12:09:47","guid":{"rendered":"https:\/\/www.link2fleet.com\/?p=41133"},"modified":"2025-04-16T14:09:47","modified_gmt":"2025-04-16T12:09:47","slug":"quels-phev-seront-deductibles-a-100-en-2025-2026-voici-la-liste","status":"publish","type":"post","link":"https:\/\/www.link2fleet.com\/fr\/quels-phev-seront-deductibles-a-100-en-2025-2026-voici-la-liste\/","title":{"rendered":"Quels PHEV seront d\u00e9ductibles \u00e0 100% en 2025 &#8211; 2026 ? Voici la liste !"},"content":{"rendered":"","protected":false},"excerpt":{"rendered":"","protected":false},"author":18,"featured_media":41115,"comment_status":"closed","ping_status":"closed","sticky":false,"template":"","format":"standard","meta":{"_acf_changed":false,"footnotes":""},"categories":[135,91,101],"tags":[],"class_list":["post-41133","post","type-post","status-publish","format-standard","has-post-thumbnail","hentry","category-news-fr","category-expertise-et-management","category-tax-legal"],"acf":[],"yoast_head":"<!-- This site is optimized with the Yoast SEO plugin v27.3 - https:\/\/yoast.com\/product\/yoast-seo-wordpress\/ -->\n<title>Quels PHEV seront d\u00e9ductibles \u00e0 100% en 2025 - 2026 ? Voici la liste ! - link2fleet<\/title>\n<meta name=\"description\" content=\"En 2026, voire m\u00eame d\u00e8s 2025, certains PHEV nouvellement immatricul\u00e9s par des entreprises b\u00e9n\u00e9ficieront \u00e0 nouveau d\u2019une d\u00e9ductibilit\u00e9 de 100%. Nous avons dress\u00e9 la liste\u2026\" \/>\n<meta name=\"robots\" content=\"index, follow, max-snippet:-1, max-image-preview:large, max-video-preview:-1\" \/>\n<meta property=\"og:locale\" content=\"fr_FR\" \/>\n<meta property=\"og:type\" content=\"article\" \/>\n<meta property=\"og:title\" content=\"Quels PHEV seront d\u00e9ductibles \u00e0 100% en 2025 - 2026 ? Voici la liste ! - link2fleet\" \/>\n<meta property=\"og:description\" content=\"En 2026, voire m\u00eame d\u00e8s 2025, certains PHEV nouvellement immatricul\u00e9s par des entreprises b\u00e9n\u00e9ficieront \u00e0 nouveau d\u2019une d\u00e9ductibilit\u00e9 de 100%. Nous avons dress\u00e9 la liste\u2026\" \/>\n<meta property=\"og:url\" content=\"https:\/\/www.link2fleet.com\/welke-phevs-zijn-in-2025-2026-voor-100-aftrekbaar-dit-is-de-lijst\/\" \/>\n<meta property=\"og:site_name\" content=\"link2fleet\" \/>\n<meta property=\"article:published_time\" content=\"2025-04-16T12:09:47+00:00\" \/>\n<meta property=\"og:image\" content=\"https:\/\/static.link2fleet.com\/wp-content\/uploads\/2025\/04\/phevliste-1024x683.png\" \/>\n\t<meta property=\"og:image:width\" content=\"1024\" \/>\n\t<meta property=\"og:image:height\" content=\"683\" \/>\n\t<meta property=\"og:image:type\" content=\"image\/png\" \/>\n<meta name=\"author\" content=\"Maxime Pasture\" \/>\n<meta name=\"twitter:card\" content=\"summary_large_image\" \/>\n<meta name=\"twitter:description\" content=\"En 2026, voire m\u00eame d\u00e8s 2025, certains PHEV nouvellement immatricul\u00e9s par des entreprises b\u00e9n\u00e9ficieront \u00e0 nouveau d\u2019une d\u00e9ductibilit\u00e9 de 100%. Nous avons dress\u00e9 la liste\u2026\" \/>\n<meta name=\"twitter:label1\" content=\"\u00c9crit par\" \/>\n\t<meta name=\"twitter:data1\" content=\"Journaliste de formation, Maxime est tr\u00e8s curieux mais surtout passionn\u00e9 d&#039;automobile. Sa curiosit\u00e9 l&#039;am\u00e8ne \u00e0 traiter de sujets divers et vari\u00e9s li\u00e9s \u00e0 la mobilit\u00e9 au sens large et bien plus encore !\" \/>\n\t<meta name=\"twitter:label2\" content=\"Dur\u00e9e de lecture estim\u00e9e\" \/>\n\t<meta name=\"twitter:data2\" content=\"6 minutes\" \/>\n<script type=\"application\/ld+json\" class=\"yoast-schema-graph\">{\"@context\":\"https:\\\/\\\/schema.org\",\"@graph\":[{\"@type\":\"Article\",\"@id\":\"https:\\\/\\\/www.link2fleet.com\\\/welke-phevs-zijn-in-2025-2026-voor-100-aftrekbaar-dit-is-de-lijst\\\/#article\",\"isPartOf\":{\"@id\":\"https:\\\/\\\/www.link2fleet.com\\\/welke-phevs-zijn-in-2025-2026-voor-100-aftrekbaar-dit-is-de-lijst\\\/\"},\"author\":{\"name\":\"Maxime Pasture\",\"@id\":\"https:\\\/\\\/www.link2fleet.com\\\/fr\\\/#\\\/schema\\\/person\\\/36f3d48d12a83e110d72b602b5bebc11\"},\"headline\":\"Quels PHEV seront d\u00e9ductibles \u00e0 100% en 2025 &#8211; 2026 ? Voici la liste !\",\"datePublished\":\"2025-04-16T12:09:47+00:00\",\"mainEntityOfPage\":{\"@id\":\"https:\\\/\\\/www.link2fleet.com\\\/welke-phevs-zijn-in-2025-2026-voor-100-aftrekbaar-dit-is-de-lijst\\\/\"},\"wordCount\":10,\"publisher\":{\"@id\":\"https:\\\/\\\/www.link2fleet.com\\\/fr\\\/#organization\"},\"image\":{\"@id\":\"https:\\\/\\\/www.link2fleet.com\\\/welke-phevs-zijn-in-2025-2026-voor-100-aftrekbaar-dit-is-de-lijst\\\/#primaryimage\"},\"thumbnailUrl\":\"https:\\\/\\\/static.link2fleet.com\\\/wp-content\\\/uploads\\\/2025\\\/04\\\/phevliste.png\",\"articleSection\":[\"Actus\",\"Gestion de flotte\",\"Tax &amp; legal\"],\"inLanguage\":\"fr-FR\"},{\"@type\":\"WebPage\",\"@id\":\"https:\\\/\\\/www.link2fleet.com\\\/welke-phevs-zijn-in-2025-2026-voor-100-aftrekbaar-dit-is-de-lijst\\\/\",\"url\":\"https:\\\/\\\/www.link2fleet.com\\\/welke-phevs-zijn-in-2025-2026-voor-100-aftrekbaar-dit-is-de-lijst\\\/\",\"name\":\"Quels PHEV seront d\u00e9ductibles \u00e0 100% en 2025 - 2026 ? Voici la liste ! - link2fleet\",\"isPartOf\":{\"@id\":\"https:\\\/\\\/www.link2fleet.com\\\/fr\\\/#website\"},\"primaryImageOfPage\":{\"@id\":\"https:\\\/\\\/www.link2fleet.com\\\/welke-phevs-zijn-in-2025-2026-voor-100-aftrekbaar-dit-is-de-lijst\\\/#primaryimage\"},\"image\":{\"@id\":\"https:\\\/\\\/www.link2fleet.com\\\/welke-phevs-zijn-in-2025-2026-voor-100-aftrekbaar-dit-is-de-lijst\\\/#primaryimage\"},\"thumbnailUrl\":\"https:\\\/\\\/static.link2fleet.com\\\/wp-content\\\/uploads\\\/2025\\\/04\\\/phevliste.png\",\"datePublished\":\"2025-04-16T12:09:47+00:00\",\"description\":\"En 2026, voire m\u00eame d\u00e8s 2025, certains PHEV nouvellement immatricul\u00e9s b\u00e9n\u00e9ficieront \u00e0 nouveau d\u2019une d\u00e9ductibilit\u00e9 de 100%.\",\"breadcrumb\":{\"@id\":\"https:\\\/\\\/www.link2fleet.com\\\/welke-phevs-zijn-in-2025-2026-voor-100-aftrekbaar-dit-is-de-lijst\\\/#breadcrumb\"},\"inLanguage\":\"fr-FR\",\"potentialAction\":[{\"@type\":\"ReadAction\",\"target\":[\"https:\\\/\\\/www.link2fleet.com\\\/welke-phevs-zijn-in-2025-2026-voor-100-aftrekbaar-dit-is-de-lijst\\\/\"]}]},{\"@type\":\"ImageObject\",\"inLanguage\":\"fr-FR\",\"@id\":\"https:\\\/\\\/www.link2fleet.com\\\/welke-phevs-zijn-in-2025-2026-voor-100-aftrekbaar-dit-is-de-lijst\\\/#primaryimage\",\"url\":\"https:\\\/\\\/static.link2fleet.com\\\/wp-content\\\/uploads\\\/2025\\\/04\\\/phevliste.png\",\"contentUrl\":\"https:\\\/\\\/static.link2fleet.com\\\/wp-content\\\/uploads\\\/2025\\\/04\\\/phevliste.png\",\"width\":1536,\"height\":1024},{\"@type\":\"BreadcrumbList\",\"@id\":\"https:\\\/\\\/www.link2fleet.com\\\/welke-phevs-zijn-in-2025-2026-voor-100-aftrekbaar-dit-is-de-lijst\\\/#breadcrumb\",\"itemListElement\":[{\"@type\":\"ListItem\",\"position\":1,\"name\":\"Home\",\"item\":\"https:\\\/\\\/www.link2fleet.com\\\/fr\\\/\"},{\"@type\":\"ListItem\",\"position\":2,\"name\":\"Quels PHEV seront d\u00e9ductibles \u00e0 100% en 2025 &#8211; 2026 ? Voici la liste !\"}]},{\"@type\":\"WebSite\",\"@id\":\"https:\\\/\\\/www.link2fleet.com\\\/fr\\\/#website\",\"url\":\"https:\\\/\\\/www.link2fleet.com\\\/fr\\\/\",\"name\":\"Link2fleet\",\"description\":\"\",\"publisher\":{\"@id\":\"https:\\\/\\\/www.link2fleet.com\\\/fr\\\/#organization\"},\"potentialAction\":[{\"@type\":\"SearchAction\",\"target\":{\"@type\":\"EntryPoint\",\"urlTemplate\":\"https:\\\/\\\/www.link2fleet.com\\\/fr\\\/?s={search_term_string}\"},\"query-input\":{\"@type\":\"PropertyValueSpecification\",\"valueRequired\":true,\"valueName\":\"search_term_string\"}}],\"inLanguage\":\"fr-FR\"},{\"@type\":\"Organization\",\"@id\":\"https:\\\/\\\/www.link2fleet.com\\\/fr\\\/#organization\",\"name\":\"Link2fleet\",\"url\":\"https:\\\/\\\/www.link2fleet.com\\\/fr\\\/\",\"logo\":{\"@type\":\"ImageObject\",\"inLanguage\":\"fr-FR\",\"@id\":\"https:\\\/\\\/www.link2fleet.com\\\/fr\\\/#\\\/schema\\\/logo\\\/image\\\/\",\"url\":\"https:\\\/\\\/static.link2fleet.com\\\/wp-content\\\/uploads\\\/2024\\\/03\\\/share-image.jpg\",\"contentUrl\":\"https:\\\/\\\/static.link2fleet.com\\\/wp-content\\\/uploads\\\/2024\\\/03\\\/share-image.jpg\",\"width\":1200,\"height\":630,\"caption\":\"Link2fleet\"},\"image\":{\"@id\":\"https:\\\/\\\/www.link2fleet.com\\\/fr\\\/#\\\/schema\\\/logo\\\/image\\\/\"},\"sameAs\":[\"https:\\\/\\\/www.linkedin.com\\\/company\\\/link2fleet-belgium\",\"https:\\\/\\\/www.youtube.com\\\/user\\\/MMMBMBE\"]},{\"@type\":\"Person\",\"@id\":\"https:\\\/\\\/www.link2fleet.com\\\/fr\\\/#\\\/schema\\\/person\\\/36f3d48d12a83e110d72b602b5bebc11\",\"name\":\"Maxime Pasture\",\"image\":{\"@type\":\"ImageObject\",\"inLanguage\":\"fr-FR\",\"@id\":\"https:\\\/\\\/secure.gravatar.com\\\/avatar\\\/a17c47a11dd3996c69a173e291c692b6a028e82349994bf0d9f60936c9795b9f?s=96&d=mm&r=g\",\"url\":\"https:\\\/\\\/secure.gravatar.com\\\/avatar\\\/a17c47a11dd3996c69a173e291c692b6a028e82349994bf0d9f60936c9795b9f?s=96&d=mm&r=g\",\"contentUrl\":\"https:\\\/\\\/secure.gravatar.com\\\/avatar\\\/a17c47a11dd3996c69a173e291c692b6a028e82349994bf0d9f60936c9795b9f?s=96&d=mm&r=g\",\"caption\":\"Maxime Pasture\"},\"description\":\"Journaliste de formation, Maxime est tr\u00e8s curieux mais surtout passionn\u00e9 d'automobile. Sa curiosit\u00e9 l'am\u00e8ne \u00e0 traiter de sujets divers et vari\u00e9s li\u00e9s \u00e0 la mobilit\u00e9 au sens large et bien plus encore !\"}]}<\/script>\n<!-- \/ Yoast SEO plugin. -->","yoast_head_json":{"title":"Quels PHEV seront d\u00e9ductibles \u00e0 100% en 2025 - 2026 ? Voici la liste ! - link2fleet","description":"En 2026, voire m\u00eame d\u00e8s 2025, certains PHEV nouvellement immatricul\u00e9s par des entreprises b\u00e9n\u00e9ficieront \u00e0 nouveau d\u2019une d\u00e9ductibilit\u00e9 de 100%. Nous avons dress\u00e9 la liste\u2026","robots":{"index":"index","follow":"follow","max-snippet":"max-snippet:-1","max-image-preview":"max-image-preview:large","max-video-preview":"max-video-preview:-1"},"og_locale":"fr_FR","og_type":"article","og_title":"Quels PHEV seront d\u00e9ductibles \u00e0 100% en 2025 - 2026 ? Voici la liste ! - link2fleet","og_description":"En 2026, voire m\u00eame d\u00e8s 2025, certains PHEV nouvellement immatricul\u00e9s par des entreprises b\u00e9n\u00e9ficieront \u00e0 nouveau d\u2019une d\u00e9ductibilit\u00e9 de 100%. Nous avons dress\u00e9 la liste\u2026","og_url":"https:\/\/www.link2fleet.com\/welke-phevs-zijn-in-2025-2026-voor-100-aftrekbaar-dit-is-de-lijst\/","og_site_name":"link2fleet","article_published_time":"2025-04-16T12:09:47+00:00","og_image":[{"width":1024,"height":683,"url":"https:\/\/static.link2fleet.com\/wp-content\/uploads\/2025\/04\/phevliste-1024x683.png","type":"image\/png"}],"author":"Maxime Pasture","twitter_card":"summary_large_image","twitter_description":"En 2026, voire m\u00eame d\u00e8s 2025, certains PHEV nouvellement immatricul\u00e9s par des entreprises b\u00e9n\u00e9ficieront \u00e0 nouveau d\u2019une d\u00e9ductibilit\u00e9 de 100%. Nous avons dress\u00e9 la liste\u2026","twitter_misc":{"\u00c9crit par":"Journaliste de formation, Maxime est tr\u00e8s curieux mais surtout passionn\u00e9 d'automobile. Sa curiosit\u00e9 l'am\u00e8ne \u00e0 traiter de sujets divers et vari\u00e9s li\u00e9s \u00e0 la mobilit\u00e9 au sens large et bien plus encore !","Dur\u00e9e de lecture estim\u00e9e":"6 minutes"},"schema":{"@context":"https:\/\/schema.org","@graph":[{"@type":"Article","@id":"https:\/\/www.link2fleet.com\/welke-phevs-zijn-in-2025-2026-voor-100-aftrekbaar-dit-is-de-lijst\/#article","isPartOf":{"@id":"https:\/\/www.link2fleet.com\/welke-phevs-zijn-in-2025-2026-voor-100-aftrekbaar-dit-is-de-lijst\/"},"author":{"name":"Maxime Pasture","@id":"https:\/\/www.link2fleet.com\/fr\/#\/schema\/person\/36f3d48d12a83e110d72b602b5bebc11"},"headline":"Quels PHEV seront d\u00e9ductibles \u00e0 100% en 2025 &#8211; 2026 ? Voici la liste !","datePublished":"2025-04-16T12:09:47+00:00","mainEntityOfPage":{"@id":"https:\/\/www.link2fleet.com\/welke-phevs-zijn-in-2025-2026-voor-100-aftrekbaar-dit-is-de-lijst\/"},"wordCount":10,"publisher":{"@id":"https:\/\/www.link2fleet.com\/fr\/#organization"},"image":{"@id":"https:\/\/www.link2fleet.com\/welke-phevs-zijn-in-2025-2026-voor-100-aftrekbaar-dit-is-de-lijst\/#primaryimage"},"thumbnailUrl":"https:\/\/static.link2fleet.com\/wp-content\/uploads\/2025\/04\/phevliste.png","articleSection":["Actus","Gestion de flotte","Tax &amp; legal"],"inLanguage":"fr-FR"},{"@type":"WebPage","@id":"https:\/\/www.link2fleet.com\/welke-phevs-zijn-in-2025-2026-voor-100-aftrekbaar-dit-is-de-lijst\/","url":"https:\/\/www.link2fleet.com\/welke-phevs-zijn-in-2025-2026-voor-100-aftrekbaar-dit-is-de-lijst\/","name":"Quels PHEV seront d\u00e9ductibles \u00e0 100% en 2025 - 2026 ? Voici la liste ! - link2fleet","isPartOf":{"@id":"https:\/\/www.link2fleet.com\/fr\/#website"},"primaryImageOfPage":{"@id":"https:\/\/www.link2fleet.com\/welke-phevs-zijn-in-2025-2026-voor-100-aftrekbaar-dit-is-de-lijst\/#primaryimage"},"image":{"@id":"https:\/\/www.link2fleet.com\/welke-phevs-zijn-in-2025-2026-voor-100-aftrekbaar-dit-is-de-lijst\/#primaryimage"},"thumbnailUrl":"https:\/\/static.link2fleet.com\/wp-content\/uploads\/2025\/04\/phevliste.png","datePublished":"2025-04-16T12:09:47+00:00","description":"En 2026, voire m\u00eame d\u00e8s 2025, certains PHEV nouvellement immatricul\u00e9s b\u00e9n\u00e9ficieront \u00e0 nouveau d\u2019une d\u00e9ductibilit\u00e9 de 100%.","breadcrumb":{"@id":"https:\/\/www.link2fleet.com\/welke-phevs-zijn-in-2025-2026-voor-100-aftrekbaar-dit-is-de-lijst\/#breadcrumb"},"inLanguage":"fr-FR","potentialAction":[{"@type":"ReadAction","target":["https:\/\/www.link2fleet.com\/welke-phevs-zijn-in-2025-2026-voor-100-aftrekbaar-dit-is-de-lijst\/"]}]},{"@type":"ImageObject","inLanguage":"fr-FR","@id":"https:\/\/www.link2fleet.com\/welke-phevs-zijn-in-2025-2026-voor-100-aftrekbaar-dit-is-de-lijst\/#primaryimage","url":"https:\/\/static.link2fleet.com\/wp-content\/uploads\/2025\/04\/phevliste.png","contentUrl":"https:\/\/static.link2fleet.com\/wp-content\/uploads\/2025\/04\/phevliste.png","width":1536,"height":1024},{"@type":"BreadcrumbList","@id":"https:\/\/www.link2fleet.com\/welke-phevs-zijn-in-2025-2026-voor-100-aftrekbaar-dit-is-de-lijst\/#breadcrumb","itemListElement":[{"@type":"ListItem","position":1,"name":"Home","item":"https:\/\/www.link2fleet.com\/fr\/"},{"@type":"ListItem","position":2,"name":"Quels PHEV seront d\u00e9ductibles \u00e0 100% en 2025 &#8211; 2026 ? Voici la liste !"}]},{"@type":"WebSite","@id":"https:\/\/www.link2fleet.com\/fr\/#website","url":"https:\/\/www.link2fleet.com\/fr\/","name":"Link2fleet","description":"","publisher":{"@id":"https:\/\/www.link2fleet.com\/fr\/#organization"},"potentialAction":[{"@type":"SearchAction","target":{"@type":"EntryPoint","urlTemplate":"https:\/\/www.link2fleet.com\/fr\/?s={search_term_string}"},"query-input":{"@type":"PropertyValueSpecification","valueRequired":true,"valueName":"search_term_string"}}],"inLanguage":"fr-FR"},{"@type":"Organization","@id":"https:\/\/www.link2fleet.com\/fr\/#organization","name":"Link2fleet","url":"https:\/\/www.link2fleet.com\/fr\/","logo":{"@type":"ImageObject","inLanguage":"fr-FR","@id":"https:\/\/www.link2fleet.com\/fr\/#\/schema\/logo\/image\/","url":"https:\/\/static.link2fleet.com\/wp-content\/uploads\/2024\/03\/share-image.jpg","contentUrl":"https:\/\/static.link2fleet.com\/wp-content\/uploads\/2024\/03\/share-image.jpg","width":1200,"height":630,"caption":"Link2fleet"},"image":{"@id":"https:\/\/www.link2fleet.com\/fr\/#\/schema\/logo\/image\/"},"sameAs":["https:\/\/www.linkedin.com\/company\/link2fleet-belgium","https:\/\/www.youtube.com\/user\/MMMBMBE"]},{"@type":"Person","@id":"https:\/\/www.link2fleet.com\/fr\/#\/schema\/person\/36f3d48d12a83e110d72b602b5bebc11","name":"Maxime Pasture","image":{"@type":"ImageObject","inLanguage":"fr-FR","@id":"https:\/\/secure.gravatar.com\/avatar\/a17c47a11dd3996c69a173e291c692b6a028e82349994bf0d9f60936c9795b9f?s=96&d=mm&r=g","url":"https:\/\/secure.gravatar.com\/avatar\/a17c47a11dd3996c69a173e291c692b6a028e82349994bf0d9f60936c9795b9f?s=96&d=mm&r=g","contentUrl":"https:\/\/secure.gravatar.com\/avatar\/a17c47a11dd3996c69a173e291c692b6a028e82349994bf0d9f60936c9795b9f?s=96&d=mm&r=g","caption":"Maxime Pasture"},"description":"Journaliste de formation, Maxime est tr\u00e8s curieux mais surtout passionn\u00e9 d'automobile. Sa curiosit\u00e9 l'am\u00e8ne \u00e0 traiter de sujets divers et vari\u00e9s li\u00e9s \u00e0 la mobilit\u00e9 au sens large et bien plus encore !"}]}},"_links":{"self":[{"href":"https:\/\/www.link2fleet.com\/fr\/wp-json\/wp\/v2\/posts\/41133","targetHints":{"allow":["GET"]}}],"collection":[{"href":"https:\/\/www.link2fleet.com\/fr\/wp-json\/wp\/v2\/posts"}],"about":[{"href":"https:\/\/www.link2fleet.com\/fr\/wp-json\/wp\/v2\/types\/post"}],"author":[{"embeddable":true,"href":"https:\/\/www.link2fleet.com\/fr\/wp-json\/wp\/v2\/users\/18"}],"replies":[{"embeddable":true,"href":"https:\/\/www.link2fleet.com\/fr\/wp-json\/wp\/v2\/comments?post=41133"}],"version-history":[{"count":6,"href":"https:\/\/www.link2fleet.com\/fr\/wp-json\/wp\/v2\/posts\/41133\/revisions"}],"predecessor-version":[{"id":41140,"href":"https:\/\/www.link2fleet.com\/fr\/wp-json\/wp\/v2\/posts\/41133\/revisions\/41140"}],"wp:featuredmedia":[{"embeddable":true,"href":"https:\/\/www.link2fleet.com\/fr\/wp-json\/wp\/v2\/media\/41115"}],"wp:attachment":[{"href":"https:\/\/www.link2fleet.com\/fr\/wp-json\/wp\/v2\/media?parent=41133"}],"wp:term":[{"taxonomy":"category","embeddable":true,"href":"https:\/\/www.link2fleet.com\/fr\/wp-json\/wp\/v2\/categories?post=41133"},{"taxonomy":"post_tag","embeddable":true,"href":"https:\/\/www.link2fleet.com\/fr\/wp-json\/wp\/v2\/tags?post=41133"}],"curies":[{"name":"wp","href":"https:\/\/api.w.org\/{rel}","templated":true}]}}