{"id":4119,"date":"2021-04-06T08:33:30","date_gmt":"2021-04-06T06:33:30","guid":{"rendered":"https:\/\/www.link2fleet.com\/abonnements-flexibles-chez-europcar\/"},"modified":"2024-04-17T16:49:56","modified_gmt":"2024-04-17T14:49:56","slug":"abonnements-flexibles-chez-europcar","status":"publish","type":"post","link":"https:\/\/www.link2fleet.com\/fr\/abonnements-flexibles-chez-europcar\/","title":{"rendered":"Abonnements flexibles chez Europcar"},"content":{"rendered":"<p>A partir d\u2019une p\u00e9riode de location de minimum un mois, toute entreprise peut ensuite moduler sa dur\u00e9e de location en fonction de ses besoins, sans engagement, sans versement initial (contrairement au leasing) et sans frais de sortie, avec des conditions flexibles. Un client peut, par exemple, d\u00e9marrer une location de v\u00e9hicule pour une dur\u00e9e d\u2019un mois, puis changer d\u2019avis : il ne sera factur\u00e9 que pour les jours de location effectifs.<\/p>\n<p>Ces offres reposent \u00e9galement sur un vaste choix de v\u00e9hicules et sur une vari\u00e9t\u00e9 d&rsquo;options en termes de kilom\u00e9trage. La maintenance, l&rsquo;assurance et les pneus sont compris dans le prix et le tarif mensuel est fixe, ce qui permet aux entreprises de ma\u00eetriser leurs d\u00e9penses, sans surprises.<\/p>\n<p><strong>Pour une compl\u00e8te flexibilit\u00e9<\/strong><\/p>\n<p>Poussant l&rsquo;innovation encore plus loin, Europcar Mobility Group a inclus un produit \u00ab\u00a0disruptif\u00a0\u00bb dans sa gamme d&rsquo;abonnements : l\u2019offre DuoFlex. Celle-ci permet de \u00ab combiner \u00bb diff\u00e9rents v\u00e9hicules au sein d\u2019une m\u00eame formule d\u2019abonnement, en permettant au client de disposer d\u2019un autre v\u00e9hicule pour 2 p\u00e9riodes de 2 jours chaque mois.<\/p>\n<p>Quelques exemples d\u2019applications de DuoFlex : pouvoir conduire un v\u00e9hicule \u00e9lectrique pour ses d\u00e9placements quotidiens et disposer d\u2019une voiture \u00e0 moteur thermique pour les plus longs trajets, avoir un utilitaire pour les journ\u00e9es de travail et disposer d&rsquo;une voiture individuelle le week-end, ou encore combiner diff\u00e9rentes cat\u00e9gories de v\u00e9hicules de soci\u00e9t\u00e9 (A, B, C, etc.) au sein d&rsquo;un m\u00eame abonnement. Ces quelques exemples int\u00e9resseront tout particuli\u00e8rement les gestionnaires de flotte d\u00e9sireux d&rsquo;optimiser la politique de gestion de leur parc automobile ou d&rsquo;introduire l&rsquo;utilisation de v\u00e9hicules \u00e9lectriques dans les modes de mobilit\u00e9 de leur entreprise.<\/p>\n<figure id=\"attachment_1261614\" aria-describedby=\"caption-attachment-1261614\" style=\"width: 300px\" class=\"wp-caption alignnone\"><img loading=\"lazy\" decoding=\"async\" class=\"size-medium wp-image-1261614\" src=\"https:\/\/www.link2fleet.com\/wp-content\/uploads\/2020\/11\/Caddy_5_070-300x200.jpg\" alt=\"\" width=\"300\" height=\"200\" \/><figcaption id=\"caption-attachment-1261614\" class=\"wp-caption-text\">Un utilitaire en semaine combin\u00e9 \u00e0 une voiture particuli\u00e8re le week-end, une formule d\u00e9sormais possible avec l&rsquo;abonnement &lsquo;DuoFlex&rsquo;.<\/figcaption><\/figure>\n<p>&nbsp;<\/p>\n<p>Jos\u00e9 Blanco, Directeur Commercial du Groupe, explique : \u00ab\u00a0Avec ces nouvelles offres, nous voulons clairement accompagner toujours mieux les entreprises \u2013 des professionnels ind\u00e9pendants et petites entreprises aux grands groupes \u2013 et \u00eatre \u00e0 l&rsquo;avant-garde de la &lsquo;r\u00e9volution de la mobilit\u00e9&rsquo; pour nos clients B2B. \u00c0 la diff\u00e9rence du leasing \u00e0 dur\u00e9e d\u00e9termin\u00e9e, nos nouvelles offres permettent aux entreprises de disposer des voitures ou des utilitaires quand elles en ont besoin, pour la dur\u00e9e qu&rsquo;elles souhaitent, de mani\u00e8re totalement flexible\u00a0\u00bb.<\/p>\n<p>Flex et SuperFlex sont d\u00e9j\u00e0 disponibles dans la plupart des pays en Europe et DuoFlex sera disponible dans les mois \u00e0 venir.<\/p>\n","protected":false},"excerpt":{"rendered":"<p>A partir d\u2019une p\u00e9riode de location de minimum un mois, toute entreprise peut ensuite moduler sa dur\u00e9e de location en fonction de ses besoins, sans engagement, sans versement initial (contrairement au leasing) et sans frais de sortie, avec des conditions flexibles. Un client peut, par exemple, d\u00e9marrer une location de v\u00e9hicule pour une dur\u00e9e d\u2019un [&hellip;]<\/p>\n","protected":false},"author":19,"featured_media":4120,"comment_status":"closed","ping_status":"closed","sticky":false,"template":"","format":"standard","meta":{"_acf_changed":false,"footnotes":""},"categories":[91,80],"tags":[],"class_list":["post-4119","post","type-post","status-publish","format-standard","has-post-thumbnail","hentry","category-expertise-et-management","category-loueurs-courtterme"],"acf":[],"yoast_head":"<!-- This site is optimized with the Yoast SEO plugin v27.3 - https:\/\/yoast.com\/product\/yoast-seo-wordpress\/ -->\n<title>Abonnements flexibles chez Europcar - link2fleet<\/title>\n<meta name=\"description\" content=\"Pour r\u00e9pondre \u00e0 un besoin croissant de flexibilit\u00e9 au sein de entreprises, Europcar Mobility Group renforce son offre de solutions pour les entreprises : avec\u2026\" \/>\n<meta name=\"robots\" content=\"index, follow, max-snippet:-1, max-image-preview:large, max-video-preview:-1\" \/>\n<meta property=\"og:locale\" content=\"fr_FR\" \/>\n<meta property=\"og:type\" content=\"article\" \/>\n<meta property=\"og:title\" content=\"Abonnements flexibles chez Europcar - link2fleet\" \/>\n<meta property=\"og:description\" content=\"Pour r\u00e9pondre \u00e0 un besoin croissant de flexibilit\u00e9 au sein de entreprises, Europcar Mobility Group renforce son offre de solutions pour les entreprises : avec\u2026\" \/>\n<meta property=\"og:url\" content=\"https:\/\/www.link2fleet.com\/fr\/abonnements-flexibles-chez-europcar\/\" \/>\n<meta property=\"og:site_name\" content=\"link2fleet\" \/>\n<meta property=\"article:published_time\" content=\"2021-04-06T06:33:30+00:00\" \/>\n<meta property=\"article:modified_time\" content=\"2024-04-17T14:49:56+00:00\" \/>\n<meta property=\"og:image\" content=\"https:\/\/static.link2fleet.com\/wp-content\/uploads\/2024\/03\/europcar-logo-2018.jpg\" \/>\n\t<meta property=\"og:image:width\" content=\"1100\" \/>\n\t<meta property=\"og:image:height\" content=\"573\" \/>\n\t<meta property=\"og:image:type\" content=\"image\/jpeg\" \/>\n<meta name=\"author\" content=\"Marc Demoulin\" \/>\n<meta name=\"twitter:card\" content=\"summary_large_image\" \/>\n<meta name=\"twitter:description\" content=\"Pour r\u00e9pondre \u00e0 un besoin croissant de flexibilit\u00e9 au sein de entreprises, Europcar Mobility Group renforce son offre de solutions pour les entreprises : avec\u2026\" \/>\n<meta name=\"twitter:label1\" content=\"\u00c9crit par\" \/>\n\t<meta name=\"twitter:data1\" content=\"Marc Demoulin\" \/>\n\t<meta name=\"twitter:label2\" content=\"Dur\u00e9e de lecture estim\u00e9e\" \/>\n\t<meta name=\"twitter:data2\" content=\"2 minutes\" \/>\n<script type=\"application\/ld+json\" class=\"yoast-schema-graph\">{\"@context\":\"https:\\\/\\\/schema.org\",\"@graph\":[{\"@type\":\"Article\",\"@id\":\"https:\\\/\\\/www.link2fleet.com\\\/fr\\\/abonnements-flexibles-chez-europcar\\\/#article\",\"isPartOf\":{\"@id\":\"https:\\\/\\\/www.link2fleet.com\\\/fr\\\/abonnements-flexibles-chez-europcar\\\/\"},\"author\":{\"name\":\"Marc Demoulin\",\"@id\":\"https:\\\/\\\/www.link2fleet.com\\\/fr\\\/#\\\/schema\\\/person\\\/be5c57fc3d8ec765f7f536ffa2d67457\"},\"headline\":\"Abonnements flexibles chez Europcar\",\"datePublished\":\"2021-04-06T06:33:30+00:00\",\"dateModified\":\"2024-04-17T14:49:56+00:00\",\"mainEntityOfPage\":{\"@id\":\"https:\\\/\\\/www.link2fleet.com\\\/fr\\\/abonnements-flexibles-chez-europcar\\\/\"},\"wordCount\":444,\"publisher\":{\"@id\":\"https:\\\/\\\/www.link2fleet.com\\\/fr\\\/#organization\"},\"image\":{\"@id\":\"https:\\\/\\\/www.link2fleet.com\\\/fr\\\/abonnements-flexibles-chez-europcar\\\/#primaryimage\"},\"thumbnailUrl\":\"https:\\\/\\\/static.link2fleet.com\\\/wp-content\\\/uploads\\\/2024\\\/03\\\/europcar-logo-2018.jpg\",\"articleSection\":[\"Gestion de flotte\",\"Location court-terme\"],\"inLanguage\":\"fr-FR\"},{\"@type\":\"WebPage\",\"@id\":\"https:\\\/\\\/www.link2fleet.com\\\/fr\\\/abonnements-flexibles-chez-europcar\\\/\",\"url\":\"https:\\\/\\\/www.link2fleet.com\\\/fr\\\/abonnements-flexibles-chez-europcar\\\/\",\"name\":\"Abonnements flexibles chez Europcar - link2fleet\",\"isPartOf\":{\"@id\":\"https:\\\/\\\/www.link2fleet.com\\\/fr\\\/#website\"},\"primaryImageOfPage\":{\"@id\":\"https:\\\/\\\/www.link2fleet.com\\\/fr\\\/abonnements-flexibles-chez-europcar\\\/#primaryimage\"},\"image\":{\"@id\":\"https:\\\/\\\/www.link2fleet.com\\\/fr\\\/abonnements-flexibles-chez-europcar\\\/#primaryimage\"},\"thumbnailUrl\":\"https:\\\/\\\/static.link2fleet.com\\\/wp-content\\\/uploads\\\/2024\\\/03\\\/europcar-logo-2018.jpg\",\"datePublished\":\"2021-04-06T06:33:30+00:00\",\"dateModified\":\"2024-04-17T14:49:56+00:00\",\"breadcrumb\":{\"@id\":\"https:\\\/\\\/www.link2fleet.com\\\/fr\\\/abonnements-flexibles-chez-europcar\\\/#breadcrumb\"},\"inLanguage\":\"fr-FR\",\"potentialAction\":[{\"@type\":\"ReadAction\",\"target\":[\"https:\\\/\\\/www.link2fleet.com\\\/fr\\\/abonnements-flexibles-chez-europcar\\\/\"]}]},{\"@type\":\"ImageObject\",\"inLanguage\":\"fr-FR\",\"@id\":\"https:\\\/\\\/www.link2fleet.com\\\/fr\\\/abonnements-flexibles-chez-europcar\\\/#primaryimage\",\"url\":\"https:\\\/\\\/static.link2fleet.com\\\/wp-content\\\/uploads\\\/2024\\\/03\\\/europcar-logo-2018.jpg\",\"contentUrl\":\"https:\\\/\\\/static.link2fleet.com\\\/wp-content\\\/uploads\\\/2024\\\/03\\\/europcar-logo-2018.jpg\",\"width\":1100,\"height\":573},{\"@type\":\"BreadcrumbList\",\"@id\":\"https:\\\/\\\/www.link2fleet.com\\\/fr\\\/abonnements-flexibles-chez-europcar\\\/#breadcrumb\",\"itemListElement\":[{\"@type\":\"ListItem\",\"position\":1,\"name\":\"Home\",\"item\":\"https:\\\/\\\/www.link2fleet.com\\\/fr\\\/\"},{\"@type\":\"ListItem\",\"position\":2,\"name\":\"Abonnements flexibles chez Europcar\"}]},{\"@type\":\"WebSite\",\"@id\":\"https:\\\/\\\/www.link2fleet.com\\\/fr\\\/#website\",\"url\":\"https:\\\/\\\/www.link2fleet.com\\\/fr\\\/\",\"name\":\"Link2fleet\",\"description\":\"\",\"publisher\":{\"@id\":\"https:\\\/\\\/www.link2fleet.com\\\/fr\\\/#organization\"},\"potentialAction\":[{\"@type\":\"SearchAction\",\"target\":{\"@type\":\"EntryPoint\",\"urlTemplate\":\"https:\\\/\\\/www.link2fleet.com\\\/fr\\\/?s={search_term_string}\"},\"query-input\":{\"@type\":\"PropertyValueSpecification\",\"valueRequired\":true,\"valueName\":\"search_term_string\"}}],\"inLanguage\":\"fr-FR\"},{\"@type\":\"Organization\",\"@id\":\"https:\\\/\\\/www.link2fleet.com\\\/fr\\\/#organization\",\"name\":\"Link2fleet\",\"url\":\"https:\\\/\\\/www.link2fleet.com\\\/fr\\\/\",\"logo\":{\"@type\":\"ImageObject\",\"inLanguage\":\"fr-FR\",\"@id\":\"https:\\\/\\\/www.link2fleet.com\\\/fr\\\/#\\\/schema\\\/logo\\\/image\\\/\",\"url\":\"https:\\\/\\\/static.link2fleet.com\\\/wp-content\\\/uploads\\\/2024\\\/03\\\/share-image.jpg\",\"contentUrl\":\"https:\\\/\\\/static.link2fleet.com\\\/wp-content\\\/uploads\\\/2024\\\/03\\\/share-image.jpg\",\"width\":1200,\"height\":630,\"caption\":\"Link2fleet\"},\"image\":{\"@id\":\"https:\\\/\\\/www.link2fleet.com\\\/fr\\\/#\\\/schema\\\/logo\\\/image\\\/\"},\"sameAs\":[\"https:\\\/\\\/www.linkedin.com\\\/company\\\/link2fleet-belgium\",\"https:\\\/\\\/www.youtube.com\\\/user\\\/MMMBMBE\"]},{\"@type\":\"Person\",\"@id\":\"https:\\\/\\\/www.link2fleet.com\\\/fr\\\/#\\\/schema\\\/person\\\/be5c57fc3d8ec765f7f536ffa2d67457\",\"name\":\"Marc Demoulin\",\"image\":{\"@type\":\"ImageObject\",\"inLanguage\":\"fr-FR\",\"@id\":\"https:\\\/\\\/secure.gravatar.com\\\/avatar\\\/a87df2253d2615844817d0a7f244258741572a74e0c35a309fca2badab9f30e7?s=96&d=mm&r=g\",\"url\":\"https:\\\/\\\/secure.gravatar.com\\\/avatar\\\/a87df2253d2615844817d0a7f244258741572a74e0c35a309fca2badab9f30e7?s=96&d=mm&r=g\",\"contentUrl\":\"https:\\\/\\\/secure.gravatar.com\\\/avatar\\\/a87df2253d2615844817d0a7f244258741572a74e0c35a309fca2badab9f30e7?s=96&d=mm&r=g\",\"caption\":\"Marc Demoulin\"}}]}<\/script>\n<!-- \/ Yoast SEO plugin. -->","yoast_head_json":{"title":"Abonnements flexibles chez Europcar - link2fleet","description":"Pour r\u00e9pondre \u00e0 un besoin croissant de flexibilit\u00e9 au sein de entreprises, Europcar Mobility Group renforce son offre de solutions pour les entreprises : avec\u2026","robots":{"index":"index","follow":"follow","max-snippet":"max-snippet:-1","max-image-preview":"max-image-preview:large","max-video-preview":"max-video-preview:-1"},"og_locale":"fr_FR","og_type":"article","og_title":"Abonnements flexibles chez Europcar - link2fleet","og_description":"Pour r\u00e9pondre \u00e0 un besoin croissant de flexibilit\u00e9 au sein de entreprises, Europcar Mobility Group renforce son offre de solutions pour les entreprises : avec\u2026","og_url":"https:\/\/www.link2fleet.com\/fr\/abonnements-flexibles-chez-europcar\/","og_site_name":"link2fleet","article_published_time":"2021-04-06T06:33:30+00:00","article_modified_time":"2024-04-17T14:49:56+00:00","og_image":[{"width":1100,"height":573,"url":"https:\/\/static.link2fleet.com\/wp-content\/uploads\/2024\/03\/europcar-logo-2018.jpg","type":"image\/jpeg"}],"author":"Marc Demoulin","twitter_card":"summary_large_image","twitter_description":"Pour r\u00e9pondre \u00e0 un besoin croissant de flexibilit\u00e9 au sein de entreprises, Europcar Mobility Group renforce son offre de solutions pour les entreprises : avec\u2026","twitter_misc":{"\u00c9crit par":"Marc Demoulin","Dur\u00e9e de lecture estim\u00e9e":"2 minutes"},"schema":{"@context":"https:\/\/schema.org","@graph":[{"@type":"Article","@id":"https:\/\/www.link2fleet.com\/fr\/abonnements-flexibles-chez-europcar\/#article","isPartOf":{"@id":"https:\/\/www.link2fleet.com\/fr\/abonnements-flexibles-chez-europcar\/"},"author":{"name":"Marc Demoulin","@id":"https:\/\/www.link2fleet.com\/fr\/#\/schema\/person\/be5c57fc3d8ec765f7f536ffa2d67457"},"headline":"Abonnements flexibles chez Europcar","datePublished":"2021-04-06T06:33:30+00:00","dateModified":"2024-04-17T14:49:56+00:00","mainEntityOfPage":{"@id":"https:\/\/www.link2fleet.com\/fr\/abonnements-flexibles-chez-europcar\/"},"wordCount":444,"publisher":{"@id":"https:\/\/www.link2fleet.com\/fr\/#organization"},"image":{"@id":"https:\/\/www.link2fleet.com\/fr\/abonnements-flexibles-chez-europcar\/#primaryimage"},"thumbnailUrl":"https:\/\/static.link2fleet.com\/wp-content\/uploads\/2024\/03\/europcar-logo-2018.jpg","articleSection":["Gestion de flotte","Location court-terme"],"inLanguage":"fr-FR"},{"@type":"WebPage","@id":"https:\/\/www.link2fleet.com\/fr\/abonnements-flexibles-chez-europcar\/","url":"https:\/\/www.link2fleet.com\/fr\/abonnements-flexibles-chez-europcar\/","name":"Abonnements flexibles chez Europcar - link2fleet","isPartOf":{"@id":"https:\/\/www.link2fleet.com\/fr\/#website"},"primaryImageOfPage":{"@id":"https:\/\/www.link2fleet.com\/fr\/abonnements-flexibles-chez-europcar\/#primaryimage"},"image":{"@id":"https:\/\/www.link2fleet.com\/fr\/abonnements-flexibles-chez-europcar\/#primaryimage"},"thumbnailUrl":"https:\/\/static.link2fleet.com\/wp-content\/uploads\/2024\/03\/europcar-logo-2018.jpg","datePublished":"2021-04-06T06:33:30+00:00","dateModified":"2024-04-17T14:49:56+00:00","breadcrumb":{"@id":"https:\/\/www.link2fleet.com\/fr\/abonnements-flexibles-chez-europcar\/#breadcrumb"},"inLanguage":"fr-FR","potentialAction":[{"@type":"ReadAction","target":["https:\/\/www.link2fleet.com\/fr\/abonnements-flexibles-chez-europcar\/"]}]},{"@type":"ImageObject","inLanguage":"fr-FR","@id":"https:\/\/www.link2fleet.com\/fr\/abonnements-flexibles-chez-europcar\/#primaryimage","url":"https:\/\/static.link2fleet.com\/wp-content\/uploads\/2024\/03\/europcar-logo-2018.jpg","contentUrl":"https:\/\/static.link2fleet.com\/wp-content\/uploads\/2024\/03\/europcar-logo-2018.jpg","width":1100,"height":573},{"@type":"BreadcrumbList","@id":"https:\/\/www.link2fleet.com\/fr\/abonnements-flexibles-chez-europcar\/#breadcrumb","itemListElement":[{"@type":"ListItem","position":1,"name":"Home","item":"https:\/\/www.link2fleet.com\/fr\/"},{"@type":"ListItem","position":2,"name":"Abonnements flexibles chez Europcar"}]},{"@type":"WebSite","@id":"https:\/\/www.link2fleet.com\/fr\/#website","url":"https:\/\/www.link2fleet.com\/fr\/","name":"Link2fleet","description":"","publisher":{"@id":"https:\/\/www.link2fleet.com\/fr\/#organization"},"potentialAction":[{"@type":"SearchAction","target":{"@type":"EntryPoint","urlTemplate":"https:\/\/www.link2fleet.com\/fr\/?s={search_term_string}"},"query-input":{"@type":"PropertyValueSpecification","valueRequired":true,"valueName":"search_term_string"}}],"inLanguage":"fr-FR"},{"@type":"Organization","@id":"https:\/\/www.link2fleet.com\/fr\/#organization","name":"Link2fleet","url":"https:\/\/www.link2fleet.com\/fr\/","logo":{"@type":"ImageObject","inLanguage":"fr-FR","@id":"https:\/\/www.link2fleet.com\/fr\/#\/schema\/logo\/image\/","url":"https:\/\/static.link2fleet.com\/wp-content\/uploads\/2024\/03\/share-image.jpg","contentUrl":"https:\/\/static.link2fleet.com\/wp-content\/uploads\/2024\/03\/share-image.jpg","width":1200,"height":630,"caption":"Link2fleet"},"image":{"@id":"https:\/\/www.link2fleet.com\/fr\/#\/schema\/logo\/image\/"},"sameAs":["https:\/\/www.linkedin.com\/company\/link2fleet-belgium","https:\/\/www.youtube.com\/user\/MMMBMBE"]},{"@type":"Person","@id":"https:\/\/www.link2fleet.com\/fr\/#\/schema\/person\/be5c57fc3d8ec765f7f536ffa2d67457","name":"Marc Demoulin","image":{"@type":"ImageObject","inLanguage":"fr-FR","@id":"https:\/\/secure.gravatar.com\/avatar\/a87df2253d2615844817d0a7f244258741572a74e0c35a309fca2badab9f30e7?s=96&d=mm&r=g","url":"https:\/\/secure.gravatar.com\/avatar\/a87df2253d2615844817d0a7f244258741572a74e0c35a309fca2badab9f30e7?s=96&d=mm&r=g","contentUrl":"https:\/\/secure.gravatar.com\/avatar\/a87df2253d2615844817d0a7f244258741572a74e0c35a309fca2badab9f30e7?s=96&d=mm&r=g","caption":"Marc Demoulin"}}]}},"_links":{"self":[{"href":"https:\/\/www.link2fleet.com\/fr\/wp-json\/wp\/v2\/posts\/4119","targetHints":{"allow":["GET"]}}],"collection":[{"href":"https:\/\/www.link2fleet.com\/fr\/wp-json\/wp\/v2\/posts"}],"about":[{"href":"https:\/\/www.link2fleet.com\/fr\/wp-json\/wp\/v2\/types\/post"}],"author":[{"embeddable":true,"href":"https:\/\/www.link2fleet.com\/fr\/wp-json\/wp\/v2\/users\/19"}],"replies":[{"embeddable":true,"href":"https:\/\/www.link2fleet.com\/fr\/wp-json\/wp\/v2\/comments?post=4119"}],"version-history":[{"count":0,"href":"https:\/\/www.link2fleet.com\/fr\/wp-json\/wp\/v2\/posts\/4119\/revisions"}],"wp:featuredmedia":[{"embeddable":true,"href":"https:\/\/www.link2fleet.com\/fr\/wp-json\/wp\/v2\/media\/4120"}],"wp:attachment":[{"href":"https:\/\/www.link2fleet.com\/fr\/wp-json\/wp\/v2\/media?parent=4119"}],"wp:term":[{"taxonomy":"category","embeddable":true,"href":"https:\/\/www.link2fleet.com\/fr\/wp-json\/wp\/v2\/categories?post=4119"},{"taxonomy":"post_tag","embeddable":true,"href":"https:\/\/www.link2fleet.com\/fr\/wp-json\/wp\/v2\/tags?post=4119"}],"curies":[{"name":"wp","href":"https:\/\/api.w.org\/{rel}","templated":true}]}}