{"id":4131,"date":"2021-04-06T12:06:48","date_gmt":"2021-04-06T10:06:48","guid":{"rendered":"https:\/\/www.link2fleet.com\/fraikin-finalise-lacquisition-de-lentreprise-de-location-via-location\/"},"modified":"2021-04-06T12:06:48","modified_gmt":"2021-04-06T10:06:48","slug":"fraikin-finalise-lacquisition-de-lentreprise-de-location-via-location","status":"publish","type":"post","link":"https:\/\/www.link2fleet.com\/fr\/fraikin-finalise-lacquisition-de-lentreprise-de-location-via-location\/","title":{"rendered":"Fraikin finalise l\u2019acquisition de l\u2019entreprise de location Via Location"},"content":{"rendered":"<p>Avec des activit\u00e9s notamment en France, au Benelux, en Allemagne, en Espagne et au Royaume-Uni, Fraikin est le leader de march\u00e9 europ\u00e9en dans la location et le leasing de v\u00e9hicules utilitaires et de camionnettes aux PME et aux grandes entreprises. M\u00eame si l\u2019entreprise originaire de France est active de l\u2019Europe de l\u2019Ouest \u00e0 l\u2019Europe de l\u2019Est, elle investit actuellement beaucoup dans le d\u00e9veloppement de la croissance au Benelux. \u00ab\u00a0Le Benelux repr\u00e9sente pour nous un march\u00e9 extr\u00eamement important pour l\u2019avenir\u00a0\u00bb, explique Philippe Cuoc, COO du groupe international de Fraikin. \u00ab\u00a0Notre objectif est de devenir plus grands et plus forts. Nous voulons \u00e9largir notre r\u00e9seau et notre flotte \u00e0 l\u2019\u00e9chelle locale afin de pouvoir encore mieux servir nos clients en Belgique, aux Pays-Bas et au Luxembourg avec notre offre de services et nos sp\u00e9cialisations dans diff\u00e9rents secteurs. La reprise de Via Location constitue une nouvelle \u00e9tape en vue d\u2019atteindre cet objectif et elle met en \u00e9vidence que le march\u00e9 du Benelux repr\u00e9sente notre priorit\u00e9.\u00a0\u00bb<\/p>\n<p><strong>Ancrage local<\/strong><br \/>\nVia Location est compl\u00e8tement int\u00e9gr\u00e9 en Belgique dans la marque Fraikin. Le client b\u00e9n\u00e9ficie ainsi du m\u00eame service unique, mais celui-ci est \u00e0 pr\u00e9sent encore mieux soutenu par un plus grand groupe et un r\u00e9seau plus \u00e9largi. L\u2019extension de la taille du groupe doit toutefois \u00e9galement permettre un renforcement de l\u2019ancrage local. \u00ab\u00a0Le soutien r\u00e9gional repr\u00e9sente un pilier incontournable pour Fraikin\u00a0\u00bb, explique Jan Van De Perre, CEO de Fraikin Benelux. \u00ab\u00a0En \u00e9largissant notre r\u00e9seau, nous voulons rapprocher notre offre de services au Benelux de nos clients afin que ceux-ci puissent pour ainsi dire \u00e9galement faire appel \u00e0 nos services et \u00e0 notre aide au coin de leur rue.\u00a0\u00bb<\/p>\n<p>Afin de renforcer encore plus cet ancrage local, Fraikin souhaite ouvrir de nouvelles filiales en Belgique cette ann\u00e9e. En plus du si\u00e8ge social situ\u00e9 \u00e0 Machelen et de la filiale \u00e0 Mons, les \u00e9tablissements d\u2019 Izegem (\u00e9t\u00e9 2021) et un peu plus tard cette ann\u00e9e de Li\u00e8ge ont pour objectif d\u2019optimiser le soutien au service local. En 2022, un nouvel emplacement est pr\u00e9vu \u00e0 Anvers. \u00ab\u00a0Nous facilitons aussi ce processus en laissant les clients choisir le garagiste chez lequel ils souhaitent r\u00e9aliser l\u2019entretien et les r\u00e9parations, \u00e0 condition que celui-ci soit un concessionnaire reconnu\u00a0\u00bb, explique Jan Van De Perre.<\/p>\n<p><strong>Durabilit\u00e9 et polyvalence<\/strong><br \/>\nFraikin investit aussi dans l\u2019avenir en assurant une gestion consciente de sa flotte. \u00ab\u00a0La durabilit\u00e9 rev\u00eat une importance capitale \u00e0 nos yeux et cette attitude se refl\u00e8te fortement dans notre gestion de flotte\u00a0\u00bb, dit Jan Van De Perre. \u00ab\u00a0Nos v\u00e9hicules ont en moyenne seulement 3 \u00e0 4 ans. Nous mettons tout en \u0153uvre pour remplacer r\u00e9guli\u00e8rement nos camions et utiliser les nouvelles technologies en vue de limiter les \u00e9missions de CO2. De cette mani\u00e8re, nos clients ne doivent pas s\u2019inqui\u00e9ter des nouvelles r\u00e9glementations. D\u2019ici 2025, lorsque les r\u00e9glementations relatives aux zones de basses \u00e9missions seront encore plus strictes, notre flotte y sera pr\u00e9par\u00e9e.\u00a0\u00bb<\/p>\n<blockquote><p>\u00ab\u00a0Gr\u00e2ce \u00e0 notre polyvalence, nous pouvons toujours respecter la pr\u00e9f\u00e9rence du client\u00a0\u00bb &#8211; Jan Van De Perre, CEO de Fraikin Benelux<\/p><\/blockquote>\n<p>La croissance que Fraikin est en train de r\u00e9aliser au Benelux permet \u00e9galement \u00e0 l\u2019entreprise de location d\u2019offrir un package de services int\u00e9gral et in\u00e9gal\u00e9 sur diff\u00e9rents march\u00e9s. La flotte totale de Fraikin compte entre-temps plus de 58.000 v\u00e9hicules utilitaires l\u00e9gers et lourds, des camionnettes, tracteurs et camions frigorifiques aux camions, camions \u00e0 bennes, camions-poubelles en passant par les ambulances, les camions-grues et les camions \u00e9quip\u00e9s d\u2019une grue \u00e0 crochet. \u00ab\u00a0Nous proposons des v\u00e9hicules \u00e0 toutes les fins, et ce, ind\u00e9pendamment de la marque. Gr\u00e2ce \u00e0 cette polyvalence, nous pouvons toujours respecter la pr\u00e9f\u00e9rence du client\u00a0\u00bb, conclut Jan Van De Perre.<\/p>\n","protected":false},"excerpt":{"rendered":"<p>Avec des activit\u00e9s notamment en France, au Benelux, en Allemagne, en Espagne et au Royaume-Uni, Fraikin est le leader de march\u00e9 europ\u00e9en dans la location et le leasing de v\u00e9hicules utilitaires et de camionnettes aux PME et aux grandes entreprises. M\u00eame si l\u2019entreprise originaire de France est active de l\u2019Europe de l\u2019Ouest \u00e0 l\u2019Europe de [&hellip;]<\/p>\n","protected":false},"author":4,"featured_media":4132,"comment_status":"closed","ping_status":"closed","sticky":false,"template":"","format":"standard","meta":{"_acf_changed":false,"footnotes":""},"categories":[91,80],"tags":[],"class_list":["post-4131","post","type-post","status-publish","format-standard","has-post-thumbnail","hentry","category-expertise-et-management","category-loueurs-courtterme"],"acf":[],"yoast_head":"<!-- This site is optimized with the Yoast SEO plugin v27.3 - https:\/\/yoast.com\/product\/yoast-seo-wordpress\/ -->\n<title>Fraikin finalise l\u2019acquisition de l\u2019entreprise de location Via Location - link2fleet<\/title>\n<meta name=\"description\" content=\"Fraikin, leader de march\u00e9 de la location et du leasing de v\u00e9hicules utilitaires et de camionnettes, a finalis\u00e9 l\u2019acquisition du concurrent Via Location, qui avait\u2026\" \/>\n<meta name=\"robots\" content=\"index, follow, max-snippet:-1, max-image-preview:large, max-video-preview:-1\" \/>\n<meta property=\"og:locale\" content=\"fr_FR\" \/>\n<meta property=\"og:type\" content=\"article\" \/>\n<meta property=\"og:title\" content=\"Fraikin finalise l\u2019acquisition de l\u2019entreprise de location Via Location - link2fleet\" \/>\n<meta property=\"og:description\" content=\"Fraikin, leader de march\u00e9 de la location et du leasing de v\u00e9hicules utilitaires et de camionnettes, a finalis\u00e9 l\u2019acquisition du concurrent Via Location, qui avait\u2026\" \/>\n<meta property=\"og:url\" content=\"https:\/\/www.link2fleet.com\/fr\/fraikin-finalise-lacquisition-de-lentreprise-de-location-via-location\/\" \/>\n<meta property=\"og:site_name\" content=\"link2fleet\" \/>\n<meta property=\"article:published_time\" content=\"2021-04-06T10:06:48+00:00\" \/>\n<meta property=\"og:image\" content=\"https:\/\/static.link2fleet.com\/wp-content\/uploads\/2024\/03\/img-20210401-112349.jpg\" \/>\n\t<meta property=\"og:image:width\" content=\"1024\" \/>\n\t<meta property=\"og:image:height\" content=\"484\" \/>\n\t<meta property=\"og:image:type\" content=\"image\/jpeg\" \/>\n<meta name=\"author\" content=\"Damien Malvetti\" \/>\n<meta name=\"twitter:card\" content=\"summary_large_image\" \/>\n<meta name=\"twitter:description\" content=\"Fraikin, leader de march\u00e9 de la location et du leasing de v\u00e9hicules utilitaires et de camionnettes, a finalis\u00e9 l\u2019acquisition du concurrent Via Location, qui avait\u2026\" \/>\n<meta name=\"twitter:label1\" content=\"\u00c9crit par\" \/>\n\t<meta name=\"twitter:data1\" content=\"Damien Malvetti\" \/>\n\t<meta name=\"twitter:label2\" content=\"Dur\u00e9e de lecture estim\u00e9e\" \/>\n\t<meta name=\"twitter:data2\" content=\"3 minutes\" \/>\n<script type=\"application\/ld+json\" class=\"yoast-schema-graph\">{\"@context\":\"https:\\\/\\\/schema.org\",\"@graph\":[{\"@type\":\"Article\",\"@id\":\"https:\\\/\\\/www.link2fleet.com\\\/fr\\\/fraikin-finalise-lacquisition-de-lentreprise-de-location-via-location\\\/#article\",\"isPartOf\":{\"@id\":\"https:\\\/\\\/www.link2fleet.com\\\/fr\\\/fraikin-finalise-lacquisition-de-lentreprise-de-location-via-location\\\/\"},\"author\":{\"name\":\"Damien Malvetti\",\"@id\":\"https:\\\/\\\/www.link2fleet.com\\\/fr\\\/#\\\/schema\\\/person\\\/027cd46113c78036b3809c9a054049da\"},\"headline\":\"Fraikin finalise l\u2019acquisition de l\u2019entreprise de location Via Location\",\"datePublished\":\"2021-04-06T10:06:48+00:00\",\"mainEntityOfPage\":{\"@id\":\"https:\\\/\\\/www.link2fleet.com\\\/fr\\\/fraikin-finalise-lacquisition-de-lentreprise-de-location-via-location\\\/\"},\"wordCount\":660,\"publisher\":{\"@id\":\"https:\\\/\\\/www.link2fleet.com\\\/fr\\\/#organization\"},\"image\":{\"@id\":\"https:\\\/\\\/www.link2fleet.com\\\/fr\\\/fraikin-finalise-lacquisition-de-lentreprise-de-location-via-location\\\/#primaryimage\"},\"thumbnailUrl\":\"https:\\\/\\\/static.link2fleet.com\\\/wp-content\\\/uploads\\\/2024\\\/03\\\/img-20210401-112349.jpg\",\"articleSection\":[\"Gestion de flotte\",\"Location court-terme\"],\"inLanguage\":\"fr-FR\"},{\"@type\":\"WebPage\",\"@id\":\"https:\\\/\\\/www.link2fleet.com\\\/fr\\\/fraikin-finalise-lacquisition-de-lentreprise-de-location-via-location\\\/\",\"url\":\"https:\\\/\\\/www.link2fleet.com\\\/fr\\\/fraikin-finalise-lacquisition-de-lentreprise-de-location-via-location\\\/\",\"name\":\"Fraikin finalise l\u2019acquisition de l\u2019entreprise de location Via Location - link2fleet\",\"isPartOf\":{\"@id\":\"https:\\\/\\\/www.link2fleet.com\\\/fr\\\/#website\"},\"primaryImageOfPage\":{\"@id\":\"https:\\\/\\\/www.link2fleet.com\\\/fr\\\/fraikin-finalise-lacquisition-de-lentreprise-de-location-via-location\\\/#primaryimage\"},\"image\":{\"@id\":\"https:\\\/\\\/www.link2fleet.com\\\/fr\\\/fraikin-finalise-lacquisition-de-lentreprise-de-location-via-location\\\/#primaryimage\"},\"thumbnailUrl\":\"https:\\\/\\\/static.link2fleet.com\\\/wp-content\\\/uploads\\\/2024\\\/03\\\/img-20210401-112349.jpg\",\"datePublished\":\"2021-04-06T10:06:48+00:00\",\"breadcrumb\":{\"@id\":\"https:\\\/\\\/www.link2fleet.com\\\/fr\\\/fraikin-finalise-lacquisition-de-lentreprise-de-location-via-location\\\/#breadcrumb\"},\"inLanguage\":\"fr-FR\",\"potentialAction\":[{\"@type\":\"ReadAction\",\"target\":[\"https:\\\/\\\/www.link2fleet.com\\\/fr\\\/fraikin-finalise-lacquisition-de-lentreprise-de-location-via-location\\\/\"]}]},{\"@type\":\"ImageObject\",\"inLanguage\":\"fr-FR\",\"@id\":\"https:\\\/\\\/www.link2fleet.com\\\/fr\\\/fraikin-finalise-lacquisition-de-lentreprise-de-location-via-location\\\/#primaryimage\",\"url\":\"https:\\\/\\\/static.link2fleet.com\\\/wp-content\\\/uploads\\\/2024\\\/03\\\/img-20210401-112349.jpg\",\"contentUrl\":\"https:\\\/\\\/static.link2fleet.com\\\/wp-content\\\/uploads\\\/2024\\\/03\\\/img-20210401-112349.jpg\",\"width\":4608,\"height\":2176},{\"@type\":\"BreadcrumbList\",\"@id\":\"https:\\\/\\\/www.link2fleet.com\\\/fr\\\/fraikin-finalise-lacquisition-de-lentreprise-de-location-via-location\\\/#breadcrumb\",\"itemListElement\":[{\"@type\":\"ListItem\",\"position\":1,\"name\":\"Home\",\"item\":\"https:\\\/\\\/www.link2fleet.com\\\/fr\\\/\"},{\"@type\":\"ListItem\",\"position\":2,\"name\":\"Fraikin finalise l\u2019acquisition de l\u2019entreprise de location Via Location\"}]},{\"@type\":\"WebSite\",\"@id\":\"https:\\\/\\\/www.link2fleet.com\\\/fr\\\/#website\",\"url\":\"https:\\\/\\\/www.link2fleet.com\\\/fr\\\/\",\"name\":\"Link2fleet\",\"description\":\"\",\"publisher\":{\"@id\":\"https:\\\/\\\/www.link2fleet.com\\\/fr\\\/#organization\"},\"potentialAction\":[{\"@type\":\"SearchAction\",\"target\":{\"@type\":\"EntryPoint\",\"urlTemplate\":\"https:\\\/\\\/www.link2fleet.com\\\/fr\\\/?s={search_term_string}\"},\"query-input\":{\"@type\":\"PropertyValueSpecification\",\"valueRequired\":true,\"valueName\":\"search_term_string\"}}],\"inLanguage\":\"fr-FR\"},{\"@type\":\"Organization\",\"@id\":\"https:\\\/\\\/www.link2fleet.com\\\/fr\\\/#organization\",\"name\":\"Link2fleet\",\"url\":\"https:\\\/\\\/www.link2fleet.com\\\/fr\\\/\",\"logo\":{\"@type\":\"ImageObject\",\"inLanguage\":\"fr-FR\",\"@id\":\"https:\\\/\\\/www.link2fleet.com\\\/fr\\\/#\\\/schema\\\/logo\\\/image\\\/\",\"url\":\"https:\\\/\\\/static.link2fleet.com\\\/wp-content\\\/uploads\\\/2024\\\/03\\\/share-image.jpg\",\"contentUrl\":\"https:\\\/\\\/static.link2fleet.com\\\/wp-content\\\/uploads\\\/2024\\\/03\\\/share-image.jpg\",\"width\":1200,\"height\":630,\"caption\":\"Link2fleet\"},\"image\":{\"@id\":\"https:\\\/\\\/www.link2fleet.com\\\/fr\\\/#\\\/schema\\\/logo\\\/image\\\/\"},\"sameAs\":[\"https:\\\/\\\/www.linkedin.com\\\/company\\\/link2fleet-belgium\",\"https:\\\/\\\/www.youtube.com\\\/user\\\/MMMBMBE\"]},{\"@type\":\"Person\",\"@id\":\"https:\\\/\\\/www.link2fleet.com\\\/fr\\\/#\\\/schema\\\/person\\\/027cd46113c78036b3809c9a054049da\",\"name\":\"Damien Malvetti\",\"image\":{\"@type\":\"ImageObject\",\"inLanguage\":\"fr-FR\",\"@id\":\"https:\\\/\\\/secure.gravatar.com\\\/avatar\\\/dd8cc03b49466c735f753ac37f8caa371af16dfed347456ed61f02883255eebb?s=96&d=mm&r=g\",\"url\":\"https:\\\/\\\/secure.gravatar.com\\\/avatar\\\/dd8cc03b49466c735f753ac37f8caa371af16dfed347456ed61f02883255eebb?s=96&d=mm&r=g\",\"contentUrl\":\"https:\\\/\\\/secure.gravatar.com\\\/avatar\\\/dd8cc03b49466c735f753ac37f8caa371af16dfed347456ed61f02883255eebb?s=96&d=mm&r=g\",\"caption\":\"Damien Malvetti\"},\"description\":\"Damien Malvetti is opgeleid als journalist en gepassioneerd door wagens, technologie en mobiliteit. Hij is verantwoordelijk voor de redactionele inhoud van link2fleet en beschikt over een uitgebreide kennis van de fleet-sector en elektrische mobiliteit.\",\"sameAs\":[\"https:\\\/\\\/www.linkedin.com\\\/in\\\/damien-malvetti-56601142\\\/\"]}]}<\/script>\n<!-- \/ Yoast SEO plugin. -->","yoast_head_json":{"title":"Fraikin finalise l\u2019acquisition de l\u2019entreprise de location Via Location - link2fleet","description":"Fraikin, leader de march\u00e9 de la location et du leasing de v\u00e9hicules utilitaires et de camionnettes, a finalis\u00e9 l\u2019acquisition du concurrent Via Location, qui avait\u2026","robots":{"index":"index","follow":"follow","max-snippet":"max-snippet:-1","max-image-preview":"max-image-preview:large","max-video-preview":"max-video-preview:-1"},"og_locale":"fr_FR","og_type":"article","og_title":"Fraikin finalise l\u2019acquisition de l\u2019entreprise de location Via Location - link2fleet","og_description":"Fraikin, leader de march\u00e9 de la location et du leasing de v\u00e9hicules utilitaires et de camionnettes, a finalis\u00e9 l\u2019acquisition du concurrent Via Location, qui avait\u2026","og_url":"https:\/\/www.link2fleet.com\/fr\/fraikin-finalise-lacquisition-de-lentreprise-de-location-via-location\/","og_site_name":"link2fleet","article_published_time":"2021-04-06T10:06:48+00:00","og_image":[{"url":"https:\/\/static.link2fleet.com\/wp-content\/uploads\/2024\/03\/img-20210401-112349.jpg","width":1024,"height":484,"type":"image\/jpeg"}],"author":"Damien Malvetti","twitter_card":"summary_large_image","twitter_description":"Fraikin, leader de march\u00e9 de la location et du leasing de v\u00e9hicules utilitaires et de camionnettes, a finalis\u00e9 l\u2019acquisition du concurrent Via Location, qui avait\u2026","twitter_misc":{"\u00c9crit par":"Damien Malvetti","Dur\u00e9e de lecture estim\u00e9e":"3 minutes"},"schema":{"@context":"https:\/\/schema.org","@graph":[{"@type":"Article","@id":"https:\/\/www.link2fleet.com\/fr\/fraikin-finalise-lacquisition-de-lentreprise-de-location-via-location\/#article","isPartOf":{"@id":"https:\/\/www.link2fleet.com\/fr\/fraikin-finalise-lacquisition-de-lentreprise-de-location-via-location\/"},"author":{"name":"Damien Malvetti","@id":"https:\/\/www.link2fleet.com\/fr\/#\/schema\/person\/027cd46113c78036b3809c9a054049da"},"headline":"Fraikin finalise l\u2019acquisition de l\u2019entreprise de location Via Location","datePublished":"2021-04-06T10:06:48+00:00","mainEntityOfPage":{"@id":"https:\/\/www.link2fleet.com\/fr\/fraikin-finalise-lacquisition-de-lentreprise-de-location-via-location\/"},"wordCount":660,"publisher":{"@id":"https:\/\/www.link2fleet.com\/fr\/#organization"},"image":{"@id":"https:\/\/www.link2fleet.com\/fr\/fraikin-finalise-lacquisition-de-lentreprise-de-location-via-location\/#primaryimage"},"thumbnailUrl":"https:\/\/static.link2fleet.com\/wp-content\/uploads\/2024\/03\/img-20210401-112349.jpg","articleSection":["Gestion de flotte","Location court-terme"],"inLanguage":"fr-FR"},{"@type":"WebPage","@id":"https:\/\/www.link2fleet.com\/fr\/fraikin-finalise-lacquisition-de-lentreprise-de-location-via-location\/","url":"https:\/\/www.link2fleet.com\/fr\/fraikin-finalise-lacquisition-de-lentreprise-de-location-via-location\/","name":"Fraikin finalise l\u2019acquisition de l\u2019entreprise de location Via Location - link2fleet","isPartOf":{"@id":"https:\/\/www.link2fleet.com\/fr\/#website"},"primaryImageOfPage":{"@id":"https:\/\/www.link2fleet.com\/fr\/fraikin-finalise-lacquisition-de-lentreprise-de-location-via-location\/#primaryimage"},"image":{"@id":"https:\/\/www.link2fleet.com\/fr\/fraikin-finalise-lacquisition-de-lentreprise-de-location-via-location\/#primaryimage"},"thumbnailUrl":"https:\/\/static.link2fleet.com\/wp-content\/uploads\/2024\/03\/img-20210401-112349.jpg","datePublished":"2021-04-06T10:06:48+00:00","breadcrumb":{"@id":"https:\/\/www.link2fleet.com\/fr\/fraikin-finalise-lacquisition-de-lentreprise-de-location-via-location\/#breadcrumb"},"inLanguage":"fr-FR","potentialAction":[{"@type":"ReadAction","target":["https:\/\/www.link2fleet.com\/fr\/fraikin-finalise-lacquisition-de-lentreprise-de-location-via-location\/"]}]},{"@type":"ImageObject","inLanguage":"fr-FR","@id":"https:\/\/www.link2fleet.com\/fr\/fraikin-finalise-lacquisition-de-lentreprise-de-location-via-location\/#primaryimage","url":"https:\/\/static.link2fleet.com\/wp-content\/uploads\/2024\/03\/img-20210401-112349.jpg","contentUrl":"https:\/\/static.link2fleet.com\/wp-content\/uploads\/2024\/03\/img-20210401-112349.jpg","width":4608,"height":2176},{"@type":"BreadcrumbList","@id":"https:\/\/www.link2fleet.com\/fr\/fraikin-finalise-lacquisition-de-lentreprise-de-location-via-location\/#breadcrumb","itemListElement":[{"@type":"ListItem","position":1,"name":"Home","item":"https:\/\/www.link2fleet.com\/fr\/"},{"@type":"ListItem","position":2,"name":"Fraikin finalise l\u2019acquisition de l\u2019entreprise de location Via Location"}]},{"@type":"WebSite","@id":"https:\/\/www.link2fleet.com\/fr\/#website","url":"https:\/\/www.link2fleet.com\/fr\/","name":"Link2fleet","description":"","publisher":{"@id":"https:\/\/www.link2fleet.com\/fr\/#organization"},"potentialAction":[{"@type":"SearchAction","target":{"@type":"EntryPoint","urlTemplate":"https:\/\/www.link2fleet.com\/fr\/?s={search_term_string}"},"query-input":{"@type":"PropertyValueSpecification","valueRequired":true,"valueName":"search_term_string"}}],"inLanguage":"fr-FR"},{"@type":"Organization","@id":"https:\/\/www.link2fleet.com\/fr\/#organization","name":"Link2fleet","url":"https:\/\/www.link2fleet.com\/fr\/","logo":{"@type":"ImageObject","inLanguage":"fr-FR","@id":"https:\/\/www.link2fleet.com\/fr\/#\/schema\/logo\/image\/","url":"https:\/\/static.link2fleet.com\/wp-content\/uploads\/2024\/03\/share-image.jpg","contentUrl":"https:\/\/static.link2fleet.com\/wp-content\/uploads\/2024\/03\/share-image.jpg","width":1200,"height":630,"caption":"Link2fleet"},"image":{"@id":"https:\/\/www.link2fleet.com\/fr\/#\/schema\/logo\/image\/"},"sameAs":["https:\/\/www.linkedin.com\/company\/link2fleet-belgium","https:\/\/www.youtube.com\/user\/MMMBMBE"]},{"@type":"Person","@id":"https:\/\/www.link2fleet.com\/fr\/#\/schema\/person\/027cd46113c78036b3809c9a054049da","name":"Damien Malvetti","image":{"@type":"ImageObject","inLanguage":"fr-FR","@id":"https:\/\/secure.gravatar.com\/avatar\/dd8cc03b49466c735f753ac37f8caa371af16dfed347456ed61f02883255eebb?s=96&d=mm&r=g","url":"https:\/\/secure.gravatar.com\/avatar\/dd8cc03b49466c735f753ac37f8caa371af16dfed347456ed61f02883255eebb?s=96&d=mm&r=g","contentUrl":"https:\/\/secure.gravatar.com\/avatar\/dd8cc03b49466c735f753ac37f8caa371af16dfed347456ed61f02883255eebb?s=96&d=mm&r=g","caption":"Damien Malvetti"},"description":"Damien Malvetti is opgeleid als journalist en gepassioneerd door wagens, technologie en mobiliteit. Hij is verantwoordelijk voor de redactionele inhoud van link2fleet en beschikt over een uitgebreide kennis van de fleet-sector en elektrische mobiliteit.","sameAs":["https:\/\/www.linkedin.com\/in\/damien-malvetti-56601142\/"]}]}},"_links":{"self":[{"href":"https:\/\/www.link2fleet.com\/fr\/wp-json\/wp\/v2\/posts\/4131","targetHints":{"allow":["GET"]}}],"collection":[{"href":"https:\/\/www.link2fleet.com\/fr\/wp-json\/wp\/v2\/posts"}],"about":[{"href":"https:\/\/www.link2fleet.com\/fr\/wp-json\/wp\/v2\/types\/post"}],"author":[{"embeddable":true,"href":"https:\/\/www.link2fleet.com\/fr\/wp-json\/wp\/v2\/users\/4"}],"replies":[{"embeddable":true,"href":"https:\/\/www.link2fleet.com\/fr\/wp-json\/wp\/v2\/comments?post=4131"}],"version-history":[{"count":0,"href":"https:\/\/www.link2fleet.com\/fr\/wp-json\/wp\/v2\/posts\/4131\/revisions"}],"wp:featuredmedia":[{"embeddable":true,"href":"https:\/\/www.link2fleet.com\/fr\/wp-json\/wp\/v2\/media\/4132"}],"wp:attachment":[{"href":"https:\/\/www.link2fleet.com\/fr\/wp-json\/wp\/v2\/media?parent=4131"}],"wp:term":[{"taxonomy":"category","embeddable":true,"href":"https:\/\/www.link2fleet.com\/fr\/wp-json\/wp\/v2\/categories?post=4131"},{"taxonomy":"post_tag","embeddable":true,"href":"https:\/\/www.link2fleet.com\/fr\/wp-json\/wp\/v2\/tags?post=4131"}],"curies":[{"name":"wp","href":"https:\/\/api.w.org\/{rel}","templated":true}]}}