{"id":41312,"date":"2025-04-22T14:06:06","date_gmt":"2025-04-22T12:06:06","guid":{"rendered":"https:\/\/www.link2fleet.com\/?p=41312"},"modified":"2025-07-15T11:20:04","modified_gmt":"2025-07-15T09:20:04","slug":"laurent-delmotte-stellantis-notre-objectif-est-de-revenir-a-20-de-parts-de-marche-en-2025","status":"publish","type":"post","link":"https:\/\/www.link2fleet.com\/fr\/laurent-delmotte-stellantis-notre-objectif-est-de-revenir-a-20-de-parts-de-marche-en-2025\/","title":{"rendered":"Laurent Delmotte (Stellantis): \u00ab\u00a0Notre objectif est de revenir \u00e0 20% de parts de march\u00e9 en 2025\u00a0\u00bb"},"content":{"rendered":"","protected":false},"excerpt":{"rendered":"","protected":false},"author":4,"featured_media":41328,"comment_status":"closed","ping_status":"closed","sticky":false,"template":"","format":"standard","meta":{"_acf_changed":false,"footnotes":""},"categories":[77,76],"tags":[],"class_list":["post-41312","post","type-post","status-publish","format-standard","has-post-thumbnail","hentry","category-importateurs-et-constructeurs-automobiles-vp","category-car"],"acf":[],"yoast_head":"<!-- This site is optimized with the Yoast SEO plugin v27.3 - https:\/\/yoast.com\/product\/yoast-seo-wordpress\/ -->\n<title>Laurent Delmotte (Stellantis): &quot;Notre objectif est de revenir \u00e0 20% de parts de march\u00e9 en 2025&quot; - link2fleet<\/title>\n<meta name=\"description\" content=\"Ces derniers mois, le groupe Stellantis a \u00e9t\u00e9 confront\u00e9 \u00e0 une s\u00e9rie de d\u00e9fis majeurs qui ont \u00e9branl\u00e9 sa position sur le march\u00e9 automobile. Probl\u00e8mes\u2026\" \/>\n<meta name=\"robots\" content=\"index, follow, max-snippet:-1, max-image-preview:large, max-video-preview:-1\" \/>\n<meta property=\"og:locale\" content=\"fr_FR\" \/>\n<meta property=\"og:type\" content=\"article\" \/>\n<meta property=\"og:title\" content=\"Laurent Delmotte (Stellantis): &quot;Notre objectif est de revenir \u00e0 20% de parts de march\u00e9 en 2025&quot; - link2fleet\" \/>\n<meta property=\"og:description\" content=\"Ces derniers mois, le groupe Stellantis a \u00e9t\u00e9 confront\u00e9 \u00e0 une s\u00e9rie de d\u00e9fis majeurs qui ont \u00e9branl\u00e9 sa position sur le march\u00e9 automobile. Probl\u00e8mes\u2026\" \/>\n<meta property=\"og:url\" content=\"https:\/\/www.link2fleet.com\/laurent-delmotte-stellantis-ons-doel-is-om-in-2025-terug-te-keren-naar-een-marktaandeel-van-20\/\" \/>\n<meta property=\"og:site_name\" content=\"link2fleet\" \/>\n<meta property=\"article:published_time\" content=\"2025-04-22T12:06:06+00:00\" \/>\n<meta property=\"article:modified_time\" content=\"2025-07-15T09:20:04+00:00\" \/>\n<meta property=\"og:image\" content=\"https:\/\/static.link2fleet.com\/wp-content\/uploads\/2025\/04\/stellantis-laurent-delmotte-b2b-director1-copie-scaled.jpeg\" \/>\n\t<meta property=\"og:image:width\" content=\"2560\" \/>\n\t<meta property=\"og:image:height\" content=\"1707\" \/>\n\t<meta property=\"og:image:type\" content=\"image\/jpeg\" \/>\n<meta name=\"author\" content=\"Damien Malvetti\" \/>\n<meta name=\"twitter:card\" content=\"summary_large_image\" \/>\n<meta name=\"twitter:description\" content=\"Ces derniers mois, le groupe Stellantis a \u00e9t\u00e9 confront\u00e9 \u00e0 une s\u00e9rie de d\u00e9fis majeurs qui ont \u00e9branl\u00e9 sa position sur le march\u00e9 automobile. Probl\u00e8mes\u2026\" \/>\n<meta name=\"twitter:label1\" content=\"\u00c9crit par\" \/>\n\t<meta name=\"twitter:data1\" content=\"Damien Malvetti\" \/>\n\t<meta name=\"twitter:label2\" content=\"Dur\u00e9e de lecture estim\u00e9e\" \/>\n\t<meta name=\"twitter:data2\" content=\"9 minutes\" \/>\n<script type=\"application\/ld+json\" class=\"yoast-schema-graph\">{\"@context\":\"https:\\\/\\\/schema.org\",\"@graph\":[{\"@type\":\"Article\",\"@id\":\"https:\\\/\\\/www.link2fleet.com\\\/laurent-delmotte-stellantis-ons-doel-is-om-in-2025-terug-te-keren-naar-een-marktaandeel-van-20\\\/#article\",\"isPartOf\":{\"@id\":\"https:\\\/\\\/www.link2fleet.com\\\/laurent-delmotte-stellantis-ons-doel-is-om-in-2025-terug-te-keren-naar-een-marktaandeel-van-20\\\/\"},\"author\":{\"name\":\"Damien Malvetti\",\"@id\":\"https:\\\/\\\/www.link2fleet.com\\\/fr\\\/#\\\/schema\\\/person\\\/027cd46113c78036b3809c9a054049da\"},\"headline\":\"Laurent Delmotte (Stellantis): \u00ab\u00a0Notre objectif est de revenir \u00e0 20% de parts de march\u00e9 en 2025\u00a0\u00bb\",\"datePublished\":\"2025-04-22T12:06:06+00:00\",\"dateModified\":\"2025-07-15T09:20:04+00:00\",\"mainEntityOfPage\":{\"@id\":\"https:\\\/\\\/www.link2fleet.com\\\/laurent-delmotte-stellantis-ons-doel-is-om-in-2025-terug-te-keren-naar-een-marktaandeel-van-20\\\/\"},\"wordCount\":13,\"publisher\":{\"@id\":\"https:\\\/\\\/www.link2fleet.com\\\/fr\\\/#organization\"},\"image\":{\"@id\":\"https:\\\/\\\/www.link2fleet.com\\\/laurent-delmotte-stellantis-ons-doel-is-om-in-2025-terug-te-keren-naar-een-marktaandeel-van-20\\\/#primaryimage\"},\"thumbnailUrl\":\"https:\\\/\\\/static.link2fleet.com\\\/wp-content\\\/uploads\\\/2025\\\/04\\\/stellantis-laurent-delmotte-b2b-director1-copie-scaled.jpeg\",\"articleSection\":[\"Importateurs et constructeurs\",\"V\u00e9hicules\"],\"inLanguage\":\"fr-FR\"},{\"@type\":\"WebPage\",\"@id\":\"https:\\\/\\\/www.link2fleet.com\\\/laurent-delmotte-stellantis-ons-doel-is-om-in-2025-terug-te-keren-naar-een-marktaandeel-van-20\\\/\",\"url\":\"https:\\\/\\\/www.link2fleet.com\\\/laurent-delmotte-stellantis-ons-doel-is-om-in-2025-terug-te-keren-naar-een-marktaandeel-van-20\\\/\",\"name\":\"Laurent Delmotte (Stellantis): \\\"Notre objectif est de revenir \u00e0 20% de parts de march\u00e9 en 2025\\\" - link2fleet\",\"isPartOf\":{\"@id\":\"https:\\\/\\\/www.link2fleet.com\\\/fr\\\/#website\"},\"primaryImageOfPage\":{\"@id\":\"https:\\\/\\\/www.link2fleet.com\\\/laurent-delmotte-stellantis-ons-doel-is-om-in-2025-terug-te-keren-naar-een-marktaandeel-van-20\\\/#primaryimage\"},\"image\":{\"@id\":\"https:\\\/\\\/www.link2fleet.com\\\/laurent-delmotte-stellantis-ons-doel-is-om-in-2025-terug-te-keren-naar-een-marktaandeel-van-20\\\/#primaryimage\"},\"thumbnailUrl\":\"https:\\\/\\\/static.link2fleet.com\\\/wp-content\\\/uploads\\\/2025\\\/04\\\/stellantis-laurent-delmotte-b2b-director1-copie-scaled.jpeg\",\"datePublished\":\"2025-04-22T12:06:06+00:00\",\"dateModified\":\"2025-07-15T09:20:04+00:00\",\"breadcrumb\":{\"@id\":\"https:\\\/\\\/www.link2fleet.com\\\/laurent-delmotte-stellantis-ons-doel-is-om-in-2025-terug-te-keren-naar-een-marktaandeel-van-20\\\/#breadcrumb\"},\"inLanguage\":\"fr-FR\",\"potentialAction\":[{\"@type\":\"ReadAction\",\"target\":[\"https:\\\/\\\/www.link2fleet.com\\\/laurent-delmotte-stellantis-ons-doel-is-om-in-2025-terug-te-keren-naar-een-marktaandeel-van-20\\\/\"]}]},{\"@type\":\"ImageObject\",\"inLanguage\":\"fr-FR\",\"@id\":\"https:\\\/\\\/www.link2fleet.com\\\/laurent-delmotte-stellantis-ons-doel-is-om-in-2025-terug-te-keren-naar-een-marktaandeel-van-20\\\/#primaryimage\",\"url\":\"https:\\\/\\\/static.link2fleet.com\\\/wp-content\\\/uploads\\\/2025\\\/04\\\/stellantis-laurent-delmotte-b2b-director1-copie-scaled.jpeg\",\"contentUrl\":\"https:\\\/\\\/static.link2fleet.com\\\/wp-content\\\/uploads\\\/2025\\\/04\\\/stellantis-laurent-delmotte-b2b-director1-copie-scaled.jpeg\",\"width\":2560,\"height\":1707},{\"@type\":\"BreadcrumbList\",\"@id\":\"https:\\\/\\\/www.link2fleet.com\\\/laurent-delmotte-stellantis-ons-doel-is-om-in-2025-terug-te-keren-naar-een-marktaandeel-van-20\\\/#breadcrumb\",\"itemListElement\":[{\"@type\":\"ListItem\",\"position\":1,\"name\":\"Home\",\"item\":\"https:\\\/\\\/www.link2fleet.com\\\/fr\\\/\"},{\"@type\":\"ListItem\",\"position\":2,\"name\":\"Laurent Delmotte (Stellantis): &#8220;Notre objectif est de revenir \u00e0 20% de parts de march\u00e9 en 2025&#8221;\"}]},{\"@type\":\"WebSite\",\"@id\":\"https:\\\/\\\/www.link2fleet.com\\\/fr\\\/#website\",\"url\":\"https:\\\/\\\/www.link2fleet.com\\\/fr\\\/\",\"name\":\"Link2fleet\",\"description\":\"\",\"publisher\":{\"@id\":\"https:\\\/\\\/www.link2fleet.com\\\/fr\\\/#organization\"},\"potentialAction\":[{\"@type\":\"SearchAction\",\"target\":{\"@type\":\"EntryPoint\",\"urlTemplate\":\"https:\\\/\\\/www.link2fleet.com\\\/fr\\\/?s={search_term_string}\"},\"query-input\":{\"@type\":\"PropertyValueSpecification\",\"valueRequired\":true,\"valueName\":\"search_term_string\"}}],\"inLanguage\":\"fr-FR\"},{\"@type\":\"Organization\",\"@id\":\"https:\\\/\\\/www.link2fleet.com\\\/fr\\\/#organization\",\"name\":\"Link2fleet\",\"url\":\"https:\\\/\\\/www.link2fleet.com\\\/fr\\\/\",\"logo\":{\"@type\":\"ImageObject\",\"inLanguage\":\"fr-FR\",\"@id\":\"https:\\\/\\\/www.link2fleet.com\\\/fr\\\/#\\\/schema\\\/logo\\\/image\\\/\",\"url\":\"https:\\\/\\\/static.link2fleet.com\\\/wp-content\\\/uploads\\\/2024\\\/03\\\/share-image.jpg\",\"contentUrl\":\"https:\\\/\\\/static.link2fleet.com\\\/wp-content\\\/uploads\\\/2024\\\/03\\\/share-image.jpg\",\"width\":1200,\"height\":630,\"caption\":\"Link2fleet\"},\"image\":{\"@id\":\"https:\\\/\\\/www.link2fleet.com\\\/fr\\\/#\\\/schema\\\/logo\\\/image\\\/\"},\"sameAs\":[\"https:\\\/\\\/www.linkedin.com\\\/company\\\/link2fleet-belgium\",\"https:\\\/\\\/www.youtube.com\\\/user\\\/MMMBMBE\"]},{\"@type\":\"Person\",\"@id\":\"https:\\\/\\\/www.link2fleet.com\\\/fr\\\/#\\\/schema\\\/person\\\/027cd46113c78036b3809c9a054049da\",\"name\":\"Damien Malvetti\",\"image\":{\"@type\":\"ImageObject\",\"inLanguage\":\"fr-FR\",\"@id\":\"https:\\\/\\\/secure.gravatar.com\\\/avatar\\\/dd8cc03b49466c735f753ac37f8caa371af16dfed347456ed61f02883255eebb?s=96&d=mm&r=g\",\"url\":\"https:\\\/\\\/secure.gravatar.com\\\/avatar\\\/dd8cc03b49466c735f753ac37f8caa371af16dfed347456ed61f02883255eebb?s=96&d=mm&r=g\",\"contentUrl\":\"https:\\\/\\\/secure.gravatar.com\\\/avatar\\\/dd8cc03b49466c735f753ac37f8caa371af16dfed347456ed61f02883255eebb?s=96&d=mm&r=g\",\"caption\":\"Damien Malvetti\"},\"description\":\"Damien Malvetti is opgeleid als journalist en gepassioneerd door wagens, technologie en mobiliteit. Hij is verantwoordelijk voor de redactionele inhoud van link2fleet en beschikt over een uitgebreide kennis van de fleet-sector en elektrische mobiliteit.\",\"sameAs\":[\"https:\\\/\\\/www.linkedin.com\\\/in\\\/damien-malvetti-56601142\\\/\"]}]}<\/script>\n<!-- \/ Yoast SEO plugin. -->","yoast_head_json":{"title":"Laurent Delmotte (Stellantis): \"Notre objectif est de revenir \u00e0 20% de parts de march\u00e9 en 2025\" - link2fleet","description":"Ces derniers mois, le groupe Stellantis a \u00e9t\u00e9 confront\u00e9 \u00e0 une s\u00e9rie de d\u00e9fis majeurs qui ont \u00e9branl\u00e9 sa position sur le march\u00e9 automobile. Probl\u00e8mes\u2026","robots":{"index":"index","follow":"follow","max-snippet":"max-snippet:-1","max-image-preview":"max-image-preview:large","max-video-preview":"max-video-preview:-1"},"og_locale":"fr_FR","og_type":"article","og_title":"Laurent Delmotte (Stellantis): \"Notre objectif est de revenir \u00e0 20% de parts de march\u00e9 en 2025\" - link2fleet","og_description":"Ces derniers mois, le groupe Stellantis a \u00e9t\u00e9 confront\u00e9 \u00e0 une s\u00e9rie de d\u00e9fis majeurs qui ont \u00e9branl\u00e9 sa position sur le march\u00e9 automobile. Probl\u00e8mes\u2026","og_url":"https:\/\/www.link2fleet.com\/laurent-delmotte-stellantis-ons-doel-is-om-in-2025-terug-te-keren-naar-een-marktaandeel-van-20\/","og_site_name":"link2fleet","article_published_time":"2025-04-22T12:06:06+00:00","article_modified_time":"2025-07-15T09:20:04+00:00","og_image":[{"width":2560,"height":1707,"url":"https:\/\/static.link2fleet.com\/wp-content\/uploads\/2025\/04\/stellantis-laurent-delmotte-b2b-director1-copie-scaled.jpeg","type":"image\/jpeg"}],"author":"Damien Malvetti","twitter_card":"summary_large_image","twitter_description":"Ces derniers mois, le groupe Stellantis a \u00e9t\u00e9 confront\u00e9 \u00e0 une s\u00e9rie de d\u00e9fis majeurs qui ont \u00e9branl\u00e9 sa position sur le march\u00e9 automobile. Probl\u00e8mes\u2026","twitter_misc":{"\u00c9crit par":"Damien Malvetti","Dur\u00e9e de lecture estim\u00e9e":"9 minutes"},"schema":{"@context":"https:\/\/schema.org","@graph":[{"@type":"Article","@id":"https:\/\/www.link2fleet.com\/laurent-delmotte-stellantis-ons-doel-is-om-in-2025-terug-te-keren-naar-een-marktaandeel-van-20\/#article","isPartOf":{"@id":"https:\/\/www.link2fleet.com\/laurent-delmotte-stellantis-ons-doel-is-om-in-2025-terug-te-keren-naar-een-marktaandeel-van-20\/"},"author":{"name":"Damien Malvetti","@id":"https:\/\/www.link2fleet.com\/fr\/#\/schema\/person\/027cd46113c78036b3809c9a054049da"},"headline":"Laurent Delmotte (Stellantis): \u00ab\u00a0Notre objectif est de revenir \u00e0 20% de parts de march\u00e9 en 2025\u00a0\u00bb","datePublished":"2025-04-22T12:06:06+00:00","dateModified":"2025-07-15T09:20:04+00:00","mainEntityOfPage":{"@id":"https:\/\/www.link2fleet.com\/laurent-delmotte-stellantis-ons-doel-is-om-in-2025-terug-te-keren-naar-een-marktaandeel-van-20\/"},"wordCount":13,"publisher":{"@id":"https:\/\/www.link2fleet.com\/fr\/#organization"},"image":{"@id":"https:\/\/www.link2fleet.com\/laurent-delmotte-stellantis-ons-doel-is-om-in-2025-terug-te-keren-naar-een-marktaandeel-van-20\/#primaryimage"},"thumbnailUrl":"https:\/\/static.link2fleet.com\/wp-content\/uploads\/2025\/04\/stellantis-laurent-delmotte-b2b-director1-copie-scaled.jpeg","articleSection":["Importateurs et constructeurs","V\u00e9hicules"],"inLanguage":"fr-FR"},{"@type":"WebPage","@id":"https:\/\/www.link2fleet.com\/laurent-delmotte-stellantis-ons-doel-is-om-in-2025-terug-te-keren-naar-een-marktaandeel-van-20\/","url":"https:\/\/www.link2fleet.com\/laurent-delmotte-stellantis-ons-doel-is-om-in-2025-terug-te-keren-naar-een-marktaandeel-van-20\/","name":"Laurent Delmotte (Stellantis): \"Notre objectif est de revenir \u00e0 20% de parts de march\u00e9 en 2025\" - link2fleet","isPartOf":{"@id":"https:\/\/www.link2fleet.com\/fr\/#website"},"primaryImageOfPage":{"@id":"https:\/\/www.link2fleet.com\/laurent-delmotte-stellantis-ons-doel-is-om-in-2025-terug-te-keren-naar-een-marktaandeel-van-20\/#primaryimage"},"image":{"@id":"https:\/\/www.link2fleet.com\/laurent-delmotte-stellantis-ons-doel-is-om-in-2025-terug-te-keren-naar-een-marktaandeel-van-20\/#primaryimage"},"thumbnailUrl":"https:\/\/static.link2fleet.com\/wp-content\/uploads\/2025\/04\/stellantis-laurent-delmotte-b2b-director1-copie-scaled.jpeg","datePublished":"2025-04-22T12:06:06+00:00","dateModified":"2025-07-15T09:20:04+00:00","breadcrumb":{"@id":"https:\/\/www.link2fleet.com\/laurent-delmotte-stellantis-ons-doel-is-om-in-2025-terug-te-keren-naar-een-marktaandeel-van-20\/#breadcrumb"},"inLanguage":"fr-FR","potentialAction":[{"@type":"ReadAction","target":["https:\/\/www.link2fleet.com\/laurent-delmotte-stellantis-ons-doel-is-om-in-2025-terug-te-keren-naar-een-marktaandeel-van-20\/"]}]},{"@type":"ImageObject","inLanguage":"fr-FR","@id":"https:\/\/www.link2fleet.com\/laurent-delmotte-stellantis-ons-doel-is-om-in-2025-terug-te-keren-naar-een-marktaandeel-van-20\/#primaryimage","url":"https:\/\/static.link2fleet.com\/wp-content\/uploads\/2025\/04\/stellantis-laurent-delmotte-b2b-director1-copie-scaled.jpeg","contentUrl":"https:\/\/static.link2fleet.com\/wp-content\/uploads\/2025\/04\/stellantis-laurent-delmotte-b2b-director1-copie-scaled.jpeg","width":2560,"height":1707},{"@type":"BreadcrumbList","@id":"https:\/\/www.link2fleet.com\/laurent-delmotte-stellantis-ons-doel-is-om-in-2025-terug-te-keren-naar-een-marktaandeel-van-20\/#breadcrumb","itemListElement":[{"@type":"ListItem","position":1,"name":"Home","item":"https:\/\/www.link2fleet.com\/fr\/"},{"@type":"ListItem","position":2,"name":"Laurent Delmotte (Stellantis): &#8220;Notre objectif est de revenir \u00e0 20% de parts de march\u00e9 en 2025&#8221;"}]},{"@type":"WebSite","@id":"https:\/\/www.link2fleet.com\/fr\/#website","url":"https:\/\/www.link2fleet.com\/fr\/","name":"Link2fleet","description":"","publisher":{"@id":"https:\/\/www.link2fleet.com\/fr\/#organization"},"potentialAction":[{"@type":"SearchAction","target":{"@type":"EntryPoint","urlTemplate":"https:\/\/www.link2fleet.com\/fr\/?s={search_term_string}"},"query-input":{"@type":"PropertyValueSpecification","valueRequired":true,"valueName":"search_term_string"}}],"inLanguage":"fr-FR"},{"@type":"Organization","@id":"https:\/\/www.link2fleet.com\/fr\/#organization","name":"Link2fleet","url":"https:\/\/www.link2fleet.com\/fr\/","logo":{"@type":"ImageObject","inLanguage":"fr-FR","@id":"https:\/\/www.link2fleet.com\/fr\/#\/schema\/logo\/image\/","url":"https:\/\/static.link2fleet.com\/wp-content\/uploads\/2024\/03\/share-image.jpg","contentUrl":"https:\/\/static.link2fleet.com\/wp-content\/uploads\/2024\/03\/share-image.jpg","width":1200,"height":630,"caption":"Link2fleet"},"image":{"@id":"https:\/\/www.link2fleet.com\/fr\/#\/schema\/logo\/image\/"},"sameAs":["https:\/\/www.linkedin.com\/company\/link2fleet-belgium","https:\/\/www.youtube.com\/user\/MMMBMBE"]},{"@type":"Person","@id":"https:\/\/www.link2fleet.com\/fr\/#\/schema\/person\/027cd46113c78036b3809c9a054049da","name":"Damien Malvetti","image":{"@type":"ImageObject","inLanguage":"fr-FR","@id":"https:\/\/secure.gravatar.com\/avatar\/dd8cc03b49466c735f753ac37f8caa371af16dfed347456ed61f02883255eebb?s=96&d=mm&r=g","url":"https:\/\/secure.gravatar.com\/avatar\/dd8cc03b49466c735f753ac37f8caa371af16dfed347456ed61f02883255eebb?s=96&d=mm&r=g","contentUrl":"https:\/\/secure.gravatar.com\/avatar\/dd8cc03b49466c735f753ac37f8caa371af16dfed347456ed61f02883255eebb?s=96&d=mm&r=g","caption":"Damien Malvetti"},"description":"Damien Malvetti is opgeleid als journalist en gepassioneerd door wagens, technologie en mobiliteit. Hij is verantwoordelijk voor de redactionele inhoud van link2fleet en beschikt over een uitgebreide kennis van de fleet-sector en elektrische mobiliteit.","sameAs":["https:\/\/www.linkedin.com\/in\/damien-malvetti-56601142\/"]}]}},"_links":{"self":[{"href":"https:\/\/www.link2fleet.com\/fr\/wp-json\/wp\/v2\/posts\/41312","targetHints":{"allow":["GET"]}}],"collection":[{"href":"https:\/\/www.link2fleet.com\/fr\/wp-json\/wp\/v2\/posts"}],"about":[{"href":"https:\/\/www.link2fleet.com\/fr\/wp-json\/wp\/v2\/types\/post"}],"author":[{"embeddable":true,"href":"https:\/\/www.link2fleet.com\/fr\/wp-json\/wp\/v2\/users\/4"}],"replies":[{"embeddable":true,"href":"https:\/\/www.link2fleet.com\/fr\/wp-json\/wp\/v2\/comments?post=41312"}],"version-history":[{"count":4,"href":"https:\/\/www.link2fleet.com\/fr\/wp-json\/wp\/v2\/posts\/41312\/revisions"}],"predecessor-version":[{"id":53656,"href":"https:\/\/www.link2fleet.com\/fr\/wp-json\/wp\/v2\/posts\/41312\/revisions\/53656"}],"wp:featuredmedia":[{"embeddable":true,"href":"https:\/\/www.link2fleet.com\/fr\/wp-json\/wp\/v2\/media\/41328"}],"wp:attachment":[{"href":"https:\/\/www.link2fleet.com\/fr\/wp-json\/wp\/v2\/media?parent=41312"}],"wp:term":[{"taxonomy":"category","embeddable":true,"href":"https:\/\/www.link2fleet.com\/fr\/wp-json\/wp\/v2\/categories?post=41312"},{"taxonomy":"post_tag","embeddable":true,"href":"https:\/\/www.link2fleet.com\/fr\/wp-json\/wp\/v2\/tags?post=41312"}],"curies":[{"name":"wp","href":"https:\/\/api.w.org\/{rel}","templated":true}]}}