{"id":41453,"date":"2025-04-22T11:22:39","date_gmt":"2025-04-22T09:22:39","guid":{"rendered":"https:\/\/www.link2fleet.com\/webinar-virtual-motor-show-gemist-bekijk-hier-de-hoogtepunten\/"},"modified":"2025-04-23T10:24:15","modified_gmt":"2025-04-23T08:24:15","slug":"vous-avez-manque-notre-webinaire-virtual-motor-show-decouvrez-ici-les-moments-forts","status":"publish","type":"post","link":"https:\/\/www.link2fleet.com\/fr\/vous-avez-manque-notre-webinaire-virtual-motor-show-decouvrez-ici-les-moments-forts\/","title":{"rendered":"Vous avez manqu\u00e9 notre Webinaire Virtual Motor Show? D\u00e9couvrez ici les moments forts"},"content":{"rendered":"","protected":false},"excerpt":{"rendered":"","protected":false},"author":4,"featured_media":38152,"comment_status":"closed","ping_status":"closed","sticky":false,"template":"","format":"standard","meta":{"_acf_changed":false,"footnotes":""},"categories":[135],"tags":[],"class_list":["post-41453","post","type-post","status-publish","format-standard","has-post-thumbnail","hentry","category-news-fr"],"acf":[],"yoast_head":"<!-- This site is optimized with the Yoast SEO plugin v27.3 - https:\/\/yoast.com\/product\/yoast-seo-wordpress\/ -->\n<title>Vous avez manqu\u00e9 notre Webinaire Virtual Motor Show? D\u00e9couvrez ici les moments forts - link2fleet<\/title>\n<meta name=\"description\" content=\"Vous avez manqu\u00e9 le webinaire \u00ab\u00a0D\u00e9fis et opportunit\u00e9s 2025 dans la gestion de flotte\u00a0\u00bb ou vous souhaiter en revoir les moments cl\u00e9s? Sur cette page,\u2026\" \/>\n<meta name=\"robots\" content=\"index, follow, max-snippet:-1, max-image-preview:large, max-video-preview:-1\" \/>\n<meta property=\"og:locale\" content=\"fr_FR\" \/>\n<meta property=\"og:type\" content=\"article\" \/>\n<meta property=\"og:title\" content=\"Vous avez manqu\u00e9 notre Webinaire Virtual Motor Show? D\u00e9couvrez ici les moments forts - link2fleet\" \/>\n<meta property=\"og:description\" content=\"Vous avez manqu\u00e9 le webinaire \u00ab\u00a0D\u00e9fis et opportunit\u00e9s 2025 dans la gestion de flotte\u00a0\u00bb ou vous souhaiter en revoir les moments cl\u00e9s? Sur cette page,\u2026\" \/>\n<meta property=\"og:url\" content=\"https:\/\/www.link2fleet.com\/webinar-virtual-motor-show-gemist-bekijk-hier-de-hoogtepunten\/\" \/>\n<meta property=\"og:site_name\" content=\"link2fleet\" \/>\n<meta property=\"article:published_time\" content=\"2025-04-22T09:22:39+00:00\" \/>\n<meta property=\"article:modified_time\" content=\"2025-04-23T08:24:15+00:00\" \/>\n<meta property=\"og:image\" content=\"https:\/\/static.link2fleet.com\/wp-content\/uploads\/2025\/02\/webinaire-1-janvier-2025.jpg\" \/>\n\t<meta property=\"og:image:width\" content=\"2000\" \/>\n\t<meta property=\"og:image:height\" content=\"1126\" \/>\n\t<meta property=\"og:image:type\" content=\"image\/jpeg\" \/>\n<meta name=\"author\" content=\"Damien Malvetti\" \/>\n<meta name=\"twitter:card\" content=\"summary_large_image\" \/>\n<meta name=\"twitter:description\" content=\"Vous avez manqu\u00e9 le webinaire \u00ab\u00a0D\u00e9fis et opportunit\u00e9s 2025 dans la gestion de flotte\u00a0\u00bb ou vous souhaiter en revoir les moments cl\u00e9s? Sur cette page,\u2026\" \/>\n<meta name=\"twitter:label1\" content=\"\u00c9crit par\" \/>\n\t<meta name=\"twitter:data1\" content=\"Damien Malvetti\" \/>\n\t<meta name=\"twitter:label2\" content=\"Dur\u00e9e de lecture estim\u00e9e\" \/>\n\t<meta name=\"twitter:data2\" content=\"2 minutes\" \/>\n<script type=\"application\/ld+json\" class=\"yoast-schema-graph\">{\"@context\":\"https:\\\/\\\/schema.org\",\"@graph\":[{\"@type\":\"Article\",\"@id\":\"https:\\\/\\\/www.link2fleet.com\\\/webinar-virtual-motor-show-gemist-bekijk-hier-de-hoogtepunten\\\/#article\",\"isPartOf\":{\"@id\":\"https:\\\/\\\/www.link2fleet.com\\\/webinar-virtual-motor-show-gemist-bekijk-hier-de-hoogtepunten\\\/\"},\"author\":{\"name\":\"Damien Malvetti\",\"@id\":\"https:\\\/\\\/www.link2fleet.com\\\/fr\\\/#\\\/schema\\\/person\\\/027cd46113c78036b3809c9a054049da\"},\"headline\":\"Vous avez manqu\u00e9 notre Webinaire Virtual Motor Show? D\u00e9couvrez ici les moments forts\",\"datePublished\":\"2025-04-22T09:22:39+00:00\",\"dateModified\":\"2025-04-23T08:24:15+00:00\",\"mainEntityOfPage\":{\"@id\":\"https:\\\/\\\/www.link2fleet.com\\\/webinar-virtual-motor-show-gemist-bekijk-hier-de-hoogtepunten\\\/\"},\"wordCount\":14,\"publisher\":{\"@id\":\"https:\\\/\\\/www.link2fleet.com\\\/fr\\\/#organization\"},\"image\":{\"@id\":\"https:\\\/\\\/www.link2fleet.com\\\/webinar-virtual-motor-show-gemist-bekijk-hier-de-hoogtepunten\\\/#primaryimage\"},\"thumbnailUrl\":\"https:\\\/\\\/static.link2fleet.com\\\/wp-content\\\/uploads\\\/2025\\\/02\\\/webinaire-1-janvier-2025.jpg\",\"articleSection\":[\"Actus\"],\"inLanguage\":\"fr-FR\"},{\"@type\":\"WebPage\",\"@id\":\"https:\\\/\\\/www.link2fleet.com\\\/webinar-virtual-motor-show-gemist-bekijk-hier-de-hoogtepunten\\\/\",\"url\":\"https:\\\/\\\/www.link2fleet.com\\\/webinar-virtual-motor-show-gemist-bekijk-hier-de-hoogtepunten\\\/\",\"name\":\"Vous avez manqu\u00e9 notre Webinaire Virtual Motor Show? D\u00e9couvrez ici les moments forts - link2fleet\",\"isPartOf\":{\"@id\":\"https:\\\/\\\/www.link2fleet.com\\\/fr\\\/#website\"},\"primaryImageOfPage\":{\"@id\":\"https:\\\/\\\/www.link2fleet.com\\\/webinar-virtual-motor-show-gemist-bekijk-hier-de-hoogtepunten\\\/#primaryimage\"},\"image\":{\"@id\":\"https:\\\/\\\/www.link2fleet.com\\\/webinar-virtual-motor-show-gemist-bekijk-hier-de-hoogtepunten\\\/#primaryimage\"},\"thumbnailUrl\":\"https:\\\/\\\/static.link2fleet.com\\\/wp-content\\\/uploads\\\/2025\\\/02\\\/webinaire-1-janvier-2025.jpg\",\"datePublished\":\"2025-04-22T09:22:39+00:00\",\"dateModified\":\"2025-04-23T08:24:15+00:00\",\"description\":\"herbekijk onze webinar Virtual Motor Show in deze 3 video capsules.\",\"breadcrumb\":{\"@id\":\"https:\\\/\\\/www.link2fleet.com\\\/webinar-virtual-motor-show-gemist-bekijk-hier-de-hoogtepunten\\\/#breadcrumb\"},\"inLanguage\":\"fr-FR\",\"potentialAction\":[{\"@type\":\"ReadAction\",\"target\":[\"https:\\\/\\\/www.link2fleet.com\\\/webinar-virtual-motor-show-gemist-bekijk-hier-de-hoogtepunten\\\/\"]}]},{\"@type\":\"ImageObject\",\"inLanguage\":\"fr-FR\",\"@id\":\"https:\\\/\\\/www.link2fleet.com\\\/webinar-virtual-motor-show-gemist-bekijk-hier-de-hoogtepunten\\\/#primaryimage\",\"url\":\"https:\\\/\\\/static.link2fleet.com\\\/wp-content\\\/uploads\\\/2025\\\/02\\\/webinaire-1-janvier-2025.jpg\",\"contentUrl\":\"https:\\\/\\\/static.link2fleet.com\\\/wp-content\\\/uploads\\\/2025\\\/02\\\/webinaire-1-janvier-2025.jpg\",\"width\":2000,\"height\":1126},{\"@type\":\"BreadcrumbList\",\"@id\":\"https:\\\/\\\/www.link2fleet.com\\\/webinar-virtual-motor-show-gemist-bekijk-hier-de-hoogtepunten\\\/#breadcrumb\",\"itemListElement\":[{\"@type\":\"ListItem\",\"position\":1,\"name\":\"Home\",\"item\":\"https:\\\/\\\/www.link2fleet.com\\\/fr\\\/\"},{\"@type\":\"ListItem\",\"position\":2,\"name\":\"Vous avez manqu\u00e9 notre Webinaire Virtual Motor Show? D\u00e9couvrez ici les moments forts\"}]},{\"@type\":\"WebSite\",\"@id\":\"https:\\\/\\\/www.link2fleet.com\\\/fr\\\/#website\",\"url\":\"https:\\\/\\\/www.link2fleet.com\\\/fr\\\/\",\"name\":\"Link2fleet\",\"description\":\"\",\"publisher\":{\"@id\":\"https:\\\/\\\/www.link2fleet.com\\\/fr\\\/#organization\"},\"potentialAction\":[{\"@type\":\"SearchAction\",\"target\":{\"@type\":\"EntryPoint\",\"urlTemplate\":\"https:\\\/\\\/www.link2fleet.com\\\/fr\\\/?s={search_term_string}\"},\"query-input\":{\"@type\":\"PropertyValueSpecification\",\"valueRequired\":true,\"valueName\":\"search_term_string\"}}],\"inLanguage\":\"fr-FR\"},{\"@type\":\"Organization\",\"@id\":\"https:\\\/\\\/www.link2fleet.com\\\/fr\\\/#organization\",\"name\":\"Link2fleet\",\"url\":\"https:\\\/\\\/www.link2fleet.com\\\/fr\\\/\",\"logo\":{\"@type\":\"ImageObject\",\"inLanguage\":\"fr-FR\",\"@id\":\"https:\\\/\\\/www.link2fleet.com\\\/fr\\\/#\\\/schema\\\/logo\\\/image\\\/\",\"url\":\"https:\\\/\\\/static.link2fleet.com\\\/wp-content\\\/uploads\\\/2024\\\/03\\\/share-image.jpg\",\"contentUrl\":\"https:\\\/\\\/static.link2fleet.com\\\/wp-content\\\/uploads\\\/2024\\\/03\\\/share-image.jpg\",\"width\":1200,\"height\":630,\"caption\":\"Link2fleet\"},\"image\":{\"@id\":\"https:\\\/\\\/www.link2fleet.com\\\/fr\\\/#\\\/schema\\\/logo\\\/image\\\/\"},\"sameAs\":[\"https:\\\/\\\/www.linkedin.com\\\/company\\\/link2fleet-belgium\",\"https:\\\/\\\/www.youtube.com\\\/user\\\/MMMBMBE\"]},{\"@type\":\"Person\",\"@id\":\"https:\\\/\\\/www.link2fleet.com\\\/fr\\\/#\\\/schema\\\/person\\\/027cd46113c78036b3809c9a054049da\",\"name\":\"Damien Malvetti\",\"image\":{\"@type\":\"ImageObject\",\"inLanguage\":\"fr-FR\",\"@id\":\"https:\\\/\\\/secure.gravatar.com\\\/avatar\\\/dd8cc03b49466c735f753ac37f8caa371af16dfed347456ed61f02883255eebb?s=96&d=mm&r=g\",\"url\":\"https:\\\/\\\/secure.gravatar.com\\\/avatar\\\/dd8cc03b49466c735f753ac37f8caa371af16dfed347456ed61f02883255eebb?s=96&d=mm&r=g\",\"contentUrl\":\"https:\\\/\\\/secure.gravatar.com\\\/avatar\\\/dd8cc03b49466c735f753ac37f8caa371af16dfed347456ed61f02883255eebb?s=96&d=mm&r=g\",\"caption\":\"Damien Malvetti\"},\"description\":\"Damien Malvetti is opgeleid als journalist en gepassioneerd door wagens, technologie en mobiliteit. Hij is verantwoordelijk voor de redactionele inhoud van link2fleet en beschikt over een uitgebreide kennis van de fleet-sector en elektrische mobiliteit.\",\"sameAs\":[\"https:\\\/\\\/www.linkedin.com\\\/in\\\/damien-malvetti-56601142\\\/\"]}]}<\/script>\n<!-- \/ Yoast SEO plugin. -->","yoast_head_json":{"title":"Vous avez manqu\u00e9 notre Webinaire Virtual Motor Show? D\u00e9couvrez ici les moments forts - link2fleet","description":"Vous avez manqu\u00e9 le webinaire \u00ab\u00a0D\u00e9fis et opportunit\u00e9s 2025 dans la gestion de flotte\u00a0\u00bb ou vous souhaiter en revoir les moments cl\u00e9s? Sur cette page,\u2026","robots":{"index":"index","follow":"follow","max-snippet":"max-snippet:-1","max-image-preview":"max-image-preview:large","max-video-preview":"max-video-preview:-1"},"og_locale":"fr_FR","og_type":"article","og_title":"Vous avez manqu\u00e9 notre Webinaire Virtual Motor Show? D\u00e9couvrez ici les moments forts - link2fleet","og_description":"Vous avez manqu\u00e9 le webinaire \u00ab\u00a0D\u00e9fis et opportunit\u00e9s 2025 dans la gestion de flotte\u00a0\u00bb ou vous souhaiter en revoir les moments cl\u00e9s? Sur cette page,\u2026","og_url":"https:\/\/www.link2fleet.com\/webinar-virtual-motor-show-gemist-bekijk-hier-de-hoogtepunten\/","og_site_name":"link2fleet","article_published_time":"2025-04-22T09:22:39+00:00","article_modified_time":"2025-04-23T08:24:15+00:00","og_image":[{"width":2000,"height":1126,"url":"https:\/\/static.link2fleet.com\/wp-content\/uploads\/2025\/02\/webinaire-1-janvier-2025.jpg","type":"image\/jpeg"}],"author":"Damien Malvetti","twitter_card":"summary_large_image","twitter_description":"Vous avez manqu\u00e9 le webinaire \u00ab\u00a0D\u00e9fis et opportunit\u00e9s 2025 dans la gestion de flotte\u00a0\u00bb ou vous souhaiter en revoir les moments cl\u00e9s? Sur cette page,\u2026","twitter_misc":{"\u00c9crit par":"Damien Malvetti","Dur\u00e9e de lecture estim\u00e9e":"2 minutes"},"schema":{"@context":"https:\/\/schema.org","@graph":[{"@type":"Article","@id":"https:\/\/www.link2fleet.com\/webinar-virtual-motor-show-gemist-bekijk-hier-de-hoogtepunten\/#article","isPartOf":{"@id":"https:\/\/www.link2fleet.com\/webinar-virtual-motor-show-gemist-bekijk-hier-de-hoogtepunten\/"},"author":{"name":"Damien Malvetti","@id":"https:\/\/www.link2fleet.com\/fr\/#\/schema\/person\/027cd46113c78036b3809c9a054049da"},"headline":"Vous avez manqu\u00e9 notre Webinaire Virtual Motor Show? D\u00e9couvrez ici les moments forts","datePublished":"2025-04-22T09:22:39+00:00","dateModified":"2025-04-23T08:24:15+00:00","mainEntityOfPage":{"@id":"https:\/\/www.link2fleet.com\/webinar-virtual-motor-show-gemist-bekijk-hier-de-hoogtepunten\/"},"wordCount":14,"publisher":{"@id":"https:\/\/www.link2fleet.com\/fr\/#organization"},"image":{"@id":"https:\/\/www.link2fleet.com\/webinar-virtual-motor-show-gemist-bekijk-hier-de-hoogtepunten\/#primaryimage"},"thumbnailUrl":"https:\/\/static.link2fleet.com\/wp-content\/uploads\/2025\/02\/webinaire-1-janvier-2025.jpg","articleSection":["Actus"],"inLanguage":"fr-FR"},{"@type":"WebPage","@id":"https:\/\/www.link2fleet.com\/webinar-virtual-motor-show-gemist-bekijk-hier-de-hoogtepunten\/","url":"https:\/\/www.link2fleet.com\/webinar-virtual-motor-show-gemist-bekijk-hier-de-hoogtepunten\/","name":"Vous avez manqu\u00e9 notre Webinaire Virtual Motor Show? D\u00e9couvrez ici les moments forts - link2fleet","isPartOf":{"@id":"https:\/\/www.link2fleet.com\/fr\/#website"},"primaryImageOfPage":{"@id":"https:\/\/www.link2fleet.com\/webinar-virtual-motor-show-gemist-bekijk-hier-de-hoogtepunten\/#primaryimage"},"image":{"@id":"https:\/\/www.link2fleet.com\/webinar-virtual-motor-show-gemist-bekijk-hier-de-hoogtepunten\/#primaryimage"},"thumbnailUrl":"https:\/\/static.link2fleet.com\/wp-content\/uploads\/2025\/02\/webinaire-1-janvier-2025.jpg","datePublished":"2025-04-22T09:22:39+00:00","dateModified":"2025-04-23T08:24:15+00:00","description":"herbekijk onze webinar Virtual Motor Show in deze 3 video capsules.","breadcrumb":{"@id":"https:\/\/www.link2fleet.com\/webinar-virtual-motor-show-gemist-bekijk-hier-de-hoogtepunten\/#breadcrumb"},"inLanguage":"fr-FR","potentialAction":[{"@type":"ReadAction","target":["https:\/\/www.link2fleet.com\/webinar-virtual-motor-show-gemist-bekijk-hier-de-hoogtepunten\/"]}]},{"@type":"ImageObject","inLanguage":"fr-FR","@id":"https:\/\/www.link2fleet.com\/webinar-virtual-motor-show-gemist-bekijk-hier-de-hoogtepunten\/#primaryimage","url":"https:\/\/static.link2fleet.com\/wp-content\/uploads\/2025\/02\/webinaire-1-janvier-2025.jpg","contentUrl":"https:\/\/static.link2fleet.com\/wp-content\/uploads\/2025\/02\/webinaire-1-janvier-2025.jpg","width":2000,"height":1126},{"@type":"BreadcrumbList","@id":"https:\/\/www.link2fleet.com\/webinar-virtual-motor-show-gemist-bekijk-hier-de-hoogtepunten\/#breadcrumb","itemListElement":[{"@type":"ListItem","position":1,"name":"Home","item":"https:\/\/www.link2fleet.com\/fr\/"},{"@type":"ListItem","position":2,"name":"Vous avez manqu\u00e9 notre Webinaire Virtual Motor Show? D\u00e9couvrez ici les moments forts"}]},{"@type":"WebSite","@id":"https:\/\/www.link2fleet.com\/fr\/#website","url":"https:\/\/www.link2fleet.com\/fr\/","name":"Link2fleet","description":"","publisher":{"@id":"https:\/\/www.link2fleet.com\/fr\/#organization"},"potentialAction":[{"@type":"SearchAction","target":{"@type":"EntryPoint","urlTemplate":"https:\/\/www.link2fleet.com\/fr\/?s={search_term_string}"},"query-input":{"@type":"PropertyValueSpecification","valueRequired":true,"valueName":"search_term_string"}}],"inLanguage":"fr-FR"},{"@type":"Organization","@id":"https:\/\/www.link2fleet.com\/fr\/#organization","name":"Link2fleet","url":"https:\/\/www.link2fleet.com\/fr\/","logo":{"@type":"ImageObject","inLanguage":"fr-FR","@id":"https:\/\/www.link2fleet.com\/fr\/#\/schema\/logo\/image\/","url":"https:\/\/static.link2fleet.com\/wp-content\/uploads\/2024\/03\/share-image.jpg","contentUrl":"https:\/\/static.link2fleet.com\/wp-content\/uploads\/2024\/03\/share-image.jpg","width":1200,"height":630,"caption":"Link2fleet"},"image":{"@id":"https:\/\/www.link2fleet.com\/fr\/#\/schema\/logo\/image\/"},"sameAs":["https:\/\/www.linkedin.com\/company\/link2fleet-belgium","https:\/\/www.youtube.com\/user\/MMMBMBE"]},{"@type":"Person","@id":"https:\/\/www.link2fleet.com\/fr\/#\/schema\/person\/027cd46113c78036b3809c9a054049da","name":"Damien Malvetti","image":{"@type":"ImageObject","inLanguage":"fr-FR","@id":"https:\/\/secure.gravatar.com\/avatar\/dd8cc03b49466c735f753ac37f8caa371af16dfed347456ed61f02883255eebb?s=96&d=mm&r=g","url":"https:\/\/secure.gravatar.com\/avatar\/dd8cc03b49466c735f753ac37f8caa371af16dfed347456ed61f02883255eebb?s=96&d=mm&r=g","contentUrl":"https:\/\/secure.gravatar.com\/avatar\/dd8cc03b49466c735f753ac37f8caa371af16dfed347456ed61f02883255eebb?s=96&d=mm&r=g","caption":"Damien Malvetti"},"description":"Damien Malvetti is opgeleid als journalist en gepassioneerd door wagens, technologie en mobiliteit. Hij is verantwoordelijk voor de redactionele inhoud van link2fleet en beschikt over een uitgebreide kennis van de fleet-sector en elektrische mobiliteit.","sameAs":["https:\/\/www.linkedin.com\/in\/damien-malvetti-56601142\/"]}]}},"_links":{"self":[{"href":"https:\/\/www.link2fleet.com\/fr\/wp-json\/wp\/v2\/posts\/41453","targetHints":{"allow":["GET"]}}],"collection":[{"href":"https:\/\/www.link2fleet.com\/fr\/wp-json\/wp\/v2\/posts"}],"about":[{"href":"https:\/\/www.link2fleet.com\/fr\/wp-json\/wp\/v2\/types\/post"}],"author":[{"embeddable":true,"href":"https:\/\/www.link2fleet.com\/fr\/wp-json\/wp\/v2\/users\/4"}],"replies":[{"embeddable":true,"href":"https:\/\/www.link2fleet.com\/fr\/wp-json\/wp\/v2\/comments?post=41453"}],"version-history":[{"count":8,"href":"https:\/\/www.link2fleet.com\/fr\/wp-json\/wp\/v2\/posts\/41453\/revisions"}],"predecessor-version":[{"id":41464,"href":"https:\/\/www.link2fleet.com\/fr\/wp-json\/wp\/v2\/posts\/41453\/revisions\/41464"}],"wp:featuredmedia":[{"embeddable":true,"href":"https:\/\/www.link2fleet.com\/fr\/wp-json\/wp\/v2\/media\/38152"}],"wp:attachment":[{"href":"https:\/\/www.link2fleet.com\/fr\/wp-json\/wp\/v2\/media?parent=41453"}],"wp:term":[{"taxonomy":"category","embeddable":true,"href":"https:\/\/www.link2fleet.com\/fr\/wp-json\/wp\/v2\/categories?post=41453"},{"taxonomy":"post_tag","embeddable":true,"href":"https:\/\/www.link2fleet.com\/fr\/wp-json\/wp\/v2\/tags?post=41453"}],"curies":[{"name":"wp","href":"https:\/\/api.w.org\/{rel}","templated":true}]}}