{"id":41486,"date":"2025-04-24T15:45:39","date_gmt":"2025-04-24T13:45:39","guid":{"rendered":"https:\/\/www.link2fleet.com\/?p=41486"},"modified":"2025-05-02T13:52:27","modified_gmt":"2025-05-02T11:52:27","slug":"revisionnez-notre-webinaire-astuces-et-bons-outils-pour-votre-ecar-policy","status":"publish","type":"post","link":"https:\/\/www.link2fleet.com\/fr\/revisionnez-notre-webinaire-astuces-et-bons-outils-pour-votre-ecar-policy\/","title":{"rendered":"Revisionnez notre webinaire : astuces et bons outils pour votre (e)car policy"},"content":{"rendered":"","protected":false},"excerpt":{"rendered":"","protected":false},"author":18,"featured_media":41716,"comment_status":"closed","ping_status":"closed","sticky":false,"template":"","format":"standard","meta":{"_acf_changed":false,"footnotes":""},"categories":[100,91],"tags":[775,718,717],"class_list":["post-41486","post","type-post","status-publish","format-standard","has-post-thumbnail","hentry","category-best-practices","category-expertise-et-management","tag-car-policy","tag-webinaire-fr","tag-webinar-fr"],"acf":[],"yoast_head":"<!-- This site is optimized with the Yoast SEO plugin v27.3 - https:\/\/yoast.com\/product\/yoast-seo-wordpress\/ -->\n<title>Revisionnez notre webinaire : astuces et bons outils pour votre (e)car policy - link2fleet<\/title>\n<meta name=\"description\" content=\"Changements fiscaux, \u00e9lectrification, int\u00e9gration du budget de mobilit\u00e9 : \u00e9tablir une (e)car policy peut para\u00eetre de plus en plus complexe. Surtout, \u00e7a ne s\u2019improvise pas.\u2026\" \/>\n<meta name=\"robots\" content=\"index, follow, max-snippet:-1, max-image-preview:large, max-video-preview:-1\" \/>\n<meta property=\"og:locale\" content=\"fr_FR\" \/>\n<meta property=\"og:type\" content=\"article\" \/>\n<meta property=\"og:title\" content=\"Revisionnez notre webinaire : astuces et bons outils pour votre (e)car policy - link2fleet\" \/>\n<meta property=\"og:description\" content=\"Changements fiscaux, \u00e9lectrification, int\u00e9gration du budget de mobilit\u00e9 : \u00e9tablir une (e)car policy peut para\u00eetre de plus en plus complexe. Surtout, \u00e7a ne s\u2019improvise pas.\u2026\" \/>\n<meta property=\"og:url\" content=\"https:\/\/www.link2fleet.com\/herbekijk-ons-webinar-tips-en-tools-voor-uw-e-car-policy\/\" \/>\n<meta property=\"og:site_name\" content=\"link2fleet\" \/>\n<meta property=\"article:published_time\" content=\"2025-04-24T13:45:39+00:00\" \/>\n<meta property=\"article:modified_time\" content=\"2025-05-02T11:52:27+00:00\" \/>\n<meta property=\"og:image\" content=\"https:\/\/static.link2fleet.com\/wp-content\/uploads\/2025\/04\/webinaire-car-policy.jpg\" \/>\n\t<meta property=\"og:image:width\" content=\"1920\" \/>\n\t<meta property=\"og:image:height\" content=\"1280\" \/>\n\t<meta property=\"og:image:type\" content=\"image\/jpeg\" \/>\n<meta name=\"author\" content=\"Maxime Pasture\" \/>\n<meta name=\"twitter:card\" content=\"summary_large_image\" \/>\n<meta name=\"twitter:description\" content=\"Changements fiscaux, \u00e9lectrification, int\u00e9gration du budget de mobilit\u00e9 : \u00e9tablir une (e)car policy peut para\u00eetre de plus en plus complexe. Surtout, \u00e7a ne s\u2019improvise pas.\u2026\" \/>\n<meta name=\"twitter:label1\" content=\"\u00c9crit par\" \/>\n\t<meta name=\"twitter:data1\" content=\"Journaliste de formation, Maxime est tr\u00e8s curieux mais surtout passionn\u00e9 d&#039;automobile. Sa curiosit\u00e9 l&#039;am\u00e8ne \u00e0 traiter de sujets divers et vari\u00e9s li\u00e9s \u00e0 la mobilit\u00e9 au sens large et bien plus encore !\" \/>\n\t<meta name=\"twitter:label2\" content=\"Dur\u00e9e de lecture estim\u00e9e\" \/>\n\t<meta name=\"twitter:data2\" content=\"4 minutes\" \/>\n<script type=\"application\/ld+json\" class=\"yoast-schema-graph\">{\"@context\":\"https:\\\/\\\/schema.org\",\"@graph\":[{\"@type\":\"Article\",\"@id\":\"https:\\\/\\\/www.link2fleet.com\\\/herbekijk-ons-webinar-tips-en-tools-voor-uw-e-car-policy\\\/#article\",\"isPartOf\":{\"@id\":\"https:\\\/\\\/www.link2fleet.com\\\/herbekijk-ons-webinar-tips-en-tools-voor-uw-e-car-policy\\\/\"},\"author\":{\"name\":\"Maxime Pasture\",\"@id\":\"https:\\\/\\\/www.link2fleet.com\\\/fr\\\/#\\\/schema\\\/person\\\/36f3d48d12a83e110d72b602b5bebc11\"},\"headline\":\"Revisionnez notre webinaire : astuces et bons outils pour votre (e)car policy\",\"datePublished\":\"2025-04-24T13:45:39+00:00\",\"dateModified\":\"2025-05-02T11:52:27+00:00\",\"mainEntityOfPage\":{\"@id\":\"https:\\\/\\\/www.link2fleet.com\\\/herbekijk-ons-webinar-tips-en-tools-voor-uw-e-car-policy\\\/\"},\"wordCount\":12,\"publisher\":{\"@id\":\"https:\\\/\\\/www.link2fleet.com\\\/fr\\\/#organization\"},\"image\":{\"@id\":\"https:\\\/\\\/www.link2fleet.com\\\/herbekijk-ons-webinar-tips-en-tools-voor-uw-e-car-policy\\\/#primaryimage\"},\"thumbnailUrl\":\"https:\\\/\\\/static.link2fleet.com\\\/wp-content\\\/uploads\\\/2025\\\/04\\\/webinaire-car-policy.jpg\",\"keywords\":[\"car policy\",\"webinaire\",\"webinar\"],\"articleSection\":[\"Best practices\",\"Gestion de flotte\"],\"inLanguage\":\"fr-FR\"},{\"@type\":\"WebPage\",\"@id\":\"https:\\\/\\\/www.link2fleet.com\\\/herbekijk-ons-webinar-tips-en-tools-voor-uw-e-car-policy\\\/\",\"url\":\"https:\\\/\\\/www.link2fleet.com\\\/herbekijk-ons-webinar-tips-en-tools-voor-uw-e-car-policy\\\/\",\"name\":\"Revisionnez notre webinaire : astuces et bons outils pour votre (e)car policy - link2fleet\",\"isPartOf\":{\"@id\":\"https:\\\/\\\/www.link2fleet.com\\\/fr\\\/#website\"},\"primaryImageOfPage\":{\"@id\":\"https:\\\/\\\/www.link2fleet.com\\\/herbekijk-ons-webinar-tips-en-tools-voor-uw-e-car-policy\\\/#primaryimage\"},\"image\":{\"@id\":\"https:\\\/\\\/www.link2fleet.com\\\/herbekijk-ons-webinar-tips-en-tools-voor-uw-e-car-policy\\\/#primaryimage\"},\"thumbnailUrl\":\"https:\\\/\\\/static.link2fleet.com\\\/wp-content\\\/uploads\\\/2025\\\/04\\\/webinaire-car-policy.jpg\",\"datePublished\":\"2025-04-24T13:45:39+00:00\",\"dateModified\":\"2025-05-02T11:52:27+00:00\",\"description\":\"Changements fiscaux, \u00e9lectrification, int\u00e9gration du budget de mobilit\u00e9\u00a0: \u00e9tablir une (e)car policy peut para\u00eetre de plus en plus complexe.\",\"breadcrumb\":{\"@id\":\"https:\\\/\\\/www.link2fleet.com\\\/herbekijk-ons-webinar-tips-en-tools-voor-uw-e-car-policy\\\/#breadcrumb\"},\"inLanguage\":\"fr-FR\",\"potentialAction\":[{\"@type\":\"ReadAction\",\"target\":[\"https:\\\/\\\/www.link2fleet.com\\\/herbekijk-ons-webinar-tips-en-tools-voor-uw-e-car-policy\\\/\"]}]},{\"@type\":\"ImageObject\",\"inLanguage\":\"fr-FR\",\"@id\":\"https:\\\/\\\/www.link2fleet.com\\\/herbekijk-ons-webinar-tips-en-tools-voor-uw-e-car-policy\\\/#primaryimage\",\"url\":\"https:\\\/\\\/static.link2fleet.com\\\/wp-content\\\/uploads\\\/2025\\\/04\\\/webinaire-car-policy.jpg\",\"contentUrl\":\"https:\\\/\\\/static.link2fleet.com\\\/wp-content\\\/uploads\\\/2025\\\/04\\\/webinaire-car-policy.jpg\",\"width\":1920,\"height\":1280,\"caption\":\"Webfleet\"},{\"@type\":\"BreadcrumbList\",\"@id\":\"https:\\\/\\\/www.link2fleet.com\\\/herbekijk-ons-webinar-tips-en-tools-voor-uw-e-car-policy\\\/#breadcrumb\",\"itemListElement\":[{\"@type\":\"ListItem\",\"position\":1,\"name\":\"Home\",\"item\":\"https:\\\/\\\/www.link2fleet.com\\\/fr\\\/\"},{\"@type\":\"ListItem\",\"position\":2,\"name\":\"Revisionnez notre webinaire : astuces et bons outils pour votre (e)car policy\"}]},{\"@type\":\"WebSite\",\"@id\":\"https:\\\/\\\/www.link2fleet.com\\\/fr\\\/#website\",\"url\":\"https:\\\/\\\/www.link2fleet.com\\\/fr\\\/\",\"name\":\"Link2fleet\",\"description\":\"\",\"publisher\":{\"@id\":\"https:\\\/\\\/www.link2fleet.com\\\/fr\\\/#organization\"},\"potentialAction\":[{\"@type\":\"SearchAction\",\"target\":{\"@type\":\"EntryPoint\",\"urlTemplate\":\"https:\\\/\\\/www.link2fleet.com\\\/fr\\\/?s={search_term_string}\"},\"query-input\":{\"@type\":\"PropertyValueSpecification\",\"valueRequired\":true,\"valueName\":\"search_term_string\"}}],\"inLanguage\":\"fr-FR\"},{\"@type\":\"Organization\",\"@id\":\"https:\\\/\\\/www.link2fleet.com\\\/fr\\\/#organization\",\"name\":\"Link2fleet\",\"url\":\"https:\\\/\\\/www.link2fleet.com\\\/fr\\\/\",\"logo\":{\"@type\":\"ImageObject\",\"inLanguage\":\"fr-FR\",\"@id\":\"https:\\\/\\\/www.link2fleet.com\\\/fr\\\/#\\\/schema\\\/logo\\\/image\\\/\",\"url\":\"https:\\\/\\\/static.link2fleet.com\\\/wp-content\\\/uploads\\\/2024\\\/03\\\/share-image.jpg\",\"contentUrl\":\"https:\\\/\\\/static.link2fleet.com\\\/wp-content\\\/uploads\\\/2024\\\/03\\\/share-image.jpg\",\"width\":1200,\"height\":630,\"caption\":\"Link2fleet\"},\"image\":{\"@id\":\"https:\\\/\\\/www.link2fleet.com\\\/fr\\\/#\\\/schema\\\/logo\\\/image\\\/\"},\"sameAs\":[\"https:\\\/\\\/www.linkedin.com\\\/company\\\/link2fleet-belgium\",\"https:\\\/\\\/www.youtube.com\\\/user\\\/MMMBMBE\"]},{\"@type\":\"Person\",\"@id\":\"https:\\\/\\\/www.link2fleet.com\\\/fr\\\/#\\\/schema\\\/person\\\/36f3d48d12a83e110d72b602b5bebc11\",\"name\":\"Maxime Pasture\",\"image\":{\"@type\":\"ImageObject\",\"inLanguage\":\"fr-FR\",\"@id\":\"https:\\\/\\\/secure.gravatar.com\\\/avatar\\\/a17c47a11dd3996c69a173e291c692b6a028e82349994bf0d9f60936c9795b9f?s=96&d=mm&r=g\",\"url\":\"https:\\\/\\\/secure.gravatar.com\\\/avatar\\\/a17c47a11dd3996c69a173e291c692b6a028e82349994bf0d9f60936c9795b9f?s=96&d=mm&r=g\",\"contentUrl\":\"https:\\\/\\\/secure.gravatar.com\\\/avatar\\\/a17c47a11dd3996c69a173e291c692b6a028e82349994bf0d9f60936c9795b9f?s=96&d=mm&r=g\",\"caption\":\"Maxime Pasture\"},\"description\":\"Journaliste de formation, Maxime est tr\u00e8s curieux mais surtout passionn\u00e9 d'automobile. Sa curiosit\u00e9 l'am\u00e8ne \u00e0 traiter de sujets divers et vari\u00e9s li\u00e9s \u00e0 la mobilit\u00e9 au sens large et bien plus encore !\"}]}<\/script>\n<!-- \/ Yoast SEO plugin. -->","yoast_head_json":{"title":"Revisionnez notre webinaire : astuces et bons outils pour votre (e)car policy - link2fleet","description":"Changements fiscaux, \u00e9lectrification, int\u00e9gration du budget de mobilit\u00e9 : \u00e9tablir une (e)car policy peut para\u00eetre de plus en plus complexe. Surtout, \u00e7a ne s\u2019improvise pas.\u2026","robots":{"index":"index","follow":"follow","max-snippet":"max-snippet:-1","max-image-preview":"max-image-preview:large","max-video-preview":"max-video-preview:-1"},"og_locale":"fr_FR","og_type":"article","og_title":"Revisionnez notre webinaire : astuces et bons outils pour votre (e)car policy - link2fleet","og_description":"Changements fiscaux, \u00e9lectrification, int\u00e9gration du budget de mobilit\u00e9 : \u00e9tablir une (e)car policy peut para\u00eetre de plus en plus complexe. Surtout, \u00e7a ne s\u2019improvise pas.\u2026","og_url":"https:\/\/www.link2fleet.com\/herbekijk-ons-webinar-tips-en-tools-voor-uw-e-car-policy\/","og_site_name":"link2fleet","article_published_time":"2025-04-24T13:45:39+00:00","article_modified_time":"2025-05-02T11:52:27+00:00","og_image":[{"width":1920,"height":1280,"url":"https:\/\/static.link2fleet.com\/wp-content\/uploads\/2025\/04\/webinaire-car-policy.jpg","type":"image\/jpeg"}],"author":"Maxime Pasture","twitter_card":"summary_large_image","twitter_description":"Changements fiscaux, \u00e9lectrification, int\u00e9gration du budget de mobilit\u00e9 : \u00e9tablir une (e)car policy peut para\u00eetre de plus en plus complexe. Surtout, \u00e7a ne s\u2019improvise pas.\u2026","twitter_misc":{"\u00c9crit par":"Journaliste de formation, Maxime est tr\u00e8s curieux mais surtout passionn\u00e9 d'automobile. Sa curiosit\u00e9 l'am\u00e8ne \u00e0 traiter de sujets divers et vari\u00e9s li\u00e9s \u00e0 la mobilit\u00e9 au sens large et bien plus encore !","Dur\u00e9e de lecture estim\u00e9e":"4 minutes"},"schema":{"@context":"https:\/\/schema.org","@graph":[{"@type":"Article","@id":"https:\/\/www.link2fleet.com\/herbekijk-ons-webinar-tips-en-tools-voor-uw-e-car-policy\/#article","isPartOf":{"@id":"https:\/\/www.link2fleet.com\/herbekijk-ons-webinar-tips-en-tools-voor-uw-e-car-policy\/"},"author":{"name":"Maxime Pasture","@id":"https:\/\/www.link2fleet.com\/fr\/#\/schema\/person\/36f3d48d12a83e110d72b602b5bebc11"},"headline":"Revisionnez notre webinaire : astuces et bons outils pour votre (e)car policy","datePublished":"2025-04-24T13:45:39+00:00","dateModified":"2025-05-02T11:52:27+00:00","mainEntityOfPage":{"@id":"https:\/\/www.link2fleet.com\/herbekijk-ons-webinar-tips-en-tools-voor-uw-e-car-policy\/"},"wordCount":12,"publisher":{"@id":"https:\/\/www.link2fleet.com\/fr\/#organization"},"image":{"@id":"https:\/\/www.link2fleet.com\/herbekijk-ons-webinar-tips-en-tools-voor-uw-e-car-policy\/#primaryimage"},"thumbnailUrl":"https:\/\/static.link2fleet.com\/wp-content\/uploads\/2025\/04\/webinaire-car-policy.jpg","keywords":["car policy","webinaire","webinar"],"articleSection":["Best practices","Gestion de flotte"],"inLanguage":"fr-FR"},{"@type":"WebPage","@id":"https:\/\/www.link2fleet.com\/herbekijk-ons-webinar-tips-en-tools-voor-uw-e-car-policy\/","url":"https:\/\/www.link2fleet.com\/herbekijk-ons-webinar-tips-en-tools-voor-uw-e-car-policy\/","name":"Revisionnez notre webinaire : astuces et bons outils pour votre (e)car policy - link2fleet","isPartOf":{"@id":"https:\/\/www.link2fleet.com\/fr\/#website"},"primaryImageOfPage":{"@id":"https:\/\/www.link2fleet.com\/herbekijk-ons-webinar-tips-en-tools-voor-uw-e-car-policy\/#primaryimage"},"image":{"@id":"https:\/\/www.link2fleet.com\/herbekijk-ons-webinar-tips-en-tools-voor-uw-e-car-policy\/#primaryimage"},"thumbnailUrl":"https:\/\/static.link2fleet.com\/wp-content\/uploads\/2025\/04\/webinaire-car-policy.jpg","datePublished":"2025-04-24T13:45:39+00:00","dateModified":"2025-05-02T11:52:27+00:00","description":"Changements fiscaux, \u00e9lectrification, int\u00e9gration du budget de mobilit\u00e9\u00a0: \u00e9tablir une (e)car policy peut para\u00eetre de plus en plus complexe.","breadcrumb":{"@id":"https:\/\/www.link2fleet.com\/herbekijk-ons-webinar-tips-en-tools-voor-uw-e-car-policy\/#breadcrumb"},"inLanguage":"fr-FR","potentialAction":[{"@type":"ReadAction","target":["https:\/\/www.link2fleet.com\/herbekijk-ons-webinar-tips-en-tools-voor-uw-e-car-policy\/"]}]},{"@type":"ImageObject","inLanguage":"fr-FR","@id":"https:\/\/www.link2fleet.com\/herbekijk-ons-webinar-tips-en-tools-voor-uw-e-car-policy\/#primaryimage","url":"https:\/\/static.link2fleet.com\/wp-content\/uploads\/2025\/04\/webinaire-car-policy.jpg","contentUrl":"https:\/\/static.link2fleet.com\/wp-content\/uploads\/2025\/04\/webinaire-car-policy.jpg","width":1920,"height":1280,"caption":"Webfleet"},{"@type":"BreadcrumbList","@id":"https:\/\/www.link2fleet.com\/herbekijk-ons-webinar-tips-en-tools-voor-uw-e-car-policy\/#breadcrumb","itemListElement":[{"@type":"ListItem","position":1,"name":"Home","item":"https:\/\/www.link2fleet.com\/fr\/"},{"@type":"ListItem","position":2,"name":"Revisionnez notre webinaire : astuces et bons outils pour votre (e)car policy"}]},{"@type":"WebSite","@id":"https:\/\/www.link2fleet.com\/fr\/#website","url":"https:\/\/www.link2fleet.com\/fr\/","name":"Link2fleet","description":"","publisher":{"@id":"https:\/\/www.link2fleet.com\/fr\/#organization"},"potentialAction":[{"@type":"SearchAction","target":{"@type":"EntryPoint","urlTemplate":"https:\/\/www.link2fleet.com\/fr\/?s={search_term_string}"},"query-input":{"@type":"PropertyValueSpecification","valueRequired":true,"valueName":"search_term_string"}}],"inLanguage":"fr-FR"},{"@type":"Organization","@id":"https:\/\/www.link2fleet.com\/fr\/#organization","name":"Link2fleet","url":"https:\/\/www.link2fleet.com\/fr\/","logo":{"@type":"ImageObject","inLanguage":"fr-FR","@id":"https:\/\/www.link2fleet.com\/fr\/#\/schema\/logo\/image\/","url":"https:\/\/static.link2fleet.com\/wp-content\/uploads\/2024\/03\/share-image.jpg","contentUrl":"https:\/\/static.link2fleet.com\/wp-content\/uploads\/2024\/03\/share-image.jpg","width":1200,"height":630,"caption":"Link2fleet"},"image":{"@id":"https:\/\/www.link2fleet.com\/fr\/#\/schema\/logo\/image\/"},"sameAs":["https:\/\/www.linkedin.com\/company\/link2fleet-belgium","https:\/\/www.youtube.com\/user\/MMMBMBE"]},{"@type":"Person","@id":"https:\/\/www.link2fleet.com\/fr\/#\/schema\/person\/36f3d48d12a83e110d72b602b5bebc11","name":"Maxime Pasture","image":{"@type":"ImageObject","inLanguage":"fr-FR","@id":"https:\/\/secure.gravatar.com\/avatar\/a17c47a11dd3996c69a173e291c692b6a028e82349994bf0d9f60936c9795b9f?s=96&d=mm&r=g","url":"https:\/\/secure.gravatar.com\/avatar\/a17c47a11dd3996c69a173e291c692b6a028e82349994bf0d9f60936c9795b9f?s=96&d=mm&r=g","contentUrl":"https:\/\/secure.gravatar.com\/avatar\/a17c47a11dd3996c69a173e291c692b6a028e82349994bf0d9f60936c9795b9f?s=96&d=mm&r=g","caption":"Maxime Pasture"},"description":"Journaliste de formation, Maxime est tr\u00e8s curieux mais surtout passionn\u00e9 d'automobile. Sa curiosit\u00e9 l'am\u00e8ne \u00e0 traiter de sujets divers et vari\u00e9s li\u00e9s \u00e0 la mobilit\u00e9 au sens large et bien plus encore !"}]}},"_links":{"self":[{"href":"https:\/\/www.link2fleet.com\/fr\/wp-json\/wp\/v2\/posts\/41486","targetHints":{"allow":["GET"]}}],"collection":[{"href":"https:\/\/www.link2fleet.com\/fr\/wp-json\/wp\/v2\/posts"}],"about":[{"href":"https:\/\/www.link2fleet.com\/fr\/wp-json\/wp\/v2\/types\/post"}],"author":[{"embeddable":true,"href":"https:\/\/www.link2fleet.com\/fr\/wp-json\/wp\/v2\/users\/18"}],"replies":[{"embeddable":true,"href":"https:\/\/www.link2fleet.com\/fr\/wp-json\/wp\/v2\/comments?post=41486"}],"version-history":[{"count":9,"href":"https:\/\/www.link2fleet.com\/fr\/wp-json\/wp\/v2\/posts\/41486\/revisions"}],"predecessor-version":[{"id":41946,"href":"https:\/\/www.link2fleet.com\/fr\/wp-json\/wp\/v2\/posts\/41486\/revisions\/41946"}],"wp:featuredmedia":[{"embeddable":true,"href":"https:\/\/www.link2fleet.com\/fr\/wp-json\/wp\/v2\/media\/41716"}],"wp:attachment":[{"href":"https:\/\/www.link2fleet.com\/fr\/wp-json\/wp\/v2\/media?parent=41486"}],"wp:term":[{"taxonomy":"category","embeddable":true,"href":"https:\/\/www.link2fleet.com\/fr\/wp-json\/wp\/v2\/categories?post=41486"},{"taxonomy":"post_tag","embeddable":true,"href":"https:\/\/www.link2fleet.com\/fr\/wp-json\/wp\/v2\/tags?post=41486"}],"curies":[{"name":"wp","href":"https:\/\/api.w.org\/{rel}","templated":true}]}}