{"id":4171,"date":"2021-04-13T14:01:42","date_gmt":"2021-04-13T12:01:42","guid":{"rendered":"https:\/\/www.link2fleet.com\/lynk-co-selectionne-ald-automotive\/"},"modified":"2024-04-17T16:49:54","modified_gmt":"2024-04-17T14:49:54","slug":"lynk-co-selectionne-ald-automotive","status":"publish","type":"post","link":"https:\/\/www.link2fleet.com\/fr\/lynk-co-selectionne-ald-automotive\/","title":{"rendered":"Lynk &amp; Co s\u00e9lectionne ALD Automotive"},"content":{"rendered":"<p>Les clients peuvent b\u00e9n\u00e9ficier dor\u00e9navant des offres de leasing \u00e0 long terme pour le SUV 01 hybride ou hybride rechargeable de Lynk &amp; Co. Les offres de location sont disponibles avec des dur\u00e9es et kilom\u00e9trages flexibles et comprennent une assurance, une assistance d\u00e9pannage et l\u2019immatriculation du v\u00e9hicule, ainsi que la maintenance qui est assur\u00e9e par le service porte \u00e0 porte de Lynk &amp; Co. Pendant la dur\u00e9e de l\u2019abonnement, le contrat est g\u00e9r\u00e9 par ALD Automotive. Des pr\u00e9paratifs sont en cours pour mettre en \u0153uvre une offre enti\u00e8rement digitale dans tous les pays et le contrat sera enti\u00e8rement g\u00e9r\u00e9 en ligne via la plateforme digitale d&rsquo;ALD Automotive, de la v\u00e9rification du cr\u00e9dit \u00e0 la signature \u00e9lectronique du contrat.<\/p>\n<p>L&rsquo;approche de la mobilit\u00e9 par abonnement de la marque encourage \u00e9galement les conducteurs \u00e0 devenir membre de la communaut\u00e9 Lynk &amp; Co. Cela permet aux membres d&rsquo;acc\u00e9der \u00e0 la plateforme de partage pour permettre la r\u00e9servation et le partage de leurs v\u00e9hicules moyennant des frais avec leurs amis, leur famille et la communaut\u00e9 Lynk &amp; Co.<\/p>\n","protected":false},"excerpt":{"rendered":"<p>Les clients peuvent b\u00e9n\u00e9ficier dor\u00e9navant des offres de leasing \u00e0 long terme pour le SUV 01 hybride ou hybride rechargeable de Lynk &amp; Co. Les offres de location sont disponibles avec des dur\u00e9es et kilom\u00e9trages flexibles et comprennent une assurance, une assistance d\u00e9pannage et l\u2019immatriculation du v\u00e9hicule, ainsi que la maintenance qui est assur\u00e9e par [&hellip;]<\/p>\n","protected":false},"author":19,"featured_media":4172,"comment_status":"closed","ping_status":"closed","sticky":false,"template":"","format":"standard","meta":{"_acf_changed":false,"footnotes":""},"categories":[91,77,79,76],"tags":[],"class_list":["post-4171","post","type-post","status-publish","format-standard","has-post-thumbnail","hentry","category-expertise-et-management","category-importateurs-et-constructeurs-automobiles-vp","category-societes-de-leasing","category-car"],"acf":[],"yoast_head":"<!-- This site is optimized with the Yoast SEO plugin v27.3 - https:\/\/yoast.com\/product\/yoast-seo-wordpress\/ -->\n<title>Lynk &amp; Co s\u00e9lectionne ALD Automotive - link2fleet<\/title>\n<meta name=\"description\" content=\"Lynk &amp; Co, la marque globale de mobilit\u00e9, a retenu ALD Automotive, le leader de leasing de v\u00e9hicules en Europe, en tant que partenaire pr\u00e9f\u00e9rentiel\u2026\" \/>\n<meta name=\"robots\" content=\"index, follow, max-snippet:-1, max-image-preview:large, max-video-preview:-1\" \/>\n<meta property=\"og:locale\" content=\"fr_FR\" \/>\n<meta property=\"og:type\" content=\"article\" \/>\n<meta property=\"og:title\" content=\"Lynk &amp; Co s\u00e9lectionne ALD Automotive - link2fleet\" \/>\n<meta property=\"og:description\" content=\"Lynk &amp; Co, la marque globale de mobilit\u00e9, a retenu ALD Automotive, le leader de leasing de v\u00e9hicules en Europe, en tant que partenaire pr\u00e9f\u00e9rentiel\u2026\" \/>\n<meta property=\"og:url\" content=\"https:\/\/www.link2fleet.com\/fr\/lynk-co-selectionne-ald-automotive\/\" \/>\n<meta property=\"og:site_name\" content=\"link2fleet\" \/>\n<meta property=\"article:published_time\" content=\"2021-04-13T12:01:42+00:00\" \/>\n<meta property=\"article:modified_time\" content=\"2024-04-17T14:49:54+00:00\" \/>\n<meta property=\"og:image\" content=\"https:\/\/static.link2fleet.com\/wp-content\/uploads\/2024\/03\/lynk-co-scaled-1.jpeg\" \/>\n\t<meta property=\"og:image:width\" content=\"2560\" \/>\n\t<meta property=\"og:image:height\" content=\"1706\" \/>\n\t<meta property=\"og:image:type\" content=\"image\/jpeg\" \/>\n<meta name=\"author\" content=\"Marc Demoulin\" \/>\n<meta name=\"twitter:card\" content=\"summary_large_image\" \/>\n<meta name=\"twitter:description\" content=\"Lynk &amp; Co, la marque globale de mobilit\u00e9, a retenu ALD Automotive, le leader de leasing de v\u00e9hicules en Europe, en tant que partenaire pr\u00e9f\u00e9rentiel\u2026\" \/>\n<meta name=\"twitter:label1\" content=\"\u00c9crit par\" \/>\n\t<meta name=\"twitter:data1\" content=\"Marc Demoulin\" \/>\n\t<meta name=\"twitter:label2\" content=\"Dur\u00e9e de lecture estim\u00e9e\" \/>\n\t<meta name=\"twitter:data2\" content=\"1 minute\" \/>\n<script type=\"application\/ld+json\" class=\"yoast-schema-graph\">{\"@context\":\"https:\\\/\\\/schema.org\",\"@graph\":[{\"@type\":\"Article\",\"@id\":\"https:\\\/\\\/www.link2fleet.com\\\/fr\\\/lynk-co-selectionne-ald-automotive\\\/#article\",\"isPartOf\":{\"@id\":\"https:\\\/\\\/www.link2fleet.com\\\/fr\\\/lynk-co-selectionne-ald-automotive\\\/\"},\"author\":{\"name\":\"Marc Demoulin\",\"@id\":\"https:\\\/\\\/www.link2fleet.com\\\/fr\\\/#\\\/schema\\\/person\\\/be5c57fc3d8ec765f7f536ffa2d67457\"},\"headline\":\"Lynk &amp; Co s\u00e9lectionne ALD Automotive\",\"datePublished\":\"2021-04-13T12:01:42+00:00\",\"dateModified\":\"2024-04-17T14:49:54+00:00\",\"mainEntityOfPage\":{\"@id\":\"https:\\\/\\\/www.link2fleet.com\\\/fr\\\/lynk-co-selectionne-ald-automotive\\\/\"},\"wordCount\":199,\"publisher\":{\"@id\":\"https:\\\/\\\/www.link2fleet.com\\\/fr\\\/#organization\"},\"image\":{\"@id\":\"https:\\\/\\\/www.link2fleet.com\\\/fr\\\/lynk-co-selectionne-ald-automotive\\\/#primaryimage\"},\"thumbnailUrl\":\"https:\\\/\\\/static.link2fleet.com\\\/wp-content\\\/uploads\\\/2024\\\/03\\\/lynk-co-scaled-1.jpeg\",\"articleSection\":[\"Gestion de flotte\",\"Importateurs et constructeurs\",\"Location long-terme\",\"V\u00e9hicules\"],\"inLanguage\":\"fr-FR\"},{\"@type\":\"WebPage\",\"@id\":\"https:\\\/\\\/www.link2fleet.com\\\/fr\\\/lynk-co-selectionne-ald-automotive\\\/\",\"url\":\"https:\\\/\\\/www.link2fleet.com\\\/fr\\\/lynk-co-selectionne-ald-automotive\\\/\",\"name\":\"Lynk &amp; Co s\u00e9lectionne ALD Automotive - link2fleet\",\"isPartOf\":{\"@id\":\"https:\\\/\\\/www.link2fleet.com\\\/fr\\\/#website\"},\"primaryImageOfPage\":{\"@id\":\"https:\\\/\\\/www.link2fleet.com\\\/fr\\\/lynk-co-selectionne-ald-automotive\\\/#primaryimage\"},\"image\":{\"@id\":\"https:\\\/\\\/www.link2fleet.com\\\/fr\\\/lynk-co-selectionne-ald-automotive\\\/#primaryimage\"},\"thumbnailUrl\":\"https:\\\/\\\/static.link2fleet.com\\\/wp-content\\\/uploads\\\/2024\\\/03\\\/lynk-co-scaled-1.jpeg\",\"datePublished\":\"2021-04-13T12:01:42+00:00\",\"dateModified\":\"2024-04-17T14:49:54+00:00\",\"breadcrumb\":{\"@id\":\"https:\\\/\\\/www.link2fleet.com\\\/fr\\\/lynk-co-selectionne-ald-automotive\\\/#breadcrumb\"},\"inLanguage\":\"fr-FR\",\"potentialAction\":[{\"@type\":\"ReadAction\",\"target\":[\"https:\\\/\\\/www.link2fleet.com\\\/fr\\\/lynk-co-selectionne-ald-automotive\\\/\"]}]},{\"@type\":\"ImageObject\",\"inLanguage\":\"fr-FR\",\"@id\":\"https:\\\/\\\/www.link2fleet.com\\\/fr\\\/lynk-co-selectionne-ald-automotive\\\/#primaryimage\",\"url\":\"https:\\\/\\\/static.link2fleet.com\\\/wp-content\\\/uploads\\\/2024\\\/03\\\/lynk-co-scaled-1.jpeg\",\"contentUrl\":\"https:\\\/\\\/static.link2fleet.com\\\/wp-content\\\/uploads\\\/2024\\\/03\\\/lynk-co-scaled-1.jpeg\",\"width\":2560,\"height\":1706,\"caption\":\"Lynk &amp; Co a choisi ALD Automotive comme partenaire pr\u00e9f\u00e9rentiel pour les services de location longue dur\u00e9e.\"},{\"@type\":\"BreadcrumbList\",\"@id\":\"https:\\\/\\\/www.link2fleet.com\\\/fr\\\/lynk-co-selectionne-ald-automotive\\\/#breadcrumb\",\"itemListElement\":[{\"@type\":\"ListItem\",\"position\":1,\"name\":\"Home\",\"item\":\"https:\\\/\\\/www.link2fleet.com\\\/fr\\\/\"},{\"@type\":\"ListItem\",\"position\":2,\"name\":\"Lynk &amp; Co s\u00e9lectionne ALD Automotive\"}]},{\"@type\":\"WebSite\",\"@id\":\"https:\\\/\\\/www.link2fleet.com\\\/fr\\\/#website\",\"url\":\"https:\\\/\\\/www.link2fleet.com\\\/fr\\\/\",\"name\":\"Link2fleet\",\"description\":\"\",\"publisher\":{\"@id\":\"https:\\\/\\\/www.link2fleet.com\\\/fr\\\/#organization\"},\"potentialAction\":[{\"@type\":\"SearchAction\",\"target\":{\"@type\":\"EntryPoint\",\"urlTemplate\":\"https:\\\/\\\/www.link2fleet.com\\\/fr\\\/?s={search_term_string}\"},\"query-input\":{\"@type\":\"PropertyValueSpecification\",\"valueRequired\":true,\"valueName\":\"search_term_string\"}}],\"inLanguage\":\"fr-FR\"},{\"@type\":\"Organization\",\"@id\":\"https:\\\/\\\/www.link2fleet.com\\\/fr\\\/#organization\",\"name\":\"Link2fleet\",\"url\":\"https:\\\/\\\/www.link2fleet.com\\\/fr\\\/\",\"logo\":{\"@type\":\"ImageObject\",\"inLanguage\":\"fr-FR\",\"@id\":\"https:\\\/\\\/www.link2fleet.com\\\/fr\\\/#\\\/schema\\\/logo\\\/image\\\/\",\"url\":\"https:\\\/\\\/static.link2fleet.com\\\/wp-content\\\/uploads\\\/2024\\\/03\\\/share-image.jpg\",\"contentUrl\":\"https:\\\/\\\/static.link2fleet.com\\\/wp-content\\\/uploads\\\/2024\\\/03\\\/share-image.jpg\",\"width\":1200,\"height\":630,\"caption\":\"Link2fleet\"},\"image\":{\"@id\":\"https:\\\/\\\/www.link2fleet.com\\\/fr\\\/#\\\/schema\\\/logo\\\/image\\\/\"},\"sameAs\":[\"https:\\\/\\\/www.linkedin.com\\\/company\\\/link2fleet-belgium\",\"https:\\\/\\\/www.youtube.com\\\/user\\\/MMMBMBE\"]},{\"@type\":\"Person\",\"@id\":\"https:\\\/\\\/www.link2fleet.com\\\/fr\\\/#\\\/schema\\\/person\\\/be5c57fc3d8ec765f7f536ffa2d67457\",\"name\":\"Marc Demoulin\",\"image\":{\"@type\":\"ImageObject\",\"inLanguage\":\"fr-FR\",\"@id\":\"https:\\\/\\\/secure.gravatar.com\\\/avatar\\\/a87df2253d2615844817d0a7f244258741572a74e0c35a309fca2badab9f30e7?s=96&d=mm&r=g\",\"url\":\"https:\\\/\\\/secure.gravatar.com\\\/avatar\\\/a87df2253d2615844817d0a7f244258741572a74e0c35a309fca2badab9f30e7?s=96&d=mm&r=g\",\"contentUrl\":\"https:\\\/\\\/secure.gravatar.com\\\/avatar\\\/a87df2253d2615844817d0a7f244258741572a74e0c35a309fca2badab9f30e7?s=96&d=mm&r=g\",\"caption\":\"Marc Demoulin\"}}]}<\/script>\n<!-- \/ Yoast SEO plugin. -->","yoast_head_json":{"title":"Lynk &amp; Co s\u00e9lectionne ALD Automotive - link2fleet","description":"Lynk &amp; Co, la marque globale de mobilit\u00e9, a retenu ALD Automotive, le leader de leasing de v\u00e9hicules en Europe, en tant que partenaire pr\u00e9f\u00e9rentiel\u2026","robots":{"index":"index","follow":"follow","max-snippet":"max-snippet:-1","max-image-preview":"max-image-preview:large","max-video-preview":"max-video-preview:-1"},"og_locale":"fr_FR","og_type":"article","og_title":"Lynk &amp; Co s\u00e9lectionne ALD Automotive - link2fleet","og_description":"Lynk &amp; Co, la marque globale de mobilit\u00e9, a retenu ALD Automotive, le leader de leasing de v\u00e9hicules en Europe, en tant que partenaire pr\u00e9f\u00e9rentiel\u2026","og_url":"https:\/\/www.link2fleet.com\/fr\/lynk-co-selectionne-ald-automotive\/","og_site_name":"link2fleet","article_published_time":"2021-04-13T12:01:42+00:00","article_modified_time":"2024-04-17T14:49:54+00:00","og_image":[{"width":2560,"height":1706,"url":"https:\/\/static.link2fleet.com\/wp-content\/uploads\/2024\/03\/lynk-co-scaled-1.jpeg","type":"image\/jpeg"}],"author":"Marc Demoulin","twitter_card":"summary_large_image","twitter_description":"Lynk &amp; Co, la marque globale de mobilit\u00e9, a retenu ALD Automotive, le leader de leasing de v\u00e9hicules en Europe, en tant que partenaire pr\u00e9f\u00e9rentiel\u2026","twitter_misc":{"\u00c9crit par":"Marc Demoulin","Dur\u00e9e de lecture estim\u00e9e":"1 minute"},"schema":{"@context":"https:\/\/schema.org","@graph":[{"@type":"Article","@id":"https:\/\/www.link2fleet.com\/fr\/lynk-co-selectionne-ald-automotive\/#article","isPartOf":{"@id":"https:\/\/www.link2fleet.com\/fr\/lynk-co-selectionne-ald-automotive\/"},"author":{"name":"Marc Demoulin","@id":"https:\/\/www.link2fleet.com\/fr\/#\/schema\/person\/be5c57fc3d8ec765f7f536ffa2d67457"},"headline":"Lynk &amp; Co s\u00e9lectionne ALD Automotive","datePublished":"2021-04-13T12:01:42+00:00","dateModified":"2024-04-17T14:49:54+00:00","mainEntityOfPage":{"@id":"https:\/\/www.link2fleet.com\/fr\/lynk-co-selectionne-ald-automotive\/"},"wordCount":199,"publisher":{"@id":"https:\/\/www.link2fleet.com\/fr\/#organization"},"image":{"@id":"https:\/\/www.link2fleet.com\/fr\/lynk-co-selectionne-ald-automotive\/#primaryimage"},"thumbnailUrl":"https:\/\/static.link2fleet.com\/wp-content\/uploads\/2024\/03\/lynk-co-scaled-1.jpeg","articleSection":["Gestion de flotte","Importateurs et constructeurs","Location long-terme","V\u00e9hicules"],"inLanguage":"fr-FR"},{"@type":"WebPage","@id":"https:\/\/www.link2fleet.com\/fr\/lynk-co-selectionne-ald-automotive\/","url":"https:\/\/www.link2fleet.com\/fr\/lynk-co-selectionne-ald-automotive\/","name":"Lynk &amp; Co s\u00e9lectionne ALD Automotive - link2fleet","isPartOf":{"@id":"https:\/\/www.link2fleet.com\/fr\/#website"},"primaryImageOfPage":{"@id":"https:\/\/www.link2fleet.com\/fr\/lynk-co-selectionne-ald-automotive\/#primaryimage"},"image":{"@id":"https:\/\/www.link2fleet.com\/fr\/lynk-co-selectionne-ald-automotive\/#primaryimage"},"thumbnailUrl":"https:\/\/static.link2fleet.com\/wp-content\/uploads\/2024\/03\/lynk-co-scaled-1.jpeg","datePublished":"2021-04-13T12:01:42+00:00","dateModified":"2024-04-17T14:49:54+00:00","breadcrumb":{"@id":"https:\/\/www.link2fleet.com\/fr\/lynk-co-selectionne-ald-automotive\/#breadcrumb"},"inLanguage":"fr-FR","potentialAction":[{"@type":"ReadAction","target":["https:\/\/www.link2fleet.com\/fr\/lynk-co-selectionne-ald-automotive\/"]}]},{"@type":"ImageObject","inLanguage":"fr-FR","@id":"https:\/\/www.link2fleet.com\/fr\/lynk-co-selectionne-ald-automotive\/#primaryimage","url":"https:\/\/static.link2fleet.com\/wp-content\/uploads\/2024\/03\/lynk-co-scaled-1.jpeg","contentUrl":"https:\/\/static.link2fleet.com\/wp-content\/uploads\/2024\/03\/lynk-co-scaled-1.jpeg","width":2560,"height":1706,"caption":"Lynk &amp; Co a choisi ALD Automotive comme partenaire pr\u00e9f\u00e9rentiel pour les services de location longue dur\u00e9e."},{"@type":"BreadcrumbList","@id":"https:\/\/www.link2fleet.com\/fr\/lynk-co-selectionne-ald-automotive\/#breadcrumb","itemListElement":[{"@type":"ListItem","position":1,"name":"Home","item":"https:\/\/www.link2fleet.com\/fr\/"},{"@type":"ListItem","position":2,"name":"Lynk &amp; Co s\u00e9lectionne ALD Automotive"}]},{"@type":"WebSite","@id":"https:\/\/www.link2fleet.com\/fr\/#website","url":"https:\/\/www.link2fleet.com\/fr\/","name":"Link2fleet","description":"","publisher":{"@id":"https:\/\/www.link2fleet.com\/fr\/#organization"},"potentialAction":[{"@type":"SearchAction","target":{"@type":"EntryPoint","urlTemplate":"https:\/\/www.link2fleet.com\/fr\/?s={search_term_string}"},"query-input":{"@type":"PropertyValueSpecification","valueRequired":true,"valueName":"search_term_string"}}],"inLanguage":"fr-FR"},{"@type":"Organization","@id":"https:\/\/www.link2fleet.com\/fr\/#organization","name":"Link2fleet","url":"https:\/\/www.link2fleet.com\/fr\/","logo":{"@type":"ImageObject","inLanguage":"fr-FR","@id":"https:\/\/www.link2fleet.com\/fr\/#\/schema\/logo\/image\/","url":"https:\/\/static.link2fleet.com\/wp-content\/uploads\/2024\/03\/share-image.jpg","contentUrl":"https:\/\/static.link2fleet.com\/wp-content\/uploads\/2024\/03\/share-image.jpg","width":1200,"height":630,"caption":"Link2fleet"},"image":{"@id":"https:\/\/www.link2fleet.com\/fr\/#\/schema\/logo\/image\/"},"sameAs":["https:\/\/www.linkedin.com\/company\/link2fleet-belgium","https:\/\/www.youtube.com\/user\/MMMBMBE"]},{"@type":"Person","@id":"https:\/\/www.link2fleet.com\/fr\/#\/schema\/person\/be5c57fc3d8ec765f7f536ffa2d67457","name":"Marc Demoulin","image":{"@type":"ImageObject","inLanguage":"fr-FR","@id":"https:\/\/secure.gravatar.com\/avatar\/a87df2253d2615844817d0a7f244258741572a74e0c35a309fca2badab9f30e7?s=96&d=mm&r=g","url":"https:\/\/secure.gravatar.com\/avatar\/a87df2253d2615844817d0a7f244258741572a74e0c35a309fca2badab9f30e7?s=96&d=mm&r=g","contentUrl":"https:\/\/secure.gravatar.com\/avatar\/a87df2253d2615844817d0a7f244258741572a74e0c35a309fca2badab9f30e7?s=96&d=mm&r=g","caption":"Marc Demoulin"}}]}},"_links":{"self":[{"href":"https:\/\/www.link2fleet.com\/fr\/wp-json\/wp\/v2\/posts\/4171","targetHints":{"allow":["GET"]}}],"collection":[{"href":"https:\/\/www.link2fleet.com\/fr\/wp-json\/wp\/v2\/posts"}],"about":[{"href":"https:\/\/www.link2fleet.com\/fr\/wp-json\/wp\/v2\/types\/post"}],"author":[{"embeddable":true,"href":"https:\/\/www.link2fleet.com\/fr\/wp-json\/wp\/v2\/users\/19"}],"replies":[{"embeddable":true,"href":"https:\/\/www.link2fleet.com\/fr\/wp-json\/wp\/v2\/comments?post=4171"}],"version-history":[{"count":0,"href":"https:\/\/www.link2fleet.com\/fr\/wp-json\/wp\/v2\/posts\/4171\/revisions"}],"wp:featuredmedia":[{"embeddable":true,"href":"https:\/\/www.link2fleet.com\/fr\/wp-json\/wp\/v2\/media\/4172"}],"wp:attachment":[{"href":"https:\/\/www.link2fleet.com\/fr\/wp-json\/wp\/v2\/media?parent=4171"}],"wp:term":[{"taxonomy":"category","embeddable":true,"href":"https:\/\/www.link2fleet.com\/fr\/wp-json\/wp\/v2\/categories?post=4171"},{"taxonomy":"post_tag","embeddable":true,"href":"https:\/\/www.link2fleet.com\/fr\/wp-json\/wp\/v2\/tags?post=4171"}],"curies":[{"name":"wp","href":"https:\/\/api.w.org\/{rel}","templated":true}]}}