{"id":41889,"date":"2025-04-30T11:32:48","date_gmt":"2025-04-30T09:32:48","guid":{"rendered":"https:\/\/www.link2fleet.com\/omoda-en-jaecoo-twee-nieuwe-modellen\/"},"modified":"2025-04-30T11:43:51","modified_gmt":"2025-04-30T09:43:51","slug":"omoda-et-jaecoo-deux-nouveaux-modeles-ajoutes-a-la-gamme","status":"publish","type":"post","link":"https:\/\/www.link2fleet.com\/fr\/omoda-et-jaecoo-deux-nouveaux-modeles-ajoutes-a-la-gamme\/","title":{"rendered":"Omoda et Jaecoo: deux nouveaux mod\u00e8les ajout\u00e9s \u00e0 la gamme"},"content":{"rendered":"","protected":false},"excerpt":{"rendered":"","protected":false},"author":49,"featured_media":41876,"comment_status":"closed","ping_status":"closed","sticky":false,"template":"","format":"standard","meta":{"_acf_changed":false,"footnotes":""},"categories":[135,76],"tags":[],"class_list":["post-41889","post","type-post","status-publish","format-standard","has-post-thumbnail","hentry","category-news-fr","category-car"],"acf":[],"yoast_head":"<!-- This site is optimized with the Yoast SEO plugin v27.3 - https:\/\/yoast.com\/product\/yoast-seo-wordpress\/ -->\n<title>Omoda et Jaecoo: deux nouveaux mod\u00e8les ajout\u00e9s \u00e0 la gamme - link2fleet<\/title>\n<meta name=\"description\" content=\"Lors du salon de Shanghai, \u00a0le groupe chinois Omoda | Jaecoo a d\u00e9voil\u00e9 deux nouveaux mod\u00e8les, qui arriveront aussi prochainement sur le march\u00e9 belge: l&rsquo;Omoda\u2026\" \/>\n<meta name=\"robots\" content=\"index, follow, max-snippet:-1, max-image-preview:large, max-video-preview:-1\" \/>\n<meta property=\"og:locale\" content=\"fr_FR\" \/>\n<meta property=\"og:type\" content=\"article\" \/>\n<meta property=\"og:title\" content=\"Omoda et Jaecoo: deux nouveaux mod\u00e8les ajout\u00e9s \u00e0 la gamme - link2fleet\" \/>\n<meta property=\"og:description\" content=\"Lors du salon de Shanghai, \u00a0le groupe chinois Omoda | Jaecoo a d\u00e9voil\u00e9 deux nouveaux mod\u00e8les, qui arriveront aussi prochainement sur le march\u00e9 belge: l&rsquo;Omoda\u2026\" \/>\n<meta property=\"og:url\" content=\"https:\/\/www.link2fleet.com\/omoda-en-jaecoo-twee-nieuwe-modellen\/\" \/>\n<meta property=\"og:site_name\" content=\"link2fleet\" \/>\n<meta property=\"article:published_time\" content=\"2025-04-30T09:32:48+00:00\" \/>\n<meta property=\"article:modified_time\" content=\"2025-04-30T09:43:51+00:00\" \/>\n<meta property=\"og:image\" content=\"https:\/\/static.link2fleet.com\/wp-content\/uploads\/2025\/04\/20250423-133137-1024x576.jpg\" \/>\n\t<meta property=\"og:image:width\" content=\"1024\" \/>\n\t<meta property=\"og:image:height\" content=\"576\" \/>\n\t<meta property=\"og:image:type\" content=\"image\/jpeg\" \/>\n<meta name=\"author\" content=\"Kevin Kersemans\" \/>\n<meta name=\"twitter:card\" content=\"summary_large_image\" \/>\n<meta name=\"twitter:description\" content=\"Lors du salon de Shanghai, \u00a0le groupe chinois Omoda | Jaecoo a d\u00e9voil\u00e9 deux nouveaux mod\u00e8les, qui arriveront aussi prochainement sur le march\u00e9 belge: l&rsquo;Omoda\u2026\" \/>\n<meta name=\"twitter:label1\" content=\"\u00c9crit par\" \/>\n\t<meta name=\"twitter:data1\" content=\"Kevin Kersemans\" \/>\n\t<meta name=\"twitter:label2\" content=\"Dur\u00e9e de lecture estim\u00e9e\" \/>\n\t<meta name=\"twitter:data2\" content=\"2 minutes\" \/>\n<script type=\"application\/ld+json\" class=\"yoast-schema-graph\">{\"@context\":\"https:\\\/\\\/schema.org\",\"@graph\":[{\"@type\":\"Article\",\"@id\":\"https:\\\/\\\/www.link2fleet.com\\\/omoda-en-jaecoo-twee-nieuwe-modellen\\\/#article\",\"isPartOf\":{\"@id\":\"https:\\\/\\\/www.link2fleet.com\\\/omoda-en-jaecoo-twee-nieuwe-modellen\\\/\"},\"author\":{\"name\":\"Kevin Kersemans\",\"@id\":\"https:\\\/\\\/www.link2fleet.com\\\/fr\\\/#\\\/schema\\\/person\\\/877bc89c32c65772066cb11fe1e67bbf\"},\"headline\":\"Omoda et Jaecoo: deux nouveaux mod\u00e8les ajout\u00e9s \u00e0 la gamme\",\"datePublished\":\"2025-04-30T09:32:48+00:00\",\"dateModified\":\"2025-04-30T09:43:51+00:00\",\"mainEntityOfPage\":{\"@id\":\"https:\\\/\\\/www.link2fleet.com\\\/omoda-en-jaecoo-twee-nieuwe-modellen\\\/\"},\"wordCount\":11,\"publisher\":{\"@id\":\"https:\\\/\\\/www.link2fleet.com\\\/fr\\\/#organization\"},\"image\":{\"@id\":\"https:\\\/\\\/www.link2fleet.com\\\/omoda-en-jaecoo-twee-nieuwe-modellen\\\/#primaryimage\"},\"thumbnailUrl\":\"https:\\\/\\\/static.link2fleet.com\\\/wp-content\\\/uploads\\\/2025\\\/04\\\/20250423-133137.jpg\",\"articleSection\":[\"Actus\",\"V\u00e9hicules\"],\"inLanguage\":\"fr-FR\"},{\"@type\":\"WebPage\",\"@id\":\"https:\\\/\\\/www.link2fleet.com\\\/omoda-en-jaecoo-twee-nieuwe-modellen\\\/\",\"url\":\"https:\\\/\\\/www.link2fleet.com\\\/omoda-en-jaecoo-twee-nieuwe-modellen\\\/\",\"name\":\"Omoda et Jaecoo: deux nouveaux mod\u00e8les ajout\u00e9s \u00e0 la gamme - link2fleet\",\"isPartOf\":{\"@id\":\"https:\\\/\\\/www.link2fleet.com\\\/fr\\\/#website\"},\"primaryImageOfPage\":{\"@id\":\"https:\\\/\\\/www.link2fleet.com\\\/omoda-en-jaecoo-twee-nieuwe-modellen\\\/#primaryimage\"},\"image\":{\"@id\":\"https:\\\/\\\/www.link2fleet.com\\\/omoda-en-jaecoo-twee-nieuwe-modellen\\\/#primaryimage\"},\"thumbnailUrl\":\"https:\\\/\\\/static.link2fleet.com\\\/wp-content\\\/uploads\\\/2025\\\/04\\\/20250423-133137.jpg\",\"datePublished\":\"2025-04-30T09:32:48+00:00\",\"dateModified\":\"2025-04-30T09:43:51+00:00\",\"description\":\"Op het salon van Shanghai heeft het Chinese Omoda | Jaecoo twee nieuwe modellen onthuld, die ook naar de Belgische markt zullen komen: de plug-inhybride Omoda C7 SHS en de volledig elektrische Jaecoo 5 BEV.\",\"breadcrumb\":{\"@id\":\"https:\\\/\\\/www.link2fleet.com\\\/omoda-en-jaecoo-twee-nieuwe-modellen\\\/#breadcrumb\"},\"inLanguage\":\"fr-FR\",\"potentialAction\":[{\"@type\":\"ReadAction\",\"target\":[\"https:\\\/\\\/www.link2fleet.com\\\/omoda-en-jaecoo-twee-nieuwe-modellen\\\/\"]}]},{\"@type\":\"ImageObject\",\"inLanguage\":\"fr-FR\",\"@id\":\"https:\\\/\\\/www.link2fleet.com\\\/omoda-en-jaecoo-twee-nieuwe-modellen\\\/#primaryimage\",\"url\":\"https:\\\/\\\/static.link2fleet.com\\\/wp-content\\\/uploads\\\/2025\\\/04\\\/20250423-133137.jpg\",\"contentUrl\":\"https:\\\/\\\/static.link2fleet.com\\\/wp-content\\\/uploads\\\/2025\\\/04\\\/20250423-133137.jpg\",\"width\":1920,\"height\":1080},{\"@type\":\"BreadcrumbList\",\"@id\":\"https:\\\/\\\/www.link2fleet.com\\\/omoda-en-jaecoo-twee-nieuwe-modellen\\\/#breadcrumb\",\"itemListElement\":[{\"@type\":\"ListItem\",\"position\":1,\"name\":\"Home\",\"item\":\"https:\\\/\\\/www.link2fleet.com\\\/fr\\\/\"},{\"@type\":\"ListItem\",\"position\":2,\"name\":\"Omoda et Jaecoo: deux nouveaux mod\u00e8les ajout\u00e9s \u00e0 la gamme\"}]},{\"@type\":\"WebSite\",\"@id\":\"https:\\\/\\\/www.link2fleet.com\\\/fr\\\/#website\",\"url\":\"https:\\\/\\\/www.link2fleet.com\\\/fr\\\/\",\"name\":\"Link2fleet\",\"description\":\"\",\"publisher\":{\"@id\":\"https:\\\/\\\/www.link2fleet.com\\\/fr\\\/#organization\"},\"potentialAction\":[{\"@type\":\"SearchAction\",\"target\":{\"@type\":\"EntryPoint\",\"urlTemplate\":\"https:\\\/\\\/www.link2fleet.com\\\/fr\\\/?s={search_term_string}\"},\"query-input\":{\"@type\":\"PropertyValueSpecification\",\"valueRequired\":true,\"valueName\":\"search_term_string\"}}],\"inLanguage\":\"fr-FR\"},{\"@type\":\"Organization\",\"@id\":\"https:\\\/\\\/www.link2fleet.com\\\/fr\\\/#organization\",\"name\":\"Link2fleet\",\"url\":\"https:\\\/\\\/www.link2fleet.com\\\/fr\\\/\",\"logo\":{\"@type\":\"ImageObject\",\"inLanguage\":\"fr-FR\",\"@id\":\"https:\\\/\\\/www.link2fleet.com\\\/fr\\\/#\\\/schema\\\/logo\\\/image\\\/\",\"url\":\"https:\\\/\\\/static.link2fleet.com\\\/wp-content\\\/uploads\\\/2024\\\/03\\\/share-image.jpg\",\"contentUrl\":\"https:\\\/\\\/static.link2fleet.com\\\/wp-content\\\/uploads\\\/2024\\\/03\\\/share-image.jpg\",\"width\":1200,\"height\":630,\"caption\":\"Link2fleet\"},\"image\":{\"@id\":\"https:\\\/\\\/www.link2fleet.com\\\/fr\\\/#\\\/schema\\\/logo\\\/image\\\/\"},\"sameAs\":[\"https:\\\/\\\/www.linkedin.com\\\/company\\\/link2fleet-belgium\",\"https:\\\/\\\/www.youtube.com\\\/user\\\/MMMBMBE\"]},{\"@type\":\"Person\",\"@id\":\"https:\\\/\\\/www.link2fleet.com\\\/fr\\\/#\\\/schema\\\/person\\\/877bc89c32c65772066cb11fe1e67bbf\",\"name\":\"Kevin Kersemans\",\"image\":{\"@type\":\"ImageObject\",\"inLanguage\":\"fr-FR\",\"@id\":\"https:\\\/\\\/secure.gravatar.com\\\/avatar\\\/b12f7d0f252688f677f4c181b6df65bf86880634bfcef3be42c82efcdb33d654?s=96&d=mm&r=g\",\"url\":\"https:\\\/\\\/secure.gravatar.com\\\/avatar\\\/b12f7d0f252688f677f4c181b6df65bf86880634bfcef3be42c82efcdb33d654?s=96&d=mm&r=g\",\"contentUrl\":\"https:\\\/\\\/secure.gravatar.com\\\/avatar\\\/b12f7d0f252688f677f4c181b6df65bf86880634bfcef3be42c82efcdb33d654?s=96&d=mm&r=g\",\"caption\":\"Kevin Kersemans\"},\"description\":\"Kevin Kersemans is autojournalist met al enkele decennia ervaring op de teller. Zijn passie voor auto's en alles op wielen heeft hij al van kindsbeen af. Voor link2fleet volgt hij vooral de auto-actualiteit en test hij nieuwe modellen.\"}]}<\/script>\n<!-- \/ Yoast SEO plugin. -->","yoast_head_json":{"title":"Omoda et Jaecoo: deux nouveaux mod\u00e8les ajout\u00e9s \u00e0 la gamme - link2fleet","description":"Lors du salon de Shanghai, \u00a0le groupe chinois Omoda | Jaecoo a d\u00e9voil\u00e9 deux nouveaux mod\u00e8les, qui arriveront aussi prochainement sur le march\u00e9 belge: l&rsquo;Omoda\u2026","robots":{"index":"index","follow":"follow","max-snippet":"max-snippet:-1","max-image-preview":"max-image-preview:large","max-video-preview":"max-video-preview:-1"},"og_locale":"fr_FR","og_type":"article","og_title":"Omoda et Jaecoo: deux nouveaux mod\u00e8les ajout\u00e9s \u00e0 la gamme - link2fleet","og_description":"Lors du salon de Shanghai, \u00a0le groupe chinois Omoda | Jaecoo a d\u00e9voil\u00e9 deux nouveaux mod\u00e8les, qui arriveront aussi prochainement sur le march\u00e9 belge: l&rsquo;Omoda\u2026","og_url":"https:\/\/www.link2fleet.com\/omoda-en-jaecoo-twee-nieuwe-modellen\/","og_site_name":"link2fleet","article_published_time":"2025-04-30T09:32:48+00:00","article_modified_time":"2025-04-30T09:43:51+00:00","og_image":[{"width":1024,"height":576,"url":"https:\/\/static.link2fleet.com\/wp-content\/uploads\/2025\/04\/20250423-133137-1024x576.jpg","type":"image\/jpeg"}],"author":"Kevin Kersemans","twitter_card":"summary_large_image","twitter_description":"Lors du salon de Shanghai, \u00a0le groupe chinois Omoda | Jaecoo a d\u00e9voil\u00e9 deux nouveaux mod\u00e8les, qui arriveront aussi prochainement sur le march\u00e9 belge: l&rsquo;Omoda\u2026","twitter_misc":{"\u00c9crit par":"Kevin Kersemans","Dur\u00e9e de lecture estim\u00e9e":"2 minutes"},"schema":{"@context":"https:\/\/schema.org","@graph":[{"@type":"Article","@id":"https:\/\/www.link2fleet.com\/omoda-en-jaecoo-twee-nieuwe-modellen\/#article","isPartOf":{"@id":"https:\/\/www.link2fleet.com\/omoda-en-jaecoo-twee-nieuwe-modellen\/"},"author":{"name":"Kevin Kersemans","@id":"https:\/\/www.link2fleet.com\/fr\/#\/schema\/person\/877bc89c32c65772066cb11fe1e67bbf"},"headline":"Omoda et Jaecoo: deux nouveaux mod\u00e8les ajout\u00e9s \u00e0 la gamme","datePublished":"2025-04-30T09:32:48+00:00","dateModified":"2025-04-30T09:43:51+00:00","mainEntityOfPage":{"@id":"https:\/\/www.link2fleet.com\/omoda-en-jaecoo-twee-nieuwe-modellen\/"},"wordCount":11,"publisher":{"@id":"https:\/\/www.link2fleet.com\/fr\/#organization"},"image":{"@id":"https:\/\/www.link2fleet.com\/omoda-en-jaecoo-twee-nieuwe-modellen\/#primaryimage"},"thumbnailUrl":"https:\/\/static.link2fleet.com\/wp-content\/uploads\/2025\/04\/20250423-133137.jpg","articleSection":["Actus","V\u00e9hicules"],"inLanguage":"fr-FR"},{"@type":"WebPage","@id":"https:\/\/www.link2fleet.com\/omoda-en-jaecoo-twee-nieuwe-modellen\/","url":"https:\/\/www.link2fleet.com\/omoda-en-jaecoo-twee-nieuwe-modellen\/","name":"Omoda et Jaecoo: deux nouveaux mod\u00e8les ajout\u00e9s \u00e0 la gamme - link2fleet","isPartOf":{"@id":"https:\/\/www.link2fleet.com\/fr\/#website"},"primaryImageOfPage":{"@id":"https:\/\/www.link2fleet.com\/omoda-en-jaecoo-twee-nieuwe-modellen\/#primaryimage"},"image":{"@id":"https:\/\/www.link2fleet.com\/omoda-en-jaecoo-twee-nieuwe-modellen\/#primaryimage"},"thumbnailUrl":"https:\/\/static.link2fleet.com\/wp-content\/uploads\/2025\/04\/20250423-133137.jpg","datePublished":"2025-04-30T09:32:48+00:00","dateModified":"2025-04-30T09:43:51+00:00","description":"Op het salon van Shanghai heeft het Chinese Omoda | Jaecoo twee nieuwe modellen onthuld, die ook naar de Belgische markt zullen komen: de plug-inhybride Omoda C7 SHS en de volledig elektrische Jaecoo 5 BEV.","breadcrumb":{"@id":"https:\/\/www.link2fleet.com\/omoda-en-jaecoo-twee-nieuwe-modellen\/#breadcrumb"},"inLanguage":"fr-FR","potentialAction":[{"@type":"ReadAction","target":["https:\/\/www.link2fleet.com\/omoda-en-jaecoo-twee-nieuwe-modellen\/"]}]},{"@type":"ImageObject","inLanguage":"fr-FR","@id":"https:\/\/www.link2fleet.com\/omoda-en-jaecoo-twee-nieuwe-modellen\/#primaryimage","url":"https:\/\/static.link2fleet.com\/wp-content\/uploads\/2025\/04\/20250423-133137.jpg","contentUrl":"https:\/\/static.link2fleet.com\/wp-content\/uploads\/2025\/04\/20250423-133137.jpg","width":1920,"height":1080},{"@type":"BreadcrumbList","@id":"https:\/\/www.link2fleet.com\/omoda-en-jaecoo-twee-nieuwe-modellen\/#breadcrumb","itemListElement":[{"@type":"ListItem","position":1,"name":"Home","item":"https:\/\/www.link2fleet.com\/fr\/"},{"@type":"ListItem","position":2,"name":"Omoda et Jaecoo: deux nouveaux mod\u00e8les ajout\u00e9s \u00e0 la gamme"}]},{"@type":"WebSite","@id":"https:\/\/www.link2fleet.com\/fr\/#website","url":"https:\/\/www.link2fleet.com\/fr\/","name":"Link2fleet","description":"","publisher":{"@id":"https:\/\/www.link2fleet.com\/fr\/#organization"},"potentialAction":[{"@type":"SearchAction","target":{"@type":"EntryPoint","urlTemplate":"https:\/\/www.link2fleet.com\/fr\/?s={search_term_string}"},"query-input":{"@type":"PropertyValueSpecification","valueRequired":true,"valueName":"search_term_string"}}],"inLanguage":"fr-FR"},{"@type":"Organization","@id":"https:\/\/www.link2fleet.com\/fr\/#organization","name":"Link2fleet","url":"https:\/\/www.link2fleet.com\/fr\/","logo":{"@type":"ImageObject","inLanguage":"fr-FR","@id":"https:\/\/www.link2fleet.com\/fr\/#\/schema\/logo\/image\/","url":"https:\/\/static.link2fleet.com\/wp-content\/uploads\/2024\/03\/share-image.jpg","contentUrl":"https:\/\/static.link2fleet.com\/wp-content\/uploads\/2024\/03\/share-image.jpg","width":1200,"height":630,"caption":"Link2fleet"},"image":{"@id":"https:\/\/www.link2fleet.com\/fr\/#\/schema\/logo\/image\/"},"sameAs":["https:\/\/www.linkedin.com\/company\/link2fleet-belgium","https:\/\/www.youtube.com\/user\/MMMBMBE"]},{"@type":"Person","@id":"https:\/\/www.link2fleet.com\/fr\/#\/schema\/person\/877bc89c32c65772066cb11fe1e67bbf","name":"Kevin Kersemans","image":{"@type":"ImageObject","inLanguage":"fr-FR","@id":"https:\/\/secure.gravatar.com\/avatar\/b12f7d0f252688f677f4c181b6df65bf86880634bfcef3be42c82efcdb33d654?s=96&d=mm&r=g","url":"https:\/\/secure.gravatar.com\/avatar\/b12f7d0f252688f677f4c181b6df65bf86880634bfcef3be42c82efcdb33d654?s=96&d=mm&r=g","contentUrl":"https:\/\/secure.gravatar.com\/avatar\/b12f7d0f252688f677f4c181b6df65bf86880634bfcef3be42c82efcdb33d654?s=96&d=mm&r=g","caption":"Kevin Kersemans"},"description":"Kevin Kersemans is autojournalist met al enkele decennia ervaring op de teller. Zijn passie voor auto's en alles op wielen heeft hij al van kindsbeen af. Voor link2fleet volgt hij vooral de auto-actualiteit en test hij nieuwe modellen."}]}},"_links":{"self":[{"href":"https:\/\/www.link2fleet.com\/fr\/wp-json\/wp\/v2\/posts\/41889","targetHints":{"allow":["GET"]}}],"collection":[{"href":"https:\/\/www.link2fleet.com\/fr\/wp-json\/wp\/v2\/posts"}],"about":[{"href":"https:\/\/www.link2fleet.com\/fr\/wp-json\/wp\/v2\/types\/post"}],"author":[{"embeddable":true,"href":"https:\/\/www.link2fleet.com\/fr\/wp-json\/wp\/v2\/users\/49"}],"replies":[{"embeddable":true,"href":"https:\/\/www.link2fleet.com\/fr\/wp-json\/wp\/v2\/comments?post=41889"}],"version-history":[{"count":3,"href":"https:\/\/www.link2fleet.com\/fr\/wp-json\/wp\/v2\/posts\/41889\/revisions"}],"predecessor-version":[{"id":41892,"href":"https:\/\/www.link2fleet.com\/fr\/wp-json\/wp\/v2\/posts\/41889\/revisions\/41892"}],"wp:featuredmedia":[{"embeddable":true,"href":"https:\/\/www.link2fleet.com\/fr\/wp-json\/wp\/v2\/media\/41876"}],"wp:attachment":[{"href":"https:\/\/www.link2fleet.com\/fr\/wp-json\/wp\/v2\/media?parent=41889"}],"wp:term":[{"taxonomy":"category","embeddable":true,"href":"https:\/\/www.link2fleet.com\/fr\/wp-json\/wp\/v2\/categories?post=41889"},{"taxonomy":"post_tag","embeddable":true,"href":"https:\/\/www.link2fleet.com\/fr\/wp-json\/wp\/v2\/tags?post=41889"}],"curies":[{"name":"wp","href":"https:\/\/api.w.org\/{rel}","templated":true}]}}