{"id":42102,"date":"2025-05-07T12:04:43","date_gmt":"2025-05-07T10:04:43","guid":{"rendered":"https:\/\/www.link2fleet.com\/omoda-9-shs-plug-inhybride-met-elektrisch-rijbereik-van-145-km-komt-naar-belgie\/"},"modified":"2025-05-07T14:07:56","modified_gmt":"2025-05-07T12:07:56","slug":"omoda-9-shs-ce-phev-avec-autonomie-electrique-de-145-km-arrive-en-belgique","status":"publish","type":"post","link":"https:\/\/www.link2fleet.com\/fr\/omoda-9-shs-ce-phev-avec-autonomie-electrique-de-145-km-arrive-en-belgique\/","title":{"rendered":"Omoda 9 SHS : ce PHEV avec autonomie \u00e9lectrique de 145 km arrive en Belgique"},"content":{"rendered":"","protected":false},"excerpt":{"rendered":"","protected":false},"author":49,"featured_media":42080,"comment_status":"closed","ping_status":"closed","sticky":false,"template":"","format":"standard","meta":{"_acf_changed":false,"footnotes":""},"categories":[135,76],"tags":[],"class_list":["post-42102","post","type-post","status-publish","format-standard","has-post-thumbnail","hentry","category-news-fr","category-car"],"acf":[],"yoast_head":"<!-- This site is optimized with the Yoast SEO plugin v27.3 - https:\/\/yoast.com\/product\/yoast-seo-wordpress\/ -->\n<title>Omoda 9 SHS : ce PHEV avec autonomie \u00e9lectrique de 145 km arrive en Belgique - link2fleet<\/title>\n<meta name=\"description\" content=\"En juin, la marque Omoda &amp; Jaecoo \u00e9largira sa gamme dans notre pays avec l&rsquo;Omoda 9 SHS. Il s&rsquo;agit d&rsquo;un PHEV de 4,77 m de\u2026\" \/>\n<meta name=\"robots\" content=\"index, follow, max-snippet:-1, max-image-preview:large, max-video-preview:-1\" \/>\n<meta property=\"og:locale\" content=\"fr_FR\" \/>\n<meta property=\"og:type\" content=\"article\" \/>\n<meta property=\"og:title\" content=\"Omoda 9 SHS : ce PHEV avec autonomie \u00e9lectrique de 145 km arrive en Belgique - link2fleet\" \/>\n<meta property=\"og:description\" content=\"En juin, la marque Omoda &amp; Jaecoo \u00e9largira sa gamme dans notre pays avec l&rsquo;Omoda 9 SHS. Il s&rsquo;agit d&rsquo;un PHEV de 4,77 m de\u2026\" \/>\n<meta property=\"og:url\" content=\"https:\/\/www.link2fleet.com\/omoda-9-shs-plug-inhybride-met-elektrisch-rijbereik-van-145-km-komt-naar-belgie\/\" \/>\n<meta property=\"og:site_name\" content=\"link2fleet\" \/>\n<meta property=\"article:published_time\" content=\"2025-05-07T10:04:43+00:00\" \/>\n<meta property=\"article:modified_time\" content=\"2025-05-07T12:07:56+00:00\" \/>\n<meta property=\"og:image\" content=\"https:\/\/static.link2fleet.com\/wp-content\/uploads\/2025\/05\/omoda-9-3.jpg\" \/>\n\t<meta property=\"og:image:width\" content=\"1200\" \/>\n\t<meta property=\"og:image:height\" content=\"675\" \/>\n\t<meta property=\"og:image:type\" content=\"image\/jpeg\" \/>\n<meta name=\"author\" content=\"Kevin Kersemans\" \/>\n<meta name=\"twitter:card\" content=\"summary_large_image\" \/>\n<meta name=\"twitter:description\" content=\"En juin, la marque Omoda &amp; Jaecoo \u00e9largira sa gamme dans notre pays avec l&rsquo;Omoda 9 SHS. Il s&rsquo;agit d&rsquo;un PHEV de 4,77 m de\u2026\" \/>\n<meta name=\"twitter:label1\" content=\"\u00c9crit par\" \/>\n\t<meta name=\"twitter:data1\" content=\"Kevin Kersemans\" \/>\n\t<meta name=\"twitter:label2\" content=\"Dur\u00e9e de lecture estim\u00e9e\" \/>\n\t<meta name=\"twitter:data2\" content=\"3 minutes\" \/>\n<script type=\"application\/ld+json\" class=\"yoast-schema-graph\">{\"@context\":\"https:\\\/\\\/schema.org\",\"@graph\":[{\"@type\":\"Article\",\"@id\":\"https:\\\/\\\/www.link2fleet.com\\\/omoda-9-shs-plug-inhybride-met-elektrisch-rijbereik-van-145-km-komt-naar-belgie\\\/#article\",\"isPartOf\":{\"@id\":\"https:\\\/\\\/www.link2fleet.com\\\/omoda-9-shs-plug-inhybride-met-elektrisch-rijbereik-van-145-km-komt-naar-belgie\\\/\"},\"author\":{\"name\":\"Kevin Kersemans\",\"@id\":\"https:\\\/\\\/www.link2fleet.com\\\/fr\\\/#\\\/schema\\\/person\\\/877bc89c32c65772066cb11fe1e67bbf\"},\"headline\":\"Omoda 9 SHS : ce PHEV avec autonomie \u00e9lectrique de 145 km arrive en Belgique\",\"datePublished\":\"2025-05-07T10:04:43+00:00\",\"dateModified\":\"2025-05-07T12:07:56+00:00\",\"mainEntityOfPage\":{\"@id\":\"https:\\\/\\\/www.link2fleet.com\\\/omoda-9-shs-plug-inhybride-met-elektrisch-rijbereik-van-145-km-komt-naar-belgie\\\/\"},\"wordCount\":12,\"publisher\":{\"@id\":\"https:\\\/\\\/www.link2fleet.com\\\/fr\\\/#organization\"},\"image\":{\"@id\":\"https:\\\/\\\/www.link2fleet.com\\\/omoda-9-shs-plug-inhybride-met-elektrisch-rijbereik-van-145-km-komt-naar-belgie\\\/#primaryimage\"},\"thumbnailUrl\":\"https:\\\/\\\/static.link2fleet.com\\\/wp-content\\\/uploads\\\/2025\\\/05\\\/omoda-9-3.jpg\",\"articleSection\":[\"Actus\",\"V\u00e9hicules\"],\"inLanguage\":\"fr-FR\"},{\"@type\":\"WebPage\",\"@id\":\"https:\\\/\\\/www.link2fleet.com\\\/omoda-9-shs-plug-inhybride-met-elektrisch-rijbereik-van-145-km-komt-naar-belgie\\\/\",\"url\":\"https:\\\/\\\/www.link2fleet.com\\\/omoda-9-shs-plug-inhybride-met-elektrisch-rijbereik-van-145-km-komt-naar-belgie\\\/\",\"name\":\"Omoda 9 SHS : ce PHEV avec autonomie \u00e9lectrique de 145 km arrive en Belgique - link2fleet\",\"isPartOf\":{\"@id\":\"https:\\\/\\\/www.link2fleet.com\\\/fr\\\/#website\"},\"primaryImageOfPage\":{\"@id\":\"https:\\\/\\\/www.link2fleet.com\\\/omoda-9-shs-plug-inhybride-met-elektrisch-rijbereik-van-145-km-komt-naar-belgie\\\/#primaryimage\"},\"image\":{\"@id\":\"https:\\\/\\\/www.link2fleet.com\\\/omoda-9-shs-plug-inhybride-met-elektrisch-rijbereik-van-145-km-komt-naar-belgie\\\/#primaryimage\"},\"thumbnailUrl\":\"https:\\\/\\\/static.link2fleet.com\\\/wp-content\\\/uploads\\\/2025\\\/05\\\/omoda-9-3.jpg\",\"datePublished\":\"2025-05-07T10:04:43+00:00\",\"dateModified\":\"2025-05-07T12:07:56+00:00\",\"description\":\"En juin, la marque Omoda & Jaecoo \u00e9largira sa gamme dans notre pays avec l'Omoda 9 SHS. Il s'agit d'un PHEV de 4,77 m de long.\",\"breadcrumb\":{\"@id\":\"https:\\\/\\\/www.link2fleet.com\\\/omoda-9-shs-plug-inhybride-met-elektrisch-rijbereik-van-145-km-komt-naar-belgie\\\/#breadcrumb\"},\"inLanguage\":\"fr-FR\",\"potentialAction\":[{\"@type\":\"ReadAction\",\"target\":[\"https:\\\/\\\/www.link2fleet.com\\\/omoda-9-shs-plug-inhybride-met-elektrisch-rijbereik-van-145-km-komt-naar-belgie\\\/\"]}]},{\"@type\":\"ImageObject\",\"inLanguage\":\"fr-FR\",\"@id\":\"https:\\\/\\\/www.link2fleet.com\\\/omoda-9-shs-plug-inhybride-met-elektrisch-rijbereik-van-145-km-komt-naar-belgie\\\/#primaryimage\",\"url\":\"https:\\\/\\\/static.link2fleet.com\\\/wp-content\\\/uploads\\\/2025\\\/05\\\/omoda-9-3.jpg\",\"contentUrl\":\"https:\\\/\\\/static.link2fleet.com\\\/wp-content\\\/uploads\\\/2025\\\/05\\\/omoda-9-3.jpg\",\"width\":1200,\"height\":675},{\"@type\":\"BreadcrumbList\",\"@id\":\"https:\\\/\\\/www.link2fleet.com\\\/omoda-9-shs-plug-inhybride-met-elektrisch-rijbereik-van-145-km-komt-naar-belgie\\\/#breadcrumb\",\"itemListElement\":[{\"@type\":\"ListItem\",\"position\":1,\"name\":\"Home\",\"item\":\"https:\\\/\\\/www.link2fleet.com\\\/fr\\\/\"},{\"@type\":\"ListItem\",\"position\":2,\"name\":\"Omoda 9 SHS : ce PHEV avec autonomie \u00e9lectrique de 145 km arrive en Belgique\"}]},{\"@type\":\"WebSite\",\"@id\":\"https:\\\/\\\/www.link2fleet.com\\\/fr\\\/#website\",\"url\":\"https:\\\/\\\/www.link2fleet.com\\\/fr\\\/\",\"name\":\"Link2fleet\",\"description\":\"\",\"publisher\":{\"@id\":\"https:\\\/\\\/www.link2fleet.com\\\/fr\\\/#organization\"},\"potentialAction\":[{\"@type\":\"SearchAction\",\"target\":{\"@type\":\"EntryPoint\",\"urlTemplate\":\"https:\\\/\\\/www.link2fleet.com\\\/fr\\\/?s={search_term_string}\"},\"query-input\":{\"@type\":\"PropertyValueSpecification\",\"valueRequired\":true,\"valueName\":\"search_term_string\"}}],\"inLanguage\":\"fr-FR\"},{\"@type\":\"Organization\",\"@id\":\"https:\\\/\\\/www.link2fleet.com\\\/fr\\\/#organization\",\"name\":\"Link2fleet\",\"url\":\"https:\\\/\\\/www.link2fleet.com\\\/fr\\\/\",\"logo\":{\"@type\":\"ImageObject\",\"inLanguage\":\"fr-FR\",\"@id\":\"https:\\\/\\\/www.link2fleet.com\\\/fr\\\/#\\\/schema\\\/logo\\\/image\\\/\",\"url\":\"https:\\\/\\\/static.link2fleet.com\\\/wp-content\\\/uploads\\\/2024\\\/03\\\/share-image.jpg\",\"contentUrl\":\"https:\\\/\\\/static.link2fleet.com\\\/wp-content\\\/uploads\\\/2024\\\/03\\\/share-image.jpg\",\"width\":1200,\"height\":630,\"caption\":\"Link2fleet\"},\"image\":{\"@id\":\"https:\\\/\\\/www.link2fleet.com\\\/fr\\\/#\\\/schema\\\/logo\\\/image\\\/\"},\"sameAs\":[\"https:\\\/\\\/www.linkedin.com\\\/company\\\/link2fleet-belgium\",\"https:\\\/\\\/www.youtube.com\\\/user\\\/MMMBMBE\"]},{\"@type\":\"Person\",\"@id\":\"https:\\\/\\\/www.link2fleet.com\\\/fr\\\/#\\\/schema\\\/person\\\/877bc89c32c65772066cb11fe1e67bbf\",\"name\":\"Kevin Kersemans\",\"image\":{\"@type\":\"ImageObject\",\"inLanguage\":\"fr-FR\",\"@id\":\"https:\\\/\\\/secure.gravatar.com\\\/avatar\\\/b12f7d0f252688f677f4c181b6df65bf86880634bfcef3be42c82efcdb33d654?s=96&d=mm&r=g\",\"url\":\"https:\\\/\\\/secure.gravatar.com\\\/avatar\\\/b12f7d0f252688f677f4c181b6df65bf86880634bfcef3be42c82efcdb33d654?s=96&d=mm&r=g\",\"contentUrl\":\"https:\\\/\\\/secure.gravatar.com\\\/avatar\\\/b12f7d0f252688f677f4c181b6df65bf86880634bfcef3be42c82efcdb33d654?s=96&d=mm&r=g\",\"caption\":\"Kevin Kersemans\"},\"description\":\"Kevin Kersemans is autojournalist met al enkele decennia ervaring op de teller. Zijn passie voor auto's en alles op wielen heeft hij al van kindsbeen af. Voor link2fleet volgt hij vooral de auto-actualiteit en test hij nieuwe modellen.\"}]}<\/script>\n<!-- \/ Yoast SEO plugin. -->","yoast_head_json":{"title":"Omoda 9 SHS : ce PHEV avec autonomie \u00e9lectrique de 145 km arrive en Belgique - link2fleet","description":"En juin, la marque Omoda &amp; Jaecoo \u00e9largira sa gamme dans notre pays avec l&rsquo;Omoda 9 SHS. Il s&rsquo;agit d&rsquo;un PHEV de 4,77 m de\u2026","robots":{"index":"index","follow":"follow","max-snippet":"max-snippet:-1","max-image-preview":"max-image-preview:large","max-video-preview":"max-video-preview:-1"},"og_locale":"fr_FR","og_type":"article","og_title":"Omoda 9 SHS : ce PHEV avec autonomie \u00e9lectrique de 145 km arrive en Belgique - link2fleet","og_description":"En juin, la marque Omoda &amp; Jaecoo \u00e9largira sa gamme dans notre pays avec l&rsquo;Omoda 9 SHS. Il s&rsquo;agit d&rsquo;un PHEV de 4,77 m de\u2026","og_url":"https:\/\/www.link2fleet.com\/omoda-9-shs-plug-inhybride-met-elektrisch-rijbereik-van-145-km-komt-naar-belgie\/","og_site_name":"link2fleet","article_published_time":"2025-05-07T10:04:43+00:00","article_modified_time":"2025-05-07T12:07:56+00:00","og_image":[{"width":1200,"height":675,"url":"https:\/\/static.link2fleet.com\/wp-content\/uploads\/2025\/05\/omoda-9-3.jpg","type":"image\/jpeg"}],"author":"Kevin Kersemans","twitter_card":"summary_large_image","twitter_description":"En juin, la marque Omoda &amp; Jaecoo \u00e9largira sa gamme dans notre pays avec l&rsquo;Omoda 9 SHS. Il s&rsquo;agit d&rsquo;un PHEV de 4,77 m de\u2026","twitter_misc":{"\u00c9crit par":"Kevin Kersemans","Dur\u00e9e de lecture estim\u00e9e":"3 minutes"},"schema":{"@context":"https:\/\/schema.org","@graph":[{"@type":"Article","@id":"https:\/\/www.link2fleet.com\/omoda-9-shs-plug-inhybride-met-elektrisch-rijbereik-van-145-km-komt-naar-belgie\/#article","isPartOf":{"@id":"https:\/\/www.link2fleet.com\/omoda-9-shs-plug-inhybride-met-elektrisch-rijbereik-van-145-km-komt-naar-belgie\/"},"author":{"name":"Kevin Kersemans","@id":"https:\/\/www.link2fleet.com\/fr\/#\/schema\/person\/877bc89c32c65772066cb11fe1e67bbf"},"headline":"Omoda 9 SHS : ce PHEV avec autonomie \u00e9lectrique de 145 km arrive en Belgique","datePublished":"2025-05-07T10:04:43+00:00","dateModified":"2025-05-07T12:07:56+00:00","mainEntityOfPage":{"@id":"https:\/\/www.link2fleet.com\/omoda-9-shs-plug-inhybride-met-elektrisch-rijbereik-van-145-km-komt-naar-belgie\/"},"wordCount":12,"publisher":{"@id":"https:\/\/www.link2fleet.com\/fr\/#organization"},"image":{"@id":"https:\/\/www.link2fleet.com\/omoda-9-shs-plug-inhybride-met-elektrisch-rijbereik-van-145-km-komt-naar-belgie\/#primaryimage"},"thumbnailUrl":"https:\/\/static.link2fleet.com\/wp-content\/uploads\/2025\/05\/omoda-9-3.jpg","articleSection":["Actus","V\u00e9hicules"],"inLanguage":"fr-FR"},{"@type":"WebPage","@id":"https:\/\/www.link2fleet.com\/omoda-9-shs-plug-inhybride-met-elektrisch-rijbereik-van-145-km-komt-naar-belgie\/","url":"https:\/\/www.link2fleet.com\/omoda-9-shs-plug-inhybride-met-elektrisch-rijbereik-van-145-km-komt-naar-belgie\/","name":"Omoda 9 SHS : ce PHEV avec autonomie \u00e9lectrique de 145 km arrive en Belgique - link2fleet","isPartOf":{"@id":"https:\/\/www.link2fleet.com\/fr\/#website"},"primaryImageOfPage":{"@id":"https:\/\/www.link2fleet.com\/omoda-9-shs-plug-inhybride-met-elektrisch-rijbereik-van-145-km-komt-naar-belgie\/#primaryimage"},"image":{"@id":"https:\/\/www.link2fleet.com\/omoda-9-shs-plug-inhybride-met-elektrisch-rijbereik-van-145-km-komt-naar-belgie\/#primaryimage"},"thumbnailUrl":"https:\/\/static.link2fleet.com\/wp-content\/uploads\/2025\/05\/omoda-9-3.jpg","datePublished":"2025-05-07T10:04:43+00:00","dateModified":"2025-05-07T12:07:56+00:00","description":"En juin, la marque Omoda & Jaecoo \u00e9largira sa gamme dans notre pays avec l'Omoda 9 SHS. Il s'agit d'un PHEV de 4,77 m de long.","breadcrumb":{"@id":"https:\/\/www.link2fleet.com\/omoda-9-shs-plug-inhybride-met-elektrisch-rijbereik-van-145-km-komt-naar-belgie\/#breadcrumb"},"inLanguage":"fr-FR","potentialAction":[{"@type":"ReadAction","target":["https:\/\/www.link2fleet.com\/omoda-9-shs-plug-inhybride-met-elektrisch-rijbereik-van-145-km-komt-naar-belgie\/"]}]},{"@type":"ImageObject","inLanguage":"fr-FR","@id":"https:\/\/www.link2fleet.com\/omoda-9-shs-plug-inhybride-met-elektrisch-rijbereik-van-145-km-komt-naar-belgie\/#primaryimage","url":"https:\/\/static.link2fleet.com\/wp-content\/uploads\/2025\/05\/omoda-9-3.jpg","contentUrl":"https:\/\/static.link2fleet.com\/wp-content\/uploads\/2025\/05\/omoda-9-3.jpg","width":1200,"height":675},{"@type":"BreadcrumbList","@id":"https:\/\/www.link2fleet.com\/omoda-9-shs-plug-inhybride-met-elektrisch-rijbereik-van-145-km-komt-naar-belgie\/#breadcrumb","itemListElement":[{"@type":"ListItem","position":1,"name":"Home","item":"https:\/\/www.link2fleet.com\/fr\/"},{"@type":"ListItem","position":2,"name":"Omoda 9 SHS : ce PHEV avec autonomie \u00e9lectrique de 145 km arrive en Belgique"}]},{"@type":"WebSite","@id":"https:\/\/www.link2fleet.com\/fr\/#website","url":"https:\/\/www.link2fleet.com\/fr\/","name":"Link2fleet","description":"","publisher":{"@id":"https:\/\/www.link2fleet.com\/fr\/#organization"},"potentialAction":[{"@type":"SearchAction","target":{"@type":"EntryPoint","urlTemplate":"https:\/\/www.link2fleet.com\/fr\/?s={search_term_string}"},"query-input":{"@type":"PropertyValueSpecification","valueRequired":true,"valueName":"search_term_string"}}],"inLanguage":"fr-FR"},{"@type":"Organization","@id":"https:\/\/www.link2fleet.com\/fr\/#organization","name":"Link2fleet","url":"https:\/\/www.link2fleet.com\/fr\/","logo":{"@type":"ImageObject","inLanguage":"fr-FR","@id":"https:\/\/www.link2fleet.com\/fr\/#\/schema\/logo\/image\/","url":"https:\/\/static.link2fleet.com\/wp-content\/uploads\/2024\/03\/share-image.jpg","contentUrl":"https:\/\/static.link2fleet.com\/wp-content\/uploads\/2024\/03\/share-image.jpg","width":1200,"height":630,"caption":"Link2fleet"},"image":{"@id":"https:\/\/www.link2fleet.com\/fr\/#\/schema\/logo\/image\/"},"sameAs":["https:\/\/www.linkedin.com\/company\/link2fleet-belgium","https:\/\/www.youtube.com\/user\/MMMBMBE"]},{"@type":"Person","@id":"https:\/\/www.link2fleet.com\/fr\/#\/schema\/person\/877bc89c32c65772066cb11fe1e67bbf","name":"Kevin Kersemans","image":{"@type":"ImageObject","inLanguage":"fr-FR","@id":"https:\/\/secure.gravatar.com\/avatar\/b12f7d0f252688f677f4c181b6df65bf86880634bfcef3be42c82efcdb33d654?s=96&d=mm&r=g","url":"https:\/\/secure.gravatar.com\/avatar\/b12f7d0f252688f677f4c181b6df65bf86880634bfcef3be42c82efcdb33d654?s=96&d=mm&r=g","contentUrl":"https:\/\/secure.gravatar.com\/avatar\/b12f7d0f252688f677f4c181b6df65bf86880634bfcef3be42c82efcdb33d654?s=96&d=mm&r=g","caption":"Kevin Kersemans"},"description":"Kevin Kersemans is autojournalist met al enkele decennia ervaring op de teller. Zijn passie voor auto's en alles op wielen heeft hij al van kindsbeen af. Voor link2fleet volgt hij vooral de auto-actualiteit en test hij nieuwe modellen."}]}},"_links":{"self":[{"href":"https:\/\/www.link2fleet.com\/fr\/wp-json\/wp\/v2\/posts\/42102","targetHints":{"allow":["GET"]}}],"collection":[{"href":"https:\/\/www.link2fleet.com\/fr\/wp-json\/wp\/v2\/posts"}],"about":[{"href":"https:\/\/www.link2fleet.com\/fr\/wp-json\/wp\/v2\/types\/post"}],"author":[{"embeddable":true,"href":"https:\/\/www.link2fleet.com\/fr\/wp-json\/wp\/v2\/users\/49"}],"replies":[{"embeddable":true,"href":"https:\/\/www.link2fleet.com\/fr\/wp-json\/wp\/v2\/comments?post=42102"}],"version-history":[{"count":6,"href":"https:\/\/www.link2fleet.com\/fr\/wp-json\/wp\/v2\/posts\/42102\/revisions"}],"predecessor-version":[{"id":42114,"href":"https:\/\/www.link2fleet.com\/fr\/wp-json\/wp\/v2\/posts\/42102\/revisions\/42114"}],"wp:featuredmedia":[{"embeddable":true,"href":"https:\/\/www.link2fleet.com\/fr\/wp-json\/wp\/v2\/media\/42080"}],"wp:attachment":[{"href":"https:\/\/www.link2fleet.com\/fr\/wp-json\/wp\/v2\/media?parent=42102"}],"wp:term":[{"taxonomy":"category","embeddable":true,"href":"https:\/\/www.link2fleet.com\/fr\/wp-json\/wp\/v2\/categories?post=42102"},{"taxonomy":"post_tag","embeddable":true,"href":"https:\/\/www.link2fleet.com\/fr\/wp-json\/wp\/v2\/tags?post=42102"}],"curies":[{"name":"wp","href":"https:\/\/api.w.org\/{rel}","templated":true}]}}