{"id":42209,"date":"2025-05-20T10:27:11","date_gmt":"2025-05-20T08:27:11","guid":{"rendered":"https:\/\/www.link2fleet.com\/?p=42209"},"modified":"2025-05-14T15:00:19","modified_gmt":"2025-05-14T13:00:19","slug":"comparatif-tco-skoda-elroq-kia-ev3-smart-1-lacces-branche-aux-suv","status":"publish","type":"post","link":"https:\/\/www.link2fleet.com\/fr\/comparatif-tco-skoda-elroq-kia-ev3-smart-1-lacces-branche-aux-suv\/","title":{"rendered":"Comparatif TCO Skoda Elroq, Kia EV3 &#038; Smart #1: l\u2019acc\u00e8s \u00ab branch\u00e9 \u00bb aux SUV"},"content":{"rendered":"","protected":false},"excerpt":{"rendered":"","protected":false},"author":18,"featured_media":42210,"comment_status":"closed","ping_status":"closed","sticky":false,"template":"","format":"standard","meta":{"_acf_changed":false,"footnotes":""},"categories":[134],"tags":[],"class_list":["post-42209","post","type-post","status-publish","format-standard","has-post-thumbnail","hentry","category-fleet-test"],"acf":[],"yoast_head":"<!-- This site is optimized with the Yoast SEO plugin v27.3 - https:\/\/yoast.com\/product\/yoast-seo-wordpress\/ -->\n<title>Comparatif TCO Skoda Elroq, Kia EV3 &amp; Smart #1: l\u2019acc\u00e8s \u00ab branch\u00e9 \u00bb aux SUV - link2fleet<\/title>\n<meta name=\"description\" content=\"Relativement r\u00e9centes sur le march\u00e9, les Skoda Elroq et Kia EV3 affrontent un \u00ab outsider \u00bb un peu plus discret, sur le march\u00e9 depuis 2022\u2026\" \/>\n<meta name=\"robots\" content=\"index, follow, max-snippet:-1, max-image-preview:large, max-video-preview:-1\" \/>\n<meta property=\"og:locale\" content=\"fr_FR\" \/>\n<meta property=\"og:type\" content=\"article\" \/>\n<meta property=\"og:title\" content=\"Comparatif TCO Skoda Elroq, Kia EV3 &amp; Smart #1: l\u2019acc\u00e8s \u00ab branch\u00e9 \u00bb aux SUV - link2fleet\" \/>\n<meta property=\"og:description\" content=\"Relativement r\u00e9centes sur le march\u00e9, les Skoda Elroq et Kia EV3 affrontent un \u00ab outsider \u00bb un peu plus discret, sur le march\u00e9 depuis 2022\u2026\" \/>\n<meta property=\"og:url\" content=\"https:\/\/www.link2fleet.com\/tco-vergelijking-skoda-elroq-kia-ev3-smart-1-instappers-onder-de-elektrische-suvs\/\" \/>\n<meta property=\"og:site_name\" content=\"link2fleet\" \/>\n<meta property=\"article:published_time\" content=\"2025-05-20T08:27:11+00:00\" \/>\n<meta property=\"og:image\" content=\"https:\/\/static.link2fleet.com\/wp-content\/uploads\/2025\/05\/kiaev3-skoda-elroq-smart-1-scaled.jpg\" \/>\n\t<meta property=\"og:image:width\" content=\"2560\" \/>\n\t<meta property=\"og:image:height\" content=\"1707\" \/>\n\t<meta property=\"og:image:type\" content=\"image\/jpeg\" \/>\n<meta name=\"author\" content=\"Maxime Pasture\" \/>\n<meta name=\"twitter:card\" content=\"summary_large_image\" \/>\n<meta name=\"twitter:description\" content=\"Relativement r\u00e9centes sur le march\u00e9, les Skoda Elroq et Kia EV3 affrontent un \u00ab outsider \u00bb un peu plus discret, sur le march\u00e9 depuis 2022\u2026\" \/>\n<meta name=\"twitter:label1\" content=\"\u00c9crit par\" \/>\n\t<meta name=\"twitter:data1\" content=\"Journaliste de formation, Maxime est tr\u00e8s curieux mais surtout passionn\u00e9 d&#039;automobile. Sa curiosit\u00e9 l&#039;am\u00e8ne \u00e0 traiter de sujets divers et vari\u00e9s li\u00e9s \u00e0 la mobilit\u00e9 au sens large et bien plus encore !\" \/>\n\t<meta name=\"twitter:label2\" content=\"Dur\u00e9e de lecture estim\u00e9e\" \/>\n\t<meta name=\"twitter:data2\" content=\"1 minute\" \/>\n<script type=\"application\/ld+json\" class=\"yoast-schema-graph\">{\"@context\":\"https:\\\/\\\/schema.org\",\"@graph\":[{\"@type\":\"Article\",\"@id\":\"https:\\\/\\\/www.link2fleet.com\\\/tco-vergelijking-skoda-elroq-kia-ev3-smart-1-instappers-onder-de-elektrische-suvs\\\/#article\",\"isPartOf\":{\"@id\":\"https:\\\/\\\/www.link2fleet.com\\\/tco-vergelijking-skoda-elroq-kia-ev3-smart-1-instappers-onder-de-elektrische-suvs\\\/\"},\"author\":{\"name\":\"Maxime Pasture\",\"@id\":\"https:\\\/\\\/www.link2fleet.com\\\/fr\\\/#\\\/schema\\\/person\\\/36f3d48d12a83e110d72b602b5bebc11\"},\"headline\":\"Comparatif TCO Skoda Elroq, Kia EV3 &#038; Smart #1: l\u2019acc\u00e8s \u00ab branch\u00e9 \u00bb aux SUV\",\"datePublished\":\"2025-05-20T08:27:11+00:00\",\"mainEntityOfPage\":{\"@id\":\"https:\\\/\\\/www.link2fleet.com\\\/tco-vergelijking-skoda-elroq-kia-ev3-smart-1-instappers-onder-de-elektrische-suvs\\\/\"},\"wordCount\":13,\"publisher\":{\"@id\":\"https:\\\/\\\/www.link2fleet.com\\\/fr\\\/#organization\"},\"image\":{\"@id\":\"https:\\\/\\\/www.link2fleet.com\\\/tco-vergelijking-skoda-elroq-kia-ev3-smart-1-instappers-onder-de-elektrische-suvs\\\/#primaryimage\"},\"thumbnailUrl\":\"https:\\\/\\\/static.link2fleet.com\\\/wp-content\\\/uploads\\\/2025\\\/05\\\/kiaev3-skoda-elroq-smart-1-scaled.jpg\",\"articleSection\":[\"Essais fleet\"],\"inLanguage\":\"fr-FR\"},{\"@type\":\"WebPage\",\"@id\":\"https:\\\/\\\/www.link2fleet.com\\\/tco-vergelijking-skoda-elroq-kia-ev3-smart-1-instappers-onder-de-elektrische-suvs\\\/\",\"url\":\"https:\\\/\\\/www.link2fleet.com\\\/tco-vergelijking-skoda-elroq-kia-ev3-smart-1-instappers-onder-de-elektrische-suvs\\\/\",\"name\":\"Comparatif TCO Skoda Elroq, Kia EV3 & Smart #1: l\u2019acc\u00e8s \u00ab branch\u00e9 \u00bb aux SUV - link2fleet\",\"isPartOf\":{\"@id\":\"https:\\\/\\\/www.link2fleet.com\\\/fr\\\/#website\"},\"primaryImageOfPage\":{\"@id\":\"https:\\\/\\\/www.link2fleet.com\\\/tco-vergelijking-skoda-elroq-kia-ev3-smart-1-instappers-onder-de-elektrische-suvs\\\/#primaryimage\"},\"image\":{\"@id\":\"https:\\\/\\\/www.link2fleet.com\\\/tco-vergelijking-skoda-elroq-kia-ev3-smart-1-instappers-onder-de-elektrische-suvs\\\/#primaryimage\"},\"thumbnailUrl\":\"https:\\\/\\\/static.link2fleet.com\\\/wp-content\\\/uploads\\\/2025\\\/05\\\/kiaev3-skoda-elroq-smart-1-scaled.jpg\",\"datePublished\":\"2025-05-20T08:27:11+00:00\",\"breadcrumb\":{\"@id\":\"https:\\\/\\\/www.link2fleet.com\\\/tco-vergelijking-skoda-elroq-kia-ev3-smart-1-instappers-onder-de-elektrische-suvs\\\/#breadcrumb\"},\"inLanguage\":\"fr-FR\",\"potentialAction\":[{\"@type\":\"ReadAction\",\"target\":[\"https:\\\/\\\/www.link2fleet.com\\\/tco-vergelijking-skoda-elroq-kia-ev3-smart-1-instappers-onder-de-elektrische-suvs\\\/\"]}]},{\"@type\":\"ImageObject\",\"inLanguage\":\"fr-FR\",\"@id\":\"https:\\\/\\\/www.link2fleet.com\\\/tco-vergelijking-skoda-elroq-kia-ev3-smart-1-instappers-onder-de-elektrische-suvs\\\/#primaryimage\",\"url\":\"https:\\\/\\\/static.link2fleet.com\\\/wp-content\\\/uploads\\\/2025\\\/05\\\/kiaev3-skoda-elroq-smart-1-scaled.jpg\",\"contentUrl\":\"https:\\\/\\\/static.link2fleet.com\\\/wp-content\\\/uploads\\\/2025\\\/05\\\/kiaev3-skoda-elroq-smart-1-scaled.jpg\",\"width\":2560,\"height\":1707},{\"@type\":\"BreadcrumbList\",\"@id\":\"https:\\\/\\\/www.link2fleet.com\\\/tco-vergelijking-skoda-elroq-kia-ev3-smart-1-instappers-onder-de-elektrische-suvs\\\/#breadcrumb\",\"itemListElement\":[{\"@type\":\"ListItem\",\"position\":1,\"name\":\"Home\",\"item\":\"https:\\\/\\\/www.link2fleet.com\\\/fr\\\/\"},{\"@type\":\"ListItem\",\"position\":2,\"name\":\"Comparatif TCO Skoda Elroq, Kia EV3 &#038; Smart #1: l\u2019acc\u00e8s \u00ab branch\u00e9 \u00bb aux SUV\"}]},{\"@type\":\"WebSite\",\"@id\":\"https:\\\/\\\/www.link2fleet.com\\\/fr\\\/#website\",\"url\":\"https:\\\/\\\/www.link2fleet.com\\\/fr\\\/\",\"name\":\"Link2fleet\",\"description\":\"\",\"publisher\":{\"@id\":\"https:\\\/\\\/www.link2fleet.com\\\/fr\\\/#organization\"},\"potentialAction\":[{\"@type\":\"SearchAction\",\"target\":{\"@type\":\"EntryPoint\",\"urlTemplate\":\"https:\\\/\\\/www.link2fleet.com\\\/fr\\\/?s={search_term_string}\"},\"query-input\":{\"@type\":\"PropertyValueSpecification\",\"valueRequired\":true,\"valueName\":\"search_term_string\"}}],\"inLanguage\":\"fr-FR\"},{\"@type\":\"Organization\",\"@id\":\"https:\\\/\\\/www.link2fleet.com\\\/fr\\\/#organization\",\"name\":\"Link2fleet\",\"url\":\"https:\\\/\\\/www.link2fleet.com\\\/fr\\\/\",\"logo\":{\"@type\":\"ImageObject\",\"inLanguage\":\"fr-FR\",\"@id\":\"https:\\\/\\\/www.link2fleet.com\\\/fr\\\/#\\\/schema\\\/logo\\\/image\\\/\",\"url\":\"https:\\\/\\\/static.link2fleet.com\\\/wp-content\\\/uploads\\\/2024\\\/03\\\/share-image.jpg\",\"contentUrl\":\"https:\\\/\\\/static.link2fleet.com\\\/wp-content\\\/uploads\\\/2024\\\/03\\\/share-image.jpg\",\"width\":1200,\"height\":630,\"caption\":\"Link2fleet\"},\"image\":{\"@id\":\"https:\\\/\\\/www.link2fleet.com\\\/fr\\\/#\\\/schema\\\/logo\\\/image\\\/\"},\"sameAs\":[\"https:\\\/\\\/www.linkedin.com\\\/company\\\/link2fleet-belgium\",\"https:\\\/\\\/www.youtube.com\\\/user\\\/MMMBMBE\"]},{\"@type\":\"Person\",\"@id\":\"https:\\\/\\\/www.link2fleet.com\\\/fr\\\/#\\\/schema\\\/person\\\/36f3d48d12a83e110d72b602b5bebc11\",\"name\":\"Maxime Pasture\",\"image\":{\"@type\":\"ImageObject\",\"inLanguage\":\"fr-FR\",\"@id\":\"https:\\\/\\\/secure.gravatar.com\\\/avatar\\\/a17c47a11dd3996c69a173e291c692b6a028e82349994bf0d9f60936c9795b9f?s=96&d=mm&r=g\",\"url\":\"https:\\\/\\\/secure.gravatar.com\\\/avatar\\\/a17c47a11dd3996c69a173e291c692b6a028e82349994bf0d9f60936c9795b9f?s=96&d=mm&r=g\",\"contentUrl\":\"https:\\\/\\\/secure.gravatar.com\\\/avatar\\\/a17c47a11dd3996c69a173e291c692b6a028e82349994bf0d9f60936c9795b9f?s=96&d=mm&r=g\",\"caption\":\"Maxime Pasture\"},\"description\":\"Journaliste de formation, Maxime est tr\u00e8s curieux mais surtout passionn\u00e9 d'automobile. Sa curiosit\u00e9 l'am\u00e8ne \u00e0 traiter de sujets divers et vari\u00e9s li\u00e9s \u00e0 la mobilit\u00e9 au sens large et bien plus encore !\"}]}<\/script>\n<!-- \/ Yoast SEO plugin. -->","yoast_head_json":{"title":"Comparatif TCO Skoda Elroq, Kia EV3 & Smart #1: l\u2019acc\u00e8s \u00ab branch\u00e9 \u00bb aux SUV - link2fleet","description":"Relativement r\u00e9centes sur le march\u00e9, les Skoda Elroq et Kia EV3 affrontent un \u00ab outsider \u00bb un peu plus discret, sur le march\u00e9 depuis 2022\u2026","robots":{"index":"index","follow":"follow","max-snippet":"max-snippet:-1","max-image-preview":"max-image-preview:large","max-video-preview":"max-video-preview:-1"},"og_locale":"fr_FR","og_type":"article","og_title":"Comparatif TCO Skoda Elroq, Kia EV3 & Smart #1: l\u2019acc\u00e8s \u00ab branch\u00e9 \u00bb aux SUV - link2fleet","og_description":"Relativement r\u00e9centes sur le march\u00e9, les Skoda Elroq et Kia EV3 affrontent un \u00ab outsider \u00bb un peu plus discret, sur le march\u00e9 depuis 2022\u2026","og_url":"https:\/\/www.link2fleet.com\/tco-vergelijking-skoda-elroq-kia-ev3-smart-1-instappers-onder-de-elektrische-suvs\/","og_site_name":"link2fleet","article_published_time":"2025-05-20T08:27:11+00:00","og_image":[{"width":2560,"height":1707,"url":"https:\/\/static.link2fleet.com\/wp-content\/uploads\/2025\/05\/kiaev3-skoda-elroq-smart-1-scaled.jpg","type":"image\/jpeg"}],"author":"Maxime Pasture","twitter_card":"summary_large_image","twitter_description":"Relativement r\u00e9centes sur le march\u00e9, les Skoda Elroq et Kia EV3 affrontent un \u00ab outsider \u00bb un peu plus discret, sur le march\u00e9 depuis 2022\u2026","twitter_misc":{"\u00c9crit par":"Journaliste de formation, Maxime est tr\u00e8s curieux mais surtout passionn\u00e9 d'automobile. Sa curiosit\u00e9 l'am\u00e8ne \u00e0 traiter de sujets divers et vari\u00e9s li\u00e9s \u00e0 la mobilit\u00e9 au sens large et bien plus encore !","Dur\u00e9e de lecture estim\u00e9e":"1 minute"},"schema":{"@context":"https:\/\/schema.org","@graph":[{"@type":"Article","@id":"https:\/\/www.link2fleet.com\/tco-vergelijking-skoda-elroq-kia-ev3-smart-1-instappers-onder-de-elektrische-suvs\/#article","isPartOf":{"@id":"https:\/\/www.link2fleet.com\/tco-vergelijking-skoda-elroq-kia-ev3-smart-1-instappers-onder-de-elektrische-suvs\/"},"author":{"name":"Maxime Pasture","@id":"https:\/\/www.link2fleet.com\/fr\/#\/schema\/person\/36f3d48d12a83e110d72b602b5bebc11"},"headline":"Comparatif TCO Skoda Elroq, Kia EV3 &#038; Smart #1: l\u2019acc\u00e8s \u00ab branch\u00e9 \u00bb aux SUV","datePublished":"2025-05-20T08:27:11+00:00","mainEntityOfPage":{"@id":"https:\/\/www.link2fleet.com\/tco-vergelijking-skoda-elroq-kia-ev3-smart-1-instappers-onder-de-elektrische-suvs\/"},"wordCount":13,"publisher":{"@id":"https:\/\/www.link2fleet.com\/fr\/#organization"},"image":{"@id":"https:\/\/www.link2fleet.com\/tco-vergelijking-skoda-elroq-kia-ev3-smart-1-instappers-onder-de-elektrische-suvs\/#primaryimage"},"thumbnailUrl":"https:\/\/static.link2fleet.com\/wp-content\/uploads\/2025\/05\/kiaev3-skoda-elroq-smart-1-scaled.jpg","articleSection":["Essais fleet"],"inLanguage":"fr-FR"},{"@type":"WebPage","@id":"https:\/\/www.link2fleet.com\/tco-vergelijking-skoda-elroq-kia-ev3-smart-1-instappers-onder-de-elektrische-suvs\/","url":"https:\/\/www.link2fleet.com\/tco-vergelijking-skoda-elroq-kia-ev3-smart-1-instappers-onder-de-elektrische-suvs\/","name":"Comparatif TCO Skoda Elroq, Kia EV3 & Smart #1: l\u2019acc\u00e8s \u00ab branch\u00e9 \u00bb aux SUV - link2fleet","isPartOf":{"@id":"https:\/\/www.link2fleet.com\/fr\/#website"},"primaryImageOfPage":{"@id":"https:\/\/www.link2fleet.com\/tco-vergelijking-skoda-elroq-kia-ev3-smart-1-instappers-onder-de-elektrische-suvs\/#primaryimage"},"image":{"@id":"https:\/\/www.link2fleet.com\/tco-vergelijking-skoda-elroq-kia-ev3-smart-1-instappers-onder-de-elektrische-suvs\/#primaryimage"},"thumbnailUrl":"https:\/\/static.link2fleet.com\/wp-content\/uploads\/2025\/05\/kiaev3-skoda-elroq-smart-1-scaled.jpg","datePublished":"2025-05-20T08:27:11+00:00","breadcrumb":{"@id":"https:\/\/www.link2fleet.com\/tco-vergelijking-skoda-elroq-kia-ev3-smart-1-instappers-onder-de-elektrische-suvs\/#breadcrumb"},"inLanguage":"fr-FR","potentialAction":[{"@type":"ReadAction","target":["https:\/\/www.link2fleet.com\/tco-vergelijking-skoda-elroq-kia-ev3-smart-1-instappers-onder-de-elektrische-suvs\/"]}]},{"@type":"ImageObject","inLanguage":"fr-FR","@id":"https:\/\/www.link2fleet.com\/tco-vergelijking-skoda-elroq-kia-ev3-smart-1-instappers-onder-de-elektrische-suvs\/#primaryimage","url":"https:\/\/static.link2fleet.com\/wp-content\/uploads\/2025\/05\/kiaev3-skoda-elroq-smart-1-scaled.jpg","contentUrl":"https:\/\/static.link2fleet.com\/wp-content\/uploads\/2025\/05\/kiaev3-skoda-elroq-smart-1-scaled.jpg","width":2560,"height":1707},{"@type":"BreadcrumbList","@id":"https:\/\/www.link2fleet.com\/tco-vergelijking-skoda-elroq-kia-ev3-smart-1-instappers-onder-de-elektrische-suvs\/#breadcrumb","itemListElement":[{"@type":"ListItem","position":1,"name":"Home","item":"https:\/\/www.link2fleet.com\/fr\/"},{"@type":"ListItem","position":2,"name":"Comparatif TCO Skoda Elroq, Kia EV3 &#038; Smart #1: l\u2019acc\u00e8s \u00ab branch\u00e9 \u00bb aux SUV"}]},{"@type":"WebSite","@id":"https:\/\/www.link2fleet.com\/fr\/#website","url":"https:\/\/www.link2fleet.com\/fr\/","name":"Link2fleet","description":"","publisher":{"@id":"https:\/\/www.link2fleet.com\/fr\/#organization"},"potentialAction":[{"@type":"SearchAction","target":{"@type":"EntryPoint","urlTemplate":"https:\/\/www.link2fleet.com\/fr\/?s={search_term_string}"},"query-input":{"@type":"PropertyValueSpecification","valueRequired":true,"valueName":"search_term_string"}}],"inLanguage":"fr-FR"},{"@type":"Organization","@id":"https:\/\/www.link2fleet.com\/fr\/#organization","name":"Link2fleet","url":"https:\/\/www.link2fleet.com\/fr\/","logo":{"@type":"ImageObject","inLanguage":"fr-FR","@id":"https:\/\/www.link2fleet.com\/fr\/#\/schema\/logo\/image\/","url":"https:\/\/static.link2fleet.com\/wp-content\/uploads\/2024\/03\/share-image.jpg","contentUrl":"https:\/\/static.link2fleet.com\/wp-content\/uploads\/2024\/03\/share-image.jpg","width":1200,"height":630,"caption":"Link2fleet"},"image":{"@id":"https:\/\/www.link2fleet.com\/fr\/#\/schema\/logo\/image\/"},"sameAs":["https:\/\/www.linkedin.com\/company\/link2fleet-belgium","https:\/\/www.youtube.com\/user\/MMMBMBE"]},{"@type":"Person","@id":"https:\/\/www.link2fleet.com\/fr\/#\/schema\/person\/36f3d48d12a83e110d72b602b5bebc11","name":"Maxime Pasture","image":{"@type":"ImageObject","inLanguage":"fr-FR","@id":"https:\/\/secure.gravatar.com\/avatar\/a17c47a11dd3996c69a173e291c692b6a028e82349994bf0d9f60936c9795b9f?s=96&d=mm&r=g","url":"https:\/\/secure.gravatar.com\/avatar\/a17c47a11dd3996c69a173e291c692b6a028e82349994bf0d9f60936c9795b9f?s=96&d=mm&r=g","contentUrl":"https:\/\/secure.gravatar.com\/avatar\/a17c47a11dd3996c69a173e291c692b6a028e82349994bf0d9f60936c9795b9f?s=96&d=mm&r=g","caption":"Maxime Pasture"},"description":"Journaliste de formation, Maxime est tr\u00e8s curieux mais surtout passionn\u00e9 d'automobile. Sa curiosit\u00e9 l'am\u00e8ne \u00e0 traiter de sujets divers et vari\u00e9s li\u00e9s \u00e0 la mobilit\u00e9 au sens large et bien plus encore !"}]}},"_links":{"self":[{"href":"https:\/\/www.link2fleet.com\/fr\/wp-json\/wp\/v2\/posts\/42209","targetHints":{"allow":["GET"]}}],"collection":[{"href":"https:\/\/www.link2fleet.com\/fr\/wp-json\/wp\/v2\/posts"}],"about":[{"href":"https:\/\/www.link2fleet.com\/fr\/wp-json\/wp\/v2\/types\/post"}],"author":[{"embeddable":true,"href":"https:\/\/www.link2fleet.com\/fr\/wp-json\/wp\/v2\/users\/18"}],"replies":[{"embeddable":true,"href":"https:\/\/www.link2fleet.com\/fr\/wp-json\/wp\/v2\/comments?post=42209"}],"version-history":[{"count":3,"href":"https:\/\/www.link2fleet.com\/fr\/wp-json\/wp\/v2\/posts\/42209\/revisions"}],"predecessor-version":[{"id":42312,"href":"https:\/\/www.link2fleet.com\/fr\/wp-json\/wp\/v2\/posts\/42209\/revisions\/42312"}],"wp:featuredmedia":[{"embeddable":true,"href":"https:\/\/www.link2fleet.com\/fr\/wp-json\/wp\/v2\/media\/42210"}],"wp:attachment":[{"href":"https:\/\/www.link2fleet.com\/fr\/wp-json\/wp\/v2\/media?parent=42209"}],"wp:term":[{"taxonomy":"category","embeddable":true,"href":"https:\/\/www.link2fleet.com\/fr\/wp-json\/wp\/v2\/categories?post=42209"},{"taxonomy":"post_tag","embeddable":true,"href":"https:\/\/www.link2fleet.com\/fr\/wp-json\/wp\/v2\/tags?post=42209"}],"curies":[{"name":"wp","href":"https:\/\/api.w.org\/{rel}","templated":true}]}}