{"id":42220,"date":"2025-05-12T10:59:41","date_gmt":"2025-05-12T08:59:41","guid":{"rendered":"https:\/\/www.link2fleet.com\/?p=42220"},"modified":"2025-05-12T10:59:41","modified_gmt":"2025-05-12T08:59:41","slug":"moteurs-puretech-stellantis-etend-sa-politique-dindemnisation-des-reclamations","status":"publish","type":"post","link":"https:\/\/www.link2fleet.com\/fr\/moteurs-puretech-stellantis-etend-sa-politique-dindemnisation-des-reclamations\/","title":{"rendered":"Moteurs PureTech: Stellantis \u00e9tend sa politique d&rsquo;indemnisation des r\u00e9clamations"},"content":{"rendered":"","protected":false},"excerpt":{"rendered":"","protected":false},"author":4,"featured_media":4516,"comment_status":"closed","ping_status":"closed","sticky":false,"template":"","format":"standard","meta":{"_acf_changed":false,"footnotes":""},"categories":[77,76],"tags":[],"class_list":["post-42220","post","type-post","status-publish","format-standard","has-post-thumbnail","hentry","category-importateurs-et-constructeurs-automobiles-vp","category-car"],"acf":[],"yoast_head":"<!-- This site is optimized with the Yoast SEO plugin v27.3 - https:\/\/yoast.com\/product\/yoast-seo-wordpress\/ -->\n<title>Moteurs PureTech: Stellantis \u00e9tend sa politique d&#039;indemnisation des r\u00e9clamations - link2fleet<\/title>\n<meta name=\"description\" content=\"Stellantis \u00e9tend sa politique d&rsquo;indemnisation des r\u00e9clamations des consommateurs europ\u00e9ens sur les g\u00e9n\u00e9rations pr\u00e9c\u00e9dentes de moteurs PureTech 1.0 et 1.2. De nouvelles mesures viennent s&rsquo;ajouter\u2026\" \/>\n<meta name=\"robots\" content=\"index, follow, max-snippet:-1, max-image-preview:large, max-video-preview:-1\" \/>\n<meta property=\"og:locale\" content=\"fr_FR\" \/>\n<meta property=\"og:type\" content=\"article\" \/>\n<meta property=\"og:title\" content=\"Moteurs PureTech: Stellantis \u00e9tend sa politique d&#039;indemnisation des r\u00e9clamations - link2fleet\" \/>\n<meta property=\"og:description\" content=\"Stellantis \u00e9tend sa politique d&rsquo;indemnisation des r\u00e9clamations des consommateurs europ\u00e9ens sur les g\u00e9n\u00e9rations pr\u00e9c\u00e9dentes de moteurs PureTech 1.0 et 1.2. De nouvelles mesures viennent s&rsquo;ajouter\u2026\" \/>\n<meta property=\"og:url\" content=\"https:\/\/www.link2fleet.com\/puretech-motoren-stellantis-breidt-compensatiebeleid-uit\/\" \/>\n<meta property=\"og:site_name\" content=\"link2fleet\" \/>\n<meta property=\"article:published_time\" content=\"2025-05-12T08:59:41+00:00\" \/>\n<meta property=\"og:image\" content=\"https:\/\/static.link2fleet.com\/wp-content\/uploads\/2024\/03\/stellantis-b2b-1.jpg\" \/>\n\t<meta property=\"og:image:width\" content=\"2048\" \/>\n\t<meta property=\"og:image:height\" content=\"1365\" \/>\n\t<meta property=\"og:image:type\" content=\"image\/jpeg\" \/>\n<meta name=\"author\" content=\"Damien Malvetti\" \/>\n<meta name=\"twitter:card\" content=\"summary_large_image\" \/>\n<meta name=\"twitter:description\" content=\"Stellantis \u00e9tend sa politique d&rsquo;indemnisation des r\u00e9clamations des consommateurs europ\u00e9ens sur les g\u00e9n\u00e9rations pr\u00e9c\u00e9dentes de moteurs PureTech 1.0 et 1.2. De nouvelles mesures viennent s&rsquo;ajouter\u2026\" \/>\n<meta name=\"twitter:label1\" content=\"\u00c9crit par\" \/>\n\t<meta name=\"twitter:data1\" content=\"Damien Malvetti\" \/>\n\t<meta name=\"twitter:label2\" content=\"Dur\u00e9e de lecture estim\u00e9e\" \/>\n\t<meta name=\"twitter:data2\" content=\"2 minutes\" \/>\n<script type=\"application\/ld+json\" class=\"yoast-schema-graph\">{\"@context\":\"https:\\\/\\\/schema.org\",\"@graph\":[{\"@type\":\"Article\",\"@id\":\"https:\\\/\\\/www.link2fleet.com\\\/puretech-motoren-stellantis-breidt-compensatiebeleid-uit\\\/#article\",\"isPartOf\":{\"@id\":\"https:\\\/\\\/www.link2fleet.com\\\/puretech-motoren-stellantis-breidt-compensatiebeleid-uit\\\/\"},\"author\":{\"name\":\"Damien Malvetti\",\"@id\":\"https:\\\/\\\/www.link2fleet.com\\\/fr\\\/#\\\/schema\\\/person\\\/027cd46113c78036b3809c9a054049da\"},\"headline\":\"Moteurs PureTech: Stellantis \u00e9tend sa politique d&rsquo;indemnisation des r\u00e9clamations\",\"datePublished\":\"2025-05-12T08:59:41+00:00\",\"mainEntityOfPage\":{\"@id\":\"https:\\\/\\\/www.link2fleet.com\\\/puretech-motoren-stellantis-breidt-compensatiebeleid-uit\\\/\"},\"wordCount\":11,\"publisher\":{\"@id\":\"https:\\\/\\\/www.link2fleet.com\\\/fr\\\/#organization\"},\"image\":{\"@id\":\"https:\\\/\\\/www.link2fleet.com\\\/puretech-motoren-stellantis-breidt-compensatiebeleid-uit\\\/#primaryimage\"},\"thumbnailUrl\":\"https:\\\/\\\/static.link2fleet.com\\\/wp-content\\\/uploads\\\/2024\\\/03\\\/stellantis-b2b-1.jpg\",\"articleSection\":[\"Importateurs et constructeurs\",\"V\u00e9hicules\"],\"inLanguage\":\"fr-FR\"},{\"@type\":\"WebPage\",\"@id\":\"https:\\\/\\\/www.link2fleet.com\\\/puretech-motoren-stellantis-breidt-compensatiebeleid-uit\\\/\",\"url\":\"https:\\\/\\\/www.link2fleet.com\\\/puretech-motoren-stellantis-breidt-compensatiebeleid-uit\\\/\",\"name\":\"Moteurs PureTech: Stellantis \u00e9tend sa politique d'indemnisation des r\u00e9clamations - link2fleet\",\"isPartOf\":{\"@id\":\"https:\\\/\\\/www.link2fleet.com\\\/fr\\\/#website\"},\"primaryImageOfPage\":{\"@id\":\"https:\\\/\\\/www.link2fleet.com\\\/puretech-motoren-stellantis-breidt-compensatiebeleid-uit\\\/#primaryimage\"},\"image\":{\"@id\":\"https:\\\/\\\/www.link2fleet.com\\\/puretech-motoren-stellantis-breidt-compensatiebeleid-uit\\\/#primaryimage\"},\"thumbnailUrl\":\"https:\\\/\\\/static.link2fleet.com\\\/wp-content\\\/uploads\\\/2024\\\/03\\\/stellantis-b2b-1.jpg\",\"datePublished\":\"2025-05-12T08:59:41+00:00\",\"breadcrumb\":{\"@id\":\"https:\\\/\\\/www.link2fleet.com\\\/puretech-motoren-stellantis-breidt-compensatiebeleid-uit\\\/#breadcrumb\"},\"inLanguage\":\"fr-FR\",\"potentialAction\":[{\"@type\":\"ReadAction\",\"target\":[\"https:\\\/\\\/www.link2fleet.com\\\/puretech-motoren-stellantis-breidt-compensatiebeleid-uit\\\/\"]}]},{\"@type\":\"ImageObject\",\"inLanguage\":\"fr-FR\",\"@id\":\"https:\\\/\\\/www.link2fleet.com\\\/puretech-motoren-stellantis-breidt-compensatiebeleid-uit\\\/#primaryimage\",\"url\":\"https:\\\/\\\/static.link2fleet.com\\\/wp-content\\\/uploads\\\/2024\\\/03\\\/stellantis-b2b-1.jpg\",\"contentUrl\":\"https:\\\/\\\/static.link2fleet.com\\\/wp-content\\\/uploads\\\/2024\\\/03\\\/stellantis-b2b-1.jpg\",\"width\":2048,\"height\":1365,\"caption\":\"|||||||||||\"},{\"@type\":\"BreadcrumbList\",\"@id\":\"https:\\\/\\\/www.link2fleet.com\\\/puretech-motoren-stellantis-breidt-compensatiebeleid-uit\\\/#breadcrumb\",\"itemListElement\":[{\"@type\":\"ListItem\",\"position\":1,\"name\":\"Home\",\"item\":\"https:\\\/\\\/www.link2fleet.com\\\/fr\\\/\"},{\"@type\":\"ListItem\",\"position\":2,\"name\":\"Moteurs PureTech: Stellantis \u00e9tend sa politique d&#8217;indemnisation des r\u00e9clamations\"}]},{\"@type\":\"WebSite\",\"@id\":\"https:\\\/\\\/www.link2fleet.com\\\/fr\\\/#website\",\"url\":\"https:\\\/\\\/www.link2fleet.com\\\/fr\\\/\",\"name\":\"Link2fleet\",\"description\":\"\",\"publisher\":{\"@id\":\"https:\\\/\\\/www.link2fleet.com\\\/fr\\\/#organization\"},\"potentialAction\":[{\"@type\":\"SearchAction\",\"target\":{\"@type\":\"EntryPoint\",\"urlTemplate\":\"https:\\\/\\\/www.link2fleet.com\\\/fr\\\/?s={search_term_string}\"},\"query-input\":{\"@type\":\"PropertyValueSpecification\",\"valueRequired\":true,\"valueName\":\"search_term_string\"}}],\"inLanguage\":\"fr-FR\"},{\"@type\":\"Organization\",\"@id\":\"https:\\\/\\\/www.link2fleet.com\\\/fr\\\/#organization\",\"name\":\"Link2fleet\",\"url\":\"https:\\\/\\\/www.link2fleet.com\\\/fr\\\/\",\"logo\":{\"@type\":\"ImageObject\",\"inLanguage\":\"fr-FR\",\"@id\":\"https:\\\/\\\/www.link2fleet.com\\\/fr\\\/#\\\/schema\\\/logo\\\/image\\\/\",\"url\":\"https:\\\/\\\/static.link2fleet.com\\\/wp-content\\\/uploads\\\/2024\\\/03\\\/share-image.jpg\",\"contentUrl\":\"https:\\\/\\\/static.link2fleet.com\\\/wp-content\\\/uploads\\\/2024\\\/03\\\/share-image.jpg\",\"width\":1200,\"height\":630,\"caption\":\"Link2fleet\"},\"image\":{\"@id\":\"https:\\\/\\\/www.link2fleet.com\\\/fr\\\/#\\\/schema\\\/logo\\\/image\\\/\"},\"sameAs\":[\"https:\\\/\\\/www.linkedin.com\\\/company\\\/link2fleet-belgium\",\"https:\\\/\\\/www.youtube.com\\\/user\\\/MMMBMBE\"]},{\"@type\":\"Person\",\"@id\":\"https:\\\/\\\/www.link2fleet.com\\\/fr\\\/#\\\/schema\\\/person\\\/027cd46113c78036b3809c9a054049da\",\"name\":\"Damien Malvetti\",\"image\":{\"@type\":\"ImageObject\",\"inLanguage\":\"fr-FR\",\"@id\":\"https:\\\/\\\/secure.gravatar.com\\\/avatar\\\/dd8cc03b49466c735f753ac37f8caa371af16dfed347456ed61f02883255eebb?s=96&d=mm&r=g\",\"url\":\"https:\\\/\\\/secure.gravatar.com\\\/avatar\\\/dd8cc03b49466c735f753ac37f8caa371af16dfed347456ed61f02883255eebb?s=96&d=mm&r=g\",\"contentUrl\":\"https:\\\/\\\/secure.gravatar.com\\\/avatar\\\/dd8cc03b49466c735f753ac37f8caa371af16dfed347456ed61f02883255eebb?s=96&d=mm&r=g\",\"caption\":\"Damien Malvetti\"},\"description\":\"Damien Malvetti is opgeleid als journalist en gepassioneerd door wagens, technologie en mobiliteit. Hij is verantwoordelijk voor de redactionele inhoud van link2fleet en beschikt over een uitgebreide kennis van de fleet-sector en elektrische mobiliteit.\",\"sameAs\":[\"https:\\\/\\\/www.linkedin.com\\\/in\\\/damien-malvetti-56601142\\\/\"]}]}<\/script>\n<!-- \/ Yoast SEO plugin. -->","yoast_head_json":{"title":"Moteurs PureTech: Stellantis \u00e9tend sa politique d'indemnisation des r\u00e9clamations - link2fleet","description":"Stellantis \u00e9tend sa politique d&rsquo;indemnisation des r\u00e9clamations des consommateurs europ\u00e9ens sur les g\u00e9n\u00e9rations pr\u00e9c\u00e9dentes de moteurs PureTech 1.0 et 1.2. De nouvelles mesures viennent s&rsquo;ajouter\u2026","robots":{"index":"index","follow":"follow","max-snippet":"max-snippet:-1","max-image-preview":"max-image-preview:large","max-video-preview":"max-video-preview:-1"},"og_locale":"fr_FR","og_type":"article","og_title":"Moteurs PureTech: Stellantis \u00e9tend sa politique d'indemnisation des r\u00e9clamations - link2fleet","og_description":"Stellantis \u00e9tend sa politique d&rsquo;indemnisation des r\u00e9clamations des consommateurs europ\u00e9ens sur les g\u00e9n\u00e9rations pr\u00e9c\u00e9dentes de moteurs PureTech 1.0 et 1.2. De nouvelles mesures viennent s&rsquo;ajouter\u2026","og_url":"https:\/\/www.link2fleet.com\/puretech-motoren-stellantis-breidt-compensatiebeleid-uit\/","og_site_name":"link2fleet","article_published_time":"2025-05-12T08:59:41+00:00","og_image":[{"width":2048,"height":1365,"url":"https:\/\/static.link2fleet.com\/wp-content\/uploads\/2024\/03\/stellantis-b2b-1.jpg","type":"image\/jpeg"}],"author":"Damien Malvetti","twitter_card":"summary_large_image","twitter_description":"Stellantis \u00e9tend sa politique d&rsquo;indemnisation des r\u00e9clamations des consommateurs europ\u00e9ens sur les g\u00e9n\u00e9rations pr\u00e9c\u00e9dentes de moteurs PureTech 1.0 et 1.2. De nouvelles mesures viennent s&rsquo;ajouter\u2026","twitter_misc":{"\u00c9crit par":"Damien Malvetti","Dur\u00e9e de lecture estim\u00e9e":"2 minutes"},"schema":{"@context":"https:\/\/schema.org","@graph":[{"@type":"Article","@id":"https:\/\/www.link2fleet.com\/puretech-motoren-stellantis-breidt-compensatiebeleid-uit\/#article","isPartOf":{"@id":"https:\/\/www.link2fleet.com\/puretech-motoren-stellantis-breidt-compensatiebeleid-uit\/"},"author":{"name":"Damien Malvetti","@id":"https:\/\/www.link2fleet.com\/fr\/#\/schema\/person\/027cd46113c78036b3809c9a054049da"},"headline":"Moteurs PureTech: Stellantis \u00e9tend sa politique d&rsquo;indemnisation des r\u00e9clamations","datePublished":"2025-05-12T08:59:41+00:00","mainEntityOfPage":{"@id":"https:\/\/www.link2fleet.com\/puretech-motoren-stellantis-breidt-compensatiebeleid-uit\/"},"wordCount":11,"publisher":{"@id":"https:\/\/www.link2fleet.com\/fr\/#organization"},"image":{"@id":"https:\/\/www.link2fleet.com\/puretech-motoren-stellantis-breidt-compensatiebeleid-uit\/#primaryimage"},"thumbnailUrl":"https:\/\/static.link2fleet.com\/wp-content\/uploads\/2024\/03\/stellantis-b2b-1.jpg","articleSection":["Importateurs et constructeurs","V\u00e9hicules"],"inLanguage":"fr-FR"},{"@type":"WebPage","@id":"https:\/\/www.link2fleet.com\/puretech-motoren-stellantis-breidt-compensatiebeleid-uit\/","url":"https:\/\/www.link2fleet.com\/puretech-motoren-stellantis-breidt-compensatiebeleid-uit\/","name":"Moteurs PureTech: Stellantis \u00e9tend sa politique d'indemnisation des r\u00e9clamations - link2fleet","isPartOf":{"@id":"https:\/\/www.link2fleet.com\/fr\/#website"},"primaryImageOfPage":{"@id":"https:\/\/www.link2fleet.com\/puretech-motoren-stellantis-breidt-compensatiebeleid-uit\/#primaryimage"},"image":{"@id":"https:\/\/www.link2fleet.com\/puretech-motoren-stellantis-breidt-compensatiebeleid-uit\/#primaryimage"},"thumbnailUrl":"https:\/\/static.link2fleet.com\/wp-content\/uploads\/2024\/03\/stellantis-b2b-1.jpg","datePublished":"2025-05-12T08:59:41+00:00","breadcrumb":{"@id":"https:\/\/www.link2fleet.com\/puretech-motoren-stellantis-breidt-compensatiebeleid-uit\/#breadcrumb"},"inLanguage":"fr-FR","potentialAction":[{"@type":"ReadAction","target":["https:\/\/www.link2fleet.com\/puretech-motoren-stellantis-breidt-compensatiebeleid-uit\/"]}]},{"@type":"ImageObject","inLanguage":"fr-FR","@id":"https:\/\/www.link2fleet.com\/puretech-motoren-stellantis-breidt-compensatiebeleid-uit\/#primaryimage","url":"https:\/\/static.link2fleet.com\/wp-content\/uploads\/2024\/03\/stellantis-b2b-1.jpg","contentUrl":"https:\/\/static.link2fleet.com\/wp-content\/uploads\/2024\/03\/stellantis-b2b-1.jpg","width":2048,"height":1365,"caption":"|||||||||||"},{"@type":"BreadcrumbList","@id":"https:\/\/www.link2fleet.com\/puretech-motoren-stellantis-breidt-compensatiebeleid-uit\/#breadcrumb","itemListElement":[{"@type":"ListItem","position":1,"name":"Home","item":"https:\/\/www.link2fleet.com\/fr\/"},{"@type":"ListItem","position":2,"name":"Moteurs PureTech: Stellantis \u00e9tend sa politique d&#8217;indemnisation des r\u00e9clamations"}]},{"@type":"WebSite","@id":"https:\/\/www.link2fleet.com\/fr\/#website","url":"https:\/\/www.link2fleet.com\/fr\/","name":"Link2fleet","description":"","publisher":{"@id":"https:\/\/www.link2fleet.com\/fr\/#organization"},"potentialAction":[{"@type":"SearchAction","target":{"@type":"EntryPoint","urlTemplate":"https:\/\/www.link2fleet.com\/fr\/?s={search_term_string}"},"query-input":{"@type":"PropertyValueSpecification","valueRequired":true,"valueName":"search_term_string"}}],"inLanguage":"fr-FR"},{"@type":"Organization","@id":"https:\/\/www.link2fleet.com\/fr\/#organization","name":"Link2fleet","url":"https:\/\/www.link2fleet.com\/fr\/","logo":{"@type":"ImageObject","inLanguage":"fr-FR","@id":"https:\/\/www.link2fleet.com\/fr\/#\/schema\/logo\/image\/","url":"https:\/\/static.link2fleet.com\/wp-content\/uploads\/2024\/03\/share-image.jpg","contentUrl":"https:\/\/static.link2fleet.com\/wp-content\/uploads\/2024\/03\/share-image.jpg","width":1200,"height":630,"caption":"Link2fleet"},"image":{"@id":"https:\/\/www.link2fleet.com\/fr\/#\/schema\/logo\/image\/"},"sameAs":["https:\/\/www.linkedin.com\/company\/link2fleet-belgium","https:\/\/www.youtube.com\/user\/MMMBMBE"]},{"@type":"Person","@id":"https:\/\/www.link2fleet.com\/fr\/#\/schema\/person\/027cd46113c78036b3809c9a054049da","name":"Damien Malvetti","image":{"@type":"ImageObject","inLanguage":"fr-FR","@id":"https:\/\/secure.gravatar.com\/avatar\/dd8cc03b49466c735f753ac37f8caa371af16dfed347456ed61f02883255eebb?s=96&d=mm&r=g","url":"https:\/\/secure.gravatar.com\/avatar\/dd8cc03b49466c735f753ac37f8caa371af16dfed347456ed61f02883255eebb?s=96&d=mm&r=g","contentUrl":"https:\/\/secure.gravatar.com\/avatar\/dd8cc03b49466c735f753ac37f8caa371af16dfed347456ed61f02883255eebb?s=96&d=mm&r=g","caption":"Damien Malvetti"},"description":"Damien Malvetti is opgeleid als journalist en gepassioneerd door wagens, technologie en mobiliteit. Hij is verantwoordelijk voor de redactionele inhoud van link2fleet en beschikt over een uitgebreide kennis van de fleet-sector en elektrische mobiliteit.","sameAs":["https:\/\/www.linkedin.com\/in\/damien-malvetti-56601142\/"]}]}},"_links":{"self":[{"href":"https:\/\/www.link2fleet.com\/fr\/wp-json\/wp\/v2\/posts\/42220","targetHints":{"allow":["GET"]}}],"collection":[{"href":"https:\/\/www.link2fleet.com\/fr\/wp-json\/wp\/v2\/posts"}],"about":[{"href":"https:\/\/www.link2fleet.com\/fr\/wp-json\/wp\/v2\/types\/post"}],"author":[{"embeddable":true,"href":"https:\/\/www.link2fleet.com\/fr\/wp-json\/wp\/v2\/users\/4"}],"replies":[{"embeddable":true,"href":"https:\/\/www.link2fleet.com\/fr\/wp-json\/wp\/v2\/comments?post=42220"}],"version-history":[{"count":2,"href":"https:\/\/www.link2fleet.com\/fr\/wp-json\/wp\/v2\/posts\/42220\/revisions"}],"predecessor-version":[{"id":42222,"href":"https:\/\/www.link2fleet.com\/fr\/wp-json\/wp\/v2\/posts\/42220\/revisions\/42222"}],"wp:featuredmedia":[{"embeddable":true,"href":"https:\/\/www.link2fleet.com\/fr\/wp-json\/wp\/v2\/media\/4516"}],"wp:attachment":[{"href":"https:\/\/www.link2fleet.com\/fr\/wp-json\/wp\/v2\/media?parent=42220"}],"wp:term":[{"taxonomy":"category","embeddable":true,"href":"https:\/\/www.link2fleet.com\/fr\/wp-json\/wp\/v2\/categories?post=42220"},{"taxonomy":"post_tag","embeddable":true,"href":"https:\/\/www.link2fleet.com\/fr\/wp-json\/wp\/v2\/tags?post=42220"}],"curies":[{"name":"wp","href":"https:\/\/api.w.org\/{rel}","templated":true}]}}