{"id":42266,"date":"2025-05-14T14:08:58","date_gmt":"2025-05-14T12:08:58","guid":{"rendered":"https:\/\/www.link2fleet.com\/?p=42266"},"modified":"2025-05-14T14:08:58","modified_gmt":"2025-05-14T12:08:58","slug":"fleet-test-renault-4-e-tech-electric-le-retour-dune-legende-version-2-0","status":"publish","type":"post","link":"https:\/\/www.link2fleet.com\/fr\/fleet-test-renault-4-e-tech-electric-le-retour-dune-legende-version-2-0\/","title":{"rendered":"Fleet test Renault 4 E-Tech Electric : le retour d\u2019une l\u00e9gende, version 2.0"},"content":{"rendered":"","protected":false},"excerpt":{"rendered":"","protected":false},"author":4,"featured_media":42275,"comment_status":"closed","ping_status":"closed","sticky":false,"template":"","format":"standard","meta":{"_acf_changed":false,"footnotes":""},"categories":[134],"tags":[],"class_list":["post-42266","post","type-post","status-publish","format-standard","has-post-thumbnail","hentry","category-fleet-test"],"acf":[],"yoast_head":"<!-- This site is optimized with the Yoast SEO plugin v27.3 - https:\/\/yoast.com\/product\/yoast-seo-wordpress\/ -->\n<title>Fleet test Renault 4 E-Tech Electric : le retour d\u2019une l\u00e9gende, version 2.0 - link2fleet<\/title>\n<meta name=\"description\" content=\"La Renault 4 E-Tech Electric signe le grand retour d\u2019une ic\u00f4ne des routes europ\u00e9ennes, r\u00e9invent\u00e9e pour l\u2019\u00e8re \u00e9lectrique. Inspir\u00e9e par le design embl\u00e9matique de la\u2026\" \/>\n<meta name=\"robots\" content=\"index, follow, max-snippet:-1, max-image-preview:large, max-video-preview:-1\" \/>\n<meta property=\"og:locale\" content=\"fr_FR\" \/>\n<meta property=\"og:type\" content=\"article\" \/>\n<meta property=\"og:title\" content=\"Fleet test Renault 4 E-Tech Electric : le retour d\u2019une l\u00e9gende, version 2.0 - link2fleet\" \/>\n<meta property=\"og:description\" content=\"La Renault 4 E-Tech Electric signe le grand retour d\u2019une ic\u00f4ne des routes europ\u00e9ennes, r\u00e9invent\u00e9e pour l\u2019\u00e8re \u00e9lectrique. Inspir\u00e9e par le design embl\u00e9matique de la\u2026\" \/>\n<meta property=\"og:url\" content=\"https:\/\/www.link2fleet.com\/fleet-test-renault-4-e-tech-electric-de-comeback-van-een-legende-versie-2-0\/\" \/>\n<meta property=\"og:site_name\" content=\"link2fleet\" \/>\n<meta property=\"article:published_time\" content=\"2025-05-14T12:08:58+00:00\" \/>\n<meta property=\"og:image\" content=\"https:\/\/static.link2fleet.com\/wp-content\/uploads\/2025\/05\/renault-4-e-tech-electric-11.jpg\" \/>\n\t<meta property=\"og:image:width\" content=\"2000\" \/>\n\t<meta property=\"og:image:height\" content=\"1334\" \/>\n\t<meta property=\"og:image:type\" content=\"image\/jpeg\" \/>\n<meta name=\"author\" content=\"Damien Malvetti\" \/>\n<meta name=\"twitter:card\" content=\"summary_large_image\" \/>\n<meta name=\"twitter:description\" content=\"La Renault 4 E-Tech Electric signe le grand retour d\u2019une ic\u00f4ne des routes europ\u00e9ennes, r\u00e9invent\u00e9e pour l\u2019\u00e8re \u00e9lectrique. Inspir\u00e9e par le design embl\u00e9matique de la\u2026\" \/>\n<meta name=\"twitter:label1\" content=\"\u00c9crit par\" \/>\n\t<meta name=\"twitter:data1\" content=\"Damien Malvetti\" \/>\n\t<meta name=\"twitter:label2\" content=\"Dur\u00e9e de lecture estim\u00e9e\" \/>\n\t<meta name=\"twitter:data2\" content=\"9 minutes\" \/>\n<script type=\"application\/ld+json\" class=\"yoast-schema-graph\">{\"@context\":\"https:\\\/\\\/schema.org\",\"@graph\":[{\"@type\":\"Article\",\"@id\":\"https:\\\/\\\/www.link2fleet.com\\\/fleet-test-renault-4-e-tech-electric-de-comeback-van-een-legende-versie-2-0\\\/#article\",\"isPartOf\":{\"@id\":\"https:\\\/\\\/www.link2fleet.com\\\/fleet-test-renault-4-e-tech-electric-de-comeback-van-een-legende-versie-2-0\\\/\"},\"author\":{\"name\":\"Damien Malvetti\",\"@id\":\"https:\\\/\\\/www.link2fleet.com\\\/fr\\\/#\\\/schema\\\/person\\\/027cd46113c78036b3809c9a054049da\"},\"headline\":\"Fleet test Renault 4 E-Tech Electric : le retour d\u2019une l\u00e9gende, version 2.0\",\"datePublished\":\"2025-05-14T12:08:58+00:00\",\"mainEntityOfPage\":{\"@id\":\"https:\\\/\\\/www.link2fleet.com\\\/fleet-test-renault-4-e-tech-electric-de-comeback-van-een-legende-versie-2-0\\\/\"},\"wordCount\":12,\"publisher\":{\"@id\":\"https:\\\/\\\/www.link2fleet.com\\\/fr\\\/#organization\"},\"image\":{\"@id\":\"https:\\\/\\\/www.link2fleet.com\\\/fleet-test-renault-4-e-tech-electric-de-comeback-van-een-legende-versie-2-0\\\/#primaryimage\"},\"thumbnailUrl\":\"https:\\\/\\\/static.link2fleet.com\\\/wp-content\\\/uploads\\\/2025\\\/05\\\/renault-4-e-tech-electric-11.jpg\",\"articleSection\":[\"Essais fleet\"],\"inLanguage\":\"fr-FR\"},{\"@type\":\"WebPage\",\"@id\":\"https:\\\/\\\/www.link2fleet.com\\\/fleet-test-renault-4-e-tech-electric-de-comeback-van-een-legende-versie-2-0\\\/\",\"url\":\"https:\\\/\\\/www.link2fleet.com\\\/fleet-test-renault-4-e-tech-electric-de-comeback-van-een-legende-versie-2-0\\\/\",\"name\":\"Fleet test Renault 4 E-Tech Electric : le retour d\u2019une l\u00e9gende, version 2.0 - link2fleet\",\"isPartOf\":{\"@id\":\"https:\\\/\\\/www.link2fleet.com\\\/fr\\\/#website\"},\"primaryImageOfPage\":{\"@id\":\"https:\\\/\\\/www.link2fleet.com\\\/fleet-test-renault-4-e-tech-electric-de-comeback-van-een-legende-versie-2-0\\\/#primaryimage\"},\"image\":{\"@id\":\"https:\\\/\\\/www.link2fleet.com\\\/fleet-test-renault-4-e-tech-electric-de-comeback-van-een-legende-versie-2-0\\\/#primaryimage\"},\"thumbnailUrl\":\"https:\\\/\\\/static.link2fleet.com\\\/wp-content\\\/uploads\\\/2025\\\/05\\\/renault-4-e-tech-electric-11.jpg\",\"datePublished\":\"2025-05-14T12:08:58+00:00\",\"breadcrumb\":{\"@id\":\"https:\\\/\\\/www.link2fleet.com\\\/fleet-test-renault-4-e-tech-electric-de-comeback-van-een-legende-versie-2-0\\\/#breadcrumb\"},\"inLanguage\":\"fr-FR\",\"potentialAction\":[{\"@type\":\"ReadAction\",\"target\":[\"https:\\\/\\\/www.link2fleet.com\\\/fleet-test-renault-4-e-tech-electric-de-comeback-van-een-legende-versie-2-0\\\/\"]}]},{\"@type\":\"ImageObject\",\"inLanguage\":\"fr-FR\",\"@id\":\"https:\\\/\\\/www.link2fleet.com\\\/fleet-test-renault-4-e-tech-electric-de-comeback-van-een-legende-versie-2-0\\\/#primaryimage\",\"url\":\"https:\\\/\\\/static.link2fleet.com\\\/wp-content\\\/uploads\\\/2025\\\/05\\\/renault-4-e-tech-electric-11.jpg\",\"contentUrl\":\"https:\\\/\\\/static.link2fleet.com\\\/wp-content\\\/uploads\\\/2025\\\/05\\\/renault-4-e-tech-electric-11.jpg\",\"width\":2000,\"height\":1334},{\"@type\":\"BreadcrumbList\",\"@id\":\"https:\\\/\\\/www.link2fleet.com\\\/fleet-test-renault-4-e-tech-electric-de-comeback-van-een-legende-versie-2-0\\\/#breadcrumb\",\"itemListElement\":[{\"@type\":\"ListItem\",\"position\":1,\"name\":\"Home\",\"item\":\"https:\\\/\\\/www.link2fleet.com\\\/fr\\\/\"},{\"@type\":\"ListItem\",\"position\":2,\"name\":\"Fleet test Renault 4 E-Tech Electric : le retour d\u2019une l\u00e9gende, version 2.0\"}]},{\"@type\":\"WebSite\",\"@id\":\"https:\\\/\\\/www.link2fleet.com\\\/fr\\\/#website\",\"url\":\"https:\\\/\\\/www.link2fleet.com\\\/fr\\\/\",\"name\":\"Link2fleet\",\"description\":\"\",\"publisher\":{\"@id\":\"https:\\\/\\\/www.link2fleet.com\\\/fr\\\/#organization\"},\"potentialAction\":[{\"@type\":\"SearchAction\",\"target\":{\"@type\":\"EntryPoint\",\"urlTemplate\":\"https:\\\/\\\/www.link2fleet.com\\\/fr\\\/?s={search_term_string}\"},\"query-input\":{\"@type\":\"PropertyValueSpecification\",\"valueRequired\":true,\"valueName\":\"search_term_string\"}}],\"inLanguage\":\"fr-FR\"},{\"@type\":\"Organization\",\"@id\":\"https:\\\/\\\/www.link2fleet.com\\\/fr\\\/#organization\",\"name\":\"Link2fleet\",\"url\":\"https:\\\/\\\/www.link2fleet.com\\\/fr\\\/\",\"logo\":{\"@type\":\"ImageObject\",\"inLanguage\":\"fr-FR\",\"@id\":\"https:\\\/\\\/www.link2fleet.com\\\/fr\\\/#\\\/schema\\\/logo\\\/image\\\/\",\"url\":\"https:\\\/\\\/static.link2fleet.com\\\/wp-content\\\/uploads\\\/2024\\\/03\\\/share-image.jpg\",\"contentUrl\":\"https:\\\/\\\/static.link2fleet.com\\\/wp-content\\\/uploads\\\/2024\\\/03\\\/share-image.jpg\",\"width\":1200,\"height\":630,\"caption\":\"Link2fleet\"},\"image\":{\"@id\":\"https:\\\/\\\/www.link2fleet.com\\\/fr\\\/#\\\/schema\\\/logo\\\/image\\\/\"},\"sameAs\":[\"https:\\\/\\\/www.linkedin.com\\\/company\\\/link2fleet-belgium\",\"https:\\\/\\\/www.youtube.com\\\/user\\\/MMMBMBE\"]},{\"@type\":\"Person\",\"@id\":\"https:\\\/\\\/www.link2fleet.com\\\/fr\\\/#\\\/schema\\\/person\\\/027cd46113c78036b3809c9a054049da\",\"name\":\"Damien Malvetti\",\"image\":{\"@type\":\"ImageObject\",\"inLanguage\":\"fr-FR\",\"@id\":\"https:\\\/\\\/secure.gravatar.com\\\/avatar\\\/dd8cc03b49466c735f753ac37f8caa371af16dfed347456ed61f02883255eebb?s=96&d=mm&r=g\",\"url\":\"https:\\\/\\\/secure.gravatar.com\\\/avatar\\\/dd8cc03b49466c735f753ac37f8caa371af16dfed347456ed61f02883255eebb?s=96&d=mm&r=g\",\"contentUrl\":\"https:\\\/\\\/secure.gravatar.com\\\/avatar\\\/dd8cc03b49466c735f753ac37f8caa371af16dfed347456ed61f02883255eebb?s=96&d=mm&r=g\",\"caption\":\"Damien Malvetti\"},\"description\":\"Damien Malvetti is opgeleid als journalist en gepassioneerd door wagens, technologie en mobiliteit. Hij is verantwoordelijk voor de redactionele inhoud van link2fleet en beschikt over een uitgebreide kennis van de fleet-sector en elektrische mobiliteit.\",\"sameAs\":[\"https:\\\/\\\/www.linkedin.com\\\/in\\\/damien-malvetti-56601142\\\/\"]}]}<\/script>\n<!-- \/ Yoast SEO plugin. -->","yoast_head_json":{"title":"Fleet test Renault 4 E-Tech Electric : le retour d\u2019une l\u00e9gende, version 2.0 - link2fleet","description":"La Renault 4 E-Tech Electric signe le grand retour d\u2019une ic\u00f4ne des routes europ\u00e9ennes, r\u00e9invent\u00e9e pour l\u2019\u00e8re \u00e9lectrique. Inspir\u00e9e par le design embl\u00e9matique de la\u2026","robots":{"index":"index","follow":"follow","max-snippet":"max-snippet:-1","max-image-preview":"max-image-preview:large","max-video-preview":"max-video-preview:-1"},"og_locale":"fr_FR","og_type":"article","og_title":"Fleet test Renault 4 E-Tech Electric : le retour d\u2019une l\u00e9gende, version 2.0 - link2fleet","og_description":"La Renault 4 E-Tech Electric signe le grand retour d\u2019une ic\u00f4ne des routes europ\u00e9ennes, r\u00e9invent\u00e9e pour l\u2019\u00e8re \u00e9lectrique. Inspir\u00e9e par le design embl\u00e9matique de la\u2026","og_url":"https:\/\/www.link2fleet.com\/fleet-test-renault-4-e-tech-electric-de-comeback-van-een-legende-versie-2-0\/","og_site_name":"link2fleet","article_published_time":"2025-05-14T12:08:58+00:00","og_image":[{"width":2000,"height":1334,"url":"https:\/\/static.link2fleet.com\/wp-content\/uploads\/2025\/05\/renault-4-e-tech-electric-11.jpg","type":"image\/jpeg"}],"author":"Damien Malvetti","twitter_card":"summary_large_image","twitter_description":"La Renault 4 E-Tech Electric signe le grand retour d\u2019une ic\u00f4ne des routes europ\u00e9ennes, r\u00e9invent\u00e9e pour l\u2019\u00e8re \u00e9lectrique. Inspir\u00e9e par le design embl\u00e9matique de la\u2026","twitter_misc":{"\u00c9crit par":"Damien Malvetti","Dur\u00e9e de lecture estim\u00e9e":"9 minutes"},"schema":{"@context":"https:\/\/schema.org","@graph":[{"@type":"Article","@id":"https:\/\/www.link2fleet.com\/fleet-test-renault-4-e-tech-electric-de-comeback-van-een-legende-versie-2-0\/#article","isPartOf":{"@id":"https:\/\/www.link2fleet.com\/fleet-test-renault-4-e-tech-electric-de-comeback-van-een-legende-versie-2-0\/"},"author":{"name":"Damien Malvetti","@id":"https:\/\/www.link2fleet.com\/fr\/#\/schema\/person\/027cd46113c78036b3809c9a054049da"},"headline":"Fleet test Renault 4 E-Tech Electric : le retour d\u2019une l\u00e9gende, version 2.0","datePublished":"2025-05-14T12:08:58+00:00","mainEntityOfPage":{"@id":"https:\/\/www.link2fleet.com\/fleet-test-renault-4-e-tech-electric-de-comeback-van-een-legende-versie-2-0\/"},"wordCount":12,"publisher":{"@id":"https:\/\/www.link2fleet.com\/fr\/#organization"},"image":{"@id":"https:\/\/www.link2fleet.com\/fleet-test-renault-4-e-tech-electric-de-comeback-van-een-legende-versie-2-0\/#primaryimage"},"thumbnailUrl":"https:\/\/static.link2fleet.com\/wp-content\/uploads\/2025\/05\/renault-4-e-tech-electric-11.jpg","articleSection":["Essais fleet"],"inLanguage":"fr-FR"},{"@type":"WebPage","@id":"https:\/\/www.link2fleet.com\/fleet-test-renault-4-e-tech-electric-de-comeback-van-een-legende-versie-2-0\/","url":"https:\/\/www.link2fleet.com\/fleet-test-renault-4-e-tech-electric-de-comeback-van-een-legende-versie-2-0\/","name":"Fleet test Renault 4 E-Tech Electric : le retour d\u2019une l\u00e9gende, version 2.0 - link2fleet","isPartOf":{"@id":"https:\/\/www.link2fleet.com\/fr\/#website"},"primaryImageOfPage":{"@id":"https:\/\/www.link2fleet.com\/fleet-test-renault-4-e-tech-electric-de-comeback-van-een-legende-versie-2-0\/#primaryimage"},"image":{"@id":"https:\/\/www.link2fleet.com\/fleet-test-renault-4-e-tech-electric-de-comeback-van-een-legende-versie-2-0\/#primaryimage"},"thumbnailUrl":"https:\/\/static.link2fleet.com\/wp-content\/uploads\/2025\/05\/renault-4-e-tech-electric-11.jpg","datePublished":"2025-05-14T12:08:58+00:00","breadcrumb":{"@id":"https:\/\/www.link2fleet.com\/fleet-test-renault-4-e-tech-electric-de-comeback-van-een-legende-versie-2-0\/#breadcrumb"},"inLanguage":"fr-FR","potentialAction":[{"@type":"ReadAction","target":["https:\/\/www.link2fleet.com\/fleet-test-renault-4-e-tech-electric-de-comeback-van-een-legende-versie-2-0\/"]}]},{"@type":"ImageObject","inLanguage":"fr-FR","@id":"https:\/\/www.link2fleet.com\/fleet-test-renault-4-e-tech-electric-de-comeback-van-een-legende-versie-2-0\/#primaryimage","url":"https:\/\/static.link2fleet.com\/wp-content\/uploads\/2025\/05\/renault-4-e-tech-electric-11.jpg","contentUrl":"https:\/\/static.link2fleet.com\/wp-content\/uploads\/2025\/05\/renault-4-e-tech-electric-11.jpg","width":2000,"height":1334},{"@type":"BreadcrumbList","@id":"https:\/\/www.link2fleet.com\/fleet-test-renault-4-e-tech-electric-de-comeback-van-een-legende-versie-2-0\/#breadcrumb","itemListElement":[{"@type":"ListItem","position":1,"name":"Home","item":"https:\/\/www.link2fleet.com\/fr\/"},{"@type":"ListItem","position":2,"name":"Fleet test Renault 4 E-Tech Electric : le retour d\u2019une l\u00e9gende, version 2.0"}]},{"@type":"WebSite","@id":"https:\/\/www.link2fleet.com\/fr\/#website","url":"https:\/\/www.link2fleet.com\/fr\/","name":"Link2fleet","description":"","publisher":{"@id":"https:\/\/www.link2fleet.com\/fr\/#organization"},"potentialAction":[{"@type":"SearchAction","target":{"@type":"EntryPoint","urlTemplate":"https:\/\/www.link2fleet.com\/fr\/?s={search_term_string}"},"query-input":{"@type":"PropertyValueSpecification","valueRequired":true,"valueName":"search_term_string"}}],"inLanguage":"fr-FR"},{"@type":"Organization","@id":"https:\/\/www.link2fleet.com\/fr\/#organization","name":"Link2fleet","url":"https:\/\/www.link2fleet.com\/fr\/","logo":{"@type":"ImageObject","inLanguage":"fr-FR","@id":"https:\/\/www.link2fleet.com\/fr\/#\/schema\/logo\/image\/","url":"https:\/\/static.link2fleet.com\/wp-content\/uploads\/2024\/03\/share-image.jpg","contentUrl":"https:\/\/static.link2fleet.com\/wp-content\/uploads\/2024\/03\/share-image.jpg","width":1200,"height":630,"caption":"Link2fleet"},"image":{"@id":"https:\/\/www.link2fleet.com\/fr\/#\/schema\/logo\/image\/"},"sameAs":["https:\/\/www.linkedin.com\/company\/link2fleet-belgium","https:\/\/www.youtube.com\/user\/MMMBMBE"]},{"@type":"Person","@id":"https:\/\/www.link2fleet.com\/fr\/#\/schema\/person\/027cd46113c78036b3809c9a054049da","name":"Damien Malvetti","image":{"@type":"ImageObject","inLanguage":"fr-FR","@id":"https:\/\/secure.gravatar.com\/avatar\/dd8cc03b49466c735f753ac37f8caa371af16dfed347456ed61f02883255eebb?s=96&d=mm&r=g","url":"https:\/\/secure.gravatar.com\/avatar\/dd8cc03b49466c735f753ac37f8caa371af16dfed347456ed61f02883255eebb?s=96&d=mm&r=g","contentUrl":"https:\/\/secure.gravatar.com\/avatar\/dd8cc03b49466c735f753ac37f8caa371af16dfed347456ed61f02883255eebb?s=96&d=mm&r=g","caption":"Damien Malvetti"},"description":"Damien Malvetti is opgeleid als journalist en gepassioneerd door wagens, technologie en mobiliteit. Hij is verantwoordelijk voor de redactionele inhoud van link2fleet en beschikt over een uitgebreide kennis van de fleet-sector en elektrische mobiliteit.","sameAs":["https:\/\/www.linkedin.com\/in\/damien-malvetti-56601142\/"]}]}},"_links":{"self":[{"href":"https:\/\/www.link2fleet.com\/fr\/wp-json\/wp\/v2\/posts\/42266","targetHints":{"allow":["GET"]}}],"collection":[{"href":"https:\/\/www.link2fleet.com\/fr\/wp-json\/wp\/v2\/posts"}],"about":[{"href":"https:\/\/www.link2fleet.com\/fr\/wp-json\/wp\/v2\/types\/post"}],"author":[{"embeddable":true,"href":"https:\/\/www.link2fleet.com\/fr\/wp-json\/wp\/v2\/users\/4"}],"replies":[{"embeddable":true,"href":"https:\/\/www.link2fleet.com\/fr\/wp-json\/wp\/v2\/comments?post=42266"}],"version-history":[{"count":3,"href":"https:\/\/www.link2fleet.com\/fr\/wp-json\/wp\/v2\/posts\/42266\/revisions"}],"predecessor-version":[{"id":42308,"href":"https:\/\/www.link2fleet.com\/fr\/wp-json\/wp\/v2\/posts\/42266\/revisions\/42308"}],"wp:featuredmedia":[{"embeddable":true,"href":"https:\/\/www.link2fleet.com\/fr\/wp-json\/wp\/v2\/media\/42275"}],"wp:attachment":[{"href":"https:\/\/www.link2fleet.com\/fr\/wp-json\/wp\/v2\/media?parent=42266"}],"wp:term":[{"taxonomy":"category","embeddable":true,"href":"https:\/\/www.link2fleet.com\/fr\/wp-json\/wp\/v2\/categories?post=42266"},{"taxonomy":"post_tag","embeddable":true,"href":"https:\/\/www.link2fleet.com\/fr\/wp-json\/wp\/v2\/tags?post=42266"}],"curies":[{"name":"wp","href":"https:\/\/api.w.org\/{rel}","templated":true}]}}