{"id":42360,"date":"2025-05-16T14:18:33","date_gmt":"2025-05-16T12:18:33","guid":{"rendered":"https:\/\/www.link2fleet.com\/?p=42360"},"modified":"2025-05-16T14:18:33","modified_gmt":"2025-05-16T12:18:33","slug":"dieteren-energy-ouvre-lune-des-plus-grandes-aires-de-recharge-de-belgique-a-kortenberg","status":"publish","type":"post","link":"https:\/\/www.link2fleet.com\/fr\/dieteren-energy-ouvre-lune-des-plus-grandes-aires-de-recharge-de-belgique-a-kortenberg\/","title":{"rendered":"D&rsquo;Ieteren Energy ouvre l&rsquo;une des plus grandes aires de recharge de Belgique \u00e0 Kortenberg"},"content":{"rendered":"","protected":false},"excerpt":{"rendered":"","protected":false},"author":4,"featured_media":42364,"comment_status":"closed","ping_status":"closed","sticky":false,"template":"","format":"standard","meta":{"_acf_changed":false,"footnotes":""},"categories":[81,91],"tags":[],"class_list":["post-42360","post","type-post","status-publish","format-standard","has-post-thumbnail","hentry","category-gestion-de-carburant-et-energie","category-expertise-et-management"],"acf":[],"yoast_head":"<!-- This site is optimized with the Yoast SEO plugin v27.3 - https:\/\/yoast.com\/product\/yoast-seo-wordpress\/ -->\n<title>D&#039;Ieteren Energy ouvre l&#039;une des plus grandes aires de recharge de Belgique \u00e0 Kortenberg - link2fleet<\/title>\n<meta name=\"description\" content=\"D&rsquo;Ieteren Energy a franchi une \u00e9tape importante dans sa mission visant \u00e0 rendre la mobilit\u00e9 durable plus accessible. Le deuxi\u00e8me plus grand parc de recharge\u2026\" \/>\n<meta name=\"robots\" content=\"index, follow, max-snippet:-1, max-image-preview:large, max-video-preview:-1\" \/>\n<meta property=\"og:locale\" content=\"fr_FR\" \/>\n<meta property=\"og:type\" content=\"article\" \/>\n<meta property=\"og:title\" content=\"D&#039;Ieteren Energy ouvre l&#039;une des plus grandes aires de recharge de Belgique \u00e0 Kortenberg - link2fleet\" \/>\n<meta property=\"og:description\" content=\"D&rsquo;Ieteren Energy a franchi une \u00e9tape importante dans sa mission visant \u00e0 rendre la mobilit\u00e9 durable plus accessible. Le deuxi\u00e8me plus grand parc de recharge\u2026\" \/>\n<meta property=\"og:url\" content=\"https:\/\/www.link2fleet.com\/dieteren-energy-opent-een-van-de-grootste-laadpleinen-van-belgie-in-kortenberg\/\" \/>\n<meta property=\"og:site_name\" content=\"link2fleet\" \/>\n<meta property=\"article:published_time\" content=\"2025-05-16T12:18:33+00:00\" \/>\n<meta property=\"og:image\" content=\"https:\/\/static.link2fleet.com\/wp-content\/uploads\/2025\/05\/dieteren-energy-kortenberg-03.jpg\" \/>\n\t<meta property=\"og:image:width\" content=\"1500\" \/>\n\t<meta property=\"og:image:height\" content=\"1000\" \/>\n\t<meta property=\"og:image:type\" content=\"image\/jpeg\" \/>\n<meta name=\"author\" content=\"Damien Malvetti\" \/>\n<meta name=\"twitter:card\" content=\"summary_large_image\" \/>\n<meta name=\"twitter:description\" content=\"D&rsquo;Ieteren Energy a franchi une \u00e9tape importante dans sa mission visant \u00e0 rendre la mobilit\u00e9 durable plus accessible. Le deuxi\u00e8me plus grand parc de recharge\u2026\" \/>\n<meta name=\"twitter:label1\" content=\"\u00c9crit par\" \/>\n\t<meta name=\"twitter:data1\" content=\"Damien Malvetti\" \/>\n\t<meta name=\"twitter:label2\" content=\"Dur\u00e9e de lecture estim\u00e9e\" \/>\n\t<meta name=\"twitter:data2\" content=\"3 minutes\" \/>\n<script type=\"application\/ld+json\" class=\"yoast-schema-graph\">{\"@context\":\"https:\\\/\\\/schema.org\",\"@graph\":[{\"@type\":\"Article\",\"@id\":\"https:\\\/\\\/www.link2fleet.com\\\/dieteren-energy-opent-een-van-de-grootste-laadpleinen-van-belgie-in-kortenberg\\\/#article\",\"isPartOf\":{\"@id\":\"https:\\\/\\\/www.link2fleet.com\\\/dieteren-energy-opent-een-van-de-grootste-laadpleinen-van-belgie-in-kortenberg\\\/\"},\"author\":{\"name\":\"Damien Malvetti\",\"@id\":\"https:\\\/\\\/www.link2fleet.com\\\/fr\\\/#\\\/schema\\\/person\\\/027cd46113c78036b3809c9a054049da\"},\"headline\":\"D&rsquo;Ieteren Energy ouvre l&rsquo;une des plus grandes aires de recharge de Belgique \u00e0 Kortenberg\",\"datePublished\":\"2025-05-16T12:18:33+00:00\",\"mainEntityOfPage\":{\"@id\":\"https:\\\/\\\/www.link2fleet.com\\\/dieteren-energy-opent-een-van-de-grootste-laadpleinen-van-belgie-in-kortenberg\\\/\"},\"wordCount\":15,\"publisher\":{\"@id\":\"https:\\\/\\\/www.link2fleet.com\\\/fr\\\/#organization\"},\"image\":{\"@id\":\"https:\\\/\\\/www.link2fleet.com\\\/dieteren-energy-opent-een-van-de-grootste-laadpleinen-van-belgie-in-kortenberg\\\/#primaryimage\"},\"thumbnailUrl\":\"https:\\\/\\\/static.link2fleet.com\\\/wp-content\\\/uploads\\\/2025\\\/05\\\/dieteren-energy-kortenberg-03.jpg\",\"articleSection\":[\"Gestion carburant et de l'\u00e9nergie\",\"Gestion de flotte\"],\"inLanguage\":\"fr-FR\"},{\"@type\":\"WebPage\",\"@id\":\"https:\\\/\\\/www.link2fleet.com\\\/dieteren-energy-opent-een-van-de-grootste-laadpleinen-van-belgie-in-kortenberg\\\/\",\"url\":\"https:\\\/\\\/www.link2fleet.com\\\/dieteren-energy-opent-een-van-de-grootste-laadpleinen-van-belgie-in-kortenberg\\\/\",\"name\":\"D'Ieteren Energy ouvre l'une des plus grandes aires de recharge de Belgique \u00e0 Kortenberg - link2fleet\",\"isPartOf\":{\"@id\":\"https:\\\/\\\/www.link2fleet.com\\\/fr\\\/#website\"},\"primaryImageOfPage\":{\"@id\":\"https:\\\/\\\/www.link2fleet.com\\\/dieteren-energy-opent-een-van-de-grootste-laadpleinen-van-belgie-in-kortenberg\\\/#primaryimage\"},\"image\":{\"@id\":\"https:\\\/\\\/www.link2fleet.com\\\/dieteren-energy-opent-een-van-de-grootste-laadpleinen-van-belgie-in-kortenberg\\\/#primaryimage\"},\"thumbnailUrl\":\"https:\\\/\\\/static.link2fleet.com\\\/wp-content\\\/uploads\\\/2025\\\/05\\\/dieteren-energy-kortenberg-03.jpg\",\"datePublished\":\"2025-05-16T12:18:33+00:00\",\"breadcrumb\":{\"@id\":\"https:\\\/\\\/www.link2fleet.com\\\/dieteren-energy-opent-een-van-de-grootste-laadpleinen-van-belgie-in-kortenberg\\\/#breadcrumb\"},\"inLanguage\":\"fr-FR\",\"potentialAction\":[{\"@type\":\"ReadAction\",\"target\":[\"https:\\\/\\\/www.link2fleet.com\\\/dieteren-energy-opent-een-van-de-grootste-laadpleinen-van-belgie-in-kortenberg\\\/\"]}]},{\"@type\":\"ImageObject\",\"inLanguage\":\"fr-FR\",\"@id\":\"https:\\\/\\\/www.link2fleet.com\\\/dieteren-energy-opent-een-van-de-grootste-laadpleinen-van-belgie-in-kortenberg\\\/#primaryimage\",\"url\":\"https:\\\/\\\/static.link2fleet.com\\\/wp-content\\\/uploads\\\/2025\\\/05\\\/dieteren-energy-kortenberg-03.jpg\",\"contentUrl\":\"https:\\\/\\\/static.link2fleet.com\\\/wp-content\\\/uploads\\\/2025\\\/05\\\/dieteren-energy-kortenberg-03.jpg\",\"width\":1500,\"height\":1000},{\"@type\":\"BreadcrumbList\",\"@id\":\"https:\\\/\\\/www.link2fleet.com\\\/dieteren-energy-opent-een-van-de-grootste-laadpleinen-van-belgie-in-kortenberg\\\/#breadcrumb\",\"itemListElement\":[{\"@type\":\"ListItem\",\"position\":1,\"name\":\"Home\",\"item\":\"https:\\\/\\\/www.link2fleet.com\\\/fr\\\/\"},{\"@type\":\"ListItem\",\"position\":2,\"name\":\"D&#8217;Ieteren Energy ouvre l&#8217;une des plus grandes aires de recharge de Belgique \u00e0 Kortenberg\"}]},{\"@type\":\"WebSite\",\"@id\":\"https:\\\/\\\/www.link2fleet.com\\\/fr\\\/#website\",\"url\":\"https:\\\/\\\/www.link2fleet.com\\\/fr\\\/\",\"name\":\"Link2fleet\",\"description\":\"\",\"publisher\":{\"@id\":\"https:\\\/\\\/www.link2fleet.com\\\/fr\\\/#organization\"},\"potentialAction\":[{\"@type\":\"SearchAction\",\"target\":{\"@type\":\"EntryPoint\",\"urlTemplate\":\"https:\\\/\\\/www.link2fleet.com\\\/fr\\\/?s={search_term_string}\"},\"query-input\":{\"@type\":\"PropertyValueSpecification\",\"valueRequired\":true,\"valueName\":\"search_term_string\"}}],\"inLanguage\":\"fr-FR\"},{\"@type\":\"Organization\",\"@id\":\"https:\\\/\\\/www.link2fleet.com\\\/fr\\\/#organization\",\"name\":\"Link2fleet\",\"url\":\"https:\\\/\\\/www.link2fleet.com\\\/fr\\\/\",\"logo\":{\"@type\":\"ImageObject\",\"inLanguage\":\"fr-FR\",\"@id\":\"https:\\\/\\\/www.link2fleet.com\\\/fr\\\/#\\\/schema\\\/logo\\\/image\\\/\",\"url\":\"https:\\\/\\\/static.link2fleet.com\\\/wp-content\\\/uploads\\\/2024\\\/03\\\/share-image.jpg\",\"contentUrl\":\"https:\\\/\\\/static.link2fleet.com\\\/wp-content\\\/uploads\\\/2024\\\/03\\\/share-image.jpg\",\"width\":1200,\"height\":630,\"caption\":\"Link2fleet\"},\"image\":{\"@id\":\"https:\\\/\\\/www.link2fleet.com\\\/fr\\\/#\\\/schema\\\/logo\\\/image\\\/\"},\"sameAs\":[\"https:\\\/\\\/www.linkedin.com\\\/company\\\/link2fleet-belgium\",\"https:\\\/\\\/www.youtube.com\\\/user\\\/MMMBMBE\"]},{\"@type\":\"Person\",\"@id\":\"https:\\\/\\\/www.link2fleet.com\\\/fr\\\/#\\\/schema\\\/person\\\/027cd46113c78036b3809c9a054049da\",\"name\":\"Damien Malvetti\",\"image\":{\"@type\":\"ImageObject\",\"inLanguage\":\"fr-FR\",\"@id\":\"https:\\\/\\\/secure.gravatar.com\\\/avatar\\\/dd8cc03b49466c735f753ac37f8caa371af16dfed347456ed61f02883255eebb?s=96&d=mm&r=g\",\"url\":\"https:\\\/\\\/secure.gravatar.com\\\/avatar\\\/dd8cc03b49466c735f753ac37f8caa371af16dfed347456ed61f02883255eebb?s=96&d=mm&r=g\",\"contentUrl\":\"https:\\\/\\\/secure.gravatar.com\\\/avatar\\\/dd8cc03b49466c735f753ac37f8caa371af16dfed347456ed61f02883255eebb?s=96&d=mm&r=g\",\"caption\":\"Damien Malvetti\"},\"description\":\"Damien Malvetti is opgeleid als journalist en gepassioneerd door wagens, technologie en mobiliteit. Hij is verantwoordelijk voor de redactionele inhoud van link2fleet en beschikt over een uitgebreide kennis van de fleet-sector en elektrische mobiliteit.\",\"sameAs\":[\"https:\\\/\\\/www.linkedin.com\\\/in\\\/damien-malvetti-56601142\\\/\"]}]}<\/script>\n<!-- \/ Yoast SEO plugin. -->","yoast_head_json":{"title":"D'Ieteren Energy ouvre l'une des plus grandes aires de recharge de Belgique \u00e0 Kortenberg - link2fleet","description":"D&rsquo;Ieteren Energy a franchi une \u00e9tape importante dans sa mission visant \u00e0 rendre la mobilit\u00e9 durable plus accessible. Le deuxi\u00e8me plus grand parc de recharge\u2026","robots":{"index":"index","follow":"follow","max-snippet":"max-snippet:-1","max-image-preview":"max-image-preview:large","max-video-preview":"max-video-preview:-1"},"og_locale":"fr_FR","og_type":"article","og_title":"D'Ieteren Energy ouvre l'une des plus grandes aires de recharge de Belgique \u00e0 Kortenberg - link2fleet","og_description":"D&rsquo;Ieteren Energy a franchi une \u00e9tape importante dans sa mission visant \u00e0 rendre la mobilit\u00e9 durable plus accessible. Le deuxi\u00e8me plus grand parc de recharge\u2026","og_url":"https:\/\/www.link2fleet.com\/dieteren-energy-opent-een-van-de-grootste-laadpleinen-van-belgie-in-kortenberg\/","og_site_name":"link2fleet","article_published_time":"2025-05-16T12:18:33+00:00","og_image":[{"width":1500,"height":1000,"url":"https:\/\/static.link2fleet.com\/wp-content\/uploads\/2025\/05\/dieteren-energy-kortenberg-03.jpg","type":"image\/jpeg"}],"author":"Damien Malvetti","twitter_card":"summary_large_image","twitter_description":"D&rsquo;Ieteren Energy a franchi une \u00e9tape importante dans sa mission visant \u00e0 rendre la mobilit\u00e9 durable plus accessible. Le deuxi\u00e8me plus grand parc de recharge\u2026","twitter_misc":{"\u00c9crit par":"Damien Malvetti","Dur\u00e9e de lecture estim\u00e9e":"3 minutes"},"schema":{"@context":"https:\/\/schema.org","@graph":[{"@type":"Article","@id":"https:\/\/www.link2fleet.com\/dieteren-energy-opent-een-van-de-grootste-laadpleinen-van-belgie-in-kortenberg\/#article","isPartOf":{"@id":"https:\/\/www.link2fleet.com\/dieteren-energy-opent-een-van-de-grootste-laadpleinen-van-belgie-in-kortenberg\/"},"author":{"name":"Damien Malvetti","@id":"https:\/\/www.link2fleet.com\/fr\/#\/schema\/person\/027cd46113c78036b3809c9a054049da"},"headline":"D&rsquo;Ieteren Energy ouvre l&rsquo;une des plus grandes aires de recharge de Belgique \u00e0 Kortenberg","datePublished":"2025-05-16T12:18:33+00:00","mainEntityOfPage":{"@id":"https:\/\/www.link2fleet.com\/dieteren-energy-opent-een-van-de-grootste-laadpleinen-van-belgie-in-kortenberg\/"},"wordCount":15,"publisher":{"@id":"https:\/\/www.link2fleet.com\/fr\/#organization"},"image":{"@id":"https:\/\/www.link2fleet.com\/dieteren-energy-opent-een-van-de-grootste-laadpleinen-van-belgie-in-kortenberg\/#primaryimage"},"thumbnailUrl":"https:\/\/static.link2fleet.com\/wp-content\/uploads\/2025\/05\/dieteren-energy-kortenberg-03.jpg","articleSection":["Gestion carburant et de l'\u00e9nergie","Gestion de flotte"],"inLanguage":"fr-FR"},{"@type":"WebPage","@id":"https:\/\/www.link2fleet.com\/dieteren-energy-opent-een-van-de-grootste-laadpleinen-van-belgie-in-kortenberg\/","url":"https:\/\/www.link2fleet.com\/dieteren-energy-opent-een-van-de-grootste-laadpleinen-van-belgie-in-kortenberg\/","name":"D'Ieteren Energy ouvre l'une des plus grandes aires de recharge de Belgique \u00e0 Kortenberg - link2fleet","isPartOf":{"@id":"https:\/\/www.link2fleet.com\/fr\/#website"},"primaryImageOfPage":{"@id":"https:\/\/www.link2fleet.com\/dieteren-energy-opent-een-van-de-grootste-laadpleinen-van-belgie-in-kortenberg\/#primaryimage"},"image":{"@id":"https:\/\/www.link2fleet.com\/dieteren-energy-opent-een-van-de-grootste-laadpleinen-van-belgie-in-kortenberg\/#primaryimage"},"thumbnailUrl":"https:\/\/static.link2fleet.com\/wp-content\/uploads\/2025\/05\/dieteren-energy-kortenberg-03.jpg","datePublished":"2025-05-16T12:18:33+00:00","breadcrumb":{"@id":"https:\/\/www.link2fleet.com\/dieteren-energy-opent-een-van-de-grootste-laadpleinen-van-belgie-in-kortenberg\/#breadcrumb"},"inLanguage":"fr-FR","potentialAction":[{"@type":"ReadAction","target":["https:\/\/www.link2fleet.com\/dieteren-energy-opent-een-van-de-grootste-laadpleinen-van-belgie-in-kortenberg\/"]}]},{"@type":"ImageObject","inLanguage":"fr-FR","@id":"https:\/\/www.link2fleet.com\/dieteren-energy-opent-een-van-de-grootste-laadpleinen-van-belgie-in-kortenberg\/#primaryimage","url":"https:\/\/static.link2fleet.com\/wp-content\/uploads\/2025\/05\/dieteren-energy-kortenberg-03.jpg","contentUrl":"https:\/\/static.link2fleet.com\/wp-content\/uploads\/2025\/05\/dieteren-energy-kortenberg-03.jpg","width":1500,"height":1000},{"@type":"BreadcrumbList","@id":"https:\/\/www.link2fleet.com\/dieteren-energy-opent-een-van-de-grootste-laadpleinen-van-belgie-in-kortenberg\/#breadcrumb","itemListElement":[{"@type":"ListItem","position":1,"name":"Home","item":"https:\/\/www.link2fleet.com\/fr\/"},{"@type":"ListItem","position":2,"name":"D&#8217;Ieteren Energy ouvre l&#8217;une des plus grandes aires de recharge de Belgique \u00e0 Kortenberg"}]},{"@type":"WebSite","@id":"https:\/\/www.link2fleet.com\/fr\/#website","url":"https:\/\/www.link2fleet.com\/fr\/","name":"Link2fleet","description":"","publisher":{"@id":"https:\/\/www.link2fleet.com\/fr\/#organization"},"potentialAction":[{"@type":"SearchAction","target":{"@type":"EntryPoint","urlTemplate":"https:\/\/www.link2fleet.com\/fr\/?s={search_term_string}"},"query-input":{"@type":"PropertyValueSpecification","valueRequired":true,"valueName":"search_term_string"}}],"inLanguage":"fr-FR"},{"@type":"Organization","@id":"https:\/\/www.link2fleet.com\/fr\/#organization","name":"Link2fleet","url":"https:\/\/www.link2fleet.com\/fr\/","logo":{"@type":"ImageObject","inLanguage":"fr-FR","@id":"https:\/\/www.link2fleet.com\/fr\/#\/schema\/logo\/image\/","url":"https:\/\/static.link2fleet.com\/wp-content\/uploads\/2024\/03\/share-image.jpg","contentUrl":"https:\/\/static.link2fleet.com\/wp-content\/uploads\/2024\/03\/share-image.jpg","width":1200,"height":630,"caption":"Link2fleet"},"image":{"@id":"https:\/\/www.link2fleet.com\/fr\/#\/schema\/logo\/image\/"},"sameAs":["https:\/\/www.linkedin.com\/company\/link2fleet-belgium","https:\/\/www.youtube.com\/user\/MMMBMBE"]},{"@type":"Person","@id":"https:\/\/www.link2fleet.com\/fr\/#\/schema\/person\/027cd46113c78036b3809c9a054049da","name":"Damien Malvetti","image":{"@type":"ImageObject","inLanguage":"fr-FR","@id":"https:\/\/secure.gravatar.com\/avatar\/dd8cc03b49466c735f753ac37f8caa371af16dfed347456ed61f02883255eebb?s=96&d=mm&r=g","url":"https:\/\/secure.gravatar.com\/avatar\/dd8cc03b49466c735f753ac37f8caa371af16dfed347456ed61f02883255eebb?s=96&d=mm&r=g","contentUrl":"https:\/\/secure.gravatar.com\/avatar\/dd8cc03b49466c735f753ac37f8caa371af16dfed347456ed61f02883255eebb?s=96&d=mm&r=g","caption":"Damien Malvetti"},"description":"Damien Malvetti is opgeleid als journalist en gepassioneerd door wagens, technologie en mobiliteit. Hij is verantwoordelijk voor de redactionele inhoud van link2fleet en beschikt over een uitgebreide kennis van de fleet-sector en elektrische mobiliteit.","sameAs":["https:\/\/www.linkedin.com\/in\/damien-malvetti-56601142\/"]}]}},"_links":{"self":[{"href":"https:\/\/www.link2fleet.com\/fr\/wp-json\/wp\/v2\/posts\/42360","targetHints":{"allow":["GET"]}}],"collection":[{"href":"https:\/\/www.link2fleet.com\/fr\/wp-json\/wp\/v2\/posts"}],"about":[{"href":"https:\/\/www.link2fleet.com\/fr\/wp-json\/wp\/v2\/types\/post"}],"author":[{"embeddable":true,"href":"https:\/\/www.link2fleet.com\/fr\/wp-json\/wp\/v2\/users\/4"}],"replies":[{"embeddable":true,"href":"https:\/\/www.link2fleet.com\/fr\/wp-json\/wp\/v2\/comments?post=42360"}],"version-history":[{"count":2,"href":"https:\/\/www.link2fleet.com\/fr\/wp-json\/wp\/v2\/posts\/42360\/revisions"}],"predecessor-version":[{"id":42371,"href":"https:\/\/www.link2fleet.com\/fr\/wp-json\/wp\/v2\/posts\/42360\/revisions\/42371"}],"wp:featuredmedia":[{"embeddable":true,"href":"https:\/\/www.link2fleet.com\/fr\/wp-json\/wp\/v2\/media\/42364"}],"wp:attachment":[{"href":"https:\/\/www.link2fleet.com\/fr\/wp-json\/wp\/v2\/media?parent=42360"}],"wp:term":[{"taxonomy":"category","embeddable":true,"href":"https:\/\/www.link2fleet.com\/fr\/wp-json\/wp\/v2\/categories?post=42360"},{"taxonomy":"post_tag","embeddable":true,"href":"https:\/\/www.link2fleet.com\/fr\/wp-json\/wp\/v2\/tags?post=42360"}],"curies":[{"name":"wp","href":"https:\/\/api.w.org\/{rel}","templated":true}]}}