{"id":42492,"date":"2025-05-19T14:56:33","date_gmt":"2025-05-19T12:56:33","guid":{"rendered":"https:\/\/www.link2fleet.com\/nieuwe-baas-bij-citroen-xavier-chardon-volgt-thierry-koskas-op-3\/"},"modified":"2025-05-19T15:10:44","modified_gmt":"2025-05-19T13:10:44","slug":"nouveau-patron-pour-citroen-xavier-chardon-remplace-thierry-koskas","status":"publish","type":"post","link":"https:\/\/www.link2fleet.com\/fr\/nouveau-patron-pour-citroen-xavier-chardon-remplace-thierry-koskas\/","title":{"rendered":"Nouveau patron pour Citro\u00ebn: Xavier Chardon remplace Thierry Koskas"},"content":{"rendered":"","protected":false},"excerpt":{"rendered":"","protected":false},"author":49,"featured_media":42459,"comment_status":"closed","ping_status":"closed","sticky":false,"template":"","format":"standard","meta":{"_acf_changed":false,"footnotes":""},"categories":[135,77],"tags":[],"class_list":["post-42492","post","type-post","status-publish","format-standard","has-post-thumbnail","hentry","category-news-fr","category-importateurs-et-constructeurs-automobiles-vp"],"acf":[],"yoast_head":"<!-- This site is optimized with the Yoast SEO plugin v27.3 - https:\/\/yoast.com\/product\/yoast-seo-wordpress\/ -->\n<title>Nouveau patron pour Citro\u00ebn: Xavier Chardon remplace Thierry Koskas - link2fleet<\/title>\n<meta name=\"description\" content=\"A partir du 2 juin 2025, Xavier Chardon deviendra le nouveau Chief Executive Officer de Citro\u00ebn. De son c\u00f4t\u00e9, Thierry Koskas, qui occupait cette fonction\u2026\" \/>\n<meta name=\"robots\" content=\"index, follow, max-snippet:-1, max-image-preview:large, max-video-preview:-1\" \/>\n<meta property=\"og:locale\" content=\"fr_FR\" \/>\n<meta property=\"og:type\" content=\"article\" \/>\n<meta property=\"og:title\" content=\"Nouveau patron pour Citro\u00ebn: Xavier Chardon remplace Thierry Koskas - link2fleet\" \/>\n<meta property=\"og:description\" content=\"A partir du 2 juin 2025, Xavier Chardon deviendra le nouveau Chief Executive Officer de Citro\u00ebn. De son c\u00f4t\u00e9, Thierry Koskas, qui occupait cette fonction\u2026\" \/>\n<meta property=\"og:url\" content=\"https:\/\/www.link2fleet.com\/nieuwe-baas-bij-citroen-xavier-chardon-volgt-thierry-koskas-op-3\/\" \/>\n<meta property=\"og:site_name\" content=\"link2fleet\" \/>\n<meta property=\"article:published_time\" content=\"2025-05-19T12:56:33+00:00\" \/>\n<meta property=\"article:modified_time\" content=\"2025-05-19T13:10:44+00:00\" \/>\n<meta property=\"og:image\" content=\"https:\/\/static.link2fleet.com\/wp-content\/uploads\/2025\/05\/55c123ad4857bb7b058359873b7e898209af1f2d.jpeg\" \/>\n\t<meta property=\"og:image:width\" content=\"1170\" \/>\n\t<meta property=\"og:image:height\" content=\"740\" \/>\n\t<meta property=\"og:image:type\" content=\"image\/jpeg\" \/>\n<meta name=\"author\" content=\"Kevin Kersemans\" \/>\n<meta name=\"twitter:card\" content=\"summary_large_image\" \/>\n<meta name=\"twitter:description\" content=\"A partir du 2 juin 2025, Xavier Chardon deviendra le nouveau Chief Executive Officer de Citro\u00ebn. De son c\u00f4t\u00e9, Thierry Koskas, qui occupait cette fonction\u2026\" \/>\n<meta name=\"twitter:label1\" content=\"\u00c9crit par\" \/>\n\t<meta name=\"twitter:data1\" content=\"Kevin Kersemans\" \/>\n\t<meta name=\"twitter:label2\" content=\"Dur\u00e9e de lecture estim\u00e9e\" \/>\n\t<meta name=\"twitter:data2\" content=\"2 minutes\" \/>\n<script type=\"application\/ld+json\" class=\"yoast-schema-graph\">{\"@context\":\"https:\\\/\\\/schema.org\",\"@graph\":[{\"@type\":\"Article\",\"@id\":\"https:\\\/\\\/www.link2fleet.com\\\/nieuwe-baas-bij-citroen-xavier-chardon-volgt-thierry-koskas-op-3\\\/#article\",\"isPartOf\":{\"@id\":\"https:\\\/\\\/www.link2fleet.com\\\/nieuwe-baas-bij-citroen-xavier-chardon-volgt-thierry-koskas-op-3\\\/\"},\"author\":{\"name\":\"Kevin Kersemans\",\"@id\":\"https:\\\/\\\/www.link2fleet.com\\\/fr\\\/#\\\/schema\\\/person\\\/877bc89c32c65772066cb11fe1e67bbf\"},\"headline\":\"Nouveau patron pour Citro\u00ebn: Xavier Chardon remplace Thierry Koskas\",\"datePublished\":\"2025-05-19T12:56:33+00:00\",\"dateModified\":\"2025-05-19T13:10:44+00:00\",\"mainEntityOfPage\":{\"@id\":\"https:\\\/\\\/www.link2fleet.com\\\/nieuwe-baas-bij-citroen-xavier-chardon-volgt-thierry-koskas-op-3\\\/\"},\"wordCount\":10,\"publisher\":{\"@id\":\"https:\\\/\\\/www.link2fleet.com\\\/fr\\\/#organization\"},\"image\":{\"@id\":\"https:\\\/\\\/www.link2fleet.com\\\/nieuwe-baas-bij-citroen-xavier-chardon-volgt-thierry-koskas-op-3\\\/#primaryimage\"},\"thumbnailUrl\":\"https:\\\/\\\/static.link2fleet.com\\\/wp-content\\\/uploads\\\/2025\\\/05\\\/55c123ad4857bb7b058359873b7e898209af1f2d.jpeg\",\"articleSection\":[\"Actus\",\"Importateurs et constructeurs\"],\"inLanguage\":\"fr-FR\"},{\"@type\":\"WebPage\",\"@id\":\"https:\\\/\\\/www.link2fleet.com\\\/nieuwe-baas-bij-citroen-xavier-chardon-volgt-thierry-koskas-op-3\\\/\",\"url\":\"https:\\\/\\\/www.link2fleet.com\\\/nieuwe-baas-bij-citroen-xavier-chardon-volgt-thierry-koskas-op-3\\\/\",\"name\":\"Nouveau patron pour Citro\u00ebn: Xavier Chardon remplace Thierry Koskas - link2fleet\",\"isPartOf\":{\"@id\":\"https:\\\/\\\/www.link2fleet.com\\\/fr\\\/#website\"},\"primaryImageOfPage\":{\"@id\":\"https:\\\/\\\/www.link2fleet.com\\\/nieuwe-baas-bij-citroen-xavier-chardon-volgt-thierry-koskas-op-3\\\/#primaryimage\"},\"image\":{\"@id\":\"https:\\\/\\\/www.link2fleet.com\\\/nieuwe-baas-bij-citroen-xavier-chardon-volgt-thierry-koskas-op-3\\\/#primaryimage\"},\"thumbnailUrl\":\"https:\\\/\\\/static.link2fleet.com\\\/wp-content\\\/uploads\\\/2025\\\/05\\\/55c123ad4857bb7b058359873b7e898209af1f2d.jpeg\",\"datePublished\":\"2025-05-19T12:56:33+00:00\",\"dateModified\":\"2025-05-19T13:10:44+00:00\",\"description\":\"Met ingang van 2 juni 2025 wordt Xavier Chardon de nieuwe Chief Executive Officer van Citro\u00ebn. Thierry Koskas, die deze functie bekleedde sinds maart 2023, verlaat naar verluidt Stellantis.\",\"breadcrumb\":{\"@id\":\"https:\\\/\\\/www.link2fleet.com\\\/nieuwe-baas-bij-citroen-xavier-chardon-volgt-thierry-koskas-op-3\\\/#breadcrumb\"},\"inLanguage\":\"fr-FR\",\"potentialAction\":[{\"@type\":\"ReadAction\",\"target\":[\"https:\\\/\\\/www.link2fleet.com\\\/nieuwe-baas-bij-citroen-xavier-chardon-volgt-thierry-koskas-op-3\\\/\"]}]},{\"@type\":\"ImageObject\",\"inLanguage\":\"fr-FR\",\"@id\":\"https:\\\/\\\/www.link2fleet.com\\\/nieuwe-baas-bij-citroen-xavier-chardon-volgt-thierry-koskas-op-3\\\/#primaryimage\",\"url\":\"https:\\\/\\\/static.link2fleet.com\\\/wp-content\\\/uploads\\\/2025\\\/05\\\/55c123ad4857bb7b058359873b7e898209af1f2d.jpeg\",\"contentUrl\":\"https:\\\/\\\/static.link2fleet.com\\\/wp-content\\\/uploads\\\/2025\\\/05\\\/55c123ad4857bb7b058359873b7e898209af1f2d.jpeg\",\"width\":1170,\"height\":740},{\"@type\":\"BreadcrumbList\",\"@id\":\"https:\\\/\\\/www.link2fleet.com\\\/nieuwe-baas-bij-citroen-xavier-chardon-volgt-thierry-koskas-op-3\\\/#breadcrumb\",\"itemListElement\":[{\"@type\":\"ListItem\",\"position\":1,\"name\":\"Home\",\"item\":\"https:\\\/\\\/www.link2fleet.com\\\/fr\\\/\"},{\"@type\":\"ListItem\",\"position\":2,\"name\":\"Nouveau patron pour Citro\u00ebn: Xavier Chardon remplace Thierry Koskas\"}]},{\"@type\":\"WebSite\",\"@id\":\"https:\\\/\\\/www.link2fleet.com\\\/fr\\\/#website\",\"url\":\"https:\\\/\\\/www.link2fleet.com\\\/fr\\\/\",\"name\":\"Link2fleet\",\"description\":\"\",\"publisher\":{\"@id\":\"https:\\\/\\\/www.link2fleet.com\\\/fr\\\/#organization\"},\"potentialAction\":[{\"@type\":\"SearchAction\",\"target\":{\"@type\":\"EntryPoint\",\"urlTemplate\":\"https:\\\/\\\/www.link2fleet.com\\\/fr\\\/?s={search_term_string}\"},\"query-input\":{\"@type\":\"PropertyValueSpecification\",\"valueRequired\":true,\"valueName\":\"search_term_string\"}}],\"inLanguage\":\"fr-FR\"},{\"@type\":\"Organization\",\"@id\":\"https:\\\/\\\/www.link2fleet.com\\\/fr\\\/#organization\",\"name\":\"Link2fleet\",\"url\":\"https:\\\/\\\/www.link2fleet.com\\\/fr\\\/\",\"logo\":{\"@type\":\"ImageObject\",\"inLanguage\":\"fr-FR\",\"@id\":\"https:\\\/\\\/www.link2fleet.com\\\/fr\\\/#\\\/schema\\\/logo\\\/image\\\/\",\"url\":\"https:\\\/\\\/static.link2fleet.com\\\/wp-content\\\/uploads\\\/2024\\\/03\\\/share-image.jpg\",\"contentUrl\":\"https:\\\/\\\/static.link2fleet.com\\\/wp-content\\\/uploads\\\/2024\\\/03\\\/share-image.jpg\",\"width\":1200,\"height\":630,\"caption\":\"Link2fleet\"},\"image\":{\"@id\":\"https:\\\/\\\/www.link2fleet.com\\\/fr\\\/#\\\/schema\\\/logo\\\/image\\\/\"},\"sameAs\":[\"https:\\\/\\\/www.linkedin.com\\\/company\\\/link2fleet-belgium\",\"https:\\\/\\\/www.youtube.com\\\/user\\\/MMMBMBE\"]},{\"@type\":\"Person\",\"@id\":\"https:\\\/\\\/www.link2fleet.com\\\/fr\\\/#\\\/schema\\\/person\\\/877bc89c32c65772066cb11fe1e67bbf\",\"name\":\"Kevin Kersemans\",\"image\":{\"@type\":\"ImageObject\",\"inLanguage\":\"fr-FR\",\"@id\":\"https:\\\/\\\/secure.gravatar.com\\\/avatar\\\/b12f7d0f252688f677f4c181b6df65bf86880634bfcef3be42c82efcdb33d654?s=96&d=mm&r=g\",\"url\":\"https:\\\/\\\/secure.gravatar.com\\\/avatar\\\/b12f7d0f252688f677f4c181b6df65bf86880634bfcef3be42c82efcdb33d654?s=96&d=mm&r=g\",\"contentUrl\":\"https:\\\/\\\/secure.gravatar.com\\\/avatar\\\/b12f7d0f252688f677f4c181b6df65bf86880634bfcef3be42c82efcdb33d654?s=96&d=mm&r=g\",\"caption\":\"Kevin Kersemans\"},\"description\":\"Kevin Kersemans is autojournalist met al enkele decennia ervaring op de teller. Zijn passie voor auto's en alles op wielen heeft hij al van kindsbeen af. Voor link2fleet volgt hij vooral de auto-actualiteit en test hij nieuwe modellen.\"}]}<\/script>\n<!-- \/ Yoast SEO plugin. -->","yoast_head_json":{"title":"Nouveau patron pour Citro\u00ebn: Xavier Chardon remplace Thierry Koskas - link2fleet","description":"A partir du 2 juin 2025, Xavier Chardon deviendra le nouveau Chief Executive Officer de Citro\u00ebn. De son c\u00f4t\u00e9, Thierry Koskas, qui occupait cette fonction\u2026","robots":{"index":"index","follow":"follow","max-snippet":"max-snippet:-1","max-image-preview":"max-image-preview:large","max-video-preview":"max-video-preview:-1"},"og_locale":"fr_FR","og_type":"article","og_title":"Nouveau patron pour Citro\u00ebn: Xavier Chardon remplace Thierry Koskas - link2fleet","og_description":"A partir du 2 juin 2025, Xavier Chardon deviendra le nouveau Chief Executive Officer de Citro\u00ebn. De son c\u00f4t\u00e9, Thierry Koskas, qui occupait cette fonction\u2026","og_url":"https:\/\/www.link2fleet.com\/nieuwe-baas-bij-citroen-xavier-chardon-volgt-thierry-koskas-op-3\/","og_site_name":"link2fleet","article_published_time":"2025-05-19T12:56:33+00:00","article_modified_time":"2025-05-19T13:10:44+00:00","og_image":[{"width":1170,"height":740,"url":"https:\/\/static.link2fleet.com\/wp-content\/uploads\/2025\/05\/55c123ad4857bb7b058359873b7e898209af1f2d.jpeg","type":"image\/jpeg"}],"author":"Kevin Kersemans","twitter_card":"summary_large_image","twitter_description":"A partir du 2 juin 2025, Xavier Chardon deviendra le nouveau Chief Executive Officer de Citro\u00ebn. De son c\u00f4t\u00e9, Thierry Koskas, qui occupait cette fonction\u2026","twitter_misc":{"\u00c9crit par":"Kevin Kersemans","Dur\u00e9e de lecture estim\u00e9e":"2 minutes"},"schema":{"@context":"https:\/\/schema.org","@graph":[{"@type":"Article","@id":"https:\/\/www.link2fleet.com\/nieuwe-baas-bij-citroen-xavier-chardon-volgt-thierry-koskas-op-3\/#article","isPartOf":{"@id":"https:\/\/www.link2fleet.com\/nieuwe-baas-bij-citroen-xavier-chardon-volgt-thierry-koskas-op-3\/"},"author":{"name":"Kevin Kersemans","@id":"https:\/\/www.link2fleet.com\/fr\/#\/schema\/person\/877bc89c32c65772066cb11fe1e67bbf"},"headline":"Nouveau patron pour Citro\u00ebn: Xavier Chardon remplace Thierry Koskas","datePublished":"2025-05-19T12:56:33+00:00","dateModified":"2025-05-19T13:10:44+00:00","mainEntityOfPage":{"@id":"https:\/\/www.link2fleet.com\/nieuwe-baas-bij-citroen-xavier-chardon-volgt-thierry-koskas-op-3\/"},"wordCount":10,"publisher":{"@id":"https:\/\/www.link2fleet.com\/fr\/#organization"},"image":{"@id":"https:\/\/www.link2fleet.com\/nieuwe-baas-bij-citroen-xavier-chardon-volgt-thierry-koskas-op-3\/#primaryimage"},"thumbnailUrl":"https:\/\/static.link2fleet.com\/wp-content\/uploads\/2025\/05\/55c123ad4857bb7b058359873b7e898209af1f2d.jpeg","articleSection":["Actus","Importateurs et constructeurs"],"inLanguage":"fr-FR"},{"@type":"WebPage","@id":"https:\/\/www.link2fleet.com\/nieuwe-baas-bij-citroen-xavier-chardon-volgt-thierry-koskas-op-3\/","url":"https:\/\/www.link2fleet.com\/nieuwe-baas-bij-citroen-xavier-chardon-volgt-thierry-koskas-op-3\/","name":"Nouveau patron pour Citro\u00ebn: Xavier Chardon remplace Thierry Koskas - link2fleet","isPartOf":{"@id":"https:\/\/www.link2fleet.com\/fr\/#website"},"primaryImageOfPage":{"@id":"https:\/\/www.link2fleet.com\/nieuwe-baas-bij-citroen-xavier-chardon-volgt-thierry-koskas-op-3\/#primaryimage"},"image":{"@id":"https:\/\/www.link2fleet.com\/nieuwe-baas-bij-citroen-xavier-chardon-volgt-thierry-koskas-op-3\/#primaryimage"},"thumbnailUrl":"https:\/\/static.link2fleet.com\/wp-content\/uploads\/2025\/05\/55c123ad4857bb7b058359873b7e898209af1f2d.jpeg","datePublished":"2025-05-19T12:56:33+00:00","dateModified":"2025-05-19T13:10:44+00:00","description":"Met ingang van 2 juni 2025 wordt Xavier Chardon de nieuwe Chief Executive Officer van Citro\u00ebn. Thierry Koskas, die deze functie bekleedde sinds maart 2023, verlaat naar verluidt Stellantis.","breadcrumb":{"@id":"https:\/\/www.link2fleet.com\/nieuwe-baas-bij-citroen-xavier-chardon-volgt-thierry-koskas-op-3\/#breadcrumb"},"inLanguage":"fr-FR","potentialAction":[{"@type":"ReadAction","target":["https:\/\/www.link2fleet.com\/nieuwe-baas-bij-citroen-xavier-chardon-volgt-thierry-koskas-op-3\/"]}]},{"@type":"ImageObject","inLanguage":"fr-FR","@id":"https:\/\/www.link2fleet.com\/nieuwe-baas-bij-citroen-xavier-chardon-volgt-thierry-koskas-op-3\/#primaryimage","url":"https:\/\/static.link2fleet.com\/wp-content\/uploads\/2025\/05\/55c123ad4857bb7b058359873b7e898209af1f2d.jpeg","contentUrl":"https:\/\/static.link2fleet.com\/wp-content\/uploads\/2025\/05\/55c123ad4857bb7b058359873b7e898209af1f2d.jpeg","width":1170,"height":740},{"@type":"BreadcrumbList","@id":"https:\/\/www.link2fleet.com\/nieuwe-baas-bij-citroen-xavier-chardon-volgt-thierry-koskas-op-3\/#breadcrumb","itemListElement":[{"@type":"ListItem","position":1,"name":"Home","item":"https:\/\/www.link2fleet.com\/fr\/"},{"@type":"ListItem","position":2,"name":"Nouveau patron pour Citro\u00ebn: Xavier Chardon remplace Thierry Koskas"}]},{"@type":"WebSite","@id":"https:\/\/www.link2fleet.com\/fr\/#website","url":"https:\/\/www.link2fleet.com\/fr\/","name":"Link2fleet","description":"","publisher":{"@id":"https:\/\/www.link2fleet.com\/fr\/#organization"},"potentialAction":[{"@type":"SearchAction","target":{"@type":"EntryPoint","urlTemplate":"https:\/\/www.link2fleet.com\/fr\/?s={search_term_string}"},"query-input":{"@type":"PropertyValueSpecification","valueRequired":true,"valueName":"search_term_string"}}],"inLanguage":"fr-FR"},{"@type":"Organization","@id":"https:\/\/www.link2fleet.com\/fr\/#organization","name":"Link2fleet","url":"https:\/\/www.link2fleet.com\/fr\/","logo":{"@type":"ImageObject","inLanguage":"fr-FR","@id":"https:\/\/www.link2fleet.com\/fr\/#\/schema\/logo\/image\/","url":"https:\/\/static.link2fleet.com\/wp-content\/uploads\/2024\/03\/share-image.jpg","contentUrl":"https:\/\/static.link2fleet.com\/wp-content\/uploads\/2024\/03\/share-image.jpg","width":1200,"height":630,"caption":"Link2fleet"},"image":{"@id":"https:\/\/www.link2fleet.com\/fr\/#\/schema\/logo\/image\/"},"sameAs":["https:\/\/www.linkedin.com\/company\/link2fleet-belgium","https:\/\/www.youtube.com\/user\/MMMBMBE"]},{"@type":"Person","@id":"https:\/\/www.link2fleet.com\/fr\/#\/schema\/person\/877bc89c32c65772066cb11fe1e67bbf","name":"Kevin Kersemans","image":{"@type":"ImageObject","inLanguage":"fr-FR","@id":"https:\/\/secure.gravatar.com\/avatar\/b12f7d0f252688f677f4c181b6df65bf86880634bfcef3be42c82efcdb33d654?s=96&d=mm&r=g","url":"https:\/\/secure.gravatar.com\/avatar\/b12f7d0f252688f677f4c181b6df65bf86880634bfcef3be42c82efcdb33d654?s=96&d=mm&r=g","contentUrl":"https:\/\/secure.gravatar.com\/avatar\/b12f7d0f252688f677f4c181b6df65bf86880634bfcef3be42c82efcdb33d654?s=96&d=mm&r=g","caption":"Kevin Kersemans"},"description":"Kevin Kersemans is autojournalist met al enkele decennia ervaring op de teller. Zijn passie voor auto's en alles op wielen heeft hij al van kindsbeen af. Voor link2fleet volgt hij vooral de auto-actualiteit en test hij nieuwe modellen."}]}},"_links":{"self":[{"href":"https:\/\/www.link2fleet.com\/fr\/wp-json\/wp\/v2\/posts\/42492","targetHints":{"allow":["GET"]}}],"collection":[{"href":"https:\/\/www.link2fleet.com\/fr\/wp-json\/wp\/v2\/posts"}],"about":[{"href":"https:\/\/www.link2fleet.com\/fr\/wp-json\/wp\/v2\/types\/post"}],"author":[{"embeddable":true,"href":"https:\/\/www.link2fleet.com\/fr\/wp-json\/wp\/v2\/users\/49"}],"replies":[{"embeddable":true,"href":"https:\/\/www.link2fleet.com\/fr\/wp-json\/wp\/v2\/comments?post=42492"}],"version-history":[{"count":5,"href":"https:\/\/www.link2fleet.com\/fr\/wp-json\/wp\/v2\/posts\/42492\/revisions"}],"predecessor-version":[{"id":42497,"href":"https:\/\/www.link2fleet.com\/fr\/wp-json\/wp\/v2\/posts\/42492\/revisions\/42497"}],"wp:featuredmedia":[{"embeddable":true,"href":"https:\/\/www.link2fleet.com\/fr\/wp-json\/wp\/v2\/media\/42459"}],"wp:attachment":[{"href":"https:\/\/www.link2fleet.com\/fr\/wp-json\/wp\/v2\/media?parent=42492"}],"wp:term":[{"taxonomy":"category","embeddable":true,"href":"https:\/\/www.link2fleet.com\/fr\/wp-json\/wp\/v2\/categories?post=42492"},{"taxonomy":"post_tag","embeddable":true,"href":"https:\/\/www.link2fleet.com\/fr\/wp-json\/wp\/v2\/tags?post=42492"}],"curies":[{"name":"wp","href":"https:\/\/api.w.org\/{rel}","templated":true}]}}