{"id":42556,"date":"2025-05-21T09:25:33","date_gmt":"2025-05-21T07:25:33","guid":{"rendered":"https:\/\/www.link2fleet.com\/?p=42556"},"modified":"2025-05-22T14:19:35","modified_gmt":"2025-05-22T12:19:35","slug":"stellantis-fleet-day-2025-entre-nouveautes-electrification-et-reconquete","status":"publish","type":"post","link":"https:\/\/www.link2fleet.com\/fr\/stellantis-fleet-day-2025-entre-nouveautes-electrification-et-reconquete\/","title":{"rendered":"Stellantis Fleet Day 2025 : entre nouveaut\u00e9s, \u00e9lectrification et reconqu\u00eate"},"content":{"rendered":"","protected":false},"excerpt":{"rendered":"","protected":false},"author":4,"featured_media":42557,"comment_status":"closed","ping_status":"closed","sticky":false,"template":"","format":"standard","meta":{"_acf_changed":false,"footnotes":""},"categories":[77,76],"tags":[],"class_list":["post-42556","post","type-post","status-publish","format-standard","has-post-thumbnail","hentry","category-importateurs-et-constructeurs-automobiles-vp","category-car"],"acf":[],"yoast_head":"<!-- This site is optimized with the Yoast SEO plugin v27.3 - https:\/\/yoast.com\/product\/yoast-seo-wordpress\/ -->\n<title>Stellantis Fleet Day 2025 : entre nouveaut\u00e9s, \u00e9lectrification et reconqu\u00eate - link2fleet<\/title>\n<meta name=\"description\" content=\"C\u2019est avec pour slogan \u2018Unlimited mobility\u2019 (mobilit\u00e9 illimit\u00e9e) que Stellantis a organis\u00e9 son tout premier Fleet Day au Brabanthal de Leuven ce 20 mai. L\u2019occasion\u2026\" \/>\n<meta name=\"robots\" content=\"index, follow, max-snippet:-1, max-image-preview:large, max-video-preview:-1\" \/>\n<meta property=\"og:locale\" content=\"fr_FR\" \/>\n<meta property=\"og:type\" content=\"article\" \/>\n<meta property=\"og:title\" content=\"Stellantis Fleet Day 2025 : entre nouveaut\u00e9s, \u00e9lectrification et reconqu\u00eate - link2fleet\" \/>\n<meta property=\"og:description\" content=\"C\u2019est avec pour slogan \u2018Unlimited mobility\u2019 (mobilit\u00e9 illimit\u00e9e) que Stellantis a organis\u00e9 son tout premier Fleet Day au Brabanthal de Leuven ce 20 mai. L\u2019occasion\u2026\" \/>\n<meta property=\"og:url\" content=\"https:\/\/www.link2fleet.com\/stellantis-fleet-day-2025-nieuwigheden-elektrificatie-en-herovering\/\" \/>\n<meta property=\"og:site_name\" content=\"link2fleet\" \/>\n<meta property=\"article:published_time\" content=\"2025-05-21T07:25:33+00:00\" \/>\n<meta property=\"article:modified_time\" content=\"2025-05-22T12:19:35+00:00\" \/>\n<meta property=\"og:image\" content=\"https:\/\/static.link2fleet.com\/wp-content\/uploads\/2024\/03\/share-image.jpg\" \/>\n\t<meta property=\"og:image:width\" content=\"1200\" \/>\n\t<meta property=\"og:image:height\" content=\"630\" \/>\n\t<meta property=\"og:image:type\" content=\"image\/jpeg\" \/>\n<meta name=\"author\" content=\"Damien Malvetti\" \/>\n<meta name=\"twitter:card\" content=\"summary_large_image\" \/>\n<meta name=\"twitter:description\" content=\"C\u2019est avec pour slogan \u2018Unlimited mobility\u2019 (mobilit\u00e9 illimit\u00e9e) que Stellantis a organis\u00e9 son tout premier Fleet Day au Brabanthal de Leuven ce 20 mai. L\u2019occasion\u2026\" \/>\n<meta name=\"twitter:label1\" content=\"\u00c9crit par\" \/>\n\t<meta name=\"twitter:data1\" content=\"Damien Malvetti\" \/>\n\t<meta name=\"twitter:label2\" content=\"Dur\u00e9e de lecture estim\u00e9e\" \/>\n\t<meta name=\"twitter:data2\" content=\"5 minutes\" \/>\n<script type=\"application\/ld+json\" class=\"yoast-schema-graph\">{\"@context\":\"https:\\\/\\\/schema.org\",\"@graph\":[{\"@type\":\"Article\",\"@id\":\"https:\\\/\\\/www.link2fleet.com\\\/stellantis-fleet-day-2025-nieuwigheden-elektrificatie-en-herovering\\\/#article\",\"isPartOf\":{\"@id\":\"https:\\\/\\\/www.link2fleet.com\\\/stellantis-fleet-day-2025-nieuwigheden-elektrificatie-en-herovering\\\/\"},\"author\":{\"name\":\"Damien Malvetti\",\"@id\":\"https:\\\/\\\/www.link2fleet.com\\\/fr\\\/#\\\/schema\\\/person\\\/027cd46113c78036b3809c9a054049da\"},\"headline\":\"Stellantis Fleet Day 2025 : entre nouveaut\u00e9s, \u00e9lectrification et reconqu\u00eate\",\"datePublished\":\"2025-05-21T07:25:33+00:00\",\"dateModified\":\"2025-05-22T12:19:35+00:00\",\"mainEntityOfPage\":{\"@id\":\"https:\\\/\\\/www.link2fleet.com\\\/stellantis-fleet-day-2025-nieuwigheden-elektrificatie-en-herovering\\\/\"},\"wordCount\":10,\"publisher\":{\"@id\":\"https:\\\/\\\/www.link2fleet.com\\\/fr\\\/#organization\"},\"image\":{\"@id\":\"https:\\\/\\\/www.link2fleet.com\\\/stellantis-fleet-day-2025-nieuwigheden-elektrificatie-en-herovering\\\/#primaryimage\"},\"thumbnailUrl\":\"https:\\\/\\\/static.link2fleet.com\\\/wp-content\\\/uploads\\\/2025\\\/05\\\/stellantis-fleet-day-4-scaled.jpg\",\"articleSection\":[\"Importateurs et constructeurs\",\"V\u00e9hicules\"],\"inLanguage\":\"fr-FR\"},{\"@type\":\"WebPage\",\"@id\":\"https:\\\/\\\/www.link2fleet.com\\\/stellantis-fleet-day-2025-nieuwigheden-elektrificatie-en-herovering\\\/\",\"url\":\"https:\\\/\\\/www.link2fleet.com\\\/stellantis-fleet-day-2025-nieuwigheden-elektrificatie-en-herovering\\\/\",\"name\":\"Stellantis Fleet Day 2025 : entre nouveaut\u00e9s, \u00e9lectrification et reconqu\u00eate - link2fleet\",\"isPartOf\":{\"@id\":\"https:\\\/\\\/www.link2fleet.com\\\/fr\\\/#website\"},\"primaryImageOfPage\":{\"@id\":\"https:\\\/\\\/www.link2fleet.com\\\/stellantis-fleet-day-2025-nieuwigheden-elektrificatie-en-herovering\\\/#primaryimage\"},\"image\":{\"@id\":\"https:\\\/\\\/www.link2fleet.com\\\/stellantis-fleet-day-2025-nieuwigheden-elektrificatie-en-herovering\\\/#primaryimage\"},\"thumbnailUrl\":\"https:\\\/\\\/static.link2fleet.com\\\/wp-content\\\/uploads\\\/2025\\\/05\\\/stellantis-fleet-day-4-scaled.jpg\",\"datePublished\":\"2025-05-21T07:25:33+00:00\",\"dateModified\":\"2025-05-22T12:19:35+00:00\",\"breadcrumb\":{\"@id\":\"https:\\\/\\\/www.link2fleet.com\\\/stellantis-fleet-day-2025-nieuwigheden-elektrificatie-en-herovering\\\/#breadcrumb\"},\"inLanguage\":\"fr-FR\",\"potentialAction\":[{\"@type\":\"ReadAction\",\"target\":[\"https:\\\/\\\/www.link2fleet.com\\\/stellantis-fleet-day-2025-nieuwigheden-elektrificatie-en-herovering\\\/\"]}]},{\"@type\":\"ImageObject\",\"inLanguage\":\"fr-FR\",\"@id\":\"https:\\\/\\\/www.link2fleet.com\\\/stellantis-fleet-day-2025-nieuwigheden-elektrificatie-en-herovering\\\/#primaryimage\",\"url\":\"https:\\\/\\\/static.link2fleet.com\\\/wp-content\\\/uploads\\\/2025\\\/05\\\/stellantis-fleet-day-4-scaled.jpg\",\"contentUrl\":\"https:\\\/\\\/static.link2fleet.com\\\/wp-content\\\/uploads\\\/2025\\\/05\\\/stellantis-fleet-day-4-scaled.jpg\",\"width\":2560,\"height\":1920},{\"@type\":\"BreadcrumbList\",\"@id\":\"https:\\\/\\\/www.link2fleet.com\\\/stellantis-fleet-day-2025-nieuwigheden-elektrificatie-en-herovering\\\/#breadcrumb\",\"itemListElement\":[{\"@type\":\"ListItem\",\"position\":1,\"name\":\"Home\",\"item\":\"https:\\\/\\\/www.link2fleet.com\\\/fr\\\/\"},{\"@type\":\"ListItem\",\"position\":2,\"name\":\"Stellantis Fleet Day 2025 : entre nouveaut\u00e9s, \u00e9lectrification et reconqu\u00eate\"}]},{\"@type\":\"WebSite\",\"@id\":\"https:\\\/\\\/www.link2fleet.com\\\/fr\\\/#website\",\"url\":\"https:\\\/\\\/www.link2fleet.com\\\/fr\\\/\",\"name\":\"Link2fleet\",\"description\":\"\",\"publisher\":{\"@id\":\"https:\\\/\\\/www.link2fleet.com\\\/fr\\\/#organization\"},\"potentialAction\":[{\"@type\":\"SearchAction\",\"target\":{\"@type\":\"EntryPoint\",\"urlTemplate\":\"https:\\\/\\\/www.link2fleet.com\\\/fr\\\/?s={search_term_string}\"},\"query-input\":{\"@type\":\"PropertyValueSpecification\",\"valueRequired\":true,\"valueName\":\"search_term_string\"}}],\"inLanguage\":\"fr-FR\"},{\"@type\":\"Organization\",\"@id\":\"https:\\\/\\\/www.link2fleet.com\\\/fr\\\/#organization\",\"name\":\"Link2fleet\",\"url\":\"https:\\\/\\\/www.link2fleet.com\\\/fr\\\/\",\"logo\":{\"@type\":\"ImageObject\",\"inLanguage\":\"fr-FR\",\"@id\":\"https:\\\/\\\/www.link2fleet.com\\\/fr\\\/#\\\/schema\\\/logo\\\/image\\\/\",\"url\":\"https:\\\/\\\/static.link2fleet.com\\\/wp-content\\\/uploads\\\/2024\\\/03\\\/share-image.jpg\",\"contentUrl\":\"https:\\\/\\\/static.link2fleet.com\\\/wp-content\\\/uploads\\\/2024\\\/03\\\/share-image.jpg\",\"width\":1200,\"height\":630,\"caption\":\"Link2fleet\"},\"image\":{\"@id\":\"https:\\\/\\\/www.link2fleet.com\\\/fr\\\/#\\\/schema\\\/logo\\\/image\\\/\"},\"sameAs\":[\"https:\\\/\\\/www.linkedin.com\\\/company\\\/link2fleet-belgium\",\"https:\\\/\\\/www.youtube.com\\\/user\\\/MMMBMBE\"]},{\"@type\":\"Person\",\"@id\":\"https:\\\/\\\/www.link2fleet.com\\\/fr\\\/#\\\/schema\\\/person\\\/027cd46113c78036b3809c9a054049da\",\"name\":\"Damien Malvetti\",\"image\":{\"@type\":\"ImageObject\",\"inLanguage\":\"fr-FR\",\"@id\":\"https:\\\/\\\/secure.gravatar.com\\\/avatar\\\/dd8cc03b49466c735f753ac37f8caa371af16dfed347456ed61f02883255eebb?s=96&d=mm&r=g\",\"url\":\"https:\\\/\\\/secure.gravatar.com\\\/avatar\\\/dd8cc03b49466c735f753ac37f8caa371af16dfed347456ed61f02883255eebb?s=96&d=mm&r=g\",\"contentUrl\":\"https:\\\/\\\/secure.gravatar.com\\\/avatar\\\/dd8cc03b49466c735f753ac37f8caa371af16dfed347456ed61f02883255eebb?s=96&d=mm&r=g\",\"caption\":\"Damien Malvetti\"},\"description\":\"Damien Malvetti is opgeleid als journalist en gepassioneerd door wagens, technologie en mobiliteit. Hij is verantwoordelijk voor de redactionele inhoud van link2fleet en beschikt over een uitgebreide kennis van de fleet-sector en elektrische mobiliteit.\",\"sameAs\":[\"https:\\\/\\\/www.linkedin.com\\\/in\\\/damien-malvetti-56601142\\\/\"]}]}<\/script>\n<!-- \/ Yoast SEO plugin. -->","yoast_head_json":{"title":"Stellantis Fleet Day 2025 : entre nouveaut\u00e9s, \u00e9lectrification et reconqu\u00eate - link2fleet","description":"C\u2019est avec pour slogan \u2018Unlimited mobility\u2019 (mobilit\u00e9 illimit\u00e9e) que Stellantis a organis\u00e9 son tout premier Fleet Day au Brabanthal de Leuven ce 20 mai. L\u2019occasion\u2026","robots":{"index":"index","follow":"follow","max-snippet":"max-snippet:-1","max-image-preview":"max-image-preview:large","max-video-preview":"max-video-preview:-1"},"og_locale":"fr_FR","og_type":"article","og_title":"Stellantis Fleet Day 2025 : entre nouveaut\u00e9s, \u00e9lectrification et reconqu\u00eate - link2fleet","og_description":"C\u2019est avec pour slogan \u2018Unlimited mobility\u2019 (mobilit\u00e9 illimit\u00e9e) que Stellantis a organis\u00e9 son tout premier Fleet Day au Brabanthal de Leuven ce 20 mai. L\u2019occasion\u2026","og_url":"https:\/\/www.link2fleet.com\/stellantis-fleet-day-2025-nieuwigheden-elektrificatie-en-herovering\/","og_site_name":"link2fleet","article_published_time":"2025-05-21T07:25:33+00:00","article_modified_time":"2025-05-22T12:19:35+00:00","og_image":[{"width":1200,"height":630,"url":"https:\/\/static.link2fleet.com\/wp-content\/uploads\/2024\/03\/share-image.jpg","type":"image\/jpeg"}],"author":"Damien Malvetti","twitter_card":"summary_large_image","twitter_description":"C\u2019est avec pour slogan \u2018Unlimited mobility\u2019 (mobilit\u00e9 illimit\u00e9e) que Stellantis a organis\u00e9 son tout premier Fleet Day au Brabanthal de Leuven ce 20 mai. L\u2019occasion\u2026","twitter_misc":{"\u00c9crit par":"Damien Malvetti","Dur\u00e9e de lecture estim\u00e9e":"5 minutes"},"schema":{"@context":"https:\/\/schema.org","@graph":[{"@type":"Article","@id":"https:\/\/www.link2fleet.com\/stellantis-fleet-day-2025-nieuwigheden-elektrificatie-en-herovering\/#article","isPartOf":{"@id":"https:\/\/www.link2fleet.com\/stellantis-fleet-day-2025-nieuwigheden-elektrificatie-en-herovering\/"},"author":{"name":"Damien Malvetti","@id":"https:\/\/www.link2fleet.com\/fr\/#\/schema\/person\/027cd46113c78036b3809c9a054049da"},"headline":"Stellantis Fleet Day 2025 : entre nouveaut\u00e9s, \u00e9lectrification et reconqu\u00eate","datePublished":"2025-05-21T07:25:33+00:00","dateModified":"2025-05-22T12:19:35+00:00","mainEntityOfPage":{"@id":"https:\/\/www.link2fleet.com\/stellantis-fleet-day-2025-nieuwigheden-elektrificatie-en-herovering\/"},"wordCount":10,"publisher":{"@id":"https:\/\/www.link2fleet.com\/fr\/#organization"},"image":{"@id":"https:\/\/www.link2fleet.com\/stellantis-fleet-day-2025-nieuwigheden-elektrificatie-en-herovering\/#primaryimage"},"thumbnailUrl":"https:\/\/static.link2fleet.com\/wp-content\/uploads\/2025\/05\/stellantis-fleet-day-4-scaled.jpg","articleSection":["Importateurs et constructeurs","V\u00e9hicules"],"inLanguage":"fr-FR"},{"@type":"WebPage","@id":"https:\/\/www.link2fleet.com\/stellantis-fleet-day-2025-nieuwigheden-elektrificatie-en-herovering\/","url":"https:\/\/www.link2fleet.com\/stellantis-fleet-day-2025-nieuwigheden-elektrificatie-en-herovering\/","name":"Stellantis Fleet Day 2025 : entre nouveaut\u00e9s, \u00e9lectrification et reconqu\u00eate - link2fleet","isPartOf":{"@id":"https:\/\/www.link2fleet.com\/fr\/#website"},"primaryImageOfPage":{"@id":"https:\/\/www.link2fleet.com\/stellantis-fleet-day-2025-nieuwigheden-elektrificatie-en-herovering\/#primaryimage"},"image":{"@id":"https:\/\/www.link2fleet.com\/stellantis-fleet-day-2025-nieuwigheden-elektrificatie-en-herovering\/#primaryimage"},"thumbnailUrl":"https:\/\/static.link2fleet.com\/wp-content\/uploads\/2025\/05\/stellantis-fleet-day-4-scaled.jpg","datePublished":"2025-05-21T07:25:33+00:00","dateModified":"2025-05-22T12:19:35+00:00","breadcrumb":{"@id":"https:\/\/www.link2fleet.com\/stellantis-fleet-day-2025-nieuwigheden-elektrificatie-en-herovering\/#breadcrumb"},"inLanguage":"fr-FR","potentialAction":[{"@type":"ReadAction","target":["https:\/\/www.link2fleet.com\/stellantis-fleet-day-2025-nieuwigheden-elektrificatie-en-herovering\/"]}]},{"@type":"ImageObject","inLanguage":"fr-FR","@id":"https:\/\/www.link2fleet.com\/stellantis-fleet-day-2025-nieuwigheden-elektrificatie-en-herovering\/#primaryimage","url":"https:\/\/static.link2fleet.com\/wp-content\/uploads\/2025\/05\/stellantis-fleet-day-4-scaled.jpg","contentUrl":"https:\/\/static.link2fleet.com\/wp-content\/uploads\/2025\/05\/stellantis-fleet-day-4-scaled.jpg","width":2560,"height":1920},{"@type":"BreadcrumbList","@id":"https:\/\/www.link2fleet.com\/stellantis-fleet-day-2025-nieuwigheden-elektrificatie-en-herovering\/#breadcrumb","itemListElement":[{"@type":"ListItem","position":1,"name":"Home","item":"https:\/\/www.link2fleet.com\/fr\/"},{"@type":"ListItem","position":2,"name":"Stellantis Fleet Day 2025 : entre nouveaut\u00e9s, \u00e9lectrification et reconqu\u00eate"}]},{"@type":"WebSite","@id":"https:\/\/www.link2fleet.com\/fr\/#website","url":"https:\/\/www.link2fleet.com\/fr\/","name":"Link2fleet","description":"","publisher":{"@id":"https:\/\/www.link2fleet.com\/fr\/#organization"},"potentialAction":[{"@type":"SearchAction","target":{"@type":"EntryPoint","urlTemplate":"https:\/\/www.link2fleet.com\/fr\/?s={search_term_string}"},"query-input":{"@type":"PropertyValueSpecification","valueRequired":true,"valueName":"search_term_string"}}],"inLanguage":"fr-FR"},{"@type":"Organization","@id":"https:\/\/www.link2fleet.com\/fr\/#organization","name":"Link2fleet","url":"https:\/\/www.link2fleet.com\/fr\/","logo":{"@type":"ImageObject","inLanguage":"fr-FR","@id":"https:\/\/www.link2fleet.com\/fr\/#\/schema\/logo\/image\/","url":"https:\/\/static.link2fleet.com\/wp-content\/uploads\/2024\/03\/share-image.jpg","contentUrl":"https:\/\/static.link2fleet.com\/wp-content\/uploads\/2024\/03\/share-image.jpg","width":1200,"height":630,"caption":"Link2fleet"},"image":{"@id":"https:\/\/www.link2fleet.com\/fr\/#\/schema\/logo\/image\/"},"sameAs":["https:\/\/www.linkedin.com\/company\/link2fleet-belgium","https:\/\/www.youtube.com\/user\/MMMBMBE"]},{"@type":"Person","@id":"https:\/\/www.link2fleet.com\/fr\/#\/schema\/person\/027cd46113c78036b3809c9a054049da","name":"Damien Malvetti","image":{"@type":"ImageObject","inLanguage":"fr-FR","@id":"https:\/\/secure.gravatar.com\/avatar\/dd8cc03b49466c735f753ac37f8caa371af16dfed347456ed61f02883255eebb?s=96&d=mm&r=g","url":"https:\/\/secure.gravatar.com\/avatar\/dd8cc03b49466c735f753ac37f8caa371af16dfed347456ed61f02883255eebb?s=96&d=mm&r=g","contentUrl":"https:\/\/secure.gravatar.com\/avatar\/dd8cc03b49466c735f753ac37f8caa371af16dfed347456ed61f02883255eebb?s=96&d=mm&r=g","caption":"Damien Malvetti"},"description":"Damien Malvetti is opgeleid als journalist en gepassioneerd door wagens, technologie en mobiliteit. Hij is verantwoordelijk voor de redactionele inhoud van link2fleet en beschikt over een uitgebreide kennis van de fleet-sector en elektrische mobiliteit.","sameAs":["https:\/\/www.linkedin.com\/in\/damien-malvetti-56601142\/"]}]}},"_links":{"self":[{"href":"https:\/\/www.link2fleet.com\/fr\/wp-json\/wp\/v2\/posts\/42556","targetHints":{"allow":["GET"]}}],"collection":[{"href":"https:\/\/www.link2fleet.com\/fr\/wp-json\/wp\/v2\/posts"}],"about":[{"href":"https:\/\/www.link2fleet.com\/fr\/wp-json\/wp\/v2\/types\/post"}],"author":[{"embeddable":true,"href":"https:\/\/www.link2fleet.com\/fr\/wp-json\/wp\/v2\/users\/4"}],"replies":[{"embeddable":true,"href":"https:\/\/www.link2fleet.com\/fr\/wp-json\/wp\/v2\/comments?post=42556"}],"version-history":[{"count":3,"href":"https:\/\/www.link2fleet.com\/fr\/wp-json\/wp\/v2\/posts\/42556\/revisions"}],"predecessor-version":[{"id":42705,"href":"https:\/\/www.link2fleet.com\/fr\/wp-json\/wp\/v2\/posts\/42556\/revisions\/42705"}],"wp:featuredmedia":[{"embeddable":true,"href":"https:\/\/www.link2fleet.com\/fr\/wp-json\/wp\/v2\/media\/42557"}],"wp:attachment":[{"href":"https:\/\/www.link2fleet.com\/fr\/wp-json\/wp\/v2\/media?parent=42556"}],"wp:term":[{"taxonomy":"category","embeddable":true,"href":"https:\/\/www.link2fleet.com\/fr\/wp-json\/wp\/v2\/categories?post=42556"},{"taxonomy":"post_tag","embeddable":true,"href":"https:\/\/www.link2fleet.com\/fr\/wp-json\/wp\/v2\/tags?post=42556"}],"curies":[{"name":"wp","href":"https:\/\/api.w.org\/{rel}","templated":true}]}}