{"id":4277,"date":"2021-04-26T08:57:09","date_gmt":"2021-04-26T06:57:09","guid":{"rendered":"https:\/\/www.link2fleet.com\/athlon-et-partena-professionnal-sassocient-pour-une-solution-petite-flotte\/"},"modified":"2021-04-26T08:57:09","modified_gmt":"2021-04-26T06:57:09","slug":"athlon-et-partena-professionnal-sassocient-pour-une-solution-petite-flotte","status":"publish","type":"post","link":"https:\/\/www.link2fleet.com\/fr\/athlon-et-partena-professionnal-sassocient-pour-une-solution-petite-flotte\/","title":{"rendered":"Athlon et Partena Professionnal s&rsquo;associent pour une solution &lsquo;petite flotte&rsquo;"},"content":{"rendered":"<p><strong>Approche personnalis\u00e9e<\/strong><\/p>\n<p>Les solutions et les attentes en mati\u00e8re de mobilit\u00e9 \u00e9voluent rapidement et sont tr\u00e8s personnelles. Voil\u00e0 pourquoi une approche personnalis\u00e9e est au c\u0153ur de ce nouveau\u00a0partenariat.\u00a0Avant qu&rsquo;un client ne proc\u00e8de \u00e0 la configuration en ligne d&rsquo;une voiture, les besoins sp\u00e9cifiques sont d&rsquo;abord\u00a0abord\u00e9s lors d&rsquo;un entretien personnel avec un\u00a0sp\u00e9cialiste de la mobilit\u00e9 d&rsquo;Athlon. Ainsi, le client re\u00e7oit des conseils personnalis\u00e9s sur la solution la mieux adapt\u00e9e.\u00a0Outre l&rsquo;aspect organisationnel (gestion du contrat, changement de conducteur, etc.), My Fleet assure \u00e9galement le suivi de toutes les obligations l\u00e9gales telles que la d\u00e9claration de TVA, le traitement fiscal, le calcul d&rsquo;ATN (avantage de toute nature), le calcul de la contribution de solidarit\u00e9 et la d\u00e9claration DMFA.<\/p>\n<blockquote><p><em>\u00ab\u00a0Ce\u00a0partenariat avec Partena Professional est le fruit de la relation de confiance que nous avons \u00e9tablie depuis des ann\u00e9es en tant que partenaires de leasing pour ses propres voitures de soci\u00e9t\u00e9<\/em>\u00a0<em>et son plan caf\u00e9t\u00e9ria. Nous sommes donc tr\u00e8s heureux de pouvoir \u00e9tendre notre collaboration et consacrer notre expertise \u00e0 My Fleet. Nous nous r\u00e9jouissons d&rsquo;un partenariat durable dans les prochaines ann\u00e9es\u00a0\u00bb, <\/em>d\u00e9clare Els Descamps, directrice commerciale d&rsquo;Athlon Belgique<\/p>\n<figure id=\"attachment_1267957\" aria-describedby=\"caption-attachment-1267957\" style=\"width: 300px\" class=\"wp-caption alignnone\"><img loading=\"lazy\" decoding=\"async\" class=\"size-medium wp-image-1267957\" src=\"https:\/\/www.link2fleet.com\/wp-content\/uploads\/2021\/04\/Schermafbeelding2021-04-161009562-300x171.png\" alt=\"\" width=\"300\" height=\"171\" \/><figcaption id=\"caption-attachment-1267957\" class=\"wp-caption-text\">Els Descamps, directrice commerciale d&rsquo;Athlon Belgique et Bernard Hullaert, Chief Sales and Marketing Officer de Partena Professional &#8211; Copyright Athlon Belgium<\/figcaption><\/figure><\/blockquote>\n","protected":false},"excerpt":{"rendered":"<p>Approche personnalis\u00e9e Les solutions et les attentes en mati\u00e8re de mobilit\u00e9 \u00e9voluent rapidement et sont tr\u00e8s personnelles. Voil\u00e0 pourquoi une approche personnalis\u00e9e est au c\u0153ur de ce nouveau\u00a0partenariat.\u00a0Avant qu&rsquo;un client ne proc\u00e8de \u00e0 la configuration en ligne d&rsquo;une voiture, les besoins sp\u00e9cifiques sont d&rsquo;abord\u00a0abord\u00e9s lors d&rsquo;un entretien personnel avec un\u00a0sp\u00e9cialiste de la mobilit\u00e9 d&rsquo;Athlon. Ainsi, [&hellip;]<\/p>\n","protected":false},"author":19,"featured_media":4278,"comment_status":"closed","ping_status":"closed","sticky":false,"template":"","format":"standard","meta":{"_acf_changed":false,"footnotes":""},"categories":[91,79],"tags":[],"class_list":["post-4277","post","type-post","status-publish","format-standard","has-post-thumbnail","hentry","category-expertise-et-management","category-societes-de-leasing"],"acf":[],"yoast_head":"<!-- This site is optimized with the Yoast SEO plugin v27.3 - https:\/\/yoast.com\/product\/yoast-seo-wordpress\/ -->\n<title>Athlon et Partena Professionnal s&#039;associent pour une solution &#039;petite flotte&#039; - link2fleet<\/title>\n<meta name=\"description\" content=\"Athlon Belgique et Partena Professional s&rsquo;associent pour &lsquo;My Fleet&rsquo;, la solution de leasing op\u00e9rationnel pour les ind\u00e9pendants et les PME. Cette derni\u00e8re offre un service\u2026\" \/>\n<meta name=\"robots\" content=\"index, follow, max-snippet:-1, max-image-preview:large, max-video-preview:-1\" \/>\n<meta property=\"og:locale\" content=\"fr_FR\" \/>\n<meta property=\"og:type\" content=\"article\" \/>\n<meta property=\"og:title\" content=\"Athlon et Partena Professionnal s&#039;associent pour une solution &#039;petite flotte&#039; - link2fleet\" \/>\n<meta property=\"og:description\" content=\"Athlon Belgique et Partena Professional s&rsquo;associent pour &lsquo;My Fleet&rsquo;, la solution de leasing op\u00e9rationnel pour les ind\u00e9pendants et les PME. Cette derni\u00e8re offre un service\u2026\" \/>\n<meta property=\"og:url\" content=\"https:\/\/www.link2fleet.com\/fr\/athlon-et-partena-professionnal-sassocient-pour-une-solution-petite-flotte\/\" \/>\n<meta property=\"og:site_name\" content=\"link2fleet\" \/>\n<meta property=\"article:published_time\" content=\"2021-04-26T06:57:09+00:00\" \/>\n<meta property=\"og:image\" content=\"https:\/\/static.link2fleet.com\/wp-content\/uploads\/2024\/03\/highres-athlon-photo-stockpool-2018-033-cmyk-300dpi.jpg\" \/>\n\t<meta property=\"og:image:width\" content=\"1619\" \/>\n\t<meta property=\"og:image:height\" content=\"1080\" \/>\n\t<meta property=\"og:image:type\" content=\"image\/jpeg\" \/>\n<meta name=\"author\" content=\"Marc Demoulin\" \/>\n<meta name=\"twitter:card\" content=\"summary_large_image\" \/>\n<meta name=\"twitter:description\" content=\"Athlon Belgique et Partena Professional s&rsquo;associent pour &lsquo;My Fleet&rsquo;, la solution de leasing op\u00e9rationnel pour les ind\u00e9pendants et les PME. Cette derni\u00e8re offre un service\u2026\" \/>\n<meta name=\"twitter:label1\" content=\"\u00c9crit par\" \/>\n\t<meta name=\"twitter:data1\" content=\"Marc Demoulin\" \/>\n\t<meta name=\"twitter:label2\" content=\"Dur\u00e9e de lecture estim\u00e9e\" \/>\n\t<meta name=\"twitter:data2\" content=\"1 minute\" \/>\n<script type=\"application\/ld+json\" class=\"yoast-schema-graph\">{\"@context\":\"https:\\\/\\\/schema.org\",\"@graph\":[{\"@type\":\"Article\",\"@id\":\"https:\\\/\\\/www.link2fleet.com\\\/fr\\\/athlon-et-partena-professionnal-sassocient-pour-une-solution-petite-flotte\\\/#article\",\"isPartOf\":{\"@id\":\"https:\\\/\\\/www.link2fleet.com\\\/fr\\\/athlon-et-partena-professionnal-sassocient-pour-une-solution-petite-flotte\\\/\"},\"author\":{\"name\":\"Marc Demoulin\",\"@id\":\"https:\\\/\\\/www.link2fleet.com\\\/fr\\\/#\\\/schema\\\/person\\\/be5c57fc3d8ec765f7f536ffa2d67457\"},\"headline\":\"Athlon et Partena Professionnal s&rsquo;associent pour une solution &lsquo;petite flotte&rsquo;\",\"datePublished\":\"2021-04-26T06:57:09+00:00\",\"mainEntityOfPage\":{\"@id\":\"https:\\\/\\\/www.link2fleet.com\\\/fr\\\/athlon-et-partena-professionnal-sassocient-pour-une-solution-petite-flotte\\\/\"},\"wordCount\":259,\"publisher\":{\"@id\":\"https:\\\/\\\/www.link2fleet.com\\\/fr\\\/#organization\"},\"image\":{\"@id\":\"https:\\\/\\\/www.link2fleet.com\\\/fr\\\/athlon-et-partena-professionnal-sassocient-pour-une-solution-petite-flotte\\\/#primaryimage\"},\"thumbnailUrl\":\"https:\\\/\\\/static.link2fleet.com\\\/wp-content\\\/uploads\\\/2024\\\/03\\\/highres-athlon-photo-stockpool-2018-033-cmyk-300dpi.jpg\",\"articleSection\":[\"Gestion de flotte\",\"Location long-terme\"],\"inLanguage\":\"fr-FR\"},{\"@type\":\"WebPage\",\"@id\":\"https:\\\/\\\/www.link2fleet.com\\\/fr\\\/athlon-et-partena-professionnal-sassocient-pour-une-solution-petite-flotte\\\/\",\"url\":\"https:\\\/\\\/www.link2fleet.com\\\/fr\\\/athlon-et-partena-professionnal-sassocient-pour-une-solution-petite-flotte\\\/\",\"name\":\"Athlon et Partena Professionnal s'associent pour une solution 'petite flotte' - link2fleet\",\"isPartOf\":{\"@id\":\"https:\\\/\\\/www.link2fleet.com\\\/fr\\\/#website\"},\"primaryImageOfPage\":{\"@id\":\"https:\\\/\\\/www.link2fleet.com\\\/fr\\\/athlon-et-partena-professionnal-sassocient-pour-une-solution-petite-flotte\\\/#primaryimage\"},\"image\":{\"@id\":\"https:\\\/\\\/www.link2fleet.com\\\/fr\\\/athlon-et-partena-professionnal-sassocient-pour-une-solution-petite-flotte\\\/#primaryimage\"},\"thumbnailUrl\":\"https:\\\/\\\/static.link2fleet.com\\\/wp-content\\\/uploads\\\/2024\\\/03\\\/highres-athlon-photo-stockpool-2018-033-cmyk-300dpi.jpg\",\"datePublished\":\"2021-04-26T06:57:09+00:00\",\"breadcrumb\":{\"@id\":\"https:\\\/\\\/www.link2fleet.com\\\/fr\\\/athlon-et-partena-professionnal-sassocient-pour-une-solution-petite-flotte\\\/#breadcrumb\"},\"inLanguage\":\"fr-FR\",\"potentialAction\":[{\"@type\":\"ReadAction\",\"target\":[\"https:\\\/\\\/www.link2fleet.com\\\/fr\\\/athlon-et-partena-professionnal-sassocient-pour-une-solution-petite-flotte\\\/\"]}]},{\"@type\":\"ImageObject\",\"inLanguage\":\"fr-FR\",\"@id\":\"https:\\\/\\\/www.link2fleet.com\\\/fr\\\/athlon-et-partena-professionnal-sassocient-pour-une-solution-petite-flotte\\\/#primaryimage\",\"url\":\"https:\\\/\\\/static.link2fleet.com\\\/wp-content\\\/uploads\\\/2024\\\/03\\\/highres-athlon-photo-stockpool-2018-033-cmyk-300dpi.jpg\",\"contentUrl\":\"https:\\\/\\\/static.link2fleet.com\\\/wp-content\\\/uploads\\\/2024\\\/03\\\/highres-athlon-photo-stockpool-2018-033-cmyk-300dpi.jpg\",\"width\":1619,\"height\":1080,\"caption\":\"|Els Descamps\"},{\"@type\":\"BreadcrumbList\",\"@id\":\"https:\\\/\\\/www.link2fleet.com\\\/fr\\\/athlon-et-partena-professionnal-sassocient-pour-une-solution-petite-flotte\\\/#breadcrumb\",\"itemListElement\":[{\"@type\":\"ListItem\",\"position\":1,\"name\":\"Home\",\"item\":\"https:\\\/\\\/www.link2fleet.com\\\/fr\\\/\"},{\"@type\":\"ListItem\",\"position\":2,\"name\":\"Athlon et Partena Professionnal s&#8217;associent pour une solution &#8216;petite flotte&#8217;\"}]},{\"@type\":\"WebSite\",\"@id\":\"https:\\\/\\\/www.link2fleet.com\\\/fr\\\/#website\",\"url\":\"https:\\\/\\\/www.link2fleet.com\\\/fr\\\/\",\"name\":\"Link2fleet\",\"description\":\"\",\"publisher\":{\"@id\":\"https:\\\/\\\/www.link2fleet.com\\\/fr\\\/#organization\"},\"potentialAction\":[{\"@type\":\"SearchAction\",\"target\":{\"@type\":\"EntryPoint\",\"urlTemplate\":\"https:\\\/\\\/www.link2fleet.com\\\/fr\\\/?s={search_term_string}\"},\"query-input\":{\"@type\":\"PropertyValueSpecification\",\"valueRequired\":true,\"valueName\":\"search_term_string\"}}],\"inLanguage\":\"fr-FR\"},{\"@type\":\"Organization\",\"@id\":\"https:\\\/\\\/www.link2fleet.com\\\/fr\\\/#organization\",\"name\":\"Link2fleet\",\"url\":\"https:\\\/\\\/www.link2fleet.com\\\/fr\\\/\",\"logo\":{\"@type\":\"ImageObject\",\"inLanguage\":\"fr-FR\",\"@id\":\"https:\\\/\\\/www.link2fleet.com\\\/fr\\\/#\\\/schema\\\/logo\\\/image\\\/\",\"url\":\"https:\\\/\\\/static.link2fleet.com\\\/wp-content\\\/uploads\\\/2024\\\/03\\\/share-image.jpg\",\"contentUrl\":\"https:\\\/\\\/static.link2fleet.com\\\/wp-content\\\/uploads\\\/2024\\\/03\\\/share-image.jpg\",\"width\":1200,\"height\":630,\"caption\":\"Link2fleet\"},\"image\":{\"@id\":\"https:\\\/\\\/www.link2fleet.com\\\/fr\\\/#\\\/schema\\\/logo\\\/image\\\/\"},\"sameAs\":[\"https:\\\/\\\/www.linkedin.com\\\/company\\\/link2fleet-belgium\",\"https:\\\/\\\/www.youtube.com\\\/user\\\/MMMBMBE\"]},{\"@type\":\"Person\",\"@id\":\"https:\\\/\\\/www.link2fleet.com\\\/fr\\\/#\\\/schema\\\/person\\\/be5c57fc3d8ec765f7f536ffa2d67457\",\"name\":\"Marc Demoulin\",\"image\":{\"@type\":\"ImageObject\",\"inLanguage\":\"fr-FR\",\"@id\":\"https:\\\/\\\/secure.gravatar.com\\\/avatar\\\/a87df2253d2615844817d0a7f244258741572a74e0c35a309fca2badab9f30e7?s=96&d=mm&r=g\",\"url\":\"https:\\\/\\\/secure.gravatar.com\\\/avatar\\\/a87df2253d2615844817d0a7f244258741572a74e0c35a309fca2badab9f30e7?s=96&d=mm&r=g\",\"contentUrl\":\"https:\\\/\\\/secure.gravatar.com\\\/avatar\\\/a87df2253d2615844817d0a7f244258741572a74e0c35a309fca2badab9f30e7?s=96&d=mm&r=g\",\"caption\":\"Marc Demoulin\"}}]}<\/script>\n<!-- \/ Yoast SEO plugin. -->","yoast_head_json":{"title":"Athlon et Partena Professionnal s'associent pour une solution 'petite flotte' - link2fleet","description":"Athlon Belgique et Partena Professional s&rsquo;associent pour &lsquo;My Fleet&rsquo;, la solution de leasing op\u00e9rationnel pour les ind\u00e9pendants et les PME. Cette derni\u00e8re offre un service\u2026","robots":{"index":"index","follow":"follow","max-snippet":"max-snippet:-1","max-image-preview":"max-image-preview:large","max-video-preview":"max-video-preview:-1"},"og_locale":"fr_FR","og_type":"article","og_title":"Athlon et Partena Professionnal s'associent pour une solution 'petite flotte' - link2fleet","og_description":"Athlon Belgique et Partena Professional s&rsquo;associent pour &lsquo;My Fleet&rsquo;, la solution de leasing op\u00e9rationnel pour les ind\u00e9pendants et les PME. Cette derni\u00e8re offre un service\u2026","og_url":"https:\/\/www.link2fleet.com\/fr\/athlon-et-partena-professionnal-sassocient-pour-une-solution-petite-flotte\/","og_site_name":"link2fleet","article_published_time":"2021-04-26T06:57:09+00:00","og_image":[{"width":1619,"height":1080,"url":"https:\/\/static.link2fleet.com\/wp-content\/uploads\/2024\/03\/highres-athlon-photo-stockpool-2018-033-cmyk-300dpi.jpg","type":"image\/jpeg"}],"author":"Marc Demoulin","twitter_card":"summary_large_image","twitter_description":"Athlon Belgique et Partena Professional s&rsquo;associent pour &lsquo;My Fleet&rsquo;, la solution de leasing op\u00e9rationnel pour les ind\u00e9pendants et les PME. Cette derni\u00e8re offre un service\u2026","twitter_misc":{"\u00c9crit par":"Marc Demoulin","Dur\u00e9e de lecture estim\u00e9e":"1 minute"},"schema":{"@context":"https:\/\/schema.org","@graph":[{"@type":"Article","@id":"https:\/\/www.link2fleet.com\/fr\/athlon-et-partena-professionnal-sassocient-pour-une-solution-petite-flotte\/#article","isPartOf":{"@id":"https:\/\/www.link2fleet.com\/fr\/athlon-et-partena-professionnal-sassocient-pour-une-solution-petite-flotte\/"},"author":{"name":"Marc Demoulin","@id":"https:\/\/www.link2fleet.com\/fr\/#\/schema\/person\/be5c57fc3d8ec765f7f536ffa2d67457"},"headline":"Athlon et Partena Professionnal s&rsquo;associent pour une solution &lsquo;petite flotte&rsquo;","datePublished":"2021-04-26T06:57:09+00:00","mainEntityOfPage":{"@id":"https:\/\/www.link2fleet.com\/fr\/athlon-et-partena-professionnal-sassocient-pour-une-solution-petite-flotte\/"},"wordCount":259,"publisher":{"@id":"https:\/\/www.link2fleet.com\/fr\/#organization"},"image":{"@id":"https:\/\/www.link2fleet.com\/fr\/athlon-et-partena-professionnal-sassocient-pour-une-solution-petite-flotte\/#primaryimage"},"thumbnailUrl":"https:\/\/static.link2fleet.com\/wp-content\/uploads\/2024\/03\/highres-athlon-photo-stockpool-2018-033-cmyk-300dpi.jpg","articleSection":["Gestion de flotte","Location long-terme"],"inLanguage":"fr-FR"},{"@type":"WebPage","@id":"https:\/\/www.link2fleet.com\/fr\/athlon-et-partena-professionnal-sassocient-pour-une-solution-petite-flotte\/","url":"https:\/\/www.link2fleet.com\/fr\/athlon-et-partena-professionnal-sassocient-pour-une-solution-petite-flotte\/","name":"Athlon et Partena Professionnal s'associent pour une solution 'petite flotte' - link2fleet","isPartOf":{"@id":"https:\/\/www.link2fleet.com\/fr\/#website"},"primaryImageOfPage":{"@id":"https:\/\/www.link2fleet.com\/fr\/athlon-et-partena-professionnal-sassocient-pour-une-solution-petite-flotte\/#primaryimage"},"image":{"@id":"https:\/\/www.link2fleet.com\/fr\/athlon-et-partena-professionnal-sassocient-pour-une-solution-petite-flotte\/#primaryimage"},"thumbnailUrl":"https:\/\/static.link2fleet.com\/wp-content\/uploads\/2024\/03\/highres-athlon-photo-stockpool-2018-033-cmyk-300dpi.jpg","datePublished":"2021-04-26T06:57:09+00:00","breadcrumb":{"@id":"https:\/\/www.link2fleet.com\/fr\/athlon-et-partena-professionnal-sassocient-pour-une-solution-petite-flotte\/#breadcrumb"},"inLanguage":"fr-FR","potentialAction":[{"@type":"ReadAction","target":["https:\/\/www.link2fleet.com\/fr\/athlon-et-partena-professionnal-sassocient-pour-une-solution-petite-flotte\/"]}]},{"@type":"ImageObject","inLanguage":"fr-FR","@id":"https:\/\/www.link2fleet.com\/fr\/athlon-et-partena-professionnal-sassocient-pour-une-solution-petite-flotte\/#primaryimage","url":"https:\/\/static.link2fleet.com\/wp-content\/uploads\/2024\/03\/highres-athlon-photo-stockpool-2018-033-cmyk-300dpi.jpg","contentUrl":"https:\/\/static.link2fleet.com\/wp-content\/uploads\/2024\/03\/highres-athlon-photo-stockpool-2018-033-cmyk-300dpi.jpg","width":1619,"height":1080,"caption":"|Els Descamps"},{"@type":"BreadcrumbList","@id":"https:\/\/www.link2fleet.com\/fr\/athlon-et-partena-professionnal-sassocient-pour-une-solution-petite-flotte\/#breadcrumb","itemListElement":[{"@type":"ListItem","position":1,"name":"Home","item":"https:\/\/www.link2fleet.com\/fr\/"},{"@type":"ListItem","position":2,"name":"Athlon et Partena Professionnal s&#8217;associent pour une solution &#8216;petite flotte&#8217;"}]},{"@type":"WebSite","@id":"https:\/\/www.link2fleet.com\/fr\/#website","url":"https:\/\/www.link2fleet.com\/fr\/","name":"Link2fleet","description":"","publisher":{"@id":"https:\/\/www.link2fleet.com\/fr\/#organization"},"potentialAction":[{"@type":"SearchAction","target":{"@type":"EntryPoint","urlTemplate":"https:\/\/www.link2fleet.com\/fr\/?s={search_term_string}"},"query-input":{"@type":"PropertyValueSpecification","valueRequired":true,"valueName":"search_term_string"}}],"inLanguage":"fr-FR"},{"@type":"Organization","@id":"https:\/\/www.link2fleet.com\/fr\/#organization","name":"Link2fleet","url":"https:\/\/www.link2fleet.com\/fr\/","logo":{"@type":"ImageObject","inLanguage":"fr-FR","@id":"https:\/\/www.link2fleet.com\/fr\/#\/schema\/logo\/image\/","url":"https:\/\/static.link2fleet.com\/wp-content\/uploads\/2024\/03\/share-image.jpg","contentUrl":"https:\/\/static.link2fleet.com\/wp-content\/uploads\/2024\/03\/share-image.jpg","width":1200,"height":630,"caption":"Link2fleet"},"image":{"@id":"https:\/\/www.link2fleet.com\/fr\/#\/schema\/logo\/image\/"},"sameAs":["https:\/\/www.linkedin.com\/company\/link2fleet-belgium","https:\/\/www.youtube.com\/user\/MMMBMBE"]},{"@type":"Person","@id":"https:\/\/www.link2fleet.com\/fr\/#\/schema\/person\/be5c57fc3d8ec765f7f536ffa2d67457","name":"Marc Demoulin","image":{"@type":"ImageObject","inLanguage":"fr-FR","@id":"https:\/\/secure.gravatar.com\/avatar\/a87df2253d2615844817d0a7f244258741572a74e0c35a309fca2badab9f30e7?s=96&d=mm&r=g","url":"https:\/\/secure.gravatar.com\/avatar\/a87df2253d2615844817d0a7f244258741572a74e0c35a309fca2badab9f30e7?s=96&d=mm&r=g","contentUrl":"https:\/\/secure.gravatar.com\/avatar\/a87df2253d2615844817d0a7f244258741572a74e0c35a309fca2badab9f30e7?s=96&d=mm&r=g","caption":"Marc Demoulin"}}]}},"_links":{"self":[{"href":"https:\/\/www.link2fleet.com\/fr\/wp-json\/wp\/v2\/posts\/4277","targetHints":{"allow":["GET"]}}],"collection":[{"href":"https:\/\/www.link2fleet.com\/fr\/wp-json\/wp\/v2\/posts"}],"about":[{"href":"https:\/\/www.link2fleet.com\/fr\/wp-json\/wp\/v2\/types\/post"}],"author":[{"embeddable":true,"href":"https:\/\/www.link2fleet.com\/fr\/wp-json\/wp\/v2\/users\/19"}],"replies":[{"embeddable":true,"href":"https:\/\/www.link2fleet.com\/fr\/wp-json\/wp\/v2\/comments?post=4277"}],"version-history":[{"count":0,"href":"https:\/\/www.link2fleet.com\/fr\/wp-json\/wp\/v2\/posts\/4277\/revisions"}],"wp:featuredmedia":[{"embeddable":true,"href":"https:\/\/www.link2fleet.com\/fr\/wp-json\/wp\/v2\/media\/4278"}],"wp:attachment":[{"href":"https:\/\/www.link2fleet.com\/fr\/wp-json\/wp\/v2\/media?parent=4277"}],"wp:term":[{"taxonomy":"category","embeddable":true,"href":"https:\/\/www.link2fleet.com\/fr\/wp-json\/wp\/v2\/categories?post=4277"},{"taxonomy":"post_tag","embeddable":true,"href":"https:\/\/www.link2fleet.com\/fr\/wp-json\/wp\/v2\/tags?post=4277"}],"curies":[{"name":"wp","href":"https:\/\/api.w.org\/{rel}","templated":true}]}}