{"id":4284,"date":"2021-04-26T12:54:08","date_gmt":"2021-04-26T10:54:08","guid":{"rendered":"https:\/\/www.link2fleet.com\/affluence-record-pour-le-webinaire-link2fleet-sur-linfrastructure-de-recharge\/"},"modified":"2021-04-26T12:54:08","modified_gmt":"2021-04-26T10:54:08","slug":"affluence-record-pour-le-webinaire-link2fleet-sur-linfrastructure-de-recharge","status":"publish","type":"post","link":"https:\/\/www.link2fleet.com\/fr\/affluence-record-pour-le-webinaire-link2fleet-sur-linfrastructure-de-recharge\/","title":{"rendered":"Affluence record pour le webinaire link2fleet sur l&rsquo;infrastructure de recharge"},"content":{"rendered":"<p>Paul de Gheldere, PDG de Netika, a entam\u00e9 la transition de sa flotte, qui comptait \u00e0 l&rsquo;\u00e9poque 40 voitures diesel, en 2016. Avec le passage au VE et surtout au PHEV, de nombreuses questions se posent quant \u00e0 l&rsquo;infrastructure de recharge n\u00e9cessaire. L&rsquo;un des nombreux aspects qui a retenu l&rsquo;attention est que, contrairement au prix du litre de diesel qui est relativement stable dans les diff\u00e9rentes stations-service, le prix du kW varie fortement en fonction de l&rsquo;infrastructure de recharge utilis\u00e9e. Pour sa flotte, la diff\u00e9rence de co\u00fbt entre une recharge au travail ou dans un lieu public repr\u00e9senterait une diff\u00e9rence de 60 000 euros\/an.<\/p>\n<p>Un aspect important de l&rsquo;infrastructure de recharge sur le lieu de travail est l&rsquo;\u00e9quilibre de la consommation d&rsquo;\u00e9nergie : le fonctionnement de l&rsquo;entreprise ne doit jamais \u00eatre compromis par la recharge des voitures. Paul de Gheldere insiste sur la n\u00e9cessit\u00e9 de conna\u00eetre les besoins en \u00e9nergie par utilisateur et en fonction de leur utilisation de la voiture. Une personne qui roule 25 000 km par an parcourt 80 km par jour et a en principe besoin de +\/-15 kWh par jour. En d&rsquo;autres termes, il est important de savoir qui peut s&rsquo;en sortir avec une charge lente et qui a besoin d&rsquo;une charge rapide, voire d&rsquo;une charge rapide en d\u00e9placement.<\/p>\n<p><strong>Confort pour l&rsquo;utilisateur et l&#8217;employeur<\/strong><\/p>\n<p>Rouler \u00e0 l&rsquo;\u00e9lectricit\u00e9 implique de se recharger chaque fois que c&rsquo;est possible, ce qui est radicalement diff\u00e9rent d&rsquo;un plein hebdomadaire avec une voiture diesel. Le confort que l&rsquo;utilisateur ressent lors de la recharge est une incitation importante \u00e0 la conduite \u00e9lectrique, souligne Paul de Gheldere. C&rsquo;est particuli\u00e8rement vrai lorsqu&rsquo;il s&rsquo;agit d&rsquo;encourager les conducteurs de PHEV \u00e0 rouler en mode \u00e9lectrique.<\/p>\n<p>Il a cherch\u00e9 sa propre solution et a install\u00e9 des stations de recharge en aluminium qui gardent la prise propre et pr\u00eate \u00e0 \u00eatre utilis\u00e9e par tous les temps. Le processus de recharge y est lanc\u00e9 de mani\u00e8re \u00ab\u00a0personnalis\u00e9e\u00a0\u00bb. Le pourcentage de charge souhait\u00e9 et le temps disponible ne sont que quelques param\u00e8tres r\u00e9glables pour contr\u00f4ler un processus de charge intelligent.<\/p>\n<p>L&rsquo;application vous permet \u00e9galement de r\u00e9server une session de charge rapide pour ceux qui viennent au bureau \u00e0 l&rsquo;heure du d\u00e9jeuner, par exemple.<\/p>\n<p>L&rsquo;infrastructure de recharge au domicile des employ\u00e9s est reli\u00e9e au syst\u00e8me de gestion. Un rapport de facturation est g\u00e9n\u00e9r\u00e9 automatiquement sous la forme d&rsquo;une note de frais pour un traitement num\u00e9rique automatique et un remboursement aux employ\u00e9s.<\/p>\n<p>Pour chaque utilisateur, il existe un rapport automatique de la charge par type d&rsquo;infrastructure de charge (domicile, travail, route) et de la consommation \u00e9ventuelle de carburant (PHEV), ce qui donne lieu \u00e0 un TCE (co\u00fbt total de l&rsquo;\u00e9nergie) sur une base annuelle ou kilom\u00e9trique. Le syst\u00e8me de gestion permet des simulations, \u00e0 partir desquelles un ajustement du choix du v\u00e9hicule est possible.<\/p>\n<p>Paul de Gheldere souligne l&rsquo;importance d&rsquo;utiliser la production d&rsquo;\u00e9nergie propre par des panneaux solaires pour r\u00e9duire le prix du kW pour la recharge. Il est pr\u00e9f\u00e9rable de choisir des chargeurs intelligents plut\u00f4t que des chargeurs puissants.<\/p>\n<figure id=\"attachment_1266909\" aria-describedby=\"caption-attachment-1266909\" style=\"width: 300px\" class=\"wp-caption alignnone\"><img loading=\"lazy\" decoding=\"async\" class=\"size-medium wp-image-1266908\" src=\"https:\/\/www.link2fleet.com\/wp-content\/uploads\/2021\/03\/Paul-Degheldere-300x300.jpg\" alt=\"\" width=\"300\" height=\"300\" \/><figcaption id=\"caption-attachment-1266909\" class=\"wp-caption-text\">Paul de Gheldere<\/figcaption><\/figure>\n<p>&nbsp;<\/p>\n<p><strong>Des infrastructures adapt\u00e9es \u00e0 la consommation d&rsquo;\u00e9nergie<\/strong><\/p>\n<p>Pour Vincent Bellin, responsable technique chez Elexent (nouvelle joint-venture entre Enersol et Renault), le d\u00e9fi majeur de la transition r\u00e9side dans l&rsquo;alignement de l&rsquo;infrastructure de recharge sur la consommation d&rsquo;\u00e9nergie. L&rsquo;\u00e9volutivit\u00e9 est ici essentielle : quand la recharge lente suffira-t-elle, quand la recharge rapide sera-t-elle n\u00e9cessaire, et l&rsquo;infrastructure pourra-t-elle \u00e9voluer en fonction de la flotte ?<\/p>\n<p>Toute infrastructure souhaitant recharger 10 v\u00e9hicules \u00e9lectrique doit disposer d&rsquo;au moins 100kWh. Par cons\u00e9quent, une analyse approfondie de l&rsquo;installation disponible et des possibilit\u00e9s d&rsquo;extension est une premi\u00e8re \u00e9tape indispensable. Il convient ensuite de d\u00e9terminer le nombre de bornes de recharge, ainsi que leur organisation dans le parking.<\/p>\n<p>La transition vers la conduite \u00e9lectrique n\u00e9cessite la coop\u00e9ration du facility management (adaptations du b\u00e2timent), de la gestion du parc automobile (suivi de la consommation et de l&rsquo;utilisation), des finances (l\u00e9gislation fiscale, suivi du TCO), des RH (motivation des employ\u00e9s pour la transition, politique automobile) et du marketing (communication des choix \u00e9cologiques dans l&rsquo;int\u00e9r\u00eat de l&rsquo;image de l&rsquo;entreprise).<\/p>\n<p>Enersol a d\u00e9cid\u00e9 en 2016 d&rsquo;entamer la transition et roule d\u00e9j\u00e0 \u00e0 90% en alternatif (VE, PHEV et 10% CNG) d&rsquo;ici 2020. Cette ann\u00e9e, il sera aliment\u00e9 \u00e0 100 % par des \u00e9nergies alternatives et, en 2022, l&rsquo;objectif de z\u00e9ro \u00e9mission a \u00e9t\u00e9 fix\u00e9 pour la flotte et le b\u00e2timent.<\/p>\n<figure id=\"attachment_1260462\" aria-describedby=\"caption-attachment-1260462\" style=\"width: 209px\" class=\"wp-caption alignnone\"><img loading=\"lazy\" decoding=\"async\" class=\"size-full wp-image-1260463\" src=\"https:\/\/www.link2fleet.com\/wp-content\/uploads\/2020\/10\/Vincent-Bellin-Enersol.jpg\" alt=\"\" width=\"209\" height=\"182\" \/><figcaption id=\"caption-attachment-1260462\" class=\"wp-caption-text\">Vincent Bellin<\/figcaption><\/figure>\n<p>&nbsp;<\/p>\n<p><strong>G\u00e9rer des co\u00fbts de facturation tr\u00e8s variables<\/strong><\/p>\n<p>Bas Bullens, sp\u00e9cialiste des v\u00e9hicules \u00e9lectriques chez DKV, a attir\u00e9 l&rsquo;attention sur les grandes diff\u00e9rences de prix de l&rsquo;\u00e9nergie \u00e9lectrique selon que la recharge a lieu dans l&rsquo;entreprise, \u00e0 domicile ou sur la route.\u00a0 En outre, le style de conduite peut entra\u00eener une augmentation de la consommation de 20 \u00e0 30 %.<\/p>\n<p>Une carte de recharge peut facturer le co\u00fbt de l&rsquo;\u00e9nergie au prix co\u00fbtant, mais il y a souvent aussi des frais de d\u00e9marrage pour chaque activation. Une autre formule consiste \u00e0 appliquer un taux fixe de kWh pour la charge lente et rapide, mais l&rsquo;utilisateur n&rsquo;a alors aucun moyen d&rsquo;effectuer des ajustements (charge intelligente). Enfin, il existe un tarif fixe pour tous les points de charge appartenant \u00e0 un seul op\u00e9rateur de r\u00e9seau.<\/p>\n<p>La \u00ab\u00a0recharge intelligente\u00a0\u00bb doit \u00eatre impos\u00e9e via la car policy. Les options comprennent une restriction de carburant \u00e0 Xl\/100km pour les conducteurs de PHEV et l\u2019interdiction des chargeurs rapides en cours de route. Si vous avez besoin de vous recharger pendant votre voyage, il est pr\u00e9f\u00e9rable d&rsquo;obtenir des informations sur les prix \u00e0 l&rsquo;avance. Lors du choix d&rsquo;un partenaire pour les cartes de recharge, il convient de pr\u00eater attention \u00e0 une couverture maximale, adapt\u00e9e \u00e0 l&rsquo;utilisation.<\/p>\n<p>Bas Bullens conclut en conseillant d&rsquo;envisager de choisir un partenaire pour l&rsquo;infrastructure de recharge \u00e9lectrique ind\u00e9pendant de la soci\u00e9t\u00e9 de leasing, de produire en propre autant d&rsquo;\u00e9nergie que possible pour faire baisser le prix du kW et de demander conseil \u00e0 des experts.<\/p>\n<figure id=\"attachment_1266905\" aria-describedby=\"caption-attachment-1266905\" style=\"width: 300px\" class=\"wp-caption alignnone\"><img loading=\"lazy\" decoding=\"async\" class=\"size-medium wp-image-1266904\" src=\"https:\/\/www.link2fleet.com\/wp-content\/uploads\/2021\/03\/Bas-Bullens_DKV-300x300.jpg\" alt=\"\" width=\"300\" height=\"300\" \/><figcaption id=\"caption-attachment-1266905\" class=\"wp-caption-text\">Bas Bullens<\/figcaption><\/figure>\n<p>&nbsp;<\/p>\n<p><strong>SONDAGE<\/strong><\/p>\n<p><strong>Allez-vous conduire une voiture \u00e9lectrique dans un avenir proche ?<\/strong><\/p>\n<p>21% indiquent qu&rsquo;ils n&rsquo;ont pas d&rsquo;options pour cela sur le site de l&rsquo;entreprise.<\/p>\n<p>10% ne sont pas int\u00e9ress\u00e9s<\/p>\n<p><strong>Quelle sera la part des v\u00e9hicules \u00e9lectriques dans votre flotte d&rsquo;ici \u00e0 la fin 2022 ?<\/strong><\/p>\n<p>52% auront moins de 10% de v\u00e9hicules \u00e9lectriques<\/p>\n<p>32% auront 10-25% de v\u00e9hicules \u00e9lectriques<\/p>\n<p>8 % auront plus de la moiti\u00e9 de leur flotte \u00e9lectrifi\u00e9e.<\/p>\n<p>&nbsp;<\/p>\n","protected":false},"excerpt":{"rendered":"<p>Paul de Gheldere, PDG de Netika, a entam\u00e9 la transition de sa flotte, qui comptait \u00e0 l&rsquo;\u00e9poque 40 voitures diesel, en 2016. Avec le passage au VE et surtout au PHEV, de nombreuses questions se posent quant \u00e0 l&rsquo;infrastructure de recharge n\u00e9cessaire. L&rsquo;un des nombreux aspects qui a retenu l&rsquo;attention est que, contrairement au prix [&hellip;]<\/p>\n","protected":false},"author":19,"featured_media":3119,"comment_status":"closed","ping_status":"closed","sticky":false,"template":"","format":"standard","meta":{"_acf_changed":false,"footnotes":""},"categories":[100,91],"tags":[],"class_list":["post-4284","post","type-post","status-publish","format-standard","has-post-thumbnail","hentry","category-best-practices","category-expertise-et-management"],"acf":[],"yoast_head":"<!-- This site is optimized with the Yoast SEO plugin v27.3 - https:\/\/yoast.com\/product\/yoast-seo-wordpress\/ -->\n<title>Affluence record pour le webinaire link2fleet sur l&#039;infrastructure de recharge - link2fleet<\/title>\n<meta name=\"description\" content=\"Le webinaire link2fleet, qui s&rsquo;est d\u00e9roul\u00e9 le 22 avril, a attir\u00e9 plus de 380 participants sur le sujet d&rsquo;actualit\u00e9 du d\u00e9ploiement des infrastructures de recharge,\u2026\" \/>\n<meta name=\"robots\" content=\"index, follow, max-snippet:-1, max-image-preview:large, max-video-preview:-1\" \/>\n<meta property=\"og:locale\" content=\"fr_FR\" \/>\n<meta property=\"og:type\" content=\"article\" \/>\n<meta property=\"og:title\" content=\"Affluence record pour le webinaire link2fleet sur l&#039;infrastructure de recharge - link2fleet\" \/>\n<meta property=\"og:description\" content=\"Le webinaire link2fleet, qui s&rsquo;est d\u00e9roul\u00e9 le 22 avril, a attir\u00e9 plus de 380 participants sur le sujet d&rsquo;actualit\u00e9 du d\u00e9ploiement des infrastructures de recharge,\u2026\" \/>\n<meta property=\"og:url\" content=\"https:\/\/www.link2fleet.com\/fr\/affluence-record-pour-le-webinaire-link2fleet-sur-linfrastructure-de-recharge\/\" \/>\n<meta property=\"og:site_name\" content=\"link2fleet\" \/>\n<meta property=\"article:published_time\" content=\"2021-04-26T10:54:08+00:00\" \/>\n<meta property=\"og:image\" content=\"https:\/\/static.link2fleet.com\/wp-content\/uploads\/2024\/03\/webinar.jpg\" \/>\n\t<meta property=\"og:image:width\" content=\"1378\" \/>\n\t<meta property=\"og:image:height\" content=\"722\" \/>\n\t<meta property=\"og:image:type\" content=\"image\/jpeg\" \/>\n<meta name=\"author\" content=\"Marc Demoulin\" \/>\n<meta name=\"twitter:card\" content=\"summary_large_image\" \/>\n<meta name=\"twitter:description\" content=\"Le webinaire link2fleet, qui s&rsquo;est d\u00e9roul\u00e9 le 22 avril, a attir\u00e9 plus de 380 participants sur le sujet d&rsquo;actualit\u00e9 du d\u00e9ploiement des infrastructures de recharge,\u2026\" \/>\n<meta name=\"twitter:label1\" content=\"\u00c9crit par\" \/>\n\t<meta name=\"twitter:data1\" content=\"Marc Demoulin\" \/>\n\t<meta name=\"twitter:label2\" content=\"Dur\u00e9e de lecture estim\u00e9e\" \/>\n\t<meta name=\"twitter:data2\" content=\"6 minutes\" \/>\n<script type=\"application\/ld+json\" class=\"yoast-schema-graph\">{\"@context\":\"https:\\\/\\\/schema.org\",\"@graph\":[{\"@type\":\"Article\",\"@id\":\"https:\\\/\\\/www.link2fleet.com\\\/fr\\\/affluence-record-pour-le-webinaire-link2fleet-sur-linfrastructure-de-recharge\\\/#article\",\"isPartOf\":{\"@id\":\"https:\\\/\\\/www.link2fleet.com\\\/fr\\\/affluence-record-pour-le-webinaire-link2fleet-sur-linfrastructure-de-recharge\\\/\"},\"author\":{\"name\":\"Marc Demoulin\",\"@id\":\"https:\\\/\\\/www.link2fleet.com\\\/fr\\\/#\\\/schema\\\/person\\\/be5c57fc3d8ec765f7f536ffa2d67457\"},\"headline\":\"Affluence record pour le webinaire link2fleet sur l&rsquo;infrastructure de recharge\",\"datePublished\":\"2021-04-26T10:54:08+00:00\",\"mainEntityOfPage\":{\"@id\":\"https:\\\/\\\/www.link2fleet.com\\\/fr\\\/affluence-record-pour-le-webinaire-link2fleet-sur-linfrastructure-de-recharge\\\/\"},\"wordCount\":1180,\"publisher\":{\"@id\":\"https:\\\/\\\/www.link2fleet.com\\\/fr\\\/#organization\"},\"image\":{\"@id\":\"https:\\\/\\\/www.link2fleet.com\\\/fr\\\/affluence-record-pour-le-webinaire-link2fleet-sur-linfrastructure-de-recharge\\\/#primaryimage\"},\"thumbnailUrl\":\"https:\\\/\\\/static.link2fleet.com\\\/wp-content\\\/uploads\\\/2024\\\/03\\\/webinar.jpg\",\"articleSection\":[\"Best practices\",\"Gestion de flotte\"],\"inLanguage\":\"fr-FR\"},{\"@type\":\"WebPage\",\"@id\":\"https:\\\/\\\/www.link2fleet.com\\\/fr\\\/affluence-record-pour-le-webinaire-link2fleet-sur-linfrastructure-de-recharge\\\/\",\"url\":\"https:\\\/\\\/www.link2fleet.com\\\/fr\\\/affluence-record-pour-le-webinaire-link2fleet-sur-linfrastructure-de-recharge\\\/\",\"name\":\"Affluence record pour le webinaire link2fleet sur l'infrastructure de recharge - link2fleet\",\"isPartOf\":{\"@id\":\"https:\\\/\\\/www.link2fleet.com\\\/fr\\\/#website\"},\"primaryImageOfPage\":{\"@id\":\"https:\\\/\\\/www.link2fleet.com\\\/fr\\\/affluence-record-pour-le-webinaire-link2fleet-sur-linfrastructure-de-recharge\\\/#primaryimage\"},\"image\":{\"@id\":\"https:\\\/\\\/www.link2fleet.com\\\/fr\\\/affluence-record-pour-le-webinaire-link2fleet-sur-linfrastructure-de-recharge\\\/#primaryimage\"},\"thumbnailUrl\":\"https:\\\/\\\/static.link2fleet.com\\\/wp-content\\\/uploads\\\/2024\\\/03\\\/webinar.jpg\",\"datePublished\":\"2021-04-26T10:54:08+00:00\",\"breadcrumb\":{\"@id\":\"https:\\\/\\\/www.link2fleet.com\\\/fr\\\/affluence-record-pour-le-webinaire-link2fleet-sur-linfrastructure-de-recharge\\\/#breadcrumb\"},\"inLanguage\":\"fr-FR\",\"potentialAction\":[{\"@type\":\"ReadAction\",\"target\":[\"https:\\\/\\\/www.link2fleet.com\\\/fr\\\/affluence-record-pour-le-webinaire-link2fleet-sur-linfrastructure-de-recharge\\\/\"]}]},{\"@type\":\"ImageObject\",\"inLanguage\":\"fr-FR\",\"@id\":\"https:\\\/\\\/www.link2fleet.com\\\/fr\\\/affluence-record-pour-le-webinaire-link2fleet-sur-linfrastructure-de-recharge\\\/#primaryimage\",\"url\":\"https:\\\/\\\/static.link2fleet.com\\\/wp-content\\\/uploads\\\/2024\\\/03\\\/webinar.jpg\",\"contentUrl\":\"https:\\\/\\\/static.link2fleet.com\\\/wp-content\\\/uploads\\\/2024\\\/03\\\/webinar.jpg\",\"width\":1378,\"height\":722},{\"@type\":\"BreadcrumbList\",\"@id\":\"https:\\\/\\\/www.link2fleet.com\\\/fr\\\/affluence-record-pour-le-webinaire-link2fleet-sur-linfrastructure-de-recharge\\\/#breadcrumb\",\"itemListElement\":[{\"@type\":\"ListItem\",\"position\":1,\"name\":\"Home\",\"item\":\"https:\\\/\\\/www.link2fleet.com\\\/fr\\\/\"},{\"@type\":\"ListItem\",\"position\":2,\"name\":\"Affluence record pour le webinaire link2fleet sur l&#8217;infrastructure de recharge\"}]},{\"@type\":\"WebSite\",\"@id\":\"https:\\\/\\\/www.link2fleet.com\\\/fr\\\/#website\",\"url\":\"https:\\\/\\\/www.link2fleet.com\\\/fr\\\/\",\"name\":\"Link2fleet\",\"description\":\"\",\"publisher\":{\"@id\":\"https:\\\/\\\/www.link2fleet.com\\\/fr\\\/#organization\"},\"potentialAction\":[{\"@type\":\"SearchAction\",\"target\":{\"@type\":\"EntryPoint\",\"urlTemplate\":\"https:\\\/\\\/www.link2fleet.com\\\/fr\\\/?s={search_term_string}\"},\"query-input\":{\"@type\":\"PropertyValueSpecification\",\"valueRequired\":true,\"valueName\":\"search_term_string\"}}],\"inLanguage\":\"fr-FR\"},{\"@type\":\"Organization\",\"@id\":\"https:\\\/\\\/www.link2fleet.com\\\/fr\\\/#organization\",\"name\":\"Link2fleet\",\"url\":\"https:\\\/\\\/www.link2fleet.com\\\/fr\\\/\",\"logo\":{\"@type\":\"ImageObject\",\"inLanguage\":\"fr-FR\",\"@id\":\"https:\\\/\\\/www.link2fleet.com\\\/fr\\\/#\\\/schema\\\/logo\\\/image\\\/\",\"url\":\"https:\\\/\\\/static.link2fleet.com\\\/wp-content\\\/uploads\\\/2024\\\/03\\\/share-image.jpg\",\"contentUrl\":\"https:\\\/\\\/static.link2fleet.com\\\/wp-content\\\/uploads\\\/2024\\\/03\\\/share-image.jpg\",\"width\":1200,\"height\":630,\"caption\":\"Link2fleet\"},\"image\":{\"@id\":\"https:\\\/\\\/www.link2fleet.com\\\/fr\\\/#\\\/schema\\\/logo\\\/image\\\/\"},\"sameAs\":[\"https:\\\/\\\/www.linkedin.com\\\/company\\\/link2fleet-belgium\",\"https:\\\/\\\/www.youtube.com\\\/user\\\/MMMBMBE\"]},{\"@type\":\"Person\",\"@id\":\"https:\\\/\\\/www.link2fleet.com\\\/fr\\\/#\\\/schema\\\/person\\\/be5c57fc3d8ec765f7f536ffa2d67457\",\"name\":\"Marc Demoulin\",\"image\":{\"@type\":\"ImageObject\",\"inLanguage\":\"fr-FR\",\"@id\":\"https:\\\/\\\/secure.gravatar.com\\\/avatar\\\/a87df2253d2615844817d0a7f244258741572a74e0c35a309fca2badab9f30e7?s=96&d=mm&r=g\",\"url\":\"https:\\\/\\\/secure.gravatar.com\\\/avatar\\\/a87df2253d2615844817d0a7f244258741572a74e0c35a309fca2badab9f30e7?s=96&d=mm&r=g\",\"contentUrl\":\"https:\\\/\\\/secure.gravatar.com\\\/avatar\\\/a87df2253d2615844817d0a7f244258741572a74e0c35a309fca2badab9f30e7?s=96&d=mm&r=g\",\"caption\":\"Marc Demoulin\"}}]}<\/script>\n<!-- \/ Yoast SEO plugin. -->","yoast_head_json":{"title":"Affluence record pour le webinaire link2fleet sur l'infrastructure de recharge - link2fleet","description":"Le webinaire link2fleet, qui s&rsquo;est d\u00e9roul\u00e9 le 22 avril, a attir\u00e9 plus de 380 participants sur le sujet d&rsquo;actualit\u00e9 du d\u00e9ploiement des infrastructures de recharge,\u2026","robots":{"index":"index","follow":"follow","max-snippet":"max-snippet:-1","max-image-preview":"max-image-preview:large","max-video-preview":"max-video-preview:-1"},"og_locale":"fr_FR","og_type":"article","og_title":"Affluence record pour le webinaire link2fleet sur l'infrastructure de recharge - link2fleet","og_description":"Le webinaire link2fleet, qui s&rsquo;est d\u00e9roul\u00e9 le 22 avril, a attir\u00e9 plus de 380 participants sur le sujet d&rsquo;actualit\u00e9 du d\u00e9ploiement des infrastructures de recharge,\u2026","og_url":"https:\/\/www.link2fleet.com\/fr\/affluence-record-pour-le-webinaire-link2fleet-sur-linfrastructure-de-recharge\/","og_site_name":"link2fleet","article_published_time":"2021-04-26T10:54:08+00:00","og_image":[{"width":1378,"height":722,"url":"https:\/\/static.link2fleet.com\/wp-content\/uploads\/2024\/03\/webinar.jpg","type":"image\/jpeg"}],"author":"Marc Demoulin","twitter_card":"summary_large_image","twitter_description":"Le webinaire link2fleet, qui s&rsquo;est d\u00e9roul\u00e9 le 22 avril, a attir\u00e9 plus de 380 participants sur le sujet d&rsquo;actualit\u00e9 du d\u00e9ploiement des infrastructures de recharge,\u2026","twitter_misc":{"\u00c9crit par":"Marc Demoulin","Dur\u00e9e de lecture estim\u00e9e":"6 minutes"},"schema":{"@context":"https:\/\/schema.org","@graph":[{"@type":"Article","@id":"https:\/\/www.link2fleet.com\/fr\/affluence-record-pour-le-webinaire-link2fleet-sur-linfrastructure-de-recharge\/#article","isPartOf":{"@id":"https:\/\/www.link2fleet.com\/fr\/affluence-record-pour-le-webinaire-link2fleet-sur-linfrastructure-de-recharge\/"},"author":{"name":"Marc Demoulin","@id":"https:\/\/www.link2fleet.com\/fr\/#\/schema\/person\/be5c57fc3d8ec765f7f536ffa2d67457"},"headline":"Affluence record pour le webinaire link2fleet sur l&rsquo;infrastructure de recharge","datePublished":"2021-04-26T10:54:08+00:00","mainEntityOfPage":{"@id":"https:\/\/www.link2fleet.com\/fr\/affluence-record-pour-le-webinaire-link2fleet-sur-linfrastructure-de-recharge\/"},"wordCount":1180,"publisher":{"@id":"https:\/\/www.link2fleet.com\/fr\/#organization"},"image":{"@id":"https:\/\/www.link2fleet.com\/fr\/affluence-record-pour-le-webinaire-link2fleet-sur-linfrastructure-de-recharge\/#primaryimage"},"thumbnailUrl":"https:\/\/static.link2fleet.com\/wp-content\/uploads\/2024\/03\/webinar.jpg","articleSection":["Best practices","Gestion de flotte"],"inLanguage":"fr-FR"},{"@type":"WebPage","@id":"https:\/\/www.link2fleet.com\/fr\/affluence-record-pour-le-webinaire-link2fleet-sur-linfrastructure-de-recharge\/","url":"https:\/\/www.link2fleet.com\/fr\/affluence-record-pour-le-webinaire-link2fleet-sur-linfrastructure-de-recharge\/","name":"Affluence record pour le webinaire link2fleet sur l'infrastructure de recharge - link2fleet","isPartOf":{"@id":"https:\/\/www.link2fleet.com\/fr\/#website"},"primaryImageOfPage":{"@id":"https:\/\/www.link2fleet.com\/fr\/affluence-record-pour-le-webinaire-link2fleet-sur-linfrastructure-de-recharge\/#primaryimage"},"image":{"@id":"https:\/\/www.link2fleet.com\/fr\/affluence-record-pour-le-webinaire-link2fleet-sur-linfrastructure-de-recharge\/#primaryimage"},"thumbnailUrl":"https:\/\/static.link2fleet.com\/wp-content\/uploads\/2024\/03\/webinar.jpg","datePublished":"2021-04-26T10:54:08+00:00","breadcrumb":{"@id":"https:\/\/www.link2fleet.com\/fr\/affluence-record-pour-le-webinaire-link2fleet-sur-linfrastructure-de-recharge\/#breadcrumb"},"inLanguage":"fr-FR","potentialAction":[{"@type":"ReadAction","target":["https:\/\/www.link2fleet.com\/fr\/affluence-record-pour-le-webinaire-link2fleet-sur-linfrastructure-de-recharge\/"]}]},{"@type":"ImageObject","inLanguage":"fr-FR","@id":"https:\/\/www.link2fleet.com\/fr\/affluence-record-pour-le-webinaire-link2fleet-sur-linfrastructure-de-recharge\/#primaryimage","url":"https:\/\/static.link2fleet.com\/wp-content\/uploads\/2024\/03\/webinar.jpg","contentUrl":"https:\/\/static.link2fleet.com\/wp-content\/uploads\/2024\/03\/webinar.jpg","width":1378,"height":722},{"@type":"BreadcrumbList","@id":"https:\/\/www.link2fleet.com\/fr\/affluence-record-pour-le-webinaire-link2fleet-sur-linfrastructure-de-recharge\/#breadcrumb","itemListElement":[{"@type":"ListItem","position":1,"name":"Home","item":"https:\/\/www.link2fleet.com\/fr\/"},{"@type":"ListItem","position":2,"name":"Affluence record pour le webinaire link2fleet sur l&#8217;infrastructure de recharge"}]},{"@type":"WebSite","@id":"https:\/\/www.link2fleet.com\/fr\/#website","url":"https:\/\/www.link2fleet.com\/fr\/","name":"Link2fleet","description":"","publisher":{"@id":"https:\/\/www.link2fleet.com\/fr\/#organization"},"potentialAction":[{"@type":"SearchAction","target":{"@type":"EntryPoint","urlTemplate":"https:\/\/www.link2fleet.com\/fr\/?s={search_term_string}"},"query-input":{"@type":"PropertyValueSpecification","valueRequired":true,"valueName":"search_term_string"}}],"inLanguage":"fr-FR"},{"@type":"Organization","@id":"https:\/\/www.link2fleet.com\/fr\/#organization","name":"Link2fleet","url":"https:\/\/www.link2fleet.com\/fr\/","logo":{"@type":"ImageObject","inLanguage":"fr-FR","@id":"https:\/\/www.link2fleet.com\/fr\/#\/schema\/logo\/image\/","url":"https:\/\/static.link2fleet.com\/wp-content\/uploads\/2024\/03\/share-image.jpg","contentUrl":"https:\/\/static.link2fleet.com\/wp-content\/uploads\/2024\/03\/share-image.jpg","width":1200,"height":630,"caption":"Link2fleet"},"image":{"@id":"https:\/\/www.link2fleet.com\/fr\/#\/schema\/logo\/image\/"},"sameAs":["https:\/\/www.linkedin.com\/company\/link2fleet-belgium","https:\/\/www.youtube.com\/user\/MMMBMBE"]},{"@type":"Person","@id":"https:\/\/www.link2fleet.com\/fr\/#\/schema\/person\/be5c57fc3d8ec765f7f536ffa2d67457","name":"Marc Demoulin","image":{"@type":"ImageObject","inLanguage":"fr-FR","@id":"https:\/\/secure.gravatar.com\/avatar\/a87df2253d2615844817d0a7f244258741572a74e0c35a309fca2badab9f30e7?s=96&d=mm&r=g","url":"https:\/\/secure.gravatar.com\/avatar\/a87df2253d2615844817d0a7f244258741572a74e0c35a309fca2badab9f30e7?s=96&d=mm&r=g","contentUrl":"https:\/\/secure.gravatar.com\/avatar\/a87df2253d2615844817d0a7f244258741572a74e0c35a309fca2badab9f30e7?s=96&d=mm&r=g","caption":"Marc Demoulin"}}]}},"_links":{"self":[{"href":"https:\/\/www.link2fleet.com\/fr\/wp-json\/wp\/v2\/posts\/4284","targetHints":{"allow":["GET"]}}],"collection":[{"href":"https:\/\/www.link2fleet.com\/fr\/wp-json\/wp\/v2\/posts"}],"about":[{"href":"https:\/\/www.link2fleet.com\/fr\/wp-json\/wp\/v2\/types\/post"}],"author":[{"embeddable":true,"href":"https:\/\/www.link2fleet.com\/fr\/wp-json\/wp\/v2\/users\/19"}],"replies":[{"embeddable":true,"href":"https:\/\/www.link2fleet.com\/fr\/wp-json\/wp\/v2\/comments?post=4284"}],"version-history":[{"count":0,"href":"https:\/\/www.link2fleet.com\/fr\/wp-json\/wp\/v2\/posts\/4284\/revisions"}],"wp:featuredmedia":[{"embeddable":true,"href":"https:\/\/www.link2fleet.com\/fr\/wp-json\/wp\/v2\/media\/3119"}],"wp:attachment":[{"href":"https:\/\/www.link2fleet.com\/fr\/wp-json\/wp\/v2\/media?parent=4284"}],"wp:term":[{"taxonomy":"category","embeddable":true,"href":"https:\/\/www.link2fleet.com\/fr\/wp-json\/wp\/v2\/categories?post=4284"},{"taxonomy":"post_tag","embeddable":true,"href":"https:\/\/www.link2fleet.com\/fr\/wp-json\/wp\/v2\/tags?post=4284"}],"curies":[{"name":"wp","href":"https:\/\/api.w.org\/{rel}","templated":true}]}}