{"id":4352,"date":"2021-05-11T16:04:51","date_gmt":"2021-05-11T14:04:51","guid":{"rendered":"https:\/\/www.link2fleet.com\/athlon-convainc-les-entreprises-avec-ses-possibilites-de-test-phev-bev\/"},"modified":"2024-04-17T16:49:41","modified_gmt":"2024-04-17T14:49:41","slug":"athlon-convainc-les-entreprises-avec-ses-possibilites-de-test-phev-bev","status":"publish","type":"post","link":"https:\/\/www.link2fleet.com\/fr\/athlon-convainc-les-entreprises-avec-ses-possibilites-de-test-phev-bev\/","title":{"rendered":"Athlon convainc les entreprises avec ses possibilit\u00e9s de test PHEV\/BEV"},"content":{"rendered":"<p><strong>Attirer les employ\u00e9s<\/strong><\/p>\n<figure id=\"attachment_1268271\" aria-describedby=\"caption-attachment-1268271\" style=\"width: 200px\" class=\"wp-caption alignleft\"><a href=\"https:\/\/www.link2fleet.com\/wp-content\/uploads\/2021\/05\/Katrien-2-scaled.jpg\"><img loading=\"lazy\" decoding=\"async\" class=\"size-medium wp-image-1268271\" src=\"https:\/\/www.link2fleet.com\/wp-content\/uploads\/2021\/05\/Katrien-2-200x300.jpg\" alt=\"\" width=\"200\" height=\"300\" \/><\/a><figcaption id=\"caption-attachment-1268271\" class=\"wp-caption-text\">Katrien Furniere, Rental Manager Athlon Belgium<\/figcaption><\/figure>\n<p>Pour rendre leur flotte plus verte, les entreprises doivent \u00e9galement convaincre leurs employ\u00e9s de passer \u00e0 la conduite \u00e9lectrique. Parce qu\u2019il ne s\u2019agit pas ici seulement d\u2019un modal shift vers une mobilit\u00e9 plus verte, mais \u00e9galement de\u00a0mental shift. Athlon souhaite apaiser cette crainte et offre ainsi la possibilit\u00e9 \u00e0 ses clients de louer \u00e0 court terme un v\u00e9hicule hybride rechargeable ou enti\u00e8rement \u00e9lectrique avant de conclure un contrat de leasing long terme. Plusieurs marques de v\u00e9hicules PHEV et BEV sont disponibles, telles que BMW, Hyundai, Mercedes-Benz, Nissan, Renault, Tesla et Toyota.<\/p>\n<blockquote><p>\u201c<em>Avec nos solutions flexibles \u00e0 court terme, nous r\u00e9pondons \u00e0 la demande croissante de flexibilit\u00e9.<\/em>\u00a0\u00a0<em>Nous offrons par<\/em>\u00a0<em>exemples aux entreprises la possibilit\u00e9 de tester des v\u00e9hicules PHEV\/BEV avant de s\u2019engager dans un contrat de leasing \u00e0 long terme. De cette mani\u00e8re, les employ\u00e9s s\u2019essaient \u00e0 la conduite \u00e9lectrique, quant aux entreprises, elles peuvent mieux cerner l\u2019impact sur leur personnel, les couts et les processus.\u00a0\u00a0Une situation de win-win.\u201d<\/em><br \/>\nKatrien Furniere, Rental Manager Athlon Belgium<\/p><\/blockquote>\n<p>&nbsp;<\/p>\n<p>&nbsp;<\/p>\n<p><strong>KPMG se lance<\/strong><\/p>\n<p>L\u2019une des soci\u00e9t\u00e9s ayant r\u00e9cemment commenc\u00e9 \u00e0 utiliser cette option, est la soci\u00e9t\u00e9 de consulting KPMG. \u00a0Il y a deux semaines, KPMG a lanc\u00e9 un projet pilote permettant \u00e0 25 collaborateurs de tester efficacement des v\u00e9hicules \u00e9cologiques pendant un an.\u00a0\u00a0Athlon assiste KPMG dans ce projet avec 8 hybrides rechargeables Mercedes-Benz.<\/p>\n<blockquote><p>\u201d<em>Ce test s\u2019int\u00e8gre dans notre plan de mobilit\u00e9, qui met l\u2019accent sur la flexibilit\u00e9.\u00a0\u00a0A titre d\u2019exemple, en 2018 nous avons d\u00e9plac\u00e9 nos bureaux vers des lieux plus accessibles et nous nous concentrons sur les modes de transport alternatifs. \u00a0Malgr\u00e9 les diff\u00e9rentes options alternatives, nous constatons que la majorit\u00e9 de nos employ\u00e9s disposent toujours d&rsquo;une voiture de soci\u00e9t\u00e9, utilis\u00e9e ou non en combinaison avec un transport alternatif. S&rsquo;engager \u00e0 \u00e9cologiser notre flotte et \u00e0 introduire davantage de voitures de soci\u00e9t\u00e9 \u00e9lectriques est donc une \u00e9tape logique. Nous cherchons actuellement \u00e0 convaincre nos coll\u00e8gues et souhaitons principalement acqu\u00e9rir de l&rsquo;exp\u00e9rience et recueillir des informations afin de pouvoir prendre la bonne d\u00e9cision pour l&rsquo;avenir. La solution \u00e0 court terme d&rsquo;Athlon est d\u00e9j\u00e0 un pas dans la bonne direction.<\/em>\u201d<br \/>\nPeter Van de Velde,\u00a0manager mobilit\u00e9 chez KPMG<\/p><\/blockquote>\n","protected":false},"excerpt":{"rendered":"<p>Attirer les employ\u00e9s Pour rendre leur flotte plus verte, les entreprises doivent \u00e9galement convaincre leurs employ\u00e9s de passer \u00e0 la conduite \u00e9lectrique. Parce qu\u2019il ne s\u2019agit pas ici seulement d\u2019un modal shift vers une mobilit\u00e9 plus verte, mais \u00e9galement de\u00a0mental shift. Athlon souhaite apaiser cette crainte et offre ainsi la possibilit\u00e9 \u00e0 ses clients de [&hellip;]<\/p>\n","protected":false},"author":4,"featured_media":4353,"comment_status":"closed","ping_status":"closed","sticky":false,"template":"","format":"standard","meta":{"_acf_changed":false,"footnotes":""},"categories":[91,79],"tags":[],"class_list":["post-4352","post","type-post","status-publish","format-standard","has-post-thumbnail","hentry","category-expertise-et-management","category-societes-de-leasing"],"acf":[],"yoast_head":"<!-- This site is optimized with the Yoast SEO plugin v27.3 - https:\/\/yoast.com\/product\/yoast-seo-wordpress\/ -->\n<title>Athlon convainc les entreprises avec ses possibilit\u00e9s de test PHEV\/BEV - link2fleet<\/title>\n<meta name=\"description\" content=\"D\u2019ici 2026, les v\u00e9hicules de soci\u00e9t\u00e9 \u00e9lectriques devront \u00eatre la norme. De plus en plus d\u2019entreprises travaillent donc \u00e0 l\u2019int\u00e9gration des v\u00e9hicules hybrides rechargeables ou\u2026\" \/>\n<meta name=\"robots\" content=\"index, follow, max-snippet:-1, max-image-preview:large, max-video-preview:-1\" \/>\n<meta property=\"og:locale\" content=\"fr_FR\" \/>\n<meta property=\"og:type\" content=\"article\" \/>\n<meta property=\"og:title\" content=\"Athlon convainc les entreprises avec ses possibilit\u00e9s de test PHEV\/BEV - link2fleet\" \/>\n<meta property=\"og:description\" content=\"D\u2019ici 2026, les v\u00e9hicules de soci\u00e9t\u00e9 \u00e9lectriques devront \u00eatre la norme. De plus en plus d\u2019entreprises travaillent donc \u00e0 l\u2019int\u00e9gration des v\u00e9hicules hybrides rechargeables ou\u2026\" \/>\n<meta property=\"og:url\" content=\"https:\/\/www.link2fleet.com\/fr\/athlon-convainc-les-entreprises-avec-ses-possibilites-de-test-phev-bev\/\" \/>\n<meta property=\"og:site_name\" content=\"link2fleet\" \/>\n<meta property=\"article:published_time\" content=\"2021-05-11T14:04:51+00:00\" \/>\n<meta property=\"article:modified_time\" content=\"2024-04-17T14:49:41+00:00\" \/>\n<meta property=\"og:image\" content=\"https:\/\/static.link2fleet.com\/wp-content\/uploads\/2024\/03\/highres-athlon-photo-stockpool-2018-016-cmyk-300dpi.jpg\" \/>\n\t<meta property=\"og:image:width\" content=\"1621\" \/>\n\t<meta property=\"og:image:height\" content=\"1080\" \/>\n\t<meta property=\"og:image:type\" content=\"image\/jpeg\" \/>\n<meta name=\"author\" content=\"Damien Malvetti\" \/>\n<meta name=\"twitter:card\" content=\"summary_large_image\" \/>\n<meta name=\"twitter:description\" content=\"D\u2019ici 2026, les v\u00e9hicules de soci\u00e9t\u00e9 \u00e9lectriques devront \u00eatre la norme. De plus en plus d\u2019entreprises travaillent donc \u00e0 l\u2019int\u00e9gration des v\u00e9hicules hybrides rechargeables ou\u2026\" \/>\n<meta name=\"twitter:label1\" content=\"\u00c9crit par\" \/>\n\t<meta name=\"twitter:data1\" content=\"Damien Malvetti\" \/>\n\t<meta name=\"twitter:label2\" content=\"Dur\u00e9e de lecture estim\u00e9e\" \/>\n\t<meta name=\"twitter:data2\" content=\"2 minutes\" \/>\n<script type=\"application\/ld+json\" class=\"yoast-schema-graph\">{\"@context\":\"https:\\\/\\\/schema.org\",\"@graph\":[{\"@type\":\"Article\",\"@id\":\"https:\\\/\\\/www.link2fleet.com\\\/fr\\\/athlon-convainc-les-entreprises-avec-ses-possibilites-de-test-phev-bev\\\/#article\",\"isPartOf\":{\"@id\":\"https:\\\/\\\/www.link2fleet.com\\\/fr\\\/athlon-convainc-les-entreprises-avec-ses-possibilites-de-test-phev-bev\\\/\"},\"author\":{\"name\":\"Damien Malvetti\",\"@id\":\"https:\\\/\\\/www.link2fleet.com\\\/fr\\\/#\\\/schema\\\/person\\\/027cd46113c78036b3809c9a054049da\"},\"headline\":\"Athlon convainc les entreprises avec ses possibilit\u00e9s de test PHEV\\\/BEV\",\"datePublished\":\"2021-05-11T14:04:51+00:00\",\"dateModified\":\"2024-04-17T14:49:41+00:00\",\"mainEntityOfPage\":{\"@id\":\"https:\\\/\\\/www.link2fleet.com\\\/fr\\\/athlon-convainc-les-entreprises-avec-ses-possibilites-de-test-phev-bev\\\/\"},\"wordCount\":411,\"publisher\":{\"@id\":\"https:\\\/\\\/www.link2fleet.com\\\/fr\\\/#organization\"},\"image\":{\"@id\":\"https:\\\/\\\/www.link2fleet.com\\\/fr\\\/athlon-convainc-les-entreprises-avec-ses-possibilites-de-test-phev-bev\\\/#primaryimage\"},\"thumbnailUrl\":\"https:\\\/\\\/static.link2fleet.com\\\/wp-content\\\/uploads\\\/2024\\\/03\\\/highres-athlon-photo-stockpool-2018-016-cmyk-300dpi.jpg\",\"articleSection\":[\"Gestion de flotte\",\"Location long-terme\"],\"inLanguage\":\"fr-FR\"},{\"@type\":\"WebPage\",\"@id\":\"https:\\\/\\\/www.link2fleet.com\\\/fr\\\/athlon-convainc-les-entreprises-avec-ses-possibilites-de-test-phev-bev\\\/\",\"url\":\"https:\\\/\\\/www.link2fleet.com\\\/fr\\\/athlon-convainc-les-entreprises-avec-ses-possibilites-de-test-phev-bev\\\/\",\"name\":\"Athlon convainc les entreprises avec ses possibilit\u00e9s de test PHEV\\\/BEV - link2fleet\",\"isPartOf\":{\"@id\":\"https:\\\/\\\/www.link2fleet.com\\\/fr\\\/#website\"},\"primaryImageOfPage\":{\"@id\":\"https:\\\/\\\/www.link2fleet.com\\\/fr\\\/athlon-convainc-les-entreprises-avec-ses-possibilites-de-test-phev-bev\\\/#primaryimage\"},\"image\":{\"@id\":\"https:\\\/\\\/www.link2fleet.com\\\/fr\\\/athlon-convainc-les-entreprises-avec-ses-possibilites-de-test-phev-bev\\\/#primaryimage\"},\"thumbnailUrl\":\"https:\\\/\\\/static.link2fleet.com\\\/wp-content\\\/uploads\\\/2024\\\/03\\\/highres-athlon-photo-stockpool-2018-016-cmyk-300dpi.jpg\",\"datePublished\":\"2021-05-11T14:04:51+00:00\",\"dateModified\":\"2024-04-17T14:49:41+00:00\",\"breadcrumb\":{\"@id\":\"https:\\\/\\\/www.link2fleet.com\\\/fr\\\/athlon-convainc-les-entreprises-avec-ses-possibilites-de-test-phev-bev\\\/#breadcrumb\"},\"inLanguage\":\"fr-FR\",\"potentialAction\":[{\"@type\":\"ReadAction\",\"target\":[\"https:\\\/\\\/www.link2fleet.com\\\/fr\\\/athlon-convainc-les-entreprises-avec-ses-possibilites-de-test-phev-bev\\\/\"]}]},{\"@type\":\"ImageObject\",\"inLanguage\":\"fr-FR\",\"@id\":\"https:\\\/\\\/www.link2fleet.com\\\/fr\\\/athlon-convainc-les-entreprises-avec-ses-possibilites-de-test-phev-bev\\\/#primaryimage\",\"url\":\"https:\\\/\\\/static.link2fleet.com\\\/wp-content\\\/uploads\\\/2024\\\/03\\\/highres-athlon-photo-stockpool-2018-016-cmyk-300dpi.jpg\",\"contentUrl\":\"https:\\\/\\\/static.link2fleet.com\\\/wp-content\\\/uploads\\\/2024\\\/03\\\/highres-athlon-photo-stockpool-2018-016-cmyk-300dpi.jpg\",\"width\":1621,\"height\":1080,\"caption\":\"|Katrien Furniere\"},{\"@type\":\"BreadcrumbList\",\"@id\":\"https:\\\/\\\/www.link2fleet.com\\\/fr\\\/athlon-convainc-les-entreprises-avec-ses-possibilites-de-test-phev-bev\\\/#breadcrumb\",\"itemListElement\":[{\"@type\":\"ListItem\",\"position\":1,\"name\":\"Home\",\"item\":\"https:\\\/\\\/www.link2fleet.com\\\/fr\\\/\"},{\"@type\":\"ListItem\",\"position\":2,\"name\":\"Athlon convainc les entreprises avec ses possibilit\u00e9s de test PHEV\\\/BEV\"}]},{\"@type\":\"WebSite\",\"@id\":\"https:\\\/\\\/www.link2fleet.com\\\/fr\\\/#website\",\"url\":\"https:\\\/\\\/www.link2fleet.com\\\/fr\\\/\",\"name\":\"Link2fleet\",\"description\":\"\",\"publisher\":{\"@id\":\"https:\\\/\\\/www.link2fleet.com\\\/fr\\\/#organization\"},\"potentialAction\":[{\"@type\":\"SearchAction\",\"target\":{\"@type\":\"EntryPoint\",\"urlTemplate\":\"https:\\\/\\\/www.link2fleet.com\\\/fr\\\/?s={search_term_string}\"},\"query-input\":{\"@type\":\"PropertyValueSpecification\",\"valueRequired\":true,\"valueName\":\"search_term_string\"}}],\"inLanguage\":\"fr-FR\"},{\"@type\":\"Organization\",\"@id\":\"https:\\\/\\\/www.link2fleet.com\\\/fr\\\/#organization\",\"name\":\"Link2fleet\",\"url\":\"https:\\\/\\\/www.link2fleet.com\\\/fr\\\/\",\"logo\":{\"@type\":\"ImageObject\",\"inLanguage\":\"fr-FR\",\"@id\":\"https:\\\/\\\/www.link2fleet.com\\\/fr\\\/#\\\/schema\\\/logo\\\/image\\\/\",\"url\":\"https:\\\/\\\/static.link2fleet.com\\\/wp-content\\\/uploads\\\/2024\\\/03\\\/share-image.jpg\",\"contentUrl\":\"https:\\\/\\\/static.link2fleet.com\\\/wp-content\\\/uploads\\\/2024\\\/03\\\/share-image.jpg\",\"width\":1200,\"height\":630,\"caption\":\"Link2fleet\"},\"image\":{\"@id\":\"https:\\\/\\\/www.link2fleet.com\\\/fr\\\/#\\\/schema\\\/logo\\\/image\\\/\"},\"sameAs\":[\"https:\\\/\\\/www.linkedin.com\\\/company\\\/link2fleet-belgium\",\"https:\\\/\\\/www.youtube.com\\\/user\\\/MMMBMBE\"]},{\"@type\":\"Person\",\"@id\":\"https:\\\/\\\/www.link2fleet.com\\\/fr\\\/#\\\/schema\\\/person\\\/027cd46113c78036b3809c9a054049da\",\"name\":\"Damien Malvetti\",\"image\":{\"@type\":\"ImageObject\",\"inLanguage\":\"fr-FR\",\"@id\":\"https:\\\/\\\/secure.gravatar.com\\\/avatar\\\/dd8cc03b49466c735f753ac37f8caa371af16dfed347456ed61f02883255eebb?s=96&d=mm&r=g\",\"url\":\"https:\\\/\\\/secure.gravatar.com\\\/avatar\\\/dd8cc03b49466c735f753ac37f8caa371af16dfed347456ed61f02883255eebb?s=96&d=mm&r=g\",\"contentUrl\":\"https:\\\/\\\/secure.gravatar.com\\\/avatar\\\/dd8cc03b49466c735f753ac37f8caa371af16dfed347456ed61f02883255eebb?s=96&d=mm&r=g\",\"caption\":\"Damien Malvetti\"},\"description\":\"Damien Malvetti is opgeleid als journalist en gepassioneerd door wagens, technologie en mobiliteit. Hij is verantwoordelijk voor de redactionele inhoud van link2fleet en beschikt over een uitgebreide kennis van de fleet-sector en elektrische mobiliteit.\",\"sameAs\":[\"https:\\\/\\\/www.linkedin.com\\\/in\\\/damien-malvetti-56601142\\\/\"]}]}<\/script>\n<!-- \/ Yoast SEO plugin. -->","yoast_head_json":{"title":"Athlon convainc les entreprises avec ses possibilit\u00e9s de test PHEV\/BEV - link2fleet","description":"D\u2019ici 2026, les v\u00e9hicules de soci\u00e9t\u00e9 \u00e9lectriques devront \u00eatre la norme. De plus en plus d\u2019entreprises travaillent donc \u00e0 l\u2019int\u00e9gration des v\u00e9hicules hybrides rechargeables ou\u2026","robots":{"index":"index","follow":"follow","max-snippet":"max-snippet:-1","max-image-preview":"max-image-preview:large","max-video-preview":"max-video-preview:-1"},"og_locale":"fr_FR","og_type":"article","og_title":"Athlon convainc les entreprises avec ses possibilit\u00e9s de test PHEV\/BEV - link2fleet","og_description":"D\u2019ici 2026, les v\u00e9hicules de soci\u00e9t\u00e9 \u00e9lectriques devront \u00eatre la norme. De plus en plus d\u2019entreprises travaillent donc \u00e0 l\u2019int\u00e9gration des v\u00e9hicules hybrides rechargeables ou\u2026","og_url":"https:\/\/www.link2fleet.com\/fr\/athlon-convainc-les-entreprises-avec-ses-possibilites-de-test-phev-bev\/","og_site_name":"link2fleet","article_published_time":"2021-05-11T14:04:51+00:00","article_modified_time":"2024-04-17T14:49:41+00:00","og_image":[{"width":1621,"height":1080,"url":"https:\/\/static.link2fleet.com\/wp-content\/uploads\/2024\/03\/highres-athlon-photo-stockpool-2018-016-cmyk-300dpi.jpg","type":"image\/jpeg"}],"author":"Damien Malvetti","twitter_card":"summary_large_image","twitter_description":"D\u2019ici 2026, les v\u00e9hicules de soci\u00e9t\u00e9 \u00e9lectriques devront \u00eatre la norme. De plus en plus d\u2019entreprises travaillent donc \u00e0 l\u2019int\u00e9gration des v\u00e9hicules hybrides rechargeables ou\u2026","twitter_misc":{"\u00c9crit par":"Damien Malvetti","Dur\u00e9e de lecture estim\u00e9e":"2 minutes"},"schema":{"@context":"https:\/\/schema.org","@graph":[{"@type":"Article","@id":"https:\/\/www.link2fleet.com\/fr\/athlon-convainc-les-entreprises-avec-ses-possibilites-de-test-phev-bev\/#article","isPartOf":{"@id":"https:\/\/www.link2fleet.com\/fr\/athlon-convainc-les-entreprises-avec-ses-possibilites-de-test-phev-bev\/"},"author":{"name":"Damien Malvetti","@id":"https:\/\/www.link2fleet.com\/fr\/#\/schema\/person\/027cd46113c78036b3809c9a054049da"},"headline":"Athlon convainc les entreprises avec ses possibilit\u00e9s de test PHEV\/BEV","datePublished":"2021-05-11T14:04:51+00:00","dateModified":"2024-04-17T14:49:41+00:00","mainEntityOfPage":{"@id":"https:\/\/www.link2fleet.com\/fr\/athlon-convainc-les-entreprises-avec-ses-possibilites-de-test-phev-bev\/"},"wordCount":411,"publisher":{"@id":"https:\/\/www.link2fleet.com\/fr\/#organization"},"image":{"@id":"https:\/\/www.link2fleet.com\/fr\/athlon-convainc-les-entreprises-avec-ses-possibilites-de-test-phev-bev\/#primaryimage"},"thumbnailUrl":"https:\/\/static.link2fleet.com\/wp-content\/uploads\/2024\/03\/highres-athlon-photo-stockpool-2018-016-cmyk-300dpi.jpg","articleSection":["Gestion de flotte","Location long-terme"],"inLanguage":"fr-FR"},{"@type":"WebPage","@id":"https:\/\/www.link2fleet.com\/fr\/athlon-convainc-les-entreprises-avec-ses-possibilites-de-test-phev-bev\/","url":"https:\/\/www.link2fleet.com\/fr\/athlon-convainc-les-entreprises-avec-ses-possibilites-de-test-phev-bev\/","name":"Athlon convainc les entreprises avec ses possibilit\u00e9s de test PHEV\/BEV - link2fleet","isPartOf":{"@id":"https:\/\/www.link2fleet.com\/fr\/#website"},"primaryImageOfPage":{"@id":"https:\/\/www.link2fleet.com\/fr\/athlon-convainc-les-entreprises-avec-ses-possibilites-de-test-phev-bev\/#primaryimage"},"image":{"@id":"https:\/\/www.link2fleet.com\/fr\/athlon-convainc-les-entreprises-avec-ses-possibilites-de-test-phev-bev\/#primaryimage"},"thumbnailUrl":"https:\/\/static.link2fleet.com\/wp-content\/uploads\/2024\/03\/highres-athlon-photo-stockpool-2018-016-cmyk-300dpi.jpg","datePublished":"2021-05-11T14:04:51+00:00","dateModified":"2024-04-17T14:49:41+00:00","breadcrumb":{"@id":"https:\/\/www.link2fleet.com\/fr\/athlon-convainc-les-entreprises-avec-ses-possibilites-de-test-phev-bev\/#breadcrumb"},"inLanguage":"fr-FR","potentialAction":[{"@type":"ReadAction","target":["https:\/\/www.link2fleet.com\/fr\/athlon-convainc-les-entreprises-avec-ses-possibilites-de-test-phev-bev\/"]}]},{"@type":"ImageObject","inLanguage":"fr-FR","@id":"https:\/\/www.link2fleet.com\/fr\/athlon-convainc-les-entreprises-avec-ses-possibilites-de-test-phev-bev\/#primaryimage","url":"https:\/\/static.link2fleet.com\/wp-content\/uploads\/2024\/03\/highres-athlon-photo-stockpool-2018-016-cmyk-300dpi.jpg","contentUrl":"https:\/\/static.link2fleet.com\/wp-content\/uploads\/2024\/03\/highres-athlon-photo-stockpool-2018-016-cmyk-300dpi.jpg","width":1621,"height":1080,"caption":"|Katrien Furniere"},{"@type":"BreadcrumbList","@id":"https:\/\/www.link2fleet.com\/fr\/athlon-convainc-les-entreprises-avec-ses-possibilites-de-test-phev-bev\/#breadcrumb","itemListElement":[{"@type":"ListItem","position":1,"name":"Home","item":"https:\/\/www.link2fleet.com\/fr\/"},{"@type":"ListItem","position":2,"name":"Athlon convainc les entreprises avec ses possibilit\u00e9s de test PHEV\/BEV"}]},{"@type":"WebSite","@id":"https:\/\/www.link2fleet.com\/fr\/#website","url":"https:\/\/www.link2fleet.com\/fr\/","name":"Link2fleet","description":"","publisher":{"@id":"https:\/\/www.link2fleet.com\/fr\/#organization"},"potentialAction":[{"@type":"SearchAction","target":{"@type":"EntryPoint","urlTemplate":"https:\/\/www.link2fleet.com\/fr\/?s={search_term_string}"},"query-input":{"@type":"PropertyValueSpecification","valueRequired":true,"valueName":"search_term_string"}}],"inLanguage":"fr-FR"},{"@type":"Organization","@id":"https:\/\/www.link2fleet.com\/fr\/#organization","name":"Link2fleet","url":"https:\/\/www.link2fleet.com\/fr\/","logo":{"@type":"ImageObject","inLanguage":"fr-FR","@id":"https:\/\/www.link2fleet.com\/fr\/#\/schema\/logo\/image\/","url":"https:\/\/static.link2fleet.com\/wp-content\/uploads\/2024\/03\/share-image.jpg","contentUrl":"https:\/\/static.link2fleet.com\/wp-content\/uploads\/2024\/03\/share-image.jpg","width":1200,"height":630,"caption":"Link2fleet"},"image":{"@id":"https:\/\/www.link2fleet.com\/fr\/#\/schema\/logo\/image\/"},"sameAs":["https:\/\/www.linkedin.com\/company\/link2fleet-belgium","https:\/\/www.youtube.com\/user\/MMMBMBE"]},{"@type":"Person","@id":"https:\/\/www.link2fleet.com\/fr\/#\/schema\/person\/027cd46113c78036b3809c9a054049da","name":"Damien Malvetti","image":{"@type":"ImageObject","inLanguage":"fr-FR","@id":"https:\/\/secure.gravatar.com\/avatar\/dd8cc03b49466c735f753ac37f8caa371af16dfed347456ed61f02883255eebb?s=96&d=mm&r=g","url":"https:\/\/secure.gravatar.com\/avatar\/dd8cc03b49466c735f753ac37f8caa371af16dfed347456ed61f02883255eebb?s=96&d=mm&r=g","contentUrl":"https:\/\/secure.gravatar.com\/avatar\/dd8cc03b49466c735f753ac37f8caa371af16dfed347456ed61f02883255eebb?s=96&d=mm&r=g","caption":"Damien Malvetti"},"description":"Damien Malvetti is opgeleid als journalist en gepassioneerd door wagens, technologie en mobiliteit. Hij is verantwoordelijk voor de redactionele inhoud van link2fleet en beschikt over een uitgebreide kennis van de fleet-sector en elektrische mobiliteit.","sameAs":["https:\/\/www.linkedin.com\/in\/damien-malvetti-56601142\/"]}]}},"_links":{"self":[{"href":"https:\/\/www.link2fleet.com\/fr\/wp-json\/wp\/v2\/posts\/4352","targetHints":{"allow":["GET"]}}],"collection":[{"href":"https:\/\/www.link2fleet.com\/fr\/wp-json\/wp\/v2\/posts"}],"about":[{"href":"https:\/\/www.link2fleet.com\/fr\/wp-json\/wp\/v2\/types\/post"}],"author":[{"embeddable":true,"href":"https:\/\/www.link2fleet.com\/fr\/wp-json\/wp\/v2\/users\/4"}],"replies":[{"embeddable":true,"href":"https:\/\/www.link2fleet.com\/fr\/wp-json\/wp\/v2\/comments?post=4352"}],"version-history":[{"count":0,"href":"https:\/\/www.link2fleet.com\/fr\/wp-json\/wp\/v2\/posts\/4352\/revisions"}],"wp:featuredmedia":[{"embeddable":true,"href":"https:\/\/www.link2fleet.com\/fr\/wp-json\/wp\/v2\/media\/4353"}],"wp:attachment":[{"href":"https:\/\/www.link2fleet.com\/fr\/wp-json\/wp\/v2\/media?parent=4352"}],"wp:term":[{"taxonomy":"category","embeddable":true,"href":"https:\/\/www.link2fleet.com\/fr\/wp-json\/wp\/v2\/categories?post=4352"},{"taxonomy":"post_tag","embeddable":true,"href":"https:\/\/www.link2fleet.com\/fr\/wp-json\/wp\/v2\/tags?post=4352"}],"curies":[{"name":"wp","href":"https:\/\/api.w.org\/{rel}","templated":true}]}}