{"id":4389,"date":"2021-05-20T15:32:07","date_gmt":"2021-05-20T13:32:07","guid":{"rendered":"https:\/\/www.link2fleet.com\/aucun-changement-pour-lapplication-de-la-methode-nedc-2-0-wltp-mais-une-augmentation-insidieuse-des-taxes\/"},"modified":"2021-05-20T15:32:07","modified_gmt":"2021-05-20T13:32:07","slug":"aucun-changement-pour-lapplication-de-la-methode-nedc-2-0-wltp-mais-une-augmentation-insidieuse-des-taxes","status":"publish","type":"post","link":"https:\/\/www.link2fleet.com\/fr\/aucun-changement-pour-lapplication-de-la-methode-nedc-2-0-wltp-mais-une-augmentation-insidieuse-des-taxes\/","title":{"rendered":"Aucun changement pour l&rsquo;application de la m\u00e9thode NEDC 2.0 &#8211; WLTP, mais une augmentation insidieuse des taxes"},"content":{"rendered":"<p>Concr\u00e8tement, cela signifie que la possibilit\u00e9 de choix qui s&rsquo;offre actuellement entre\u00a0NEDC 2.0 et WLTP sera maintenue dans la mesure o\u00f9 les deux valeurs figurent sur le certificat d&rsquo;homologation du v\u00e9hicule. Cela a permis d&rsquo;\u00e9viter temporairement une augmentation imm\u00e9diate des taxes le 1er octobre 2021 pour les employeurs et les employ\u00e9s.<\/p>\n<p>Mais cela n&#8217;emp\u00eachera pas l&rsquo;augmentation des taxes de finir par arriver. La d\u00e9claration des deux valeurs NEDC 2.0 et WLTP n&rsquo;est pas obligatoire en Europe depuis le d\u00e9but de l&rsquo;ann\u00e9e 2021, \u00e0 l&rsquo;exception des v\u00e9hicules PHEV. Par cons\u00e9quent, dans un avenir pr\u00e9visible, les constructeurs et les importateurs belges ne livreront plus de v\u00e9hicules avec les deux valeurs sur le certificat d&rsquo;homologation (COC). La Belgique est le dernier pays europ\u00e9en qui utilise encore la valeur NEDC 2.0 \u00e0 des fins fiscales. Un certain nombre de constructeurs automobiles ont d\u00e9j\u00e0 annonc\u00e9 qu&rsquo;ils cesseraient d&rsquo;utiliser la valeur NEDC 2.0 apr\u00e8s cet \u00e9t\u00e9. L&rsquo;usage de la seule valeur WLTP indiqu\u00e9e m\u00e8nera donc forc\u00e9ment \u00e0 une augmentation de la taxation.<\/p>\n<p>Cela pourra avoir des cons\u00e9quences inattendues pour un v\u00e9hicule command\u00e9 dont la valeur NEDC 2.0 sera encore indiqu\u00e9e sur le car configurator, mais pas sur son certificat de conformit\u00e9 une fois le v\u00e9hicule livr\u00e9 au client. Pour les partis de la majorit\u00e9, il s&rsquo;agissait d&rsquo;une solution de facilit\u00e9. Et qui ne n\u00e9cessitait pas la modification d&rsquo;une loi.<\/p>\n<p>Nous reviendrons plus en d\u00e9tails dans le courant de la semaine prochaine sur toutes les nouvelles mesures fiscales en rapport avec la voiture de soci\u00e9t\u00e9.<\/p>\n<p style=\"text-align: right;\"><em>Source: cabinet des finances<\/em><\/p>\n<p>&nbsp;<\/p>\n","protected":false},"excerpt":{"rendered":"<p>Concr\u00e8tement, cela signifie que la possibilit\u00e9 de choix qui s&rsquo;offre actuellement entre\u00a0NEDC 2.0 et WLTP sera maintenue dans la mesure o\u00f9 les deux valeurs figurent sur le certificat d&rsquo;homologation du v\u00e9hicule. Cela a permis d&rsquo;\u00e9viter temporairement une augmentation imm\u00e9diate des taxes le 1er octobre 2021 pour les employeurs et les employ\u00e9s. Mais cela n&#8217;emp\u00eachera pas [&hellip;]<\/p>\n","protected":false},"author":11,"featured_media":4390,"comment_status":"closed","ping_status":"closed","sticky":false,"template":"","format":"standard","meta":{"_acf_changed":false,"footnotes":""},"categories":[91,101],"tags":[],"class_list":["post-4389","post","type-post","status-publish","format-standard","has-post-thumbnail","hentry","category-expertise-et-management","category-tax-legal"],"acf":[],"yoast_head":"<!-- This site is optimized with the Yoast SEO plugin v27.3 - https:\/\/yoast.com\/product\/yoast-seo-wordpress\/ -->\n<title>Aucun changement pour l&#039;application de la m\u00e9thode NEDC 2.0 - WLTP, mais une augmentation insidieuse des taxes - link2fleet<\/title>\n<meta name=\"description\" content=\"Dans la toute derni\u00e8re version du projet de loi du Ministre Van Peteghem, discut\u00e9 le 17 mai entre les partenaires de la majorit\u00e9, l&rsquo;application obligatoire\u2026\" \/>\n<meta name=\"robots\" content=\"index, follow, max-snippet:-1, max-image-preview:large, max-video-preview:-1\" \/>\n<meta property=\"og:locale\" content=\"fr_FR\" \/>\n<meta property=\"og:type\" content=\"article\" \/>\n<meta property=\"og:title\" content=\"Aucun changement pour l&#039;application de la m\u00e9thode NEDC 2.0 - WLTP, mais une augmentation insidieuse des taxes - link2fleet\" \/>\n<meta property=\"og:description\" content=\"Dans la toute derni\u00e8re version du projet de loi du Ministre Van Peteghem, discut\u00e9 le 17 mai entre les partenaires de la majorit\u00e9, l&rsquo;application obligatoire\u2026\" \/>\n<meta property=\"og:url\" content=\"https:\/\/www.link2fleet.com\/fr\/aucun-changement-pour-lapplication-de-la-methode-nedc-2-0-wltp-mais-une-augmentation-insidieuse-des-taxes\/\" \/>\n<meta property=\"og:site_name\" content=\"link2fleet\" \/>\n<meta property=\"article:published_time\" content=\"2021-05-20T13:32:07+00:00\" \/>\n<meta property=\"og:image\" content=\"https:\/\/static.link2fleet.com\/wp-content\/uploads\/2024\/03\/wltp.png\" \/>\n\t<meta property=\"og:image:width\" content=\"1260\" \/>\n\t<meta property=\"og:image:height\" content=\"764\" \/>\n\t<meta property=\"og:image:type\" content=\"image\/png\" \/>\n<meta name=\"author\" content=\"Michel Willems - Mobilitas\" \/>\n<meta name=\"twitter:card\" content=\"summary_large_image\" \/>\n<meta name=\"twitter:description\" content=\"Dans la toute derni\u00e8re version du projet de loi du Ministre Van Peteghem, discut\u00e9 le 17 mai entre les partenaires de la majorit\u00e9, l&rsquo;application obligatoire\u2026\" \/>\n<meta name=\"twitter:label1\" content=\"\u00c9crit par\" \/>\n\t<meta name=\"twitter:data1\" content=\"Michel Willems - Mobilitas\" \/>\n\t<meta name=\"twitter:label2\" content=\"Dur\u00e9e de lecture estim\u00e9e\" \/>\n\t<meta name=\"twitter:data2\" content=\"1 minute\" \/>\n<script type=\"application\/ld+json\" class=\"yoast-schema-graph\">{\"@context\":\"https:\\\/\\\/schema.org\",\"@graph\":[{\"@type\":\"Article\",\"@id\":\"https:\\\/\\\/www.link2fleet.com\\\/fr\\\/aucun-changement-pour-lapplication-de-la-methode-nedc-2-0-wltp-mais-une-augmentation-insidieuse-des-taxes\\\/#article\",\"isPartOf\":{\"@id\":\"https:\\\/\\\/www.link2fleet.com\\\/fr\\\/aucun-changement-pour-lapplication-de-la-methode-nedc-2-0-wltp-mais-une-augmentation-insidieuse-des-taxes\\\/\"},\"author\":{\"name\":\"Michel Willems - Mobilitas\",\"@id\":\"https:\\\/\\\/www.link2fleet.com\\\/fr\\\/#\\\/schema\\\/person\\\/bd29f6a2c2427e85a70d3acf17303486\"},\"headline\":\"Aucun changement pour l&rsquo;application de la m\u00e9thode NEDC 2.0 &#8211; WLTP, mais une augmentation insidieuse des taxes\",\"datePublished\":\"2021-05-20T13:32:07+00:00\",\"mainEntityOfPage\":{\"@id\":\"https:\\\/\\\/www.link2fleet.com\\\/fr\\\/aucun-changement-pour-lapplication-de-la-methode-nedc-2-0-wltp-mais-une-augmentation-insidieuse-des-taxes\\\/\"},\"wordCount\":302,\"publisher\":{\"@id\":\"https:\\\/\\\/www.link2fleet.com\\\/fr\\\/#organization\"},\"image\":{\"@id\":\"https:\\\/\\\/www.link2fleet.com\\\/fr\\\/aucun-changement-pour-lapplication-de-la-methode-nedc-2-0-wltp-mais-une-augmentation-insidieuse-des-taxes\\\/#primaryimage\"},\"thumbnailUrl\":\"https:\\\/\\\/static.link2fleet.com\\\/wp-content\\\/uploads\\\/2024\\\/03\\\/wltp.png\",\"articleSection\":[\"Gestion de flotte\",\"Tax &amp; legal\"],\"inLanguage\":\"fr-FR\"},{\"@type\":\"WebPage\",\"@id\":\"https:\\\/\\\/www.link2fleet.com\\\/fr\\\/aucun-changement-pour-lapplication-de-la-methode-nedc-2-0-wltp-mais-une-augmentation-insidieuse-des-taxes\\\/\",\"url\":\"https:\\\/\\\/www.link2fleet.com\\\/fr\\\/aucun-changement-pour-lapplication-de-la-methode-nedc-2-0-wltp-mais-une-augmentation-insidieuse-des-taxes\\\/\",\"name\":\"Aucun changement pour l'application de la m\u00e9thode NEDC 2.0 - WLTP, mais une augmentation insidieuse des taxes - link2fleet\",\"isPartOf\":{\"@id\":\"https:\\\/\\\/www.link2fleet.com\\\/fr\\\/#website\"},\"primaryImageOfPage\":{\"@id\":\"https:\\\/\\\/www.link2fleet.com\\\/fr\\\/aucun-changement-pour-lapplication-de-la-methode-nedc-2-0-wltp-mais-une-augmentation-insidieuse-des-taxes\\\/#primaryimage\"},\"image\":{\"@id\":\"https:\\\/\\\/www.link2fleet.com\\\/fr\\\/aucun-changement-pour-lapplication-de-la-methode-nedc-2-0-wltp-mais-une-augmentation-insidieuse-des-taxes\\\/#primaryimage\"},\"thumbnailUrl\":\"https:\\\/\\\/static.link2fleet.com\\\/wp-content\\\/uploads\\\/2024\\\/03\\\/wltp.png\",\"datePublished\":\"2021-05-20T13:32:07+00:00\",\"breadcrumb\":{\"@id\":\"https:\\\/\\\/www.link2fleet.com\\\/fr\\\/aucun-changement-pour-lapplication-de-la-methode-nedc-2-0-wltp-mais-une-augmentation-insidieuse-des-taxes\\\/#breadcrumb\"},\"inLanguage\":\"fr-FR\",\"potentialAction\":[{\"@type\":\"ReadAction\",\"target\":[\"https:\\\/\\\/www.link2fleet.com\\\/fr\\\/aucun-changement-pour-lapplication-de-la-methode-nedc-2-0-wltp-mais-une-augmentation-insidieuse-des-taxes\\\/\"]}]},{\"@type\":\"ImageObject\",\"inLanguage\":\"fr-FR\",\"@id\":\"https:\\\/\\\/www.link2fleet.com\\\/fr\\\/aucun-changement-pour-lapplication-de-la-methode-nedc-2-0-wltp-mais-une-augmentation-insidieuse-des-taxes\\\/#primaryimage\",\"url\":\"https:\\\/\\\/static.link2fleet.com\\\/wp-content\\\/uploads\\\/2024\\\/03\\\/wltp.png\",\"contentUrl\":\"https:\\\/\\\/static.link2fleet.com\\\/wp-content\\\/uploads\\\/2024\\\/03\\\/wltp.png\",\"width\":1260,\"height\":764},{\"@type\":\"BreadcrumbList\",\"@id\":\"https:\\\/\\\/www.link2fleet.com\\\/fr\\\/aucun-changement-pour-lapplication-de-la-methode-nedc-2-0-wltp-mais-une-augmentation-insidieuse-des-taxes\\\/#breadcrumb\",\"itemListElement\":[{\"@type\":\"ListItem\",\"position\":1,\"name\":\"Home\",\"item\":\"https:\\\/\\\/www.link2fleet.com\\\/fr\\\/\"},{\"@type\":\"ListItem\",\"position\":2,\"name\":\"Aucun changement pour l&#8217;application de la m\u00e9thode NEDC 2.0 &#8211; WLTP, mais une augmentation insidieuse des taxes\"}]},{\"@type\":\"WebSite\",\"@id\":\"https:\\\/\\\/www.link2fleet.com\\\/fr\\\/#website\",\"url\":\"https:\\\/\\\/www.link2fleet.com\\\/fr\\\/\",\"name\":\"Link2fleet\",\"description\":\"\",\"publisher\":{\"@id\":\"https:\\\/\\\/www.link2fleet.com\\\/fr\\\/#organization\"},\"potentialAction\":[{\"@type\":\"SearchAction\",\"target\":{\"@type\":\"EntryPoint\",\"urlTemplate\":\"https:\\\/\\\/www.link2fleet.com\\\/fr\\\/?s={search_term_string}\"},\"query-input\":{\"@type\":\"PropertyValueSpecification\",\"valueRequired\":true,\"valueName\":\"search_term_string\"}}],\"inLanguage\":\"fr-FR\"},{\"@type\":\"Organization\",\"@id\":\"https:\\\/\\\/www.link2fleet.com\\\/fr\\\/#organization\",\"name\":\"Link2fleet\",\"url\":\"https:\\\/\\\/www.link2fleet.com\\\/fr\\\/\",\"logo\":{\"@type\":\"ImageObject\",\"inLanguage\":\"fr-FR\",\"@id\":\"https:\\\/\\\/www.link2fleet.com\\\/fr\\\/#\\\/schema\\\/logo\\\/image\\\/\",\"url\":\"https:\\\/\\\/static.link2fleet.com\\\/wp-content\\\/uploads\\\/2024\\\/03\\\/share-image.jpg\",\"contentUrl\":\"https:\\\/\\\/static.link2fleet.com\\\/wp-content\\\/uploads\\\/2024\\\/03\\\/share-image.jpg\",\"width\":1200,\"height\":630,\"caption\":\"Link2fleet\"},\"image\":{\"@id\":\"https:\\\/\\\/www.link2fleet.com\\\/fr\\\/#\\\/schema\\\/logo\\\/image\\\/\"},\"sameAs\":[\"https:\\\/\\\/www.linkedin.com\\\/company\\\/link2fleet-belgium\",\"https:\\\/\\\/www.youtube.com\\\/user\\\/MMMBMBE\"]},{\"@type\":\"Person\",\"@id\":\"https:\\\/\\\/www.link2fleet.com\\\/fr\\\/#\\\/schema\\\/person\\\/bd29f6a2c2427e85a70d3acf17303486\",\"name\":\"Michel Willems - Mobilitas\",\"image\":{\"@type\":\"ImageObject\",\"inLanguage\":\"fr-FR\",\"@id\":\"https:\\\/\\\/secure.gravatar.com\\\/avatar\\\/c937de514893d5b69b3b52ee88664fd4879b786925b6742dc7891d347f167414?s=96&d=mm&r=g\",\"url\":\"https:\\\/\\\/secure.gravatar.com\\\/avatar\\\/c937de514893d5b69b3b52ee88664fd4879b786925b6742dc7891d347f167414?s=96&d=mm&r=g\",\"contentUrl\":\"https:\\\/\\\/secure.gravatar.com\\\/avatar\\\/c937de514893d5b69b3b52ee88664fd4879b786925b6742dc7891d347f167414?s=96&d=mm&r=g\",\"caption\":\"Michel Willems - Mobilitas\"}}]}<\/script>\n<!-- \/ Yoast SEO plugin. -->","yoast_head_json":{"title":"Aucun changement pour l'application de la m\u00e9thode NEDC 2.0 - WLTP, mais une augmentation insidieuse des taxes - link2fleet","description":"Dans la toute derni\u00e8re version du projet de loi du Ministre Van Peteghem, discut\u00e9 le 17 mai entre les partenaires de la majorit\u00e9, l&rsquo;application obligatoire\u2026","robots":{"index":"index","follow":"follow","max-snippet":"max-snippet:-1","max-image-preview":"max-image-preview:large","max-video-preview":"max-video-preview:-1"},"og_locale":"fr_FR","og_type":"article","og_title":"Aucun changement pour l'application de la m\u00e9thode NEDC 2.0 - WLTP, mais une augmentation insidieuse des taxes - link2fleet","og_description":"Dans la toute derni\u00e8re version du projet de loi du Ministre Van Peteghem, discut\u00e9 le 17 mai entre les partenaires de la majorit\u00e9, l&rsquo;application obligatoire\u2026","og_url":"https:\/\/www.link2fleet.com\/fr\/aucun-changement-pour-lapplication-de-la-methode-nedc-2-0-wltp-mais-une-augmentation-insidieuse-des-taxes\/","og_site_name":"link2fleet","article_published_time":"2021-05-20T13:32:07+00:00","og_image":[{"width":1260,"height":764,"url":"https:\/\/static.link2fleet.com\/wp-content\/uploads\/2024\/03\/wltp.png","type":"image\/png"}],"author":"Michel Willems - Mobilitas","twitter_card":"summary_large_image","twitter_description":"Dans la toute derni\u00e8re version du projet de loi du Ministre Van Peteghem, discut\u00e9 le 17 mai entre les partenaires de la majorit\u00e9, l&rsquo;application obligatoire\u2026","twitter_misc":{"\u00c9crit par":"Michel Willems - Mobilitas","Dur\u00e9e de lecture estim\u00e9e":"1 minute"},"schema":{"@context":"https:\/\/schema.org","@graph":[{"@type":"Article","@id":"https:\/\/www.link2fleet.com\/fr\/aucun-changement-pour-lapplication-de-la-methode-nedc-2-0-wltp-mais-une-augmentation-insidieuse-des-taxes\/#article","isPartOf":{"@id":"https:\/\/www.link2fleet.com\/fr\/aucun-changement-pour-lapplication-de-la-methode-nedc-2-0-wltp-mais-une-augmentation-insidieuse-des-taxes\/"},"author":{"name":"Michel Willems - Mobilitas","@id":"https:\/\/www.link2fleet.com\/fr\/#\/schema\/person\/bd29f6a2c2427e85a70d3acf17303486"},"headline":"Aucun changement pour l&rsquo;application de la m\u00e9thode NEDC 2.0 &#8211; WLTP, mais une augmentation insidieuse des taxes","datePublished":"2021-05-20T13:32:07+00:00","mainEntityOfPage":{"@id":"https:\/\/www.link2fleet.com\/fr\/aucun-changement-pour-lapplication-de-la-methode-nedc-2-0-wltp-mais-une-augmentation-insidieuse-des-taxes\/"},"wordCount":302,"publisher":{"@id":"https:\/\/www.link2fleet.com\/fr\/#organization"},"image":{"@id":"https:\/\/www.link2fleet.com\/fr\/aucun-changement-pour-lapplication-de-la-methode-nedc-2-0-wltp-mais-une-augmentation-insidieuse-des-taxes\/#primaryimage"},"thumbnailUrl":"https:\/\/static.link2fleet.com\/wp-content\/uploads\/2024\/03\/wltp.png","articleSection":["Gestion de flotte","Tax &amp; legal"],"inLanguage":"fr-FR"},{"@type":"WebPage","@id":"https:\/\/www.link2fleet.com\/fr\/aucun-changement-pour-lapplication-de-la-methode-nedc-2-0-wltp-mais-une-augmentation-insidieuse-des-taxes\/","url":"https:\/\/www.link2fleet.com\/fr\/aucun-changement-pour-lapplication-de-la-methode-nedc-2-0-wltp-mais-une-augmentation-insidieuse-des-taxes\/","name":"Aucun changement pour l'application de la m\u00e9thode NEDC 2.0 - WLTP, mais une augmentation insidieuse des taxes - link2fleet","isPartOf":{"@id":"https:\/\/www.link2fleet.com\/fr\/#website"},"primaryImageOfPage":{"@id":"https:\/\/www.link2fleet.com\/fr\/aucun-changement-pour-lapplication-de-la-methode-nedc-2-0-wltp-mais-une-augmentation-insidieuse-des-taxes\/#primaryimage"},"image":{"@id":"https:\/\/www.link2fleet.com\/fr\/aucun-changement-pour-lapplication-de-la-methode-nedc-2-0-wltp-mais-une-augmentation-insidieuse-des-taxes\/#primaryimage"},"thumbnailUrl":"https:\/\/static.link2fleet.com\/wp-content\/uploads\/2024\/03\/wltp.png","datePublished":"2021-05-20T13:32:07+00:00","breadcrumb":{"@id":"https:\/\/www.link2fleet.com\/fr\/aucun-changement-pour-lapplication-de-la-methode-nedc-2-0-wltp-mais-une-augmentation-insidieuse-des-taxes\/#breadcrumb"},"inLanguage":"fr-FR","potentialAction":[{"@type":"ReadAction","target":["https:\/\/www.link2fleet.com\/fr\/aucun-changement-pour-lapplication-de-la-methode-nedc-2-0-wltp-mais-une-augmentation-insidieuse-des-taxes\/"]}]},{"@type":"ImageObject","inLanguage":"fr-FR","@id":"https:\/\/www.link2fleet.com\/fr\/aucun-changement-pour-lapplication-de-la-methode-nedc-2-0-wltp-mais-une-augmentation-insidieuse-des-taxes\/#primaryimage","url":"https:\/\/static.link2fleet.com\/wp-content\/uploads\/2024\/03\/wltp.png","contentUrl":"https:\/\/static.link2fleet.com\/wp-content\/uploads\/2024\/03\/wltp.png","width":1260,"height":764},{"@type":"BreadcrumbList","@id":"https:\/\/www.link2fleet.com\/fr\/aucun-changement-pour-lapplication-de-la-methode-nedc-2-0-wltp-mais-une-augmentation-insidieuse-des-taxes\/#breadcrumb","itemListElement":[{"@type":"ListItem","position":1,"name":"Home","item":"https:\/\/www.link2fleet.com\/fr\/"},{"@type":"ListItem","position":2,"name":"Aucun changement pour l&#8217;application de la m\u00e9thode NEDC 2.0 &#8211; WLTP, mais une augmentation insidieuse des taxes"}]},{"@type":"WebSite","@id":"https:\/\/www.link2fleet.com\/fr\/#website","url":"https:\/\/www.link2fleet.com\/fr\/","name":"Link2fleet","description":"","publisher":{"@id":"https:\/\/www.link2fleet.com\/fr\/#organization"},"potentialAction":[{"@type":"SearchAction","target":{"@type":"EntryPoint","urlTemplate":"https:\/\/www.link2fleet.com\/fr\/?s={search_term_string}"},"query-input":{"@type":"PropertyValueSpecification","valueRequired":true,"valueName":"search_term_string"}}],"inLanguage":"fr-FR"},{"@type":"Organization","@id":"https:\/\/www.link2fleet.com\/fr\/#organization","name":"Link2fleet","url":"https:\/\/www.link2fleet.com\/fr\/","logo":{"@type":"ImageObject","inLanguage":"fr-FR","@id":"https:\/\/www.link2fleet.com\/fr\/#\/schema\/logo\/image\/","url":"https:\/\/static.link2fleet.com\/wp-content\/uploads\/2024\/03\/share-image.jpg","contentUrl":"https:\/\/static.link2fleet.com\/wp-content\/uploads\/2024\/03\/share-image.jpg","width":1200,"height":630,"caption":"Link2fleet"},"image":{"@id":"https:\/\/www.link2fleet.com\/fr\/#\/schema\/logo\/image\/"},"sameAs":["https:\/\/www.linkedin.com\/company\/link2fleet-belgium","https:\/\/www.youtube.com\/user\/MMMBMBE"]},{"@type":"Person","@id":"https:\/\/www.link2fleet.com\/fr\/#\/schema\/person\/bd29f6a2c2427e85a70d3acf17303486","name":"Michel Willems - Mobilitas","image":{"@type":"ImageObject","inLanguage":"fr-FR","@id":"https:\/\/secure.gravatar.com\/avatar\/c937de514893d5b69b3b52ee88664fd4879b786925b6742dc7891d347f167414?s=96&d=mm&r=g","url":"https:\/\/secure.gravatar.com\/avatar\/c937de514893d5b69b3b52ee88664fd4879b786925b6742dc7891d347f167414?s=96&d=mm&r=g","contentUrl":"https:\/\/secure.gravatar.com\/avatar\/c937de514893d5b69b3b52ee88664fd4879b786925b6742dc7891d347f167414?s=96&d=mm&r=g","caption":"Michel Willems - Mobilitas"}}]}},"_links":{"self":[{"href":"https:\/\/www.link2fleet.com\/fr\/wp-json\/wp\/v2\/posts\/4389","targetHints":{"allow":["GET"]}}],"collection":[{"href":"https:\/\/www.link2fleet.com\/fr\/wp-json\/wp\/v2\/posts"}],"about":[{"href":"https:\/\/www.link2fleet.com\/fr\/wp-json\/wp\/v2\/types\/post"}],"author":[{"embeddable":true,"href":"https:\/\/www.link2fleet.com\/fr\/wp-json\/wp\/v2\/users\/11"}],"replies":[{"embeddable":true,"href":"https:\/\/www.link2fleet.com\/fr\/wp-json\/wp\/v2\/comments?post=4389"}],"version-history":[{"count":0,"href":"https:\/\/www.link2fleet.com\/fr\/wp-json\/wp\/v2\/posts\/4389\/revisions"}],"wp:featuredmedia":[{"embeddable":true,"href":"https:\/\/www.link2fleet.com\/fr\/wp-json\/wp\/v2\/media\/4390"}],"wp:attachment":[{"href":"https:\/\/www.link2fleet.com\/fr\/wp-json\/wp\/v2\/media?parent=4389"}],"wp:term":[{"taxonomy":"category","embeddable":true,"href":"https:\/\/www.link2fleet.com\/fr\/wp-json\/wp\/v2\/categories?post=4389"},{"taxonomy":"post_tag","embeddable":true,"href":"https:\/\/www.link2fleet.com\/fr\/wp-json\/wp\/v2\/tags?post=4389"}],"curies":[{"name":"wp","href":"https:\/\/api.w.org\/{rel}","templated":true}]}}