{"id":4407,"date":"2021-05-26T09:46:07","date_gmt":"2021-05-26T07:46:07","guid":{"rendered":"https:\/\/www.link2fleet.com\/plug-in-hybride-des-tco-visiblement-plus-eleves-que-prevu\/"},"modified":"2021-05-26T09:46:07","modified_gmt":"2021-05-26T07:46:07","slug":"plug-in-hybride-des-tco-visiblement-plus-eleves-que-prevu","status":"publish","type":"post","link":"https:\/\/www.link2fleet.com\/fr\/plug-in-hybride-des-tco-visiblement-plus-eleves-que-prevu\/","title":{"rendered":"Plug-in hybride: des TCO visiblement plus \u00e9lev\u00e9s que pr\u00e9vu"},"content":{"rendered":"<p>L&rsquo;objectif principal d&rsquo;un v\u00e9hicule plug-in hybride est de r\u00e9duire la consommation de carburant, et donc les rejets de CO2, sans pour autant devoir se limiter en mati\u00e8re d&rsquo;autonomie comme c&rsquo;est le cas avec un mod\u00e8le full \u00e9lectrique. Aujourd&rsquo;hui, cette consommation et les \u00e9missions de CO2 qui en d\u00e9coulent suscitent beaucoup d&rsquo;\u00e9moi.<\/p>\n<p><img loading=\"lazy\" decoding=\"async\" class=\"alignnone size-medium wp-image-1268532\" src=\"https:\/\/www.link2fleet.com\/wp-content\/uploads\/2021\/05\/BMW-PHEV-2-300x200.jpg\" alt=\"\" width=\"300\" height=\"200\" \/><\/p>\n<p>&nbsp;<\/p>\n<p><strong>WLTP\u00a0plus strict<\/strong><\/p>\n<p>Les conducteurs et les gestionnaires de flotte se rendent rapidement compte que la consommation r\u00e9elle de carburant d&rsquo;une voiture hybride rechargeable est deux \u00e0 trois fois sup\u00e9rieure aux chiffres officiels. Ceci est confirm\u00e9 par tous les rapports d&rsquo;essai de la presse sp\u00e9cialis\u00e9e. Bizarre, car comme toutes les autres voitures, depuis le 18 septembre 2018, les plug-in sont soumises au test WLTP (Worldwide harmonised Light Test Procedure) qui est beaucoup plus strict que l&rsquo;ancien test NEDC (New European Driving Cycle). Le test WLTP est plus long et se d\u00e9roule sur une plus grande distance. Pendant le cycle de conduite, la vitesse moyenne et la vitesse maximale sont toutes deux plus \u00e9lev\u00e9es. Au total, il y a douze param\u00e8tres pour lesquels le test WLTP est plus strict que le test NEDC. L&rsquo;objectif est de rapprocher les chiffres officiels de consommation de la r\u00e9alit\u00e9.<\/p>\n<p>&nbsp;<\/p>\n<p><strong>Test sp\u00e9cial pour les plug-in hybrides<\/strong><\/p>\n<p>Avec les plug-in hybrides, la consommation standard et les \u00e9missions de CO2 associ\u00e9es sont encore plus \u00e9loign\u00e9es de ce qui est \u00e9tabli officiellement. Il y a une explication \u00e0 cela, bien s\u00fbr. Alors qu&rsquo;une voiture classique \u00e9quip\u00e9e d&rsquo;un moteur \u00e0 combustion interne ou une hybride est soumise \u00e0 un seul cycle de conduite d&rsquo;un peu plus de 23 kilom\u00e8tres, une voiture hybride rechargeable est soumise \u00e0 un test beaucoup plus long consistant en plusieurs cycles WLTP successifs d&rsquo;un peu plus de 23 km chacun.<\/p>\n<p>L&rsquo;ensemble du test est divis\u00e9 en deux parties. La premi\u00e8re s&rsquo;appelle le test CD (Charge Depleting) et examine l&rsquo;autonomie en mode \u00e9lectrique pur de l&rsquo;hybride rechargeable. Pour ce faire, on effectue successivement diff\u00e9rents cycles de conduite WLTP jusqu&rsquo;\u00e0 ce que l&rsquo;on atteigne le point o\u00f9, sur un cycle suivant d&rsquo;un peu plus de 23 kilom\u00e8tres, la tension de la batterie principale ne chute pas de plus de 3 %. Pour le dire simplement. Dans le test CD, le cycle de conduite WLTP est r\u00e9p\u00e9t\u00e9 jusqu&rsquo;\u00e0 ce que la batterie principale ait encore une tension minimale. Ainsi, dans cet essai CD, o\u00f9 l&rsquo;autonomie en conduite \u00e9lectrique est mesur\u00e9e, jusqu&rsquo;\u00e0 trois cycles WLTP peuvent \u00eatre parcourus successivement.<\/p>\n<p>Une fois que la batterie a atteint cette tension minimale, le test CS (Charge Sustaining) est effectu\u00e9 et l\u00e0, la consommation et les \u00e9missions de CO2 sont mesur\u00e9es \u00e0 l&rsquo;aide du moteur \u00e0 combustion. Cela se fait en un seul cycle de conduite WLTP d&rsquo;un peu plus de 23 kilom\u00e8tres.<\/p>\n<p>&nbsp;<\/p>\n<p><strong>Moyenne calcul\u00e9e<\/strong><\/p>\n<p><img loading=\"lazy\" decoding=\"async\" class=\"alignnone size-medium wp-image-1268530\" src=\"https:\/\/www.link2fleet.com\/wp-content\/uploads\/2021\/05\/DS4-PHEV-3-300x200.jpg\" alt=\"\" width=\"300\" height=\"200\" \/><\/p>\n<p>Pour obtenir une consommation combin\u00e9e, il faut tenir compte de l&rsquo;autonomie en mode \u00e9lectrique pur (CD-test) et de la consommation moyenne du moteur \u00e0 combustion lorsque la batterie principale a une tension minimale (CS-test). Cela se fait \u00e0 l&rsquo;aide d&rsquo;une formule dans laquelle un coefficient (facteur d&rsquo;utilit\u00e9) est utilis\u00e9. Pour obtenir ce coefficient, on accorde sans doute trop d&rsquo;importance \u00e0 l&rsquo;autonomie \u00e9lectrique, ce qui explique la grande diff\u00e9rence entre la consommation mixte officielle et ce que le conducteur ressent dans la pratique. Cette diff\u00e9rence entre la norme et la r\u00e9alit\u00e9 s&rsquo;accentue lorsque le conducteur n\u00e9glige de recharger la batterie \u00e0 temps et r\u00e9guli\u00e8rement sur le secteur. En outre, la consommation d&rsquo;\u00e9lectricit\u00e9 doit \u00eatre ajout\u00e9e au co\u00fbt total de la consommation.<\/p>\n","protected":false},"excerpt":{"rendered":"<p>L&rsquo;objectif principal d&rsquo;un v\u00e9hicule plug-in hybride est de r\u00e9duire la consommation de carburant, et donc les rejets de CO2, sans pour autant devoir se limiter en mati\u00e8re d&rsquo;autonomie comme c&rsquo;est le cas avec un mod\u00e8le full \u00e9lectrique. Aujourd&rsquo;hui, cette consommation et les \u00e9missions de CO2 qui en d\u00e9coulent suscitent beaucoup d&rsquo;\u00e9moi. &nbsp; WLTP\u00a0plus strict Les [&hellip;]<\/p>\n","protected":false},"author":10,"featured_media":4408,"comment_status":"closed","ping_status":"closed","sticky":false,"template":"","format":"standard","meta":{"_acf_changed":false,"footnotes":""},"categories":[135,81,91],"tags":[],"class_list":["post-4407","post","type-post","status-publish","format-standard","has-post-thumbnail","hentry","category-news-fr","category-gestion-de-carburant-et-energie","category-expertise-et-management"],"acf":[],"yoast_head":"<!-- This site is optimized with the Yoast SEO plugin v27.3 - https:\/\/yoast.com\/product\/yoast-seo-wordpress\/ -->\n<title>Plug-in hybride: des TCO visiblement plus \u00e9lev\u00e9s que pr\u00e9vu - link2fleet<\/title>\n<meta name=\"description\" content=\"Avec un v\u00e9hicule plug-in hybride, le TCO est visiblement plus \u00e9lev\u00e9 que pr\u00e9vu et cela est d\u00fb \u00e0 la consommation r\u00e9elle qui peut \u00eatre de\u2026\" \/>\n<meta name=\"robots\" content=\"index, follow, max-snippet:-1, max-image-preview:large, max-video-preview:-1\" \/>\n<meta property=\"og:locale\" content=\"fr_FR\" \/>\n<meta property=\"og:type\" content=\"article\" \/>\n<meta property=\"og:title\" content=\"Plug-in hybride: des TCO visiblement plus \u00e9lev\u00e9s que pr\u00e9vu - link2fleet\" \/>\n<meta property=\"og:description\" content=\"Avec un v\u00e9hicule plug-in hybride, le TCO est visiblement plus \u00e9lev\u00e9 que pr\u00e9vu et cela est d\u00fb \u00e0 la consommation r\u00e9elle qui peut \u00eatre de\u2026\" \/>\n<meta property=\"og:url\" content=\"https:\/\/www.link2fleet.com\/fr\/plug-in-hybride-des-tco-visiblement-plus-eleves-que-prevu\/\" \/>\n<meta property=\"og:site_name\" content=\"link2fleet\" \/>\n<meta property=\"article:published_time\" content=\"2021-05-26T07:46:07+00:00\" \/>\n<meta property=\"og:image\" content=\"https:\/\/static.link2fleet.com\/wp-content\/uploads\/2024\/03\/ds4-phev-3.jpg\" \/>\n\t<meta property=\"og:image:width\" content=\"1024\" \/>\n\t<meta property=\"og:image:height\" content=\"683\" \/>\n\t<meta property=\"og:image:type\" content=\"image\/jpeg\" \/>\n<meta name=\"author\" content=\"Tony De Mesel\" \/>\n<meta name=\"twitter:card\" content=\"summary_large_image\" \/>\n<meta name=\"twitter:description\" content=\"Avec un v\u00e9hicule plug-in hybride, le TCO est visiblement plus \u00e9lev\u00e9 que pr\u00e9vu et cela est d\u00fb \u00e0 la consommation r\u00e9elle qui peut \u00eatre de\u2026\" \/>\n<meta name=\"twitter:label1\" content=\"\u00c9crit par\" \/>\n\t<meta name=\"twitter:data1\" content=\"Tony De Mesel\" \/>\n\t<meta name=\"twitter:label2\" content=\"Dur\u00e9e de lecture estim\u00e9e\" \/>\n\t<meta name=\"twitter:data2\" content=\"3 minutes\" \/>\n<script type=\"application\/ld+json\" class=\"yoast-schema-graph\">{\"@context\":\"https:\\\/\\\/schema.org\",\"@graph\":[{\"@type\":\"Article\",\"@id\":\"https:\\\/\\\/www.link2fleet.com\\\/fr\\\/plug-in-hybride-des-tco-visiblement-plus-eleves-que-prevu\\\/#article\",\"isPartOf\":{\"@id\":\"https:\\\/\\\/www.link2fleet.com\\\/fr\\\/plug-in-hybride-des-tco-visiblement-plus-eleves-que-prevu\\\/\"},\"author\":{\"name\":\"Tony De Mesel\",\"@id\":\"https:\\\/\\\/www.link2fleet.com\\\/fr\\\/#\\\/schema\\\/person\\\/a73b1a6636e111a3ae1d30bdb4355970\"},\"headline\":\"Plug-in hybride: des TCO visiblement plus \u00e9lev\u00e9s que pr\u00e9vu\",\"datePublished\":\"2021-05-26T07:46:07+00:00\",\"mainEntityOfPage\":{\"@id\":\"https:\\\/\\\/www.link2fleet.com\\\/fr\\\/plug-in-hybride-des-tco-visiblement-plus-eleves-que-prevu\\\/\"},\"wordCount\":635,\"publisher\":{\"@id\":\"https:\\\/\\\/www.link2fleet.com\\\/fr\\\/#organization\"},\"image\":{\"@id\":\"https:\\\/\\\/www.link2fleet.com\\\/fr\\\/plug-in-hybride-des-tco-visiblement-plus-eleves-que-prevu\\\/#primaryimage\"},\"thumbnailUrl\":\"https:\\\/\\\/static.link2fleet.com\\\/wp-content\\\/uploads\\\/2024\\\/03\\\/ds4-phev-3.jpg\",\"articleSection\":[\"Actus\",\"Gestion carburant et de l'\u00e9nergie\",\"Gestion de flotte\"],\"inLanguage\":\"fr-FR\"},{\"@type\":\"WebPage\",\"@id\":\"https:\\\/\\\/www.link2fleet.com\\\/fr\\\/plug-in-hybride-des-tco-visiblement-plus-eleves-que-prevu\\\/\",\"url\":\"https:\\\/\\\/www.link2fleet.com\\\/fr\\\/plug-in-hybride-des-tco-visiblement-plus-eleves-que-prevu\\\/\",\"name\":\"Plug-in hybride: des TCO visiblement plus \u00e9lev\u00e9s que pr\u00e9vu - link2fleet\",\"isPartOf\":{\"@id\":\"https:\\\/\\\/www.link2fleet.com\\\/fr\\\/#website\"},\"primaryImageOfPage\":{\"@id\":\"https:\\\/\\\/www.link2fleet.com\\\/fr\\\/plug-in-hybride-des-tco-visiblement-plus-eleves-que-prevu\\\/#primaryimage\"},\"image\":{\"@id\":\"https:\\\/\\\/www.link2fleet.com\\\/fr\\\/plug-in-hybride-des-tco-visiblement-plus-eleves-que-prevu\\\/#primaryimage\"},\"thumbnailUrl\":\"https:\\\/\\\/static.link2fleet.com\\\/wp-content\\\/uploads\\\/2024\\\/03\\\/ds4-phev-3.jpg\",\"datePublished\":\"2021-05-26T07:46:07+00:00\",\"breadcrumb\":{\"@id\":\"https:\\\/\\\/www.link2fleet.com\\\/fr\\\/plug-in-hybride-des-tco-visiblement-plus-eleves-que-prevu\\\/#breadcrumb\"},\"inLanguage\":\"fr-FR\",\"potentialAction\":[{\"@type\":\"ReadAction\",\"target\":[\"https:\\\/\\\/www.link2fleet.com\\\/fr\\\/plug-in-hybride-des-tco-visiblement-plus-eleves-que-prevu\\\/\"]}]},{\"@type\":\"ImageObject\",\"inLanguage\":\"fr-FR\",\"@id\":\"https:\\\/\\\/www.link2fleet.com\\\/fr\\\/plug-in-hybride-des-tco-visiblement-plus-eleves-que-prevu\\\/#primaryimage\",\"url\":\"https:\\\/\\\/static.link2fleet.com\\\/wp-content\\\/uploads\\\/2024\\\/03\\\/ds4-phev-3.jpg\",\"contentUrl\":\"https:\\\/\\\/static.link2fleet.com\\\/wp-content\\\/uploads\\\/2024\\\/03\\\/ds4-phev-3.jpg\",\"width\":8256,\"height\":5504,\"caption\":\"|\"},{\"@type\":\"BreadcrumbList\",\"@id\":\"https:\\\/\\\/www.link2fleet.com\\\/fr\\\/plug-in-hybride-des-tco-visiblement-plus-eleves-que-prevu\\\/#breadcrumb\",\"itemListElement\":[{\"@type\":\"ListItem\",\"position\":1,\"name\":\"Home\",\"item\":\"https:\\\/\\\/www.link2fleet.com\\\/fr\\\/\"},{\"@type\":\"ListItem\",\"position\":2,\"name\":\"Plug-in hybride: des TCO visiblement plus \u00e9lev\u00e9s que pr\u00e9vu\"}]},{\"@type\":\"WebSite\",\"@id\":\"https:\\\/\\\/www.link2fleet.com\\\/fr\\\/#website\",\"url\":\"https:\\\/\\\/www.link2fleet.com\\\/fr\\\/\",\"name\":\"Link2fleet\",\"description\":\"\",\"publisher\":{\"@id\":\"https:\\\/\\\/www.link2fleet.com\\\/fr\\\/#organization\"},\"potentialAction\":[{\"@type\":\"SearchAction\",\"target\":{\"@type\":\"EntryPoint\",\"urlTemplate\":\"https:\\\/\\\/www.link2fleet.com\\\/fr\\\/?s={search_term_string}\"},\"query-input\":{\"@type\":\"PropertyValueSpecification\",\"valueRequired\":true,\"valueName\":\"search_term_string\"}}],\"inLanguage\":\"fr-FR\"},{\"@type\":\"Organization\",\"@id\":\"https:\\\/\\\/www.link2fleet.com\\\/fr\\\/#organization\",\"name\":\"Link2fleet\",\"url\":\"https:\\\/\\\/www.link2fleet.com\\\/fr\\\/\",\"logo\":{\"@type\":\"ImageObject\",\"inLanguage\":\"fr-FR\",\"@id\":\"https:\\\/\\\/www.link2fleet.com\\\/fr\\\/#\\\/schema\\\/logo\\\/image\\\/\",\"url\":\"https:\\\/\\\/static.link2fleet.com\\\/wp-content\\\/uploads\\\/2024\\\/03\\\/share-image.jpg\",\"contentUrl\":\"https:\\\/\\\/static.link2fleet.com\\\/wp-content\\\/uploads\\\/2024\\\/03\\\/share-image.jpg\",\"width\":1200,\"height\":630,\"caption\":\"Link2fleet\"},\"image\":{\"@id\":\"https:\\\/\\\/www.link2fleet.com\\\/fr\\\/#\\\/schema\\\/logo\\\/image\\\/\"},\"sameAs\":[\"https:\\\/\\\/www.linkedin.com\\\/company\\\/link2fleet-belgium\",\"https:\\\/\\\/www.youtube.com\\\/user\\\/MMMBMBE\"]},{\"@type\":\"Person\",\"@id\":\"https:\\\/\\\/www.link2fleet.com\\\/fr\\\/#\\\/schema\\\/person\\\/a73b1a6636e111a3ae1d30bdb4355970\",\"name\":\"Tony De Mesel\",\"image\":{\"@type\":\"ImageObject\",\"inLanguage\":\"fr-FR\",\"@id\":\"https:\\\/\\\/secure.gravatar.com\\\/avatar\\\/bced047b3634592be18805c447a996d4c44990f7d665dcb5d309a5b2fc330d16?s=96&d=mm&r=g\",\"url\":\"https:\\\/\\\/secure.gravatar.com\\\/avatar\\\/bced047b3634592be18805c447a996d4c44990f7d665dcb5d309a5b2fc330d16?s=96&d=mm&r=g\",\"contentUrl\":\"https:\\\/\\\/secure.gravatar.com\\\/avatar\\\/bced047b3634592be18805c447a996d4c44990f7d665dcb5d309a5b2fc330d16?s=96&d=mm&r=g\",\"caption\":\"Tony De Mesel\"}}]}<\/script>\n<!-- \/ Yoast SEO plugin. -->","yoast_head_json":{"title":"Plug-in hybride: des TCO visiblement plus \u00e9lev\u00e9s que pr\u00e9vu - link2fleet","description":"Avec un v\u00e9hicule plug-in hybride, le TCO est visiblement plus \u00e9lev\u00e9 que pr\u00e9vu et cela est d\u00fb \u00e0 la consommation r\u00e9elle qui peut \u00eatre de\u2026","robots":{"index":"index","follow":"follow","max-snippet":"max-snippet:-1","max-image-preview":"max-image-preview:large","max-video-preview":"max-video-preview:-1"},"og_locale":"fr_FR","og_type":"article","og_title":"Plug-in hybride: des TCO visiblement plus \u00e9lev\u00e9s que pr\u00e9vu - link2fleet","og_description":"Avec un v\u00e9hicule plug-in hybride, le TCO est visiblement plus \u00e9lev\u00e9 que pr\u00e9vu et cela est d\u00fb \u00e0 la consommation r\u00e9elle qui peut \u00eatre de\u2026","og_url":"https:\/\/www.link2fleet.com\/fr\/plug-in-hybride-des-tco-visiblement-plus-eleves-que-prevu\/","og_site_name":"link2fleet","article_published_time":"2021-05-26T07:46:07+00:00","og_image":[{"url":"https:\/\/static.link2fleet.com\/wp-content\/uploads\/2024\/03\/ds4-phev-3.jpg","width":1024,"height":683,"type":"image\/jpeg"}],"author":"Tony De Mesel","twitter_card":"summary_large_image","twitter_description":"Avec un v\u00e9hicule plug-in hybride, le TCO est visiblement plus \u00e9lev\u00e9 que pr\u00e9vu et cela est d\u00fb \u00e0 la consommation r\u00e9elle qui peut \u00eatre de\u2026","twitter_misc":{"\u00c9crit par":"Tony De Mesel","Dur\u00e9e de lecture estim\u00e9e":"3 minutes"},"schema":{"@context":"https:\/\/schema.org","@graph":[{"@type":"Article","@id":"https:\/\/www.link2fleet.com\/fr\/plug-in-hybride-des-tco-visiblement-plus-eleves-que-prevu\/#article","isPartOf":{"@id":"https:\/\/www.link2fleet.com\/fr\/plug-in-hybride-des-tco-visiblement-plus-eleves-que-prevu\/"},"author":{"name":"Tony De Mesel","@id":"https:\/\/www.link2fleet.com\/fr\/#\/schema\/person\/a73b1a6636e111a3ae1d30bdb4355970"},"headline":"Plug-in hybride: des TCO visiblement plus \u00e9lev\u00e9s que pr\u00e9vu","datePublished":"2021-05-26T07:46:07+00:00","mainEntityOfPage":{"@id":"https:\/\/www.link2fleet.com\/fr\/plug-in-hybride-des-tco-visiblement-plus-eleves-que-prevu\/"},"wordCount":635,"publisher":{"@id":"https:\/\/www.link2fleet.com\/fr\/#organization"},"image":{"@id":"https:\/\/www.link2fleet.com\/fr\/plug-in-hybride-des-tco-visiblement-plus-eleves-que-prevu\/#primaryimage"},"thumbnailUrl":"https:\/\/static.link2fleet.com\/wp-content\/uploads\/2024\/03\/ds4-phev-3.jpg","articleSection":["Actus","Gestion carburant et de l'\u00e9nergie","Gestion de flotte"],"inLanguage":"fr-FR"},{"@type":"WebPage","@id":"https:\/\/www.link2fleet.com\/fr\/plug-in-hybride-des-tco-visiblement-plus-eleves-que-prevu\/","url":"https:\/\/www.link2fleet.com\/fr\/plug-in-hybride-des-tco-visiblement-plus-eleves-que-prevu\/","name":"Plug-in hybride: des TCO visiblement plus \u00e9lev\u00e9s que pr\u00e9vu - link2fleet","isPartOf":{"@id":"https:\/\/www.link2fleet.com\/fr\/#website"},"primaryImageOfPage":{"@id":"https:\/\/www.link2fleet.com\/fr\/plug-in-hybride-des-tco-visiblement-plus-eleves-que-prevu\/#primaryimage"},"image":{"@id":"https:\/\/www.link2fleet.com\/fr\/plug-in-hybride-des-tco-visiblement-plus-eleves-que-prevu\/#primaryimage"},"thumbnailUrl":"https:\/\/static.link2fleet.com\/wp-content\/uploads\/2024\/03\/ds4-phev-3.jpg","datePublished":"2021-05-26T07:46:07+00:00","breadcrumb":{"@id":"https:\/\/www.link2fleet.com\/fr\/plug-in-hybride-des-tco-visiblement-plus-eleves-que-prevu\/#breadcrumb"},"inLanguage":"fr-FR","potentialAction":[{"@type":"ReadAction","target":["https:\/\/www.link2fleet.com\/fr\/plug-in-hybride-des-tco-visiblement-plus-eleves-que-prevu\/"]}]},{"@type":"ImageObject","inLanguage":"fr-FR","@id":"https:\/\/www.link2fleet.com\/fr\/plug-in-hybride-des-tco-visiblement-plus-eleves-que-prevu\/#primaryimage","url":"https:\/\/static.link2fleet.com\/wp-content\/uploads\/2024\/03\/ds4-phev-3.jpg","contentUrl":"https:\/\/static.link2fleet.com\/wp-content\/uploads\/2024\/03\/ds4-phev-3.jpg","width":8256,"height":5504,"caption":"|"},{"@type":"BreadcrumbList","@id":"https:\/\/www.link2fleet.com\/fr\/plug-in-hybride-des-tco-visiblement-plus-eleves-que-prevu\/#breadcrumb","itemListElement":[{"@type":"ListItem","position":1,"name":"Home","item":"https:\/\/www.link2fleet.com\/fr\/"},{"@type":"ListItem","position":2,"name":"Plug-in hybride: des TCO visiblement plus \u00e9lev\u00e9s que pr\u00e9vu"}]},{"@type":"WebSite","@id":"https:\/\/www.link2fleet.com\/fr\/#website","url":"https:\/\/www.link2fleet.com\/fr\/","name":"Link2fleet","description":"","publisher":{"@id":"https:\/\/www.link2fleet.com\/fr\/#organization"},"potentialAction":[{"@type":"SearchAction","target":{"@type":"EntryPoint","urlTemplate":"https:\/\/www.link2fleet.com\/fr\/?s={search_term_string}"},"query-input":{"@type":"PropertyValueSpecification","valueRequired":true,"valueName":"search_term_string"}}],"inLanguage":"fr-FR"},{"@type":"Organization","@id":"https:\/\/www.link2fleet.com\/fr\/#organization","name":"Link2fleet","url":"https:\/\/www.link2fleet.com\/fr\/","logo":{"@type":"ImageObject","inLanguage":"fr-FR","@id":"https:\/\/www.link2fleet.com\/fr\/#\/schema\/logo\/image\/","url":"https:\/\/static.link2fleet.com\/wp-content\/uploads\/2024\/03\/share-image.jpg","contentUrl":"https:\/\/static.link2fleet.com\/wp-content\/uploads\/2024\/03\/share-image.jpg","width":1200,"height":630,"caption":"Link2fleet"},"image":{"@id":"https:\/\/www.link2fleet.com\/fr\/#\/schema\/logo\/image\/"},"sameAs":["https:\/\/www.linkedin.com\/company\/link2fleet-belgium","https:\/\/www.youtube.com\/user\/MMMBMBE"]},{"@type":"Person","@id":"https:\/\/www.link2fleet.com\/fr\/#\/schema\/person\/a73b1a6636e111a3ae1d30bdb4355970","name":"Tony De Mesel","image":{"@type":"ImageObject","inLanguage":"fr-FR","@id":"https:\/\/secure.gravatar.com\/avatar\/bced047b3634592be18805c447a996d4c44990f7d665dcb5d309a5b2fc330d16?s=96&d=mm&r=g","url":"https:\/\/secure.gravatar.com\/avatar\/bced047b3634592be18805c447a996d4c44990f7d665dcb5d309a5b2fc330d16?s=96&d=mm&r=g","contentUrl":"https:\/\/secure.gravatar.com\/avatar\/bced047b3634592be18805c447a996d4c44990f7d665dcb5d309a5b2fc330d16?s=96&d=mm&r=g","caption":"Tony De Mesel"}}]}},"_links":{"self":[{"href":"https:\/\/www.link2fleet.com\/fr\/wp-json\/wp\/v2\/posts\/4407","targetHints":{"allow":["GET"]}}],"collection":[{"href":"https:\/\/www.link2fleet.com\/fr\/wp-json\/wp\/v2\/posts"}],"about":[{"href":"https:\/\/www.link2fleet.com\/fr\/wp-json\/wp\/v2\/types\/post"}],"author":[{"embeddable":true,"href":"https:\/\/www.link2fleet.com\/fr\/wp-json\/wp\/v2\/users\/10"}],"replies":[{"embeddable":true,"href":"https:\/\/www.link2fleet.com\/fr\/wp-json\/wp\/v2\/comments?post=4407"}],"version-history":[{"count":0,"href":"https:\/\/www.link2fleet.com\/fr\/wp-json\/wp\/v2\/posts\/4407\/revisions"}],"wp:featuredmedia":[{"embeddable":true,"href":"https:\/\/www.link2fleet.com\/fr\/wp-json\/wp\/v2\/media\/4408"}],"wp:attachment":[{"href":"https:\/\/www.link2fleet.com\/fr\/wp-json\/wp\/v2\/media?parent=4407"}],"wp:term":[{"taxonomy":"category","embeddable":true,"href":"https:\/\/www.link2fleet.com\/fr\/wp-json\/wp\/v2\/categories?post=4407"},{"taxonomy":"post_tag","embeddable":true,"href":"https:\/\/www.link2fleet.com\/fr\/wp-json\/wp\/v2\/tags?post=4407"}],"curies":[{"name":"wp","href":"https:\/\/api.w.org\/{rel}","templated":true}]}}