{"id":4421,"date":"2021-06-02T12:56:20","date_gmt":"2021-06-02T10:56:20","guid":{"rendered":"https:\/\/www.link2fleet.com\/ald-automotive-renforce-la-position-concurrentielle-de-jan-de-nul-sur-le-marche-du-travail\/"},"modified":"2024-04-17T16:49:28","modified_gmt":"2024-04-17T14:49:28","slug":"ald-automotive-renforce-la-position-concurrentielle-de-jan-de-nul-sur-le-marche-du-travail","status":"publish","type":"post","link":"https:\/\/www.link2fleet.com\/fr\/ald-automotive-renforce-la-position-concurrentielle-de-jan-de-nul-sur-le-marche-du-travail\/","title":{"rendered":"ALD Automotive renforce la position concurrentielle de Jan De Nul sur le march\u00e9 du travail"},"content":{"rendered":"<p><strong>Le d\u00e9fi <\/strong><\/p>\n<p><em>Plus de voitures en leasing, moins d&rsquo;\u00e9missions de CO2 <\/em><\/p>\n<p>Jan De Nul est un employeur progressiste. Cette entreprise de dragage de renomm\u00e9e mondiale s&rsquo;efforce d&rsquo;obtenir le meilleur et ne recrute que des ing\u00e9nieurs talentueux. Tous les nouveaux membres du personnel ne peuvent cependant pas pr\u00e9tendre imm\u00e9diatement \u00e0 une voiture de fonction dans leur enveloppe salariale. Afin d&rsquo;entrer sur le march\u00e9 du travail bien \u00e9quip\u00e9, Jan De Nul offre aux nouveaux employ\u00e9s la possibilit\u00e9 de choisir une voiture de leasing en utilisant une partie de leur salaire \u00e0 cette fin via un plan caf\u00e9t\u00e9ria. Cela leur permet de b\u00e9n\u00e9ficier des remises que le Groupe Jan De Nul re\u00e7oit en tant que soci\u00e9t\u00e9 et des conditions favorables d&rsquo;un contrat de location.<\/p>\n<p>En tant que pionnier des parcs \u00e9oliens offshore, Jan De Nul applique une politique d&rsquo;entreprise tr\u00e8s \u00e9cologique et s&rsquo;efforce de r\u00e9duire au maximum les \u00e9missions de CO2, qui s&rsquo;\u00e9l\u00e8vent d\u00e9j\u00e0 en moyenne \u00e0 84 grammes par voiture de location. C&rsquo;est pourquoi Jan De Nul souhaite tout particuli\u00e8rement rendre les voitures vertes attrayantes. Cependant, le prix d&rsquo;achat plus \u00e9lev\u00e9 d&rsquo;une voiture hybride ou \u00e9lectrique signifie que les montants en leasing sont un peu plus \u00e9lev\u00e9s que pour les voitures conventionnelles. Leur intention \u00e9tait donc de rendre les voitures vertes plus accessibles aux nouveaux employ\u00e9s qui n&rsquo;ont pas imm\u00e9diatement droit \u00e0 une voiture de soci\u00e9t\u00e9.<\/p>\n<p><strong>\u00a0La solution<\/strong><\/p>\n<p><em>Le Total Cost of Ownership comme \u00e9l\u00e9ment cl\u00e9<\/em><\/p>\n<p>Rendre possible la location d&rsquo;une voiture verte avec un budget maximum de 650 euros par mois, voil\u00e0 ce que Jan De Nul attendait d&rsquo;ALD Automotive. Cela exigeait de la souplesse, mais la solution consistait \u00e0 conclure des contrats de location bas\u00e9s sur le<em> Total Cost of Ownership<\/em> (TCO). En approchant le prix d&rsquo;une voiture \u00e9lectrique ou d&rsquo;une voiture rechargeable sur base du TCO, le prix d&rsquo;achat plus \u00e9lev\u00e9 des voitures plus \u00e9cologiques sera, gr\u00e2ce \u00e0 des co\u00fbts de consommation plus faibles, conforme \u00e0 long terme au prix des voitures traditionnelles, qui est encore nettement inf\u00e9rieur aujourd&rsquo;hui. Jan De Nul a ainsi combl\u00e9 le foss\u00e9 financier entre le leasing d&rsquo;une voiture classique et celui d&rsquo;une voiture verte. De cette mani\u00e8re, Jan De Nul veut encourager ses employ\u00e9s \u00e0 changer de mentalit\u00e9 et \u00e0 opter pour des voitures plus respectueuses de l&rsquo;environnement.<\/p>\n<p>En incluant ALD 2life Lease dans le plan caf\u00e9t\u00e9ria, une gamme plus large et plus accessible de voitures d&rsquo;occasion confortables entrera \u00e9galement dans le budget des employ\u00e9s. De cette fa\u00e7on, Jan De Nul reste comp\u00e9titif sur le march\u00e9 du travail. \u00ab\u00a0Jan De Nul est une entreprise unique et a une vision progressiste\u00a0\u00bb, d\u00e9clare Benjamin Daels, directeur des ventes et du marketing chez ALD Automotive. \u00ab\u00a0Ils nous ont stimul\u00e9s \u00e0 trouver des id\u00e9es cr\u00e9atives. Nous avons suivi le fil de leurs r\u00e9flexions et avons trouv\u00e9 une solution sur mesure. La plateforme que nous avons d\u00e9velopp\u00e9e offre aux employ\u00e9s de Jan De Nul la possibilit\u00e9 de composer ou de choisir leur propre voiture en fonction de leur budget, en gardant \u00e0 l&rsquo;esprit le TCO et l&rsquo;aspect \u00e9cologique qui est prioritaire dans la vision d&rsquo;entreprise du groupe Jan De Nul.\u00a0\u00bb<\/p>\n<p><strong>L\u2019\u00e9valuation\u00a0\u00a0 <\/strong><\/p>\n<p><em>D\u00e9j\u00e0 convaincu au d\u00e9marrage <\/em><\/p>\n<p>Le projet a connu des d\u00e9buts tr\u00e8s prometteurs. Sur les 350 employ\u00e9s qui peuvent b\u00e9n\u00e9ficier d&rsquo;une voiture de location gr\u00e2ce a plan caf\u00e9t\u00e9ria, 95 en ont d\u00e9j\u00e0 command\u00e9 une. 22 employ\u00e9s ont d\u00e9j\u00e0 opt\u00e9 pour une voiture rechargeable ou \u00e9lectrique. Le plan \u00e9tant un tel succ\u00e8s, 230 employ\u00e9s suppl\u00e9mentaires y seront ajout\u00e9s en janvier 2021. \u00ab\u00a0J&rsquo;ai pris la peine d&rsquo;\u00e9laborer moi-m\u00eame ce qui est maintenant la formule la moins ch\u00e8re\u00a0\u00bb, explique Ben, employ\u00e9 du groupe Jan De Nul. \u00ab\u00a0Gr\u00e2ce \u00e0 cette solution d&rsquo;ALD Automotive, j&rsquo;ai pu louer une meilleure voiture et plus \u00e9cologique avec un budget plus r\u00e9duit.\u00a0\u00bb<\/p>\n<p>La solution propos\u00e9e par ALD Automotive n&rsquo;a pas seulement \u00e9t\u00e9 bien accueillie par les employ\u00e9s, la direction est \u00e9galement convaincue que la collaboration porte d\u00e9j\u00e0 ses fruits. \u00ab\u00a0ALD Automotive a suivi notre histoire d\u00e8s le d\u00e9but et a cherch\u00e9 avec nous, tr\u00e8s rapidement et de mani\u00e8re constructive, une solution sur mesure pour notre entreprise. La personne de contact \u00e9tait toujours disponible et c&rsquo;\u00e9tait un grand avantage pour nous. Au groupe Jan De Nul, nous aimons les processus automatis\u00e9s, ce qui \u00e9tait tr\u00e8s important pour notre plan caf\u00e9t\u00e9ria. L&rsquo;application qu&rsquo;ALD a cr\u00e9\u00e9e pour nous r\u00e9pond \u00e0 toutes nos exigences et s&rsquo;int\u00e8gre parfaitement \u00e0 celle que nous avons d\u00e9velopp\u00e9e nous-m\u00eames pour g\u00e9rer l&rsquo;ensemble de notre flotte\u00a0\u00bb, d\u00e9clare Christof De Waele, responsable de la flotte et des \u00e9quipements au sein du groupe Jan De Nul.<\/p>\n<h1><strong>E-Masterclass: \u00c0 vous le plan caf\u00e9t\u00e9ria <\/strong><\/h1>\n<p>Tout comme le groupe Jan De Nul, de plus en plus d\u2019entreprises int\u00e8grent la mobilit\u00e9 dans un plan caf\u00e9t\u00e9ria afin de maintenir la satisfaction de leurs travailleurs et d\u2019attirer de nouveaux talents. Afin que le plan caf\u00e9taria n\u2019ait plus de secret pour les employeurs, ALD Automotive organise d\u00e8s lors un e-Masterclass le mardi 15 juin de 11h \u00e0 12h, o\u00f9 des orateurs d\u00e9voileront les derni\u00e8res tendances et aideront les participants \u00e0 mettre en place un solide plan caf\u00e9t\u00e9ria en une heure. \u00a0Les inscriptions se font via <a href=\"https:\/\/ald.aldautomotive.com\/e-Masterclass-FIP-fr\">ce lien<\/a>.<\/p>\n","protected":false},"excerpt":{"rendered":"<p>Le d\u00e9fi Plus de voitures en leasing, moins d&rsquo;\u00e9missions de CO2 Jan De Nul est un employeur progressiste. Cette entreprise de dragage de renomm\u00e9e mondiale s&rsquo;efforce d&rsquo;obtenir le meilleur et ne recrute que des ing\u00e9nieurs talentueux. Tous les nouveaux membres du personnel ne peuvent cependant pas pr\u00e9tendre imm\u00e9diatement \u00e0 une voiture de fonction dans leur [&hellip;]<\/p>\n","protected":false},"author":4,"featured_media":4422,"comment_status":"closed","ping_status":"closed","sticky":false,"template":"","format":"standard","meta":{"_acf_changed":false,"footnotes":""},"categories":[91,79],"tags":[],"class_list":["post-4421","post","type-post","status-publish","format-standard","has-post-thumbnail","hentry","category-expertise-et-management","category-societes-de-leasing"],"acf":[],"yoast_head":"<!-- This site is optimized with the Yoast SEO plugin v27.3 - https:\/\/yoast.com\/product\/yoast-seo-wordpress\/ -->\n<title>ALD Automotive renforce la position concurrentielle de Jan De Nul sur le march\u00e9 du travail - link2fleet<\/title>\n<meta name=\"description\" content=\"En tant que leader mondial des solutions de mobilit\u00e9, la r\u00e9flexion hors des sentiers battus fait \u00e9galement partie de l\u2019ADN d\u2019ALD Automotive afin de r\u00e9pondre\u2026\" \/>\n<meta name=\"robots\" content=\"index, follow, max-snippet:-1, max-image-preview:large, max-video-preview:-1\" \/>\n<meta property=\"og:locale\" content=\"fr_FR\" \/>\n<meta property=\"og:type\" content=\"article\" \/>\n<meta property=\"og:title\" content=\"ALD Automotive renforce la position concurrentielle de Jan De Nul sur le march\u00e9 du travail - link2fleet\" \/>\n<meta property=\"og:description\" content=\"En tant que leader mondial des solutions de mobilit\u00e9, la r\u00e9flexion hors des sentiers battus fait \u00e9galement partie de l\u2019ADN d\u2019ALD Automotive afin de r\u00e9pondre\u2026\" \/>\n<meta property=\"og:url\" content=\"https:\/\/www.link2fleet.com\/fr\/ald-automotive-renforce-la-position-concurrentielle-de-jan-de-nul-sur-le-marche-du-travail\/\" \/>\n<meta property=\"og:site_name\" content=\"link2fleet\" \/>\n<meta property=\"article:published_time\" content=\"2021-06-02T10:56:20+00:00\" \/>\n<meta property=\"article:modified_time\" content=\"2024-04-17T14:49:28+00:00\" \/>\n<meta property=\"og:image\" content=\"https:\/\/static.link2fleet.com\/wp-content\/uploads\/2024\/03\/jandenul-export.png\" \/>\n\t<meta property=\"og:image:width\" content=\"1200\" \/>\n\t<meta property=\"og:image:height\" content=\"627\" \/>\n\t<meta property=\"og:image:type\" content=\"image\/png\" \/>\n<meta name=\"author\" content=\"Damien Malvetti\" \/>\n<meta name=\"twitter:card\" content=\"summary_large_image\" \/>\n<meta name=\"twitter:description\" content=\"En tant que leader mondial des solutions de mobilit\u00e9, la r\u00e9flexion hors des sentiers battus fait \u00e9galement partie de l\u2019ADN d\u2019ALD Automotive afin de r\u00e9pondre\u2026\" \/>\n<meta name=\"twitter:label1\" content=\"\u00c9crit par\" \/>\n\t<meta name=\"twitter:data1\" content=\"Damien Malvetti\" \/>\n\t<meta name=\"twitter:label2\" content=\"Dur\u00e9e de lecture estim\u00e9e\" \/>\n\t<meta name=\"twitter:data2\" content=\"5 minutes\" \/>\n<script type=\"application\/ld+json\" class=\"yoast-schema-graph\">{\"@context\":\"https:\\\/\\\/schema.org\",\"@graph\":[{\"@type\":\"Article\",\"@id\":\"https:\\\/\\\/www.link2fleet.com\\\/fr\\\/ald-automotive-renforce-la-position-concurrentielle-de-jan-de-nul-sur-le-marche-du-travail\\\/#article\",\"isPartOf\":{\"@id\":\"https:\\\/\\\/www.link2fleet.com\\\/fr\\\/ald-automotive-renforce-la-position-concurrentielle-de-jan-de-nul-sur-le-marche-du-travail\\\/\"},\"author\":{\"name\":\"Damien Malvetti\",\"@id\":\"https:\\\/\\\/www.link2fleet.com\\\/fr\\\/#\\\/schema\\\/person\\\/027cd46113c78036b3809c9a054049da\"},\"headline\":\"ALD Automotive renforce la position concurrentielle de Jan De Nul sur le march\u00e9 du travail\",\"datePublished\":\"2021-06-02T10:56:20+00:00\",\"dateModified\":\"2024-04-17T14:49:28+00:00\",\"mainEntityOfPage\":{\"@id\":\"https:\\\/\\\/www.link2fleet.com\\\/fr\\\/ald-automotive-renforce-la-position-concurrentielle-de-jan-de-nul-sur-le-marche-du-travail\\\/\"},\"wordCount\":962,\"publisher\":{\"@id\":\"https:\\\/\\\/www.link2fleet.com\\\/fr\\\/#organization\"},\"image\":{\"@id\":\"https:\\\/\\\/www.link2fleet.com\\\/fr\\\/ald-automotive-renforce-la-position-concurrentielle-de-jan-de-nul-sur-le-marche-du-travail\\\/#primaryimage\"},\"thumbnailUrl\":\"https:\\\/\\\/static.link2fleet.com\\\/wp-content\\\/uploads\\\/2024\\\/03\\\/jandenul-export.png\",\"articleSection\":[\"Gestion de flotte\",\"Location long-terme\"],\"inLanguage\":\"fr-FR\"},{\"@type\":\"WebPage\",\"@id\":\"https:\\\/\\\/www.link2fleet.com\\\/fr\\\/ald-automotive-renforce-la-position-concurrentielle-de-jan-de-nul-sur-le-marche-du-travail\\\/\",\"url\":\"https:\\\/\\\/www.link2fleet.com\\\/fr\\\/ald-automotive-renforce-la-position-concurrentielle-de-jan-de-nul-sur-le-marche-du-travail\\\/\",\"name\":\"ALD Automotive renforce la position concurrentielle de Jan De Nul sur le march\u00e9 du travail - link2fleet\",\"isPartOf\":{\"@id\":\"https:\\\/\\\/www.link2fleet.com\\\/fr\\\/#website\"},\"primaryImageOfPage\":{\"@id\":\"https:\\\/\\\/www.link2fleet.com\\\/fr\\\/ald-automotive-renforce-la-position-concurrentielle-de-jan-de-nul-sur-le-marche-du-travail\\\/#primaryimage\"},\"image\":{\"@id\":\"https:\\\/\\\/www.link2fleet.com\\\/fr\\\/ald-automotive-renforce-la-position-concurrentielle-de-jan-de-nul-sur-le-marche-du-travail\\\/#primaryimage\"},\"thumbnailUrl\":\"https:\\\/\\\/static.link2fleet.com\\\/wp-content\\\/uploads\\\/2024\\\/03\\\/jandenul-export.png\",\"datePublished\":\"2021-06-02T10:56:20+00:00\",\"dateModified\":\"2024-04-17T14:49:28+00:00\",\"breadcrumb\":{\"@id\":\"https:\\\/\\\/www.link2fleet.com\\\/fr\\\/ald-automotive-renforce-la-position-concurrentielle-de-jan-de-nul-sur-le-marche-du-travail\\\/#breadcrumb\"},\"inLanguage\":\"fr-FR\",\"potentialAction\":[{\"@type\":\"ReadAction\",\"target\":[\"https:\\\/\\\/www.link2fleet.com\\\/fr\\\/ald-automotive-renforce-la-position-concurrentielle-de-jan-de-nul-sur-le-marche-du-travail\\\/\"]}]},{\"@type\":\"ImageObject\",\"inLanguage\":\"fr-FR\",\"@id\":\"https:\\\/\\\/www.link2fleet.com\\\/fr\\\/ald-automotive-renforce-la-position-concurrentielle-de-jan-de-nul-sur-le-marche-du-travail\\\/#primaryimage\",\"url\":\"https:\\\/\\\/static.link2fleet.com\\\/wp-content\\\/uploads\\\/2024\\\/03\\\/jandenul-export.png\",\"contentUrl\":\"https:\\\/\\\/static.link2fleet.com\\\/wp-content\\\/uploads\\\/2024\\\/03\\\/jandenul-export.png\",\"width\":1200,\"height\":627},{\"@type\":\"BreadcrumbList\",\"@id\":\"https:\\\/\\\/www.link2fleet.com\\\/fr\\\/ald-automotive-renforce-la-position-concurrentielle-de-jan-de-nul-sur-le-marche-du-travail\\\/#breadcrumb\",\"itemListElement\":[{\"@type\":\"ListItem\",\"position\":1,\"name\":\"Home\",\"item\":\"https:\\\/\\\/www.link2fleet.com\\\/fr\\\/\"},{\"@type\":\"ListItem\",\"position\":2,\"name\":\"ALD Automotive renforce la position concurrentielle de Jan De Nul sur le march\u00e9 du travail\"}]},{\"@type\":\"WebSite\",\"@id\":\"https:\\\/\\\/www.link2fleet.com\\\/fr\\\/#website\",\"url\":\"https:\\\/\\\/www.link2fleet.com\\\/fr\\\/\",\"name\":\"Link2fleet\",\"description\":\"\",\"publisher\":{\"@id\":\"https:\\\/\\\/www.link2fleet.com\\\/fr\\\/#organization\"},\"potentialAction\":[{\"@type\":\"SearchAction\",\"target\":{\"@type\":\"EntryPoint\",\"urlTemplate\":\"https:\\\/\\\/www.link2fleet.com\\\/fr\\\/?s={search_term_string}\"},\"query-input\":{\"@type\":\"PropertyValueSpecification\",\"valueRequired\":true,\"valueName\":\"search_term_string\"}}],\"inLanguage\":\"fr-FR\"},{\"@type\":\"Organization\",\"@id\":\"https:\\\/\\\/www.link2fleet.com\\\/fr\\\/#organization\",\"name\":\"Link2fleet\",\"url\":\"https:\\\/\\\/www.link2fleet.com\\\/fr\\\/\",\"logo\":{\"@type\":\"ImageObject\",\"inLanguage\":\"fr-FR\",\"@id\":\"https:\\\/\\\/www.link2fleet.com\\\/fr\\\/#\\\/schema\\\/logo\\\/image\\\/\",\"url\":\"https:\\\/\\\/static.link2fleet.com\\\/wp-content\\\/uploads\\\/2024\\\/03\\\/share-image.jpg\",\"contentUrl\":\"https:\\\/\\\/static.link2fleet.com\\\/wp-content\\\/uploads\\\/2024\\\/03\\\/share-image.jpg\",\"width\":1200,\"height\":630,\"caption\":\"Link2fleet\"},\"image\":{\"@id\":\"https:\\\/\\\/www.link2fleet.com\\\/fr\\\/#\\\/schema\\\/logo\\\/image\\\/\"},\"sameAs\":[\"https:\\\/\\\/www.linkedin.com\\\/company\\\/link2fleet-belgium\",\"https:\\\/\\\/www.youtube.com\\\/user\\\/MMMBMBE\"]},{\"@type\":\"Person\",\"@id\":\"https:\\\/\\\/www.link2fleet.com\\\/fr\\\/#\\\/schema\\\/person\\\/027cd46113c78036b3809c9a054049da\",\"name\":\"Damien Malvetti\",\"image\":{\"@type\":\"ImageObject\",\"inLanguage\":\"fr-FR\",\"@id\":\"https:\\\/\\\/secure.gravatar.com\\\/avatar\\\/dd8cc03b49466c735f753ac37f8caa371af16dfed347456ed61f02883255eebb?s=96&d=mm&r=g\",\"url\":\"https:\\\/\\\/secure.gravatar.com\\\/avatar\\\/dd8cc03b49466c735f753ac37f8caa371af16dfed347456ed61f02883255eebb?s=96&d=mm&r=g\",\"contentUrl\":\"https:\\\/\\\/secure.gravatar.com\\\/avatar\\\/dd8cc03b49466c735f753ac37f8caa371af16dfed347456ed61f02883255eebb?s=96&d=mm&r=g\",\"caption\":\"Damien Malvetti\"},\"description\":\"Damien Malvetti is opgeleid als journalist en gepassioneerd door wagens, technologie en mobiliteit. Hij is verantwoordelijk voor de redactionele inhoud van link2fleet en beschikt over een uitgebreide kennis van de fleet-sector en elektrische mobiliteit.\",\"sameAs\":[\"https:\\\/\\\/www.linkedin.com\\\/in\\\/damien-malvetti-56601142\\\/\"]}]}<\/script>\n<!-- \/ Yoast SEO plugin. -->","yoast_head_json":{"title":"ALD Automotive renforce la position concurrentielle de Jan De Nul sur le march\u00e9 du travail - link2fleet","description":"En tant que leader mondial des solutions de mobilit\u00e9, la r\u00e9flexion hors des sentiers battus fait \u00e9galement partie de l\u2019ADN d\u2019ALD Automotive afin de r\u00e9pondre\u2026","robots":{"index":"index","follow":"follow","max-snippet":"max-snippet:-1","max-image-preview":"max-image-preview:large","max-video-preview":"max-video-preview:-1"},"og_locale":"fr_FR","og_type":"article","og_title":"ALD Automotive renforce la position concurrentielle de Jan De Nul sur le march\u00e9 du travail - link2fleet","og_description":"En tant que leader mondial des solutions de mobilit\u00e9, la r\u00e9flexion hors des sentiers battus fait \u00e9galement partie de l\u2019ADN d\u2019ALD Automotive afin de r\u00e9pondre\u2026","og_url":"https:\/\/www.link2fleet.com\/fr\/ald-automotive-renforce-la-position-concurrentielle-de-jan-de-nul-sur-le-marche-du-travail\/","og_site_name":"link2fleet","article_published_time":"2021-06-02T10:56:20+00:00","article_modified_time":"2024-04-17T14:49:28+00:00","og_image":[{"width":1200,"height":627,"url":"https:\/\/static.link2fleet.com\/wp-content\/uploads\/2024\/03\/jandenul-export.png","type":"image\/png"}],"author":"Damien Malvetti","twitter_card":"summary_large_image","twitter_description":"En tant que leader mondial des solutions de mobilit\u00e9, la r\u00e9flexion hors des sentiers battus fait \u00e9galement partie de l\u2019ADN d\u2019ALD Automotive afin de r\u00e9pondre\u2026","twitter_misc":{"\u00c9crit par":"Damien Malvetti","Dur\u00e9e de lecture estim\u00e9e":"5 minutes"},"schema":{"@context":"https:\/\/schema.org","@graph":[{"@type":"Article","@id":"https:\/\/www.link2fleet.com\/fr\/ald-automotive-renforce-la-position-concurrentielle-de-jan-de-nul-sur-le-marche-du-travail\/#article","isPartOf":{"@id":"https:\/\/www.link2fleet.com\/fr\/ald-automotive-renforce-la-position-concurrentielle-de-jan-de-nul-sur-le-marche-du-travail\/"},"author":{"name":"Damien Malvetti","@id":"https:\/\/www.link2fleet.com\/fr\/#\/schema\/person\/027cd46113c78036b3809c9a054049da"},"headline":"ALD Automotive renforce la position concurrentielle de Jan De Nul sur le march\u00e9 du travail","datePublished":"2021-06-02T10:56:20+00:00","dateModified":"2024-04-17T14:49:28+00:00","mainEntityOfPage":{"@id":"https:\/\/www.link2fleet.com\/fr\/ald-automotive-renforce-la-position-concurrentielle-de-jan-de-nul-sur-le-marche-du-travail\/"},"wordCount":962,"publisher":{"@id":"https:\/\/www.link2fleet.com\/fr\/#organization"},"image":{"@id":"https:\/\/www.link2fleet.com\/fr\/ald-automotive-renforce-la-position-concurrentielle-de-jan-de-nul-sur-le-marche-du-travail\/#primaryimage"},"thumbnailUrl":"https:\/\/static.link2fleet.com\/wp-content\/uploads\/2024\/03\/jandenul-export.png","articleSection":["Gestion de flotte","Location long-terme"],"inLanguage":"fr-FR"},{"@type":"WebPage","@id":"https:\/\/www.link2fleet.com\/fr\/ald-automotive-renforce-la-position-concurrentielle-de-jan-de-nul-sur-le-marche-du-travail\/","url":"https:\/\/www.link2fleet.com\/fr\/ald-automotive-renforce-la-position-concurrentielle-de-jan-de-nul-sur-le-marche-du-travail\/","name":"ALD Automotive renforce la position concurrentielle de Jan De Nul sur le march\u00e9 du travail - link2fleet","isPartOf":{"@id":"https:\/\/www.link2fleet.com\/fr\/#website"},"primaryImageOfPage":{"@id":"https:\/\/www.link2fleet.com\/fr\/ald-automotive-renforce-la-position-concurrentielle-de-jan-de-nul-sur-le-marche-du-travail\/#primaryimage"},"image":{"@id":"https:\/\/www.link2fleet.com\/fr\/ald-automotive-renforce-la-position-concurrentielle-de-jan-de-nul-sur-le-marche-du-travail\/#primaryimage"},"thumbnailUrl":"https:\/\/static.link2fleet.com\/wp-content\/uploads\/2024\/03\/jandenul-export.png","datePublished":"2021-06-02T10:56:20+00:00","dateModified":"2024-04-17T14:49:28+00:00","breadcrumb":{"@id":"https:\/\/www.link2fleet.com\/fr\/ald-automotive-renforce-la-position-concurrentielle-de-jan-de-nul-sur-le-marche-du-travail\/#breadcrumb"},"inLanguage":"fr-FR","potentialAction":[{"@type":"ReadAction","target":["https:\/\/www.link2fleet.com\/fr\/ald-automotive-renforce-la-position-concurrentielle-de-jan-de-nul-sur-le-marche-du-travail\/"]}]},{"@type":"ImageObject","inLanguage":"fr-FR","@id":"https:\/\/www.link2fleet.com\/fr\/ald-automotive-renforce-la-position-concurrentielle-de-jan-de-nul-sur-le-marche-du-travail\/#primaryimage","url":"https:\/\/static.link2fleet.com\/wp-content\/uploads\/2024\/03\/jandenul-export.png","contentUrl":"https:\/\/static.link2fleet.com\/wp-content\/uploads\/2024\/03\/jandenul-export.png","width":1200,"height":627},{"@type":"BreadcrumbList","@id":"https:\/\/www.link2fleet.com\/fr\/ald-automotive-renforce-la-position-concurrentielle-de-jan-de-nul-sur-le-marche-du-travail\/#breadcrumb","itemListElement":[{"@type":"ListItem","position":1,"name":"Home","item":"https:\/\/www.link2fleet.com\/fr\/"},{"@type":"ListItem","position":2,"name":"ALD Automotive renforce la position concurrentielle de Jan De Nul sur le march\u00e9 du travail"}]},{"@type":"WebSite","@id":"https:\/\/www.link2fleet.com\/fr\/#website","url":"https:\/\/www.link2fleet.com\/fr\/","name":"Link2fleet","description":"","publisher":{"@id":"https:\/\/www.link2fleet.com\/fr\/#organization"},"potentialAction":[{"@type":"SearchAction","target":{"@type":"EntryPoint","urlTemplate":"https:\/\/www.link2fleet.com\/fr\/?s={search_term_string}"},"query-input":{"@type":"PropertyValueSpecification","valueRequired":true,"valueName":"search_term_string"}}],"inLanguage":"fr-FR"},{"@type":"Organization","@id":"https:\/\/www.link2fleet.com\/fr\/#organization","name":"Link2fleet","url":"https:\/\/www.link2fleet.com\/fr\/","logo":{"@type":"ImageObject","inLanguage":"fr-FR","@id":"https:\/\/www.link2fleet.com\/fr\/#\/schema\/logo\/image\/","url":"https:\/\/static.link2fleet.com\/wp-content\/uploads\/2024\/03\/share-image.jpg","contentUrl":"https:\/\/static.link2fleet.com\/wp-content\/uploads\/2024\/03\/share-image.jpg","width":1200,"height":630,"caption":"Link2fleet"},"image":{"@id":"https:\/\/www.link2fleet.com\/fr\/#\/schema\/logo\/image\/"},"sameAs":["https:\/\/www.linkedin.com\/company\/link2fleet-belgium","https:\/\/www.youtube.com\/user\/MMMBMBE"]},{"@type":"Person","@id":"https:\/\/www.link2fleet.com\/fr\/#\/schema\/person\/027cd46113c78036b3809c9a054049da","name":"Damien Malvetti","image":{"@type":"ImageObject","inLanguage":"fr-FR","@id":"https:\/\/secure.gravatar.com\/avatar\/dd8cc03b49466c735f753ac37f8caa371af16dfed347456ed61f02883255eebb?s=96&d=mm&r=g","url":"https:\/\/secure.gravatar.com\/avatar\/dd8cc03b49466c735f753ac37f8caa371af16dfed347456ed61f02883255eebb?s=96&d=mm&r=g","contentUrl":"https:\/\/secure.gravatar.com\/avatar\/dd8cc03b49466c735f753ac37f8caa371af16dfed347456ed61f02883255eebb?s=96&d=mm&r=g","caption":"Damien Malvetti"},"description":"Damien Malvetti is opgeleid als journalist en gepassioneerd door wagens, technologie en mobiliteit. Hij is verantwoordelijk voor de redactionele inhoud van link2fleet en beschikt over een uitgebreide kennis van de fleet-sector en elektrische mobiliteit.","sameAs":["https:\/\/www.linkedin.com\/in\/damien-malvetti-56601142\/"]}]}},"_links":{"self":[{"href":"https:\/\/www.link2fleet.com\/fr\/wp-json\/wp\/v2\/posts\/4421","targetHints":{"allow":["GET"]}}],"collection":[{"href":"https:\/\/www.link2fleet.com\/fr\/wp-json\/wp\/v2\/posts"}],"about":[{"href":"https:\/\/www.link2fleet.com\/fr\/wp-json\/wp\/v2\/types\/post"}],"author":[{"embeddable":true,"href":"https:\/\/www.link2fleet.com\/fr\/wp-json\/wp\/v2\/users\/4"}],"replies":[{"embeddable":true,"href":"https:\/\/www.link2fleet.com\/fr\/wp-json\/wp\/v2\/comments?post=4421"}],"version-history":[{"count":0,"href":"https:\/\/www.link2fleet.com\/fr\/wp-json\/wp\/v2\/posts\/4421\/revisions"}],"wp:featuredmedia":[{"embeddable":true,"href":"https:\/\/www.link2fleet.com\/fr\/wp-json\/wp\/v2\/media\/4422"}],"wp:attachment":[{"href":"https:\/\/www.link2fleet.com\/fr\/wp-json\/wp\/v2\/media?parent=4421"}],"wp:term":[{"taxonomy":"category","embeddable":true,"href":"https:\/\/www.link2fleet.com\/fr\/wp-json\/wp\/v2\/categories?post=4421"},{"taxonomy":"post_tag","embeddable":true,"href":"https:\/\/www.link2fleet.com\/fr\/wp-json\/wp\/v2\/tags?post=4421"}],"curies":[{"name":"wp","href":"https:\/\/api.w.org\/{rel}","templated":true}]}}