{"id":4434,"date":"2021-06-08T10:16:30","date_gmt":"2021-06-08T08:16:30","guid":{"rendered":"https:\/\/www.link2fleet.com\/avec-alphaelectric-alphabet-est-deja-pret-pour-la-transition-energetique-dici-2026\/"},"modified":"2024-04-17T16:49:27","modified_gmt":"2024-04-17T14:49:27","slug":"avec-alphaelectric-alphabet-est-deja-pret-pour-la-transition-energetique-dici-2026","status":"publish","type":"post","link":"https:\/\/www.link2fleet.com\/fr\/avec-alphaelectric-alphabet-est-deja-pret-pour-la-transition-energetique-dici-2026\/","title":{"rendered":"Avec AlphaElectric, Alphabet est d\u00e9j\u00e0 pr\u00eat pour la transition \u00e9nerg\u00e9tique d\u2019ici 2026"},"content":{"rendered":"<p>Alphabet a r\u00e9cemment lanc\u00e9 un outil en ligne qui fournit des conseils pr\u00e9liminaires sur la base de quelques questions simples mais essentielles sur l\u2019utilisation de v\u00e9hicules \u00e9lectriques. Cet<a href=\"https:\/\/www.alphabet.com\/fr-be\/alphaelectric-tool\"> outil en ligne<\/a> est disponible sur le site Web d&rsquo;Alphabet et offre une orientation initiale aux gestionnaires de flotte. Il examine s&rsquo;il est possible et suffisamment int\u00e9ressant de passer \u00e0 la conduite \u00e9lectrique. Les deux facteurs les plus importants sont : l&rsquo;endroit o\u00f9 le conducteur peut recharger le v\u00e9hicule et son mode de d\u00e9placement quotidien. En outre, vous pouvez \u00e9galement t\u00e9l\u00e9charger un<a href=\"https:\/\/www.alphabet.com\/fr-be\/demandez-gratuitement-alphaelectric-eguide\"> e-guide<\/a> pratique qui donne un aper\u00e7u des aspects \u00e0 prendre en compte lors de l&rsquo;int\u00e9gration des voitures \u00e9lectriques, des hybrides rechargeables et de l&rsquo;infrastructure de recharge li\u00e9e \u00e0 la flotte. Les outils Alphabet disponibles fournissent une premi\u00e8re recommandation, mais les clients peuvent n\u00e9anmoins contacter les conseillers Alphabet pour des offres personnalis\u00e9s, plus d\u00e9taill\u00e9es, et un accompagnement tout au long du processus d&rsquo;eMobilit\u00e9.<\/p>\n<p>&nbsp;<\/p>\n<p><strong>Bien plus que des voitures neuves<\/strong><\/p>\n<p><a href=\"https:\/\/www.link2fleet.com\/wp-content\/uploads\/2021\/06\/Alphabet-link2fleet-visual-landscape5.jpg\"><img loading=\"lazy\" decoding=\"async\" class=\"alignleft size-medium wp-image-1268796\" src=\"https:\/\/www.link2fleet.com\/wp-content\/uploads\/2021\/06\/Alphabet-link2fleet-visual-landscape5-300x197.jpg\" alt=\"\" width=\"300\" height=\"197\" \/><\/a>Chez Alphabet, on sait tr\u00e8s bien que la transition \u00e9lectrique des entreprises est beaucoup plus complexe que la simple commande de quelques nouvelles voitures rechargeables. \u00ab\u00a0Il faut une infrastructure de recharge adapt\u00e9e au bureau et\/ou au domicile de l&#8217;employ\u00e9\u00a0\u00bb, explique Olivier. Alphabet examine avec les clients qui se montrent int\u00e9ress\u00e9s si l&rsquo;entreprise et ses employ\u00e9s sont pr\u00eats pour la voiture rechargeable. Peut-on recharger \u00e0 la maison ? Combien de kilom\u00e8tres parcourent-ils chaque jour ? Ont-ils le temps de se recharger pendant une demi-heure lorsqu&rsquo;ils sont en d\u00e9placement ? Ce ne sont l\u00e0 que quelques-unes des questions qu&rsquo;Alphabet examine avec le client pour savoir s&rsquo;il est pr\u00eat \u00e0 se lancer dans l&rsquo;aventure. Les experts d&rsquo;Alphabet \u00e9laborent un plan personnalis\u00e9 qui prend en compte les param\u00e8tres de mobilit\u00e9 importants pour le client (prix, r\u00e9mun\u00e9ration, durabilit\u00e9) et soup\u00e8se soigneusement les int\u00e9r\u00eats de l&rsquo;entreprise et des conducteurs. En outre, ils peuvent \u00e9galement fournir des informations actualis\u00e9es sur la fiscalit\u00e9 et la l\u00e9gislation en vigueur et aider le gestionnaire de flotte \u00e0 adapter la politique en mati\u00e8re de v\u00e9hicules et de mobilit\u00e9. AlphaElectric propose \u00e9galement des solutions de recharge pour les employ\u00e9s \u00e0 domicile ou pour une station de recharge \u00e0 plus grande \u00e9chelle chez le client, elle travaille avec son partenaire Eneco. Gr\u00e2ce \u00e0 Eneco, le partenaire d&rsquo;Alphabet, qui fournit de l&rsquo;\u00e9nergie 100 % verte, il est possible de conduire de mani\u00e8re neutre en CO2 avec AlphaElectric, de la charge \u00e0 la conduite.<\/p>\n<p>&nbsp;<\/p>\n<p><strong>Le facteur psychologique<\/strong><\/p>\n<p><a href=\"https:\/\/www.link2fleet.com\/wp-content\/uploads\/2021\/06\/Alphabet-link2fleet-visual-landscape4.jpg\"><img loading=\"lazy\" decoding=\"async\" class=\"alignright size-medium wp-image-1268794\" src=\"https:\/\/www.link2fleet.com\/wp-content\/uploads\/2021\/06\/Alphabet-link2fleet-visual-landscape4-300x197.jpg\" alt=\"\" width=\"300\" height=\"197\" \/><\/a>Un facteur souvent oubli\u00e9 dans la transition \u00e9lectrique est la barri\u00e8re psychologique que les employeurs et les employ\u00e9s doivent surmonter. D&rsquo;une part parce que la conduite \u00e9lectrique est tout simplement nouvelle, ce qui entra\u00eene parfois une m\u00e9fiance spontan\u00e9e. Et d&rsquo;autre part, parce qu&rsquo;il ne faut pas sous-estimer le fait que les voitures \u00e0 batterie n\u00e9cessitent un peu plus de planification. \u00ab\u00a0Vous ne pouvez pas entrer dans une station-service avec une batterie \u00e0 plat et reprendre votre route cinq minutes plus tard. Et beaucoup de gens choisissent encore leur voiture pour les seules vacances dans le sud chaque ann\u00e9e\u00a0\u00bb, note Olivier. En d&rsquo;autres termes : si un VE suffit pour 50 semaines par an et pas pour deux semaines, c&rsquo;est souvent d\u00e9j\u00e0 un gros obstacle psychologique.<\/p>\n<p>AlphaElectric propose donc certaines options dans les contrats de leasing, qui permettent aux clients de disposer d&rsquo;une voiture diff\u00e9rente un ou plusieurs jours par an.<\/p>\n<p>&nbsp;<\/p>\n<p>\u00ab\u00a0Ne sous-estimez pas la vitesse \u00e0 laquelle l&rsquo;offre augmente. Il ne se passe pas une semaine sans qu&rsquo;une nouvelle voiture \u00e9lectrique apparaisse sur le march\u00e9. Les prix baissent, l&rsquo;autonomie augmente et les recharges sont de plus en plus rapides. 2026 n&rsquo;est pas si loin, mais dans ces cinq ann\u00e9es, le march\u00e9 aura consid\u00e9rablement \u00e9volu\u00e9. Quoi qu&rsquo;il en soit, en tant que fournisseur de mobilit\u00e9, nous sommes tout \u00e0 fait pr\u00eats pour une mobilit\u00e9 neutre en carbone. Et avec AlphaElectric, nous faisons tout pour que la transition soit la plus douce possible pour nos clients, tant sur le plan pratique que psychologique, lorsqu&rsquo;ils seront pr\u00eats, sans leur imposer une solution pour laquelle ils ne sont pas encore pr\u00eats\u00a0\u00bb conclut Olivier Fran\u00e7ois.<\/p>\n<p>&nbsp;<\/p>\n<p>Plus d\u2019infos sur AlphaElectric\u00a0? <a href=\"https:\/\/www.alphabet.com\/fr-be\/des-produits\/alphaelectric\">https:\/\/www.alphabet.com\/fr-be\/des-produits\/alphaelectric<\/a><\/p>\n<p>&nbsp;<\/p>\n<p>https:\/\/youtu.be\/jMybBNpIFv0<\/p>\n<p>&nbsp;<\/p>\n","protected":false},"excerpt":{"rendered":"<p>Alphabet a r\u00e9cemment lanc\u00e9 un outil en ligne qui fournit des conseils pr\u00e9liminaires sur la base de quelques questions simples mais essentielles sur l\u2019utilisation de v\u00e9hicules \u00e9lectriques. Cet outil en ligne est disponible sur le site Web d&rsquo;Alphabet et offre une orientation initiale aux gestionnaires de flotte. Il examine s&rsquo;il est possible et suffisamment int\u00e9ressant [&hellip;]<\/p>\n","protected":false},"author":4,"featured_media":4435,"comment_status":"closed","ping_status":"closed","sticky":false,"template":"","format":"standard","meta":{"_acf_changed":false,"footnotes":""},"categories":[91,79],"tags":[],"class_list":["post-4434","post","type-post","status-publish","format-standard","has-post-thumbnail","hentry","category-expertise-et-management","category-societes-de-leasing"],"acf":[],"yoast_head":"<!-- This site is optimized with the Yoast SEO plugin v27.3 - https:\/\/yoast.com\/product\/yoast-seo-wordpress\/ -->\n<title>Avec AlphaElectric, Alphabet est d\u00e9j\u00e0 pr\u00eat pour la transition \u00e9nerg\u00e9tique d\u2019ici 2026 - link2fleet<\/title>\n<meta name=\"description\" content=\"Alphabet propose d\u00e9j\u00e0 depuis 2013 des v\u00e9hicules \u00e9lectriques via son offre AlphaElectric. \u00ab\u00a0C\u2019\u00e9tait peut-\u00eatre un peu trop t\u00f4t \u00e0 l\u2019\u00e9poque\u00a0\u00bb, reconna\u00eet Olivier Fran\u00e7ois, Manager Marketing\u2026\" \/>\n<meta name=\"robots\" content=\"index, follow, max-snippet:-1, max-image-preview:large, max-video-preview:-1\" \/>\n<meta property=\"og:locale\" content=\"fr_FR\" \/>\n<meta property=\"og:type\" content=\"article\" \/>\n<meta property=\"og:title\" content=\"Avec AlphaElectric, Alphabet est d\u00e9j\u00e0 pr\u00eat pour la transition \u00e9nerg\u00e9tique d\u2019ici 2026 - link2fleet\" \/>\n<meta property=\"og:description\" content=\"Alphabet propose d\u00e9j\u00e0 depuis 2013 des v\u00e9hicules \u00e9lectriques via son offre AlphaElectric. \u00ab\u00a0C\u2019\u00e9tait peut-\u00eatre un peu trop t\u00f4t \u00e0 l\u2019\u00e9poque\u00a0\u00bb, reconna\u00eet Olivier Fran\u00e7ois, Manager Marketing\u2026\" \/>\n<meta property=\"og:url\" content=\"https:\/\/www.link2fleet.com\/fr\/avec-alphaelectric-alphabet-est-deja-pret-pour-la-transition-energetique-dici-2026\/\" \/>\n<meta property=\"og:site_name\" content=\"link2fleet\" \/>\n<meta property=\"article:published_time\" content=\"2021-06-08T08:16:30+00:00\" \/>\n<meta property=\"article:modified_time\" content=\"2024-04-17T14:49:27+00:00\" \/>\n<meta property=\"og:image\" content=\"https:\/\/static.link2fleet.com\/wp-content\/uploads\/2024\/03\/alphabet-link2fleet-visual-landscape.jpg\" \/>\n\t<meta property=\"og:image:width\" content=\"2233\" \/>\n\t<meta property=\"og:image:height\" content=\"1467\" \/>\n\t<meta property=\"og:image:type\" content=\"image\/jpeg\" \/>\n<meta name=\"author\" content=\"Damien Malvetti\" \/>\n<meta name=\"twitter:card\" content=\"summary_large_image\" \/>\n<meta name=\"twitter:description\" content=\"Alphabet propose d\u00e9j\u00e0 depuis 2013 des v\u00e9hicules \u00e9lectriques via son offre AlphaElectric. \u00ab\u00a0C\u2019\u00e9tait peut-\u00eatre un peu trop t\u00f4t \u00e0 l\u2019\u00e9poque\u00a0\u00bb, reconna\u00eet Olivier Fran\u00e7ois, Manager Marketing\u2026\" \/>\n<meta name=\"twitter:label1\" content=\"\u00c9crit par\" \/>\n\t<meta name=\"twitter:data1\" content=\"Damien Malvetti\" \/>\n\t<meta name=\"twitter:label2\" content=\"Dur\u00e9e de lecture estim\u00e9e\" \/>\n\t<meta name=\"twitter:data2\" content=\"4 minutes\" \/>\n<script type=\"application\/ld+json\" class=\"yoast-schema-graph\">{\"@context\":\"https:\\\/\\\/schema.org\",\"@graph\":[{\"@type\":\"Article\",\"@id\":\"https:\\\/\\\/www.link2fleet.com\\\/fr\\\/avec-alphaelectric-alphabet-est-deja-pret-pour-la-transition-energetique-dici-2026\\\/#article\",\"isPartOf\":{\"@id\":\"https:\\\/\\\/www.link2fleet.com\\\/fr\\\/avec-alphaelectric-alphabet-est-deja-pret-pour-la-transition-energetique-dici-2026\\\/\"},\"author\":{\"name\":\"Damien Malvetti\",\"@id\":\"https:\\\/\\\/www.link2fleet.com\\\/fr\\\/#\\\/schema\\\/person\\\/027cd46113c78036b3809c9a054049da\"},\"headline\":\"Avec AlphaElectric, Alphabet est d\u00e9j\u00e0 pr\u00eat pour la transition \u00e9nerg\u00e9tique d\u2019ici 2026\",\"datePublished\":\"2021-06-08T08:16:30+00:00\",\"dateModified\":\"2024-04-17T14:49:27+00:00\",\"mainEntityOfPage\":{\"@id\":\"https:\\\/\\\/www.link2fleet.com\\\/fr\\\/avec-alphaelectric-alphabet-est-deja-pret-pour-la-transition-energetique-dici-2026\\\/\"},\"wordCount\":767,\"publisher\":{\"@id\":\"https:\\\/\\\/www.link2fleet.com\\\/fr\\\/#organization\"},\"image\":{\"@id\":\"https:\\\/\\\/www.link2fleet.com\\\/fr\\\/avec-alphaelectric-alphabet-est-deja-pret-pour-la-transition-energetique-dici-2026\\\/#primaryimage\"},\"thumbnailUrl\":\"https:\\\/\\\/static.link2fleet.com\\\/wp-content\\\/uploads\\\/2024\\\/03\\\/alphabet-link2fleet-visual-landscape.jpg\",\"articleSection\":[\"Gestion de flotte\",\"Location long-terme\"],\"inLanguage\":\"fr-FR\"},{\"@type\":\"WebPage\",\"@id\":\"https:\\\/\\\/www.link2fleet.com\\\/fr\\\/avec-alphaelectric-alphabet-est-deja-pret-pour-la-transition-energetique-dici-2026\\\/\",\"url\":\"https:\\\/\\\/www.link2fleet.com\\\/fr\\\/avec-alphaelectric-alphabet-est-deja-pret-pour-la-transition-energetique-dici-2026\\\/\",\"name\":\"Avec AlphaElectric, Alphabet est d\u00e9j\u00e0 pr\u00eat pour la transition \u00e9nerg\u00e9tique d\u2019ici 2026 - link2fleet\",\"isPartOf\":{\"@id\":\"https:\\\/\\\/www.link2fleet.com\\\/fr\\\/#website\"},\"primaryImageOfPage\":{\"@id\":\"https:\\\/\\\/www.link2fleet.com\\\/fr\\\/avec-alphaelectric-alphabet-est-deja-pret-pour-la-transition-energetique-dici-2026\\\/#primaryimage\"},\"image\":{\"@id\":\"https:\\\/\\\/www.link2fleet.com\\\/fr\\\/avec-alphaelectric-alphabet-est-deja-pret-pour-la-transition-energetique-dici-2026\\\/#primaryimage\"},\"thumbnailUrl\":\"https:\\\/\\\/static.link2fleet.com\\\/wp-content\\\/uploads\\\/2024\\\/03\\\/alphabet-link2fleet-visual-landscape.jpg\",\"datePublished\":\"2021-06-08T08:16:30+00:00\",\"dateModified\":\"2024-04-17T14:49:27+00:00\",\"breadcrumb\":{\"@id\":\"https:\\\/\\\/www.link2fleet.com\\\/fr\\\/avec-alphaelectric-alphabet-est-deja-pret-pour-la-transition-energetique-dici-2026\\\/#breadcrumb\"},\"inLanguage\":\"fr-FR\",\"potentialAction\":[{\"@type\":\"ReadAction\",\"target\":[\"https:\\\/\\\/www.link2fleet.com\\\/fr\\\/avec-alphaelectric-alphabet-est-deja-pret-pour-la-transition-energetique-dici-2026\\\/\"]}]},{\"@type\":\"ImageObject\",\"inLanguage\":\"fr-FR\",\"@id\":\"https:\\\/\\\/www.link2fleet.com\\\/fr\\\/avec-alphaelectric-alphabet-est-deja-pret-pour-la-transition-energetique-dici-2026\\\/#primaryimage\",\"url\":\"https:\\\/\\\/static.link2fleet.com\\\/wp-content\\\/uploads\\\/2024\\\/03\\\/alphabet-link2fleet-visual-landscape.jpg\",\"contentUrl\":\"https:\\\/\\\/static.link2fleet.com\\\/wp-content\\\/uploads\\\/2024\\\/03\\\/alphabet-link2fleet-visual-landscape.jpg\",\"width\":2233,\"height\":1467,\"caption\":\"|||||\"},{\"@type\":\"BreadcrumbList\",\"@id\":\"https:\\\/\\\/www.link2fleet.com\\\/fr\\\/avec-alphaelectric-alphabet-est-deja-pret-pour-la-transition-energetique-dici-2026\\\/#breadcrumb\",\"itemListElement\":[{\"@type\":\"ListItem\",\"position\":1,\"name\":\"Home\",\"item\":\"https:\\\/\\\/www.link2fleet.com\\\/fr\\\/\"},{\"@type\":\"ListItem\",\"position\":2,\"name\":\"Avec AlphaElectric, Alphabet est d\u00e9j\u00e0 pr\u00eat pour la transition \u00e9nerg\u00e9tique d\u2019ici 2026\"}]},{\"@type\":\"WebSite\",\"@id\":\"https:\\\/\\\/www.link2fleet.com\\\/fr\\\/#website\",\"url\":\"https:\\\/\\\/www.link2fleet.com\\\/fr\\\/\",\"name\":\"Link2fleet\",\"description\":\"\",\"publisher\":{\"@id\":\"https:\\\/\\\/www.link2fleet.com\\\/fr\\\/#organization\"},\"potentialAction\":[{\"@type\":\"SearchAction\",\"target\":{\"@type\":\"EntryPoint\",\"urlTemplate\":\"https:\\\/\\\/www.link2fleet.com\\\/fr\\\/?s={search_term_string}\"},\"query-input\":{\"@type\":\"PropertyValueSpecification\",\"valueRequired\":true,\"valueName\":\"search_term_string\"}}],\"inLanguage\":\"fr-FR\"},{\"@type\":\"Organization\",\"@id\":\"https:\\\/\\\/www.link2fleet.com\\\/fr\\\/#organization\",\"name\":\"Link2fleet\",\"url\":\"https:\\\/\\\/www.link2fleet.com\\\/fr\\\/\",\"logo\":{\"@type\":\"ImageObject\",\"inLanguage\":\"fr-FR\",\"@id\":\"https:\\\/\\\/www.link2fleet.com\\\/fr\\\/#\\\/schema\\\/logo\\\/image\\\/\",\"url\":\"https:\\\/\\\/static.link2fleet.com\\\/wp-content\\\/uploads\\\/2024\\\/03\\\/share-image.jpg\",\"contentUrl\":\"https:\\\/\\\/static.link2fleet.com\\\/wp-content\\\/uploads\\\/2024\\\/03\\\/share-image.jpg\",\"width\":1200,\"height\":630,\"caption\":\"Link2fleet\"},\"image\":{\"@id\":\"https:\\\/\\\/www.link2fleet.com\\\/fr\\\/#\\\/schema\\\/logo\\\/image\\\/\"},\"sameAs\":[\"https:\\\/\\\/www.linkedin.com\\\/company\\\/link2fleet-belgium\",\"https:\\\/\\\/www.youtube.com\\\/user\\\/MMMBMBE\"]},{\"@type\":\"Person\",\"@id\":\"https:\\\/\\\/www.link2fleet.com\\\/fr\\\/#\\\/schema\\\/person\\\/027cd46113c78036b3809c9a054049da\",\"name\":\"Damien Malvetti\",\"image\":{\"@type\":\"ImageObject\",\"inLanguage\":\"fr-FR\",\"@id\":\"https:\\\/\\\/secure.gravatar.com\\\/avatar\\\/dd8cc03b49466c735f753ac37f8caa371af16dfed347456ed61f02883255eebb?s=96&d=mm&r=g\",\"url\":\"https:\\\/\\\/secure.gravatar.com\\\/avatar\\\/dd8cc03b49466c735f753ac37f8caa371af16dfed347456ed61f02883255eebb?s=96&d=mm&r=g\",\"contentUrl\":\"https:\\\/\\\/secure.gravatar.com\\\/avatar\\\/dd8cc03b49466c735f753ac37f8caa371af16dfed347456ed61f02883255eebb?s=96&d=mm&r=g\",\"caption\":\"Damien Malvetti\"},\"description\":\"Damien Malvetti is opgeleid als journalist en gepassioneerd door wagens, technologie en mobiliteit. Hij is verantwoordelijk voor de redactionele inhoud van link2fleet en beschikt over een uitgebreide kennis van de fleet-sector en elektrische mobiliteit.\",\"sameAs\":[\"https:\\\/\\\/www.linkedin.com\\\/in\\\/damien-malvetti-56601142\\\/\"]}]}<\/script>\n<!-- \/ Yoast SEO plugin. -->","yoast_head_json":{"title":"Avec AlphaElectric, Alphabet est d\u00e9j\u00e0 pr\u00eat pour la transition \u00e9nerg\u00e9tique d\u2019ici 2026 - link2fleet","description":"Alphabet propose d\u00e9j\u00e0 depuis 2013 des v\u00e9hicules \u00e9lectriques via son offre AlphaElectric. \u00ab\u00a0C\u2019\u00e9tait peut-\u00eatre un peu trop t\u00f4t \u00e0 l\u2019\u00e9poque\u00a0\u00bb, reconna\u00eet Olivier Fran\u00e7ois, Manager Marketing\u2026","robots":{"index":"index","follow":"follow","max-snippet":"max-snippet:-1","max-image-preview":"max-image-preview:large","max-video-preview":"max-video-preview:-1"},"og_locale":"fr_FR","og_type":"article","og_title":"Avec AlphaElectric, Alphabet est d\u00e9j\u00e0 pr\u00eat pour la transition \u00e9nerg\u00e9tique d\u2019ici 2026 - link2fleet","og_description":"Alphabet propose d\u00e9j\u00e0 depuis 2013 des v\u00e9hicules \u00e9lectriques via son offre AlphaElectric. \u00ab\u00a0C\u2019\u00e9tait peut-\u00eatre un peu trop t\u00f4t \u00e0 l\u2019\u00e9poque\u00a0\u00bb, reconna\u00eet Olivier Fran\u00e7ois, Manager Marketing\u2026","og_url":"https:\/\/www.link2fleet.com\/fr\/avec-alphaelectric-alphabet-est-deja-pret-pour-la-transition-energetique-dici-2026\/","og_site_name":"link2fleet","article_published_time":"2021-06-08T08:16:30+00:00","article_modified_time":"2024-04-17T14:49:27+00:00","og_image":[{"width":2233,"height":1467,"url":"https:\/\/static.link2fleet.com\/wp-content\/uploads\/2024\/03\/alphabet-link2fleet-visual-landscape.jpg","type":"image\/jpeg"}],"author":"Damien Malvetti","twitter_card":"summary_large_image","twitter_description":"Alphabet propose d\u00e9j\u00e0 depuis 2013 des v\u00e9hicules \u00e9lectriques via son offre AlphaElectric. \u00ab\u00a0C\u2019\u00e9tait peut-\u00eatre un peu trop t\u00f4t \u00e0 l\u2019\u00e9poque\u00a0\u00bb, reconna\u00eet Olivier Fran\u00e7ois, Manager Marketing\u2026","twitter_misc":{"\u00c9crit par":"Damien Malvetti","Dur\u00e9e de lecture estim\u00e9e":"4 minutes"},"schema":{"@context":"https:\/\/schema.org","@graph":[{"@type":"Article","@id":"https:\/\/www.link2fleet.com\/fr\/avec-alphaelectric-alphabet-est-deja-pret-pour-la-transition-energetique-dici-2026\/#article","isPartOf":{"@id":"https:\/\/www.link2fleet.com\/fr\/avec-alphaelectric-alphabet-est-deja-pret-pour-la-transition-energetique-dici-2026\/"},"author":{"name":"Damien Malvetti","@id":"https:\/\/www.link2fleet.com\/fr\/#\/schema\/person\/027cd46113c78036b3809c9a054049da"},"headline":"Avec AlphaElectric, Alphabet est d\u00e9j\u00e0 pr\u00eat pour la transition \u00e9nerg\u00e9tique d\u2019ici 2026","datePublished":"2021-06-08T08:16:30+00:00","dateModified":"2024-04-17T14:49:27+00:00","mainEntityOfPage":{"@id":"https:\/\/www.link2fleet.com\/fr\/avec-alphaelectric-alphabet-est-deja-pret-pour-la-transition-energetique-dici-2026\/"},"wordCount":767,"publisher":{"@id":"https:\/\/www.link2fleet.com\/fr\/#organization"},"image":{"@id":"https:\/\/www.link2fleet.com\/fr\/avec-alphaelectric-alphabet-est-deja-pret-pour-la-transition-energetique-dici-2026\/#primaryimage"},"thumbnailUrl":"https:\/\/static.link2fleet.com\/wp-content\/uploads\/2024\/03\/alphabet-link2fleet-visual-landscape.jpg","articleSection":["Gestion de flotte","Location long-terme"],"inLanguage":"fr-FR"},{"@type":"WebPage","@id":"https:\/\/www.link2fleet.com\/fr\/avec-alphaelectric-alphabet-est-deja-pret-pour-la-transition-energetique-dici-2026\/","url":"https:\/\/www.link2fleet.com\/fr\/avec-alphaelectric-alphabet-est-deja-pret-pour-la-transition-energetique-dici-2026\/","name":"Avec AlphaElectric, Alphabet est d\u00e9j\u00e0 pr\u00eat pour la transition \u00e9nerg\u00e9tique d\u2019ici 2026 - link2fleet","isPartOf":{"@id":"https:\/\/www.link2fleet.com\/fr\/#website"},"primaryImageOfPage":{"@id":"https:\/\/www.link2fleet.com\/fr\/avec-alphaelectric-alphabet-est-deja-pret-pour-la-transition-energetique-dici-2026\/#primaryimage"},"image":{"@id":"https:\/\/www.link2fleet.com\/fr\/avec-alphaelectric-alphabet-est-deja-pret-pour-la-transition-energetique-dici-2026\/#primaryimage"},"thumbnailUrl":"https:\/\/static.link2fleet.com\/wp-content\/uploads\/2024\/03\/alphabet-link2fleet-visual-landscape.jpg","datePublished":"2021-06-08T08:16:30+00:00","dateModified":"2024-04-17T14:49:27+00:00","breadcrumb":{"@id":"https:\/\/www.link2fleet.com\/fr\/avec-alphaelectric-alphabet-est-deja-pret-pour-la-transition-energetique-dici-2026\/#breadcrumb"},"inLanguage":"fr-FR","potentialAction":[{"@type":"ReadAction","target":["https:\/\/www.link2fleet.com\/fr\/avec-alphaelectric-alphabet-est-deja-pret-pour-la-transition-energetique-dici-2026\/"]}]},{"@type":"ImageObject","inLanguage":"fr-FR","@id":"https:\/\/www.link2fleet.com\/fr\/avec-alphaelectric-alphabet-est-deja-pret-pour-la-transition-energetique-dici-2026\/#primaryimage","url":"https:\/\/static.link2fleet.com\/wp-content\/uploads\/2024\/03\/alphabet-link2fleet-visual-landscape.jpg","contentUrl":"https:\/\/static.link2fleet.com\/wp-content\/uploads\/2024\/03\/alphabet-link2fleet-visual-landscape.jpg","width":2233,"height":1467,"caption":"|||||"},{"@type":"BreadcrumbList","@id":"https:\/\/www.link2fleet.com\/fr\/avec-alphaelectric-alphabet-est-deja-pret-pour-la-transition-energetique-dici-2026\/#breadcrumb","itemListElement":[{"@type":"ListItem","position":1,"name":"Home","item":"https:\/\/www.link2fleet.com\/fr\/"},{"@type":"ListItem","position":2,"name":"Avec AlphaElectric, Alphabet est d\u00e9j\u00e0 pr\u00eat pour la transition \u00e9nerg\u00e9tique d\u2019ici 2026"}]},{"@type":"WebSite","@id":"https:\/\/www.link2fleet.com\/fr\/#website","url":"https:\/\/www.link2fleet.com\/fr\/","name":"Link2fleet","description":"","publisher":{"@id":"https:\/\/www.link2fleet.com\/fr\/#organization"},"potentialAction":[{"@type":"SearchAction","target":{"@type":"EntryPoint","urlTemplate":"https:\/\/www.link2fleet.com\/fr\/?s={search_term_string}"},"query-input":{"@type":"PropertyValueSpecification","valueRequired":true,"valueName":"search_term_string"}}],"inLanguage":"fr-FR"},{"@type":"Organization","@id":"https:\/\/www.link2fleet.com\/fr\/#organization","name":"Link2fleet","url":"https:\/\/www.link2fleet.com\/fr\/","logo":{"@type":"ImageObject","inLanguage":"fr-FR","@id":"https:\/\/www.link2fleet.com\/fr\/#\/schema\/logo\/image\/","url":"https:\/\/static.link2fleet.com\/wp-content\/uploads\/2024\/03\/share-image.jpg","contentUrl":"https:\/\/static.link2fleet.com\/wp-content\/uploads\/2024\/03\/share-image.jpg","width":1200,"height":630,"caption":"Link2fleet"},"image":{"@id":"https:\/\/www.link2fleet.com\/fr\/#\/schema\/logo\/image\/"},"sameAs":["https:\/\/www.linkedin.com\/company\/link2fleet-belgium","https:\/\/www.youtube.com\/user\/MMMBMBE"]},{"@type":"Person","@id":"https:\/\/www.link2fleet.com\/fr\/#\/schema\/person\/027cd46113c78036b3809c9a054049da","name":"Damien Malvetti","image":{"@type":"ImageObject","inLanguage":"fr-FR","@id":"https:\/\/secure.gravatar.com\/avatar\/dd8cc03b49466c735f753ac37f8caa371af16dfed347456ed61f02883255eebb?s=96&d=mm&r=g","url":"https:\/\/secure.gravatar.com\/avatar\/dd8cc03b49466c735f753ac37f8caa371af16dfed347456ed61f02883255eebb?s=96&d=mm&r=g","contentUrl":"https:\/\/secure.gravatar.com\/avatar\/dd8cc03b49466c735f753ac37f8caa371af16dfed347456ed61f02883255eebb?s=96&d=mm&r=g","caption":"Damien Malvetti"},"description":"Damien Malvetti is opgeleid als journalist en gepassioneerd door wagens, technologie en mobiliteit. Hij is verantwoordelijk voor de redactionele inhoud van link2fleet en beschikt over een uitgebreide kennis van de fleet-sector en elektrische mobiliteit.","sameAs":["https:\/\/www.linkedin.com\/in\/damien-malvetti-56601142\/"]}]}},"_links":{"self":[{"href":"https:\/\/www.link2fleet.com\/fr\/wp-json\/wp\/v2\/posts\/4434","targetHints":{"allow":["GET"]}}],"collection":[{"href":"https:\/\/www.link2fleet.com\/fr\/wp-json\/wp\/v2\/posts"}],"about":[{"href":"https:\/\/www.link2fleet.com\/fr\/wp-json\/wp\/v2\/types\/post"}],"author":[{"embeddable":true,"href":"https:\/\/www.link2fleet.com\/fr\/wp-json\/wp\/v2\/users\/4"}],"replies":[{"embeddable":true,"href":"https:\/\/www.link2fleet.com\/fr\/wp-json\/wp\/v2\/comments?post=4434"}],"version-history":[{"count":0,"href":"https:\/\/www.link2fleet.com\/fr\/wp-json\/wp\/v2\/posts\/4434\/revisions"}],"wp:featuredmedia":[{"embeddable":true,"href":"https:\/\/www.link2fleet.com\/fr\/wp-json\/wp\/v2\/media\/4435"}],"wp:attachment":[{"href":"https:\/\/www.link2fleet.com\/fr\/wp-json\/wp\/v2\/media?parent=4434"}],"wp:term":[{"taxonomy":"category","embeddable":true,"href":"https:\/\/www.link2fleet.com\/fr\/wp-json\/wp\/v2\/categories?post=4434"},{"taxonomy":"post_tag","embeddable":true,"href":"https:\/\/www.link2fleet.com\/fr\/wp-json\/wp\/v2\/tags?post=4434"}],"curies":[{"name":"wp","href":"https:\/\/api.w.org\/{rel}","templated":true}]}}