{"id":4457,"date":"2021-06-15T09:03:20","date_gmt":"2021-06-15T07:03:20","guid":{"rendered":"https:\/\/www.link2fleet.com\/lizy-leve-des-fonds-et-lance-sa-propre-societe-de-leasing-digitale\/"},"modified":"2024-04-17T16:49:27","modified_gmt":"2024-04-17T14:49:27","slug":"lizy-leve-des-fonds-et-lance-sa-propre-societe-de-leasing-digitale","status":"publish","type":"post","link":"https:\/\/www.link2fleet.com\/fr\/lizy-leve-des-fonds-et-lance-sa-propre-societe-de-leasing-digitale\/","title":{"rendered":"LIZY l\u00e8ve des fonds et lance sa propre soci\u00e9t\u00e9 de leasing digitale"},"content":{"rendered":"<p><strong>Sa propre soci\u00e9t\u00e9 de leasing digitale<\/strong><\/p>\n<p>LIZY lance aujourd\u2019hui sa propre soci\u00e9t\u00e9 de leasing digitale. En achetant elle-m\u00eame des voitures et en les proposant de mani\u00e8re 100\u00a0% num\u00e9rique via une formule de leasing tout compris, LIZY entend s\u00e9duire encore plus de clients avec un meilleur service et des co\u00fbts r\u00e9duits.<\/p>\n<p>\u00ab\u2009Nous avons vu comment les banques digitales red\u00e9finissent le paysage bancaire et nous savions qu\u2019une telle approche \u00e9tait possible dans notre secteur aussi. Nous avons donc analys\u00e9 tous les processus internes et externes d\u2019une soci\u00e9t\u00e9 de leasing traditionnelle pour identifier ceux que nous pouvions num\u00e9riser\u2009\u00bb, explique Vincent Castus, cofondateur et CTO de LIZY. \u00ab\u2009Nous avons ainsi d\u00e9velopp\u00e9 un produit 100\u00a0% num\u00e9rique, ce qui nous rend beaucoup plus efficaces et rapides que les acteurs traditionnels.\u2009\u00bb<\/p>\n<p>\u00ab\u2009Ces deux derni\u00e8res ann\u00e9es, nous avons r\u00e9ussi \u00e0 transformer un processus traditionnellement lent et ardu en une exp\u00e9rience agr\u00e9able. De nos jours, les entreprises ne cherchent pas un nouveau partenaire de leasing, mais une nouvelle mani\u00e8re d\u2019aborder le leasing. Nous l\u2019avons d\u00e9j\u00e0 fait en proposant des voitures d\u2019occasion en leasing. Avec notre propre soci\u00e9t\u00e9, nous pouvons aller encore plus loin\u2009\u00bb, affirme Sam Heymans, fondateur et CEO de LIZY. L\u2019\u00e9ventail des marques s\u2019\u00e9largit, en outre, avec des mod\u00e8les de BMW, Mini, Volvo et Mercedes-Benz.<\/p>\n<p>Depuis sa cr\u00e9ation en 2019 , LIZY a conclu plus de 1000 contrats en Belgique. Avec sa propre soci\u00e9t\u00e9 de leasing, LIZY souhaite \u00e9galement s\u2019\u00e9tendre au-del\u00e0 des fronti\u00e8res. \u00ab\u2009Vous connaissez la banque digitale Revolut\u2009? Nous voulons devenir le Revolut du leasing. L\u2019investissement suppl\u00e9mentaire de D\u2019Ieteren est donc le bienvenu, pour que nous puissions embaucher davantage de personnel et devenir la plus grande soci\u00e9t\u00e9 de leasing digitale en Europe d\u2019ici 5 \u00e0 10 ans.\u2009\u00bb<\/p>\n<p>&nbsp;<\/p>\n<p><strong>Croissance rapide <\/strong><strong>\u00a0<\/strong><\/p>\n<p>La crise du coronavirus n\u2019a pas \u00e9t\u00e9 une bonne nouvelle pour de nombreuses soci\u00e9t\u00e9s de leasing. \u00ab\u2009En raison de la crise, de nombreuses entreprises ont revu leurs contrats de leasing et se sont tourn\u00e9es vers le leasing d\u2019occasion afin de r\u00e9duire leurs co\u00fbts. Malgr\u00e9 une ann\u00e9e difficile, nous avons ainsi pu doubler nos ventes par rapport \u00e0 l\u2019ann\u00e9e pr\u00e9c\u00e9dente\u2009\u00bb. Abandonner compl\u00e8tement la voiture n\u2019est pas \u00e0 l\u2019ordre du jour pour le moment. \u00ab\u2009Nous constatons que pour beaucoup de nos clients, une voiture de soci\u00e9t\u00e9 reste indispensable pour exercer leur activit\u00e9\u2009\u00bb, souligne Sam Heymans. \u00ab\u2009Les clients sont toutefois de plus en plus soucieux du prix et de l\u2019environnement. Nous r\u00e9pondons \u00e0 ces deux tendances en proposant davantage de voitures hybrides et \u00e9lectriques, \u00e0 des prix plus bas. Gr\u00e2ce au leasing d\u2019occasion, les voitures de qualit\u00e9 et respectueuses de l\u2019environnement restent abordables, m\u00eame pour les PME et les ind\u00e9pendants. De plus, \u00e9tant donn\u00e9 que les v\u00e9hicules sont de stock, nos d\u00e9lais de livraison sont tr\u00e8s courts.\u2009\u00bb<\/p>\n<p>&nbsp;<\/p>\n<p><strong>Focus sur les PME<\/strong><\/p>\n<p>La plateforme digitale de leasing LIZY a \u00e9t\u00e9 fond\u00e9e en 2019 par les jeunes entrepreneurs Sam Heymans et Vincent Castus, avec le soutien de D\u2019Ieteren et de sa filiale Lab-Box, l\u2019incubateur du groupe automobile pour les solutions de mobilit\u00e9 innovantes.<\/p>\n<p>LIZY concentre son offre de voitures r\u00e9centes d\u2019occasion et de stock avant tout sur les PME, les ind\u00e9pendants et les freelances. Les marques disponibles sont celles de D\u2019Ieteren &#8211; Volkswagen, Audi, Skoda, Seat &#8211; ainsi que BMW, Mini, Mercedes-Benz et Volvo. Le leasing est possible \u00e0 partir de 12 mois et les employeurs \u00e9conomisent en moyenne 100\u00a0\u20ac par mois par voiture par rapport \u00e0 une voiture neuve.<\/p>\n<p>&nbsp;<\/p>\n<p>&nbsp;<\/p>\n","protected":false},"excerpt":{"rendered":"<p>Sa propre soci\u00e9t\u00e9 de leasing digitale LIZY lance aujourd\u2019hui sa propre soci\u00e9t\u00e9 de leasing digitale. En achetant elle-m\u00eame des voitures et en les proposant de mani\u00e8re 100\u00a0% num\u00e9rique via une formule de leasing tout compris, LIZY entend s\u00e9duire encore plus de clients avec un meilleur service et des co\u00fbts r\u00e9duits. \u00ab\u2009Nous avons vu comment les [&hellip;]<\/p>\n","protected":false},"author":4,"featured_media":1939,"comment_status":"closed","ping_status":"closed","sticky":false,"template":"","format":"standard","meta":{"_acf_changed":false,"footnotes":""},"categories":[91,79],"tags":[],"class_list":["post-4457","post","type-post","status-publish","format-standard","has-post-thumbnail","hentry","category-expertise-et-management","category-societes-de-leasing"],"acf":[],"yoast_head":"<!-- This site is optimized with the Yoast SEO plugin v27.3 - https:\/\/yoast.com\/product\/yoast-seo-wordpress\/ -->\n<title>LIZY l\u00e8ve des fonds et lance sa propre soci\u00e9t\u00e9 de leasing digitale - link2fleet<\/title>\n<meta name=\"description\" content=\"LIZY, la plateforme digitale de voitures d\u2019occasion haut de gamme, lance aujourd\u2019hui sa propre soci\u00e9t\u00e9 de leasing digitale. Pour ce faire, elle a lev\u00e9 1,5\u2026\" \/>\n<meta name=\"robots\" content=\"index, follow, max-snippet:-1, max-image-preview:large, max-video-preview:-1\" \/>\n<meta property=\"og:locale\" content=\"fr_FR\" \/>\n<meta property=\"og:type\" content=\"article\" \/>\n<meta property=\"og:title\" content=\"LIZY l\u00e8ve des fonds et lance sa propre soci\u00e9t\u00e9 de leasing digitale - link2fleet\" \/>\n<meta property=\"og:description\" content=\"LIZY, la plateforme digitale de voitures d\u2019occasion haut de gamme, lance aujourd\u2019hui sa propre soci\u00e9t\u00e9 de leasing digitale. Pour ce faire, elle a lev\u00e9 1,5\u2026\" \/>\n<meta property=\"og:url\" content=\"https:\/\/www.link2fleet.com\/fr\/lizy-leve-des-fonds-et-lance-sa-propre-societe-de-leasing-digitale\/\" \/>\n<meta property=\"og:site_name\" content=\"link2fleet\" \/>\n<meta property=\"article:published_time\" content=\"2021-06-15T07:03:20+00:00\" \/>\n<meta property=\"article:modified_time\" content=\"2024-04-17T14:49:27+00:00\" \/>\n<meta property=\"og:image\" content=\"https:\/\/static.link2fleet.com\/wp-content\/uploads\/2024\/03\/lizy-campaign-shoot-golf-v1-print.jpg\" \/>\n\t<meta property=\"og:image:width\" content=\"1024\" \/>\n\t<meta property=\"og:image:height\" content=\"683\" \/>\n\t<meta property=\"og:image:type\" content=\"image\/jpeg\" \/>\n<meta name=\"author\" content=\"Damien Malvetti\" \/>\n<meta name=\"twitter:card\" content=\"summary_large_image\" \/>\n<meta name=\"twitter:description\" content=\"LIZY, la plateforme digitale de voitures d\u2019occasion haut de gamme, lance aujourd\u2019hui sa propre soci\u00e9t\u00e9 de leasing digitale. Pour ce faire, elle a lev\u00e9 1,5\u2026\" \/>\n<meta name=\"twitter:label1\" content=\"\u00c9crit par\" \/>\n\t<meta name=\"twitter:data1\" content=\"Damien Malvetti\" \/>\n\t<meta name=\"twitter:label2\" content=\"Dur\u00e9e de lecture estim\u00e9e\" \/>\n\t<meta name=\"twitter:data2\" content=\"3 minutes\" \/>\n<script type=\"application\/ld+json\" class=\"yoast-schema-graph\">{\"@context\":\"https:\\\/\\\/schema.org\",\"@graph\":[{\"@type\":\"Article\",\"@id\":\"https:\\\/\\\/www.link2fleet.com\\\/fr\\\/lizy-leve-des-fonds-et-lance-sa-propre-societe-de-leasing-digitale\\\/#article\",\"isPartOf\":{\"@id\":\"https:\\\/\\\/www.link2fleet.com\\\/fr\\\/lizy-leve-des-fonds-et-lance-sa-propre-societe-de-leasing-digitale\\\/\"},\"author\":{\"name\":\"Damien Malvetti\",\"@id\":\"https:\\\/\\\/www.link2fleet.com\\\/fr\\\/#\\\/schema\\\/person\\\/027cd46113c78036b3809c9a054049da\"},\"headline\":\"LIZY l\u00e8ve des fonds et lance sa propre soci\u00e9t\u00e9 de leasing digitale\",\"datePublished\":\"2021-06-15T07:03:20+00:00\",\"dateModified\":\"2024-04-17T14:49:27+00:00\",\"mainEntityOfPage\":{\"@id\":\"https:\\\/\\\/www.link2fleet.com\\\/fr\\\/lizy-leve-des-fonds-et-lance-sa-propre-societe-de-leasing-digitale\\\/\"},\"wordCount\":629,\"publisher\":{\"@id\":\"https:\\\/\\\/www.link2fleet.com\\\/fr\\\/#organization\"},\"image\":{\"@id\":\"https:\\\/\\\/www.link2fleet.com\\\/fr\\\/lizy-leve-des-fonds-et-lance-sa-propre-societe-de-leasing-digitale\\\/#primaryimage\"},\"thumbnailUrl\":\"https:\\\/\\\/static.link2fleet.com\\\/wp-content\\\/uploads\\\/2024\\\/03\\\/lizy-campaign-shoot-golf-v1-print.jpg\",\"articleSection\":[\"Gestion de flotte\",\"Location long-terme\"],\"inLanguage\":\"fr-FR\"},{\"@type\":\"WebPage\",\"@id\":\"https:\\\/\\\/www.link2fleet.com\\\/fr\\\/lizy-leve-des-fonds-et-lance-sa-propre-societe-de-leasing-digitale\\\/\",\"url\":\"https:\\\/\\\/www.link2fleet.com\\\/fr\\\/lizy-leve-des-fonds-et-lance-sa-propre-societe-de-leasing-digitale\\\/\",\"name\":\"LIZY l\u00e8ve des fonds et lance sa propre soci\u00e9t\u00e9 de leasing digitale - link2fleet\",\"isPartOf\":{\"@id\":\"https:\\\/\\\/www.link2fleet.com\\\/fr\\\/#website\"},\"primaryImageOfPage\":{\"@id\":\"https:\\\/\\\/www.link2fleet.com\\\/fr\\\/lizy-leve-des-fonds-et-lance-sa-propre-societe-de-leasing-digitale\\\/#primaryimage\"},\"image\":{\"@id\":\"https:\\\/\\\/www.link2fleet.com\\\/fr\\\/lizy-leve-des-fonds-et-lance-sa-propre-societe-de-leasing-digitale\\\/#primaryimage\"},\"thumbnailUrl\":\"https:\\\/\\\/static.link2fleet.com\\\/wp-content\\\/uploads\\\/2024\\\/03\\\/lizy-campaign-shoot-golf-v1-print.jpg\",\"datePublished\":\"2021-06-15T07:03:20+00:00\",\"dateModified\":\"2024-04-17T14:49:27+00:00\",\"breadcrumb\":{\"@id\":\"https:\\\/\\\/www.link2fleet.com\\\/fr\\\/lizy-leve-des-fonds-et-lance-sa-propre-societe-de-leasing-digitale\\\/#breadcrumb\"},\"inLanguage\":\"fr-FR\",\"potentialAction\":[{\"@type\":\"ReadAction\",\"target\":[\"https:\\\/\\\/www.link2fleet.com\\\/fr\\\/lizy-leve-des-fonds-et-lance-sa-propre-societe-de-leasing-digitale\\\/\"]}]},{\"@type\":\"ImageObject\",\"inLanguage\":\"fr-FR\",\"@id\":\"https:\\\/\\\/www.link2fleet.com\\\/fr\\\/lizy-leve-des-fonds-et-lance-sa-propre-societe-de-leasing-digitale\\\/#primaryimage\",\"url\":\"https:\\\/\\\/static.link2fleet.com\\\/wp-content\\\/uploads\\\/2024\\\/03\\\/lizy-campaign-shoot-golf-v1-print.jpg\",\"contentUrl\":\"https:\\\/\\\/static.link2fleet.com\\\/wp-content\\\/uploads\\\/2024\\\/03\\\/lizy-campaign-shoot-golf-v1-print.jpg\",\"width\":8256,\"height\":5504,\"caption\":\"|\"},{\"@type\":\"BreadcrumbList\",\"@id\":\"https:\\\/\\\/www.link2fleet.com\\\/fr\\\/lizy-leve-des-fonds-et-lance-sa-propre-societe-de-leasing-digitale\\\/#breadcrumb\",\"itemListElement\":[{\"@type\":\"ListItem\",\"position\":1,\"name\":\"Home\",\"item\":\"https:\\\/\\\/www.link2fleet.com\\\/fr\\\/\"},{\"@type\":\"ListItem\",\"position\":2,\"name\":\"LIZY l\u00e8ve des fonds et lance sa propre soci\u00e9t\u00e9 de leasing digitale\"}]},{\"@type\":\"WebSite\",\"@id\":\"https:\\\/\\\/www.link2fleet.com\\\/fr\\\/#website\",\"url\":\"https:\\\/\\\/www.link2fleet.com\\\/fr\\\/\",\"name\":\"Link2fleet\",\"description\":\"\",\"publisher\":{\"@id\":\"https:\\\/\\\/www.link2fleet.com\\\/fr\\\/#organization\"},\"potentialAction\":[{\"@type\":\"SearchAction\",\"target\":{\"@type\":\"EntryPoint\",\"urlTemplate\":\"https:\\\/\\\/www.link2fleet.com\\\/fr\\\/?s={search_term_string}\"},\"query-input\":{\"@type\":\"PropertyValueSpecification\",\"valueRequired\":true,\"valueName\":\"search_term_string\"}}],\"inLanguage\":\"fr-FR\"},{\"@type\":\"Organization\",\"@id\":\"https:\\\/\\\/www.link2fleet.com\\\/fr\\\/#organization\",\"name\":\"Link2fleet\",\"url\":\"https:\\\/\\\/www.link2fleet.com\\\/fr\\\/\",\"logo\":{\"@type\":\"ImageObject\",\"inLanguage\":\"fr-FR\",\"@id\":\"https:\\\/\\\/www.link2fleet.com\\\/fr\\\/#\\\/schema\\\/logo\\\/image\\\/\",\"url\":\"https:\\\/\\\/static.link2fleet.com\\\/wp-content\\\/uploads\\\/2024\\\/03\\\/share-image.jpg\",\"contentUrl\":\"https:\\\/\\\/static.link2fleet.com\\\/wp-content\\\/uploads\\\/2024\\\/03\\\/share-image.jpg\",\"width\":1200,\"height\":630,\"caption\":\"Link2fleet\"},\"image\":{\"@id\":\"https:\\\/\\\/www.link2fleet.com\\\/fr\\\/#\\\/schema\\\/logo\\\/image\\\/\"},\"sameAs\":[\"https:\\\/\\\/www.linkedin.com\\\/company\\\/link2fleet-belgium\",\"https:\\\/\\\/www.youtube.com\\\/user\\\/MMMBMBE\"]},{\"@type\":\"Person\",\"@id\":\"https:\\\/\\\/www.link2fleet.com\\\/fr\\\/#\\\/schema\\\/person\\\/027cd46113c78036b3809c9a054049da\",\"name\":\"Damien Malvetti\",\"image\":{\"@type\":\"ImageObject\",\"inLanguage\":\"fr-FR\",\"@id\":\"https:\\\/\\\/secure.gravatar.com\\\/avatar\\\/dd8cc03b49466c735f753ac37f8caa371af16dfed347456ed61f02883255eebb?s=96&d=mm&r=g\",\"url\":\"https:\\\/\\\/secure.gravatar.com\\\/avatar\\\/dd8cc03b49466c735f753ac37f8caa371af16dfed347456ed61f02883255eebb?s=96&d=mm&r=g\",\"contentUrl\":\"https:\\\/\\\/secure.gravatar.com\\\/avatar\\\/dd8cc03b49466c735f753ac37f8caa371af16dfed347456ed61f02883255eebb?s=96&d=mm&r=g\",\"caption\":\"Damien Malvetti\"},\"description\":\"Damien Malvetti is opgeleid als journalist en gepassioneerd door wagens, technologie en mobiliteit. Hij is verantwoordelijk voor de redactionele inhoud van link2fleet en beschikt over een uitgebreide kennis van de fleet-sector en elektrische mobiliteit.\",\"sameAs\":[\"https:\\\/\\\/www.linkedin.com\\\/in\\\/damien-malvetti-56601142\\\/\"]}]}<\/script>\n<!-- \/ Yoast SEO plugin. -->","yoast_head_json":{"title":"LIZY l\u00e8ve des fonds et lance sa propre soci\u00e9t\u00e9 de leasing digitale - link2fleet","description":"LIZY, la plateforme digitale de voitures d\u2019occasion haut de gamme, lance aujourd\u2019hui sa propre soci\u00e9t\u00e9 de leasing digitale. Pour ce faire, elle a lev\u00e9 1,5\u2026","robots":{"index":"index","follow":"follow","max-snippet":"max-snippet:-1","max-image-preview":"max-image-preview:large","max-video-preview":"max-video-preview:-1"},"og_locale":"fr_FR","og_type":"article","og_title":"LIZY l\u00e8ve des fonds et lance sa propre soci\u00e9t\u00e9 de leasing digitale - link2fleet","og_description":"LIZY, la plateforme digitale de voitures d\u2019occasion haut de gamme, lance aujourd\u2019hui sa propre soci\u00e9t\u00e9 de leasing digitale. Pour ce faire, elle a lev\u00e9 1,5\u2026","og_url":"https:\/\/www.link2fleet.com\/fr\/lizy-leve-des-fonds-et-lance-sa-propre-societe-de-leasing-digitale\/","og_site_name":"link2fleet","article_published_time":"2021-06-15T07:03:20+00:00","article_modified_time":"2024-04-17T14:49:27+00:00","og_image":[{"url":"https:\/\/static.link2fleet.com\/wp-content\/uploads\/2024\/03\/lizy-campaign-shoot-golf-v1-print.jpg","width":1024,"height":683,"type":"image\/jpeg"}],"author":"Damien Malvetti","twitter_card":"summary_large_image","twitter_description":"LIZY, la plateforme digitale de voitures d\u2019occasion haut de gamme, lance aujourd\u2019hui sa propre soci\u00e9t\u00e9 de leasing digitale. Pour ce faire, elle a lev\u00e9 1,5\u2026","twitter_misc":{"\u00c9crit par":"Damien Malvetti","Dur\u00e9e de lecture estim\u00e9e":"3 minutes"},"schema":{"@context":"https:\/\/schema.org","@graph":[{"@type":"Article","@id":"https:\/\/www.link2fleet.com\/fr\/lizy-leve-des-fonds-et-lance-sa-propre-societe-de-leasing-digitale\/#article","isPartOf":{"@id":"https:\/\/www.link2fleet.com\/fr\/lizy-leve-des-fonds-et-lance-sa-propre-societe-de-leasing-digitale\/"},"author":{"name":"Damien Malvetti","@id":"https:\/\/www.link2fleet.com\/fr\/#\/schema\/person\/027cd46113c78036b3809c9a054049da"},"headline":"LIZY l\u00e8ve des fonds et lance sa propre soci\u00e9t\u00e9 de leasing digitale","datePublished":"2021-06-15T07:03:20+00:00","dateModified":"2024-04-17T14:49:27+00:00","mainEntityOfPage":{"@id":"https:\/\/www.link2fleet.com\/fr\/lizy-leve-des-fonds-et-lance-sa-propre-societe-de-leasing-digitale\/"},"wordCount":629,"publisher":{"@id":"https:\/\/www.link2fleet.com\/fr\/#organization"},"image":{"@id":"https:\/\/www.link2fleet.com\/fr\/lizy-leve-des-fonds-et-lance-sa-propre-societe-de-leasing-digitale\/#primaryimage"},"thumbnailUrl":"https:\/\/static.link2fleet.com\/wp-content\/uploads\/2024\/03\/lizy-campaign-shoot-golf-v1-print.jpg","articleSection":["Gestion de flotte","Location long-terme"],"inLanguage":"fr-FR"},{"@type":"WebPage","@id":"https:\/\/www.link2fleet.com\/fr\/lizy-leve-des-fonds-et-lance-sa-propre-societe-de-leasing-digitale\/","url":"https:\/\/www.link2fleet.com\/fr\/lizy-leve-des-fonds-et-lance-sa-propre-societe-de-leasing-digitale\/","name":"LIZY l\u00e8ve des fonds et lance sa propre soci\u00e9t\u00e9 de leasing digitale - link2fleet","isPartOf":{"@id":"https:\/\/www.link2fleet.com\/fr\/#website"},"primaryImageOfPage":{"@id":"https:\/\/www.link2fleet.com\/fr\/lizy-leve-des-fonds-et-lance-sa-propre-societe-de-leasing-digitale\/#primaryimage"},"image":{"@id":"https:\/\/www.link2fleet.com\/fr\/lizy-leve-des-fonds-et-lance-sa-propre-societe-de-leasing-digitale\/#primaryimage"},"thumbnailUrl":"https:\/\/static.link2fleet.com\/wp-content\/uploads\/2024\/03\/lizy-campaign-shoot-golf-v1-print.jpg","datePublished":"2021-06-15T07:03:20+00:00","dateModified":"2024-04-17T14:49:27+00:00","breadcrumb":{"@id":"https:\/\/www.link2fleet.com\/fr\/lizy-leve-des-fonds-et-lance-sa-propre-societe-de-leasing-digitale\/#breadcrumb"},"inLanguage":"fr-FR","potentialAction":[{"@type":"ReadAction","target":["https:\/\/www.link2fleet.com\/fr\/lizy-leve-des-fonds-et-lance-sa-propre-societe-de-leasing-digitale\/"]}]},{"@type":"ImageObject","inLanguage":"fr-FR","@id":"https:\/\/www.link2fleet.com\/fr\/lizy-leve-des-fonds-et-lance-sa-propre-societe-de-leasing-digitale\/#primaryimage","url":"https:\/\/static.link2fleet.com\/wp-content\/uploads\/2024\/03\/lizy-campaign-shoot-golf-v1-print.jpg","contentUrl":"https:\/\/static.link2fleet.com\/wp-content\/uploads\/2024\/03\/lizy-campaign-shoot-golf-v1-print.jpg","width":8256,"height":5504,"caption":"|"},{"@type":"BreadcrumbList","@id":"https:\/\/www.link2fleet.com\/fr\/lizy-leve-des-fonds-et-lance-sa-propre-societe-de-leasing-digitale\/#breadcrumb","itemListElement":[{"@type":"ListItem","position":1,"name":"Home","item":"https:\/\/www.link2fleet.com\/fr\/"},{"@type":"ListItem","position":2,"name":"LIZY l\u00e8ve des fonds et lance sa propre soci\u00e9t\u00e9 de leasing digitale"}]},{"@type":"WebSite","@id":"https:\/\/www.link2fleet.com\/fr\/#website","url":"https:\/\/www.link2fleet.com\/fr\/","name":"Link2fleet","description":"","publisher":{"@id":"https:\/\/www.link2fleet.com\/fr\/#organization"},"potentialAction":[{"@type":"SearchAction","target":{"@type":"EntryPoint","urlTemplate":"https:\/\/www.link2fleet.com\/fr\/?s={search_term_string}"},"query-input":{"@type":"PropertyValueSpecification","valueRequired":true,"valueName":"search_term_string"}}],"inLanguage":"fr-FR"},{"@type":"Organization","@id":"https:\/\/www.link2fleet.com\/fr\/#organization","name":"Link2fleet","url":"https:\/\/www.link2fleet.com\/fr\/","logo":{"@type":"ImageObject","inLanguage":"fr-FR","@id":"https:\/\/www.link2fleet.com\/fr\/#\/schema\/logo\/image\/","url":"https:\/\/static.link2fleet.com\/wp-content\/uploads\/2024\/03\/share-image.jpg","contentUrl":"https:\/\/static.link2fleet.com\/wp-content\/uploads\/2024\/03\/share-image.jpg","width":1200,"height":630,"caption":"Link2fleet"},"image":{"@id":"https:\/\/www.link2fleet.com\/fr\/#\/schema\/logo\/image\/"},"sameAs":["https:\/\/www.linkedin.com\/company\/link2fleet-belgium","https:\/\/www.youtube.com\/user\/MMMBMBE"]},{"@type":"Person","@id":"https:\/\/www.link2fleet.com\/fr\/#\/schema\/person\/027cd46113c78036b3809c9a054049da","name":"Damien Malvetti","image":{"@type":"ImageObject","inLanguage":"fr-FR","@id":"https:\/\/secure.gravatar.com\/avatar\/dd8cc03b49466c735f753ac37f8caa371af16dfed347456ed61f02883255eebb?s=96&d=mm&r=g","url":"https:\/\/secure.gravatar.com\/avatar\/dd8cc03b49466c735f753ac37f8caa371af16dfed347456ed61f02883255eebb?s=96&d=mm&r=g","contentUrl":"https:\/\/secure.gravatar.com\/avatar\/dd8cc03b49466c735f753ac37f8caa371af16dfed347456ed61f02883255eebb?s=96&d=mm&r=g","caption":"Damien Malvetti"},"description":"Damien Malvetti is opgeleid als journalist en gepassioneerd door wagens, technologie en mobiliteit. Hij is verantwoordelijk voor de redactionele inhoud van link2fleet en beschikt over een uitgebreide kennis van de fleet-sector en elektrische mobiliteit.","sameAs":["https:\/\/www.linkedin.com\/in\/damien-malvetti-56601142\/"]}]}},"_links":{"self":[{"href":"https:\/\/www.link2fleet.com\/fr\/wp-json\/wp\/v2\/posts\/4457","targetHints":{"allow":["GET"]}}],"collection":[{"href":"https:\/\/www.link2fleet.com\/fr\/wp-json\/wp\/v2\/posts"}],"about":[{"href":"https:\/\/www.link2fleet.com\/fr\/wp-json\/wp\/v2\/types\/post"}],"author":[{"embeddable":true,"href":"https:\/\/www.link2fleet.com\/fr\/wp-json\/wp\/v2\/users\/4"}],"replies":[{"embeddable":true,"href":"https:\/\/www.link2fleet.com\/fr\/wp-json\/wp\/v2\/comments?post=4457"}],"version-history":[{"count":0,"href":"https:\/\/www.link2fleet.com\/fr\/wp-json\/wp\/v2\/posts\/4457\/revisions"}],"wp:featuredmedia":[{"embeddable":true,"href":"https:\/\/www.link2fleet.com\/fr\/wp-json\/wp\/v2\/media\/1939"}],"wp:attachment":[{"href":"https:\/\/www.link2fleet.com\/fr\/wp-json\/wp\/v2\/media?parent=4457"}],"wp:term":[{"taxonomy":"category","embeddable":true,"href":"https:\/\/www.link2fleet.com\/fr\/wp-json\/wp\/v2\/categories?post=4457"},{"taxonomy":"post_tag","embeddable":true,"href":"https:\/\/www.link2fleet.com\/fr\/wp-json\/wp\/v2\/tags?post=4457"}],"curies":[{"name":"wp","href":"https:\/\/api.w.org\/{rel}","templated":true}]}}