{"id":4476,"date":"2021-06-16T13:26:58","date_gmt":"2021-06-16T11:26:58","guid":{"rendered":"https:\/\/www.link2fleet.com\/renault-group-et-enersol-creent-mobilize-power-solutions-pour-faciliter-la-recharge-de-vehicules-electriques\/"},"modified":"2024-04-17T16:49:25","modified_gmt":"2024-04-17T14:49:25","slug":"renault-group-et-enersol-creent-mobilize-power-solutions-pour-faciliter-la-recharge-de-vehicules-electriques","status":"publish","type":"post","link":"https:\/\/www.link2fleet.com\/fr\/renault-group-et-enersol-creent-mobilize-power-solutions-pour-faciliter-la-recharge-de-vehicules-electriques\/","title":{"rendered":"Renault Group et Enersol cr\u00e9ent Mobilize Power Solutions pour faciliter la recharge de v\u00e9hicules \u00e9lectriques"},"content":{"rendered":"<p>\u00ab <i>Apr\u00e8s le co\u00fbt et l\u2019autonomie des v\u00e9hicules, Mobilize Power Solutions l\u00e8ve un nouveau frein majeur \u00e0 l\u2019\u00e9lectrification des flottes : la recharge. En facilitant les projets de recharge pour les entreprises, Mobilize Power Solutions acc\u00e9l\u00e8re la transition \u00e9nerg\u00e9tique des professionnels et la d\u00e9mocratisation de l\u2019\u00e9lectrique. <\/i>\u00bb explique Nicolas Schottey, CEO Mobilize Power Solutions.<span class=\"Apple-converted-space\">\u00a0<\/span><\/p>\n<p>&nbsp;<\/p>\n<p><b>Simplifier et acc\u00e9l\u00e9rer les projets de recharge des professionnels<span class=\"Apple-converted-space\">\u00a0<\/span><\/b><\/p>\n<p>Mobilize Power Solutions aide les entreprises \u00e0 concr\u00e9tiser ou d\u00e9velopper leurs projets de flotte de v\u00e9hicules \u00e9lectriques, en leur fournissant des solutions de recharge cl\u00e9 en main. Du conseil \u00e0 la conception, l\u2019installation et l\u2019exploitation des bornes, Mobilize Power Solutions intervient sur toutes les \u00e9tapes des projets d\u2019infrastructures de recharge tout en int\u00e9grant les strat\u00e9gies d\u2019optimisation \u00e9nerg\u00e9tique et le couplage aux \u00e9nergies renouvelables.<span class=\"Apple-converted-space\">\u00a0<\/span><\/p>\n<p>Gr\u00e2ce \u00e0 sa compr\u00e9hension fine de leurs besoins et sa capacit\u00e9 \u00e0 proposer des solutions au \u00ab juste n\u00e9cessaire \u00bb et qui s\u2019inscrivent dans leur strat\u00e9gie, Mobilize Power Solutions agit en v\u00e9ritable partenaire avec un double objectif : optimiser le co\u00fbt complet (TCO) des flottes de ses clients et contribuer au d\u00e9veloppement de leur activit\u00e9.<span class=\"Apple-converted-space\">\u00a0<\/span><\/p>\n<p>Dans le cadre d\u2019une approche globale, Mobilize Power Solutions con\u00e7oit des solutions sur mesure, ajust\u00e9es aux besoins et objectifs actuels et futurs de ses clients (usages et taux d\u2019utilisation des v\u00e9hicules, objectifs financiers, strat\u00e9gie environnementale\u2026). Pour chaque proposition, quelle que soit sa dimension et son niveau de complexit\u00e9, Mobilize Power Solutions \u00e9tudie l\u2019ensemble des technologies existantes sur le march\u00e9 afin d\u2019offrir \u00e0 ses clients la solution optimale. Enfin, pour fluidifier leur exp\u00e9rience, les clients gardent Mobilize Power Solutions comme seul interlocuteur tout au long du projet.<span class=\"Apple-converted-space\">\u00a0<\/span><\/p>\n<p>&nbsp;<\/p>\n<p><b>Des solutions pour tous les professionnels<span class=\"Apple-converted-space\">\u00a0<\/span><\/b><\/p>\n<p>Les solutions propos\u00e9es par Mobilize Power Solutions sont compatibles avec tous les types et toutes les marques de v\u00e9hicules \u00e9lectriques (deux-roues, v\u00e9hicules l\u00e9gers, utilitaires, poids lourds ou engins sp\u00e9ciaux). Cette ouverture lui permet d\u2019op\u00e9rer aupr\u00e8s de l\u2019ensemble des petites et moyennes entreprises et des grands groupes qui exploitent des flottes de v\u00e9hicules \u00e9lectriques ou hybrides rechargeables. Mobilize Power Solutions travaille aussi avec des soci\u00e9t\u00e9s fonci\u00e8res, parkings, centres commerciaux, ou encore des collectivit\u00e9s locales, qui proposent des services de recharge \u00e0 leurs clients ou au grand public. Enfin, Mobilize Power Solutions peut travailler en marque blanche pour les clients qui souhaitent valoriser leur propre marque.<span class=\"Apple-converted-space\">\u00a0<\/span><\/p>\n<p>&nbsp;<\/p>\n<p><b>Le partenariat Renault Group et Enersol, une double expertise unique sur le march\u00e9<span class=\"Apple-converted-space\">\u00a0<\/span><\/b><\/p>\n<p>Mobilize Power Solutions s\u2019int\u00e8gre dans l\u2019univers de la nouvelle marque de Renault Group, Mobilize. Pilier de la strat\u00e9gie du Groupe, Mobilize regroupe des services de mobilit\u00e9, d\u2019\u00e9nergie et de gestion des donn\u00e9es. Construite autour d&rsquo;\u00e9cosyst\u00e8mes ouverts, Mobilize fournit des solutions de mobilit\u00e9 flexibles et promeut une transition \u00e9nerg\u00e9tique durable.<span class=\"Apple-converted-space\">\u00a0<\/span><\/p>\n<p>En Belgique et au Luxembourg, le d\u00e9ploiement de Mobilize Power Solutions est port\u00e9 par la soci\u00e9t\u00e9 Elto BeLux, joint-venture entre Renault Group et Enersol. Enersol, apporte 10 ans d\u2019exp\u00e9rience dans les \u00e9nergies renouvelables (panneaux photovolta\u00efques, stockage d&rsquo;\u00e9nergie, pompes \u00e0 chaleur et \u00e9oliennes) et est \u00e9galement un r\u00e9f\u00e9rant sur le march\u00e9 de la mobilit\u00e9 \u00e9lectrique.<span class=\"Apple-converted-space\">\u00a0<\/span><\/p>\n<p>\u00ab <i>Les expertises en infrastructures de recharge d\u2019Enersol et leur connaissance des solutions d\u2019\u00e9nergie renouvelable viennent compl\u00e9ter l\u2019exp\u00e9rience de Renault Group sur la mobilit\u00e9 \u00e9lectrique et sa connaissance fine des usages et exp\u00e9riences automobiles des professionnels. <\/i>\u00bb commente Wim Kleijn, Directeur Mobilize Power Solutions BeLux.<span class=\"Apple-converted-space\">\u00a0<\/span><\/p>\n<p>Marc Gillet, Responsable Commercial &amp; Administrateur chez Enersol explique <i>\u00ab En combinant les forces de Renault Group &amp; Enersol, nous pouvons lancer une offre unique sur le march\u00e9 qui regroupe le conseil technique, l\u2019accompagnement, l\u2019\u00e9tude, l\u2019installation, le financement et la maintenance des infrastructures de recharge. Cette offre est \u00e9tablie en fonction des besoins &amp; r\u00e8glementations locaux, tout en s\u2019appuyant sur l\u2019expertise et les meilleures solutions techniques \u00e0 l\u2019\u00e9chelle europ\u00e9enne. \u00bb<span class=\"Apple-converted-space\">\u00a0<\/span><\/i><\/p>\n<p>Aujourd\u2019hui, Mobilize Power Solutions est implant\u00e9 sur 11 march\u00e9s cl\u00e9s de la mobilit\u00e9 \u00e9lectrique en Europe : l\u2019Espagne, le Portugal, la France, l\u2019Allemagne, le Royaume-Uni, la Suisse, l\u2019Autriche, la Belgique, les Pays-Bas, l\u2019Italie et le Luxembourg.<span class=\"Apple-converted-space\">\u00a0<\/span><\/p>\n<p>&nbsp;<\/p>\n","protected":false},"excerpt":{"rendered":"<p>\u00ab Apr\u00e8s le co\u00fbt et l\u2019autonomie des v\u00e9hicules, Mobilize Power Solutions l\u00e8ve un nouveau frein majeur \u00e0 l\u2019\u00e9lectrification des flottes : la recharge. En facilitant les projets de recharge pour les entreprises, Mobilize Power Solutions acc\u00e9l\u00e8re la transition \u00e9nerg\u00e9tique des professionnels et la d\u00e9mocratisation de l\u2019\u00e9lectrique. \u00bb explique Nicolas Schottey, CEO Mobilize Power Solutions.\u00a0 &nbsp; [&hellip;]<\/p>\n","protected":false},"author":4,"featured_media":4477,"comment_status":"closed","ping_status":"closed","sticky":false,"template":"","format":"standard","meta":{"_acf_changed":false,"footnotes":""},"categories":[81,91],"tags":[],"class_list":["post-4476","post","type-post","status-publish","format-standard","has-post-thumbnail","hentry","category-gestion-de-carburant-et-energie","category-expertise-et-management"],"acf":[],"yoast_head":"<!-- This site is optimized with the Yoast SEO plugin v27.3 - https:\/\/yoast.com\/product\/yoast-seo-wordpress\/ -->\n<title>Renault Group et Enersol cr\u00e9ent Mobilize Power Solutions pour faciliter la recharge de v\u00e9hicules \u00e9lectriques - link2fleet<\/title>\n<meta name=\"description\" content=\"Renault Group, pionnier et leader du v\u00e9hicule \u00e9lectrique en Europe, et Enersol, pionnier et r\u00e9f\u00e9rant du march\u00e9 de l\u2019\u00e9nergie renouvelable en Belgique, annoncent le d\u00e9ploiement\u2026\" \/>\n<meta name=\"robots\" content=\"index, follow, max-snippet:-1, max-image-preview:large, max-video-preview:-1\" \/>\n<meta property=\"og:locale\" content=\"fr_FR\" \/>\n<meta property=\"og:type\" content=\"article\" \/>\n<meta property=\"og:title\" content=\"Renault Group et Enersol cr\u00e9ent Mobilize Power Solutions pour faciliter la recharge de v\u00e9hicules \u00e9lectriques - link2fleet\" \/>\n<meta property=\"og:description\" content=\"Renault Group, pionnier et leader du v\u00e9hicule \u00e9lectrique en Europe, et Enersol, pionnier et r\u00e9f\u00e9rant du march\u00e9 de l\u2019\u00e9nergie renouvelable en Belgique, annoncent le d\u00e9ploiement\u2026\" \/>\n<meta property=\"og:url\" content=\"https:\/\/www.link2fleet.com\/fr\/renault-group-et-enersol-creent-mobilize-power-solutions-pour-faciliter-la-recharge-de-vehicules-electriques\/\" \/>\n<meta property=\"og:site_name\" content=\"link2fleet\" \/>\n<meta property=\"article:published_time\" content=\"2021-06-16T11:26:58+00:00\" \/>\n<meta property=\"article:modified_time\" content=\"2024-04-17T14:49:25+00:00\" \/>\n<meta property=\"og:image\" content=\"https:\/\/static.link2fleet.com\/wp-content\/uploads\/2024\/03\/elexent-recharge-flottes-ve-credits-omg-scaled-1.jpg\" \/>\n\t<meta property=\"og:image:width\" content=\"2560\" \/>\n\t<meta property=\"og:image:height\" content=\"1563\" \/>\n\t<meta property=\"og:image:type\" content=\"image\/jpeg\" \/>\n<meta name=\"author\" content=\"Damien Malvetti\" \/>\n<meta name=\"twitter:card\" content=\"summary_large_image\" \/>\n<meta name=\"twitter:description\" content=\"Renault Group, pionnier et leader du v\u00e9hicule \u00e9lectrique en Europe, et Enersol, pionnier et r\u00e9f\u00e9rant du march\u00e9 de l\u2019\u00e9nergie renouvelable en Belgique, annoncent le d\u00e9ploiement\u2026\" \/>\n<meta name=\"twitter:label1\" content=\"\u00c9crit par\" \/>\n\t<meta name=\"twitter:data1\" content=\"Damien Malvetti\" \/>\n\t<meta name=\"twitter:label2\" content=\"Dur\u00e9e de lecture estim\u00e9e\" \/>\n\t<meta name=\"twitter:data2\" content=\"4 minutes\" \/>\n<script type=\"application\/ld+json\" class=\"yoast-schema-graph\">{\"@context\":\"https:\\\/\\\/schema.org\",\"@graph\":[{\"@type\":\"Article\",\"@id\":\"https:\\\/\\\/www.link2fleet.com\\\/fr\\\/renault-group-et-enersol-creent-mobilize-power-solutions-pour-faciliter-la-recharge-de-vehicules-electriques\\\/#article\",\"isPartOf\":{\"@id\":\"https:\\\/\\\/www.link2fleet.com\\\/fr\\\/renault-group-et-enersol-creent-mobilize-power-solutions-pour-faciliter-la-recharge-de-vehicules-electriques\\\/\"},\"author\":{\"name\":\"Damien Malvetti\",\"@id\":\"https:\\\/\\\/www.link2fleet.com\\\/fr\\\/#\\\/schema\\\/person\\\/027cd46113c78036b3809c9a054049da\"},\"headline\":\"Renault Group et Enersol cr\u00e9ent Mobilize Power Solutions pour faciliter la recharge de v\u00e9hicules \u00e9lectriques\",\"datePublished\":\"2021-06-16T11:26:58+00:00\",\"dateModified\":\"2024-04-17T14:49:25+00:00\",\"mainEntityOfPage\":{\"@id\":\"https:\\\/\\\/www.link2fleet.com\\\/fr\\\/renault-group-et-enersol-creent-mobilize-power-solutions-pour-faciliter-la-recharge-de-vehicules-electriques\\\/\"},\"wordCount\":735,\"publisher\":{\"@id\":\"https:\\\/\\\/www.link2fleet.com\\\/fr\\\/#organization\"},\"image\":{\"@id\":\"https:\\\/\\\/www.link2fleet.com\\\/fr\\\/renault-group-et-enersol-creent-mobilize-power-solutions-pour-faciliter-la-recharge-de-vehicules-electriques\\\/#primaryimage\"},\"thumbnailUrl\":\"https:\\\/\\\/static.link2fleet.com\\\/wp-content\\\/uploads\\\/2024\\\/03\\\/elexent-recharge-flottes-ve-credits-omg-scaled-1.jpg\",\"articleSection\":[\"Gestion carburant et de l'\u00e9nergie\",\"Gestion de flotte\"],\"inLanguage\":\"fr-FR\"},{\"@type\":\"WebPage\",\"@id\":\"https:\\\/\\\/www.link2fleet.com\\\/fr\\\/renault-group-et-enersol-creent-mobilize-power-solutions-pour-faciliter-la-recharge-de-vehicules-electriques\\\/\",\"url\":\"https:\\\/\\\/www.link2fleet.com\\\/fr\\\/renault-group-et-enersol-creent-mobilize-power-solutions-pour-faciliter-la-recharge-de-vehicules-electriques\\\/\",\"name\":\"Renault Group et Enersol cr\u00e9ent Mobilize Power Solutions pour faciliter la recharge de v\u00e9hicules \u00e9lectriques - link2fleet\",\"isPartOf\":{\"@id\":\"https:\\\/\\\/www.link2fleet.com\\\/fr\\\/#website\"},\"primaryImageOfPage\":{\"@id\":\"https:\\\/\\\/www.link2fleet.com\\\/fr\\\/renault-group-et-enersol-creent-mobilize-power-solutions-pour-faciliter-la-recharge-de-vehicules-electriques\\\/#primaryimage\"},\"image\":{\"@id\":\"https:\\\/\\\/www.link2fleet.com\\\/fr\\\/renault-group-et-enersol-creent-mobilize-power-solutions-pour-faciliter-la-recharge-de-vehicules-electriques\\\/#primaryimage\"},\"thumbnailUrl\":\"https:\\\/\\\/static.link2fleet.com\\\/wp-content\\\/uploads\\\/2024\\\/03\\\/elexent-recharge-flottes-ve-credits-omg-scaled-1.jpg\",\"datePublished\":\"2021-06-16T11:26:58+00:00\",\"dateModified\":\"2024-04-17T14:49:25+00:00\",\"breadcrumb\":{\"@id\":\"https:\\\/\\\/www.link2fleet.com\\\/fr\\\/renault-group-et-enersol-creent-mobilize-power-solutions-pour-faciliter-la-recharge-de-vehicules-electriques\\\/#breadcrumb\"},\"inLanguage\":\"fr-FR\",\"potentialAction\":[{\"@type\":\"ReadAction\",\"target\":[\"https:\\\/\\\/www.link2fleet.com\\\/fr\\\/renault-group-et-enersol-creent-mobilize-power-solutions-pour-faciliter-la-recharge-de-vehicules-electriques\\\/\"]}]},{\"@type\":\"ImageObject\",\"inLanguage\":\"fr-FR\",\"@id\":\"https:\\\/\\\/www.link2fleet.com\\\/fr\\\/renault-group-et-enersol-creent-mobilize-power-solutions-pour-faciliter-la-recharge-de-vehicules-electriques\\\/#primaryimage\",\"url\":\"https:\\\/\\\/static.link2fleet.com\\\/wp-content\\\/uploads\\\/2024\\\/03\\\/elexent-recharge-flottes-ve-credits-omg-scaled-1.jpg\",\"contentUrl\":\"https:\\\/\\\/static.link2fleet.com\\\/wp-content\\\/uploads\\\/2024\\\/03\\\/elexent-recharge-flottes-ve-credits-omg-scaled-1.jpg\",\"width\":2560,\"height\":1563},{\"@type\":\"BreadcrumbList\",\"@id\":\"https:\\\/\\\/www.link2fleet.com\\\/fr\\\/renault-group-et-enersol-creent-mobilize-power-solutions-pour-faciliter-la-recharge-de-vehicules-electriques\\\/#breadcrumb\",\"itemListElement\":[{\"@type\":\"ListItem\",\"position\":1,\"name\":\"Home\",\"item\":\"https:\\\/\\\/www.link2fleet.com\\\/fr\\\/\"},{\"@type\":\"ListItem\",\"position\":2,\"name\":\"Renault Group et Enersol cr\u00e9ent Mobilize Power Solutions pour faciliter la recharge de v\u00e9hicules \u00e9lectriques\"}]},{\"@type\":\"WebSite\",\"@id\":\"https:\\\/\\\/www.link2fleet.com\\\/fr\\\/#website\",\"url\":\"https:\\\/\\\/www.link2fleet.com\\\/fr\\\/\",\"name\":\"Link2fleet\",\"description\":\"\",\"publisher\":{\"@id\":\"https:\\\/\\\/www.link2fleet.com\\\/fr\\\/#organization\"},\"potentialAction\":[{\"@type\":\"SearchAction\",\"target\":{\"@type\":\"EntryPoint\",\"urlTemplate\":\"https:\\\/\\\/www.link2fleet.com\\\/fr\\\/?s={search_term_string}\"},\"query-input\":{\"@type\":\"PropertyValueSpecification\",\"valueRequired\":true,\"valueName\":\"search_term_string\"}}],\"inLanguage\":\"fr-FR\"},{\"@type\":\"Organization\",\"@id\":\"https:\\\/\\\/www.link2fleet.com\\\/fr\\\/#organization\",\"name\":\"Link2fleet\",\"url\":\"https:\\\/\\\/www.link2fleet.com\\\/fr\\\/\",\"logo\":{\"@type\":\"ImageObject\",\"inLanguage\":\"fr-FR\",\"@id\":\"https:\\\/\\\/www.link2fleet.com\\\/fr\\\/#\\\/schema\\\/logo\\\/image\\\/\",\"url\":\"https:\\\/\\\/static.link2fleet.com\\\/wp-content\\\/uploads\\\/2024\\\/03\\\/share-image.jpg\",\"contentUrl\":\"https:\\\/\\\/static.link2fleet.com\\\/wp-content\\\/uploads\\\/2024\\\/03\\\/share-image.jpg\",\"width\":1200,\"height\":630,\"caption\":\"Link2fleet\"},\"image\":{\"@id\":\"https:\\\/\\\/www.link2fleet.com\\\/fr\\\/#\\\/schema\\\/logo\\\/image\\\/\"},\"sameAs\":[\"https:\\\/\\\/www.linkedin.com\\\/company\\\/link2fleet-belgium\",\"https:\\\/\\\/www.youtube.com\\\/user\\\/MMMBMBE\"]},{\"@type\":\"Person\",\"@id\":\"https:\\\/\\\/www.link2fleet.com\\\/fr\\\/#\\\/schema\\\/person\\\/027cd46113c78036b3809c9a054049da\",\"name\":\"Damien Malvetti\",\"image\":{\"@type\":\"ImageObject\",\"inLanguage\":\"fr-FR\",\"@id\":\"https:\\\/\\\/secure.gravatar.com\\\/avatar\\\/dd8cc03b49466c735f753ac37f8caa371af16dfed347456ed61f02883255eebb?s=96&d=mm&r=g\",\"url\":\"https:\\\/\\\/secure.gravatar.com\\\/avatar\\\/dd8cc03b49466c735f753ac37f8caa371af16dfed347456ed61f02883255eebb?s=96&d=mm&r=g\",\"contentUrl\":\"https:\\\/\\\/secure.gravatar.com\\\/avatar\\\/dd8cc03b49466c735f753ac37f8caa371af16dfed347456ed61f02883255eebb?s=96&d=mm&r=g\",\"caption\":\"Damien Malvetti\"},\"description\":\"Damien Malvetti is opgeleid als journalist en gepassioneerd door wagens, technologie en mobiliteit. Hij is verantwoordelijk voor de redactionele inhoud van link2fleet en beschikt over een uitgebreide kennis van de fleet-sector en elektrische mobiliteit.\",\"sameAs\":[\"https:\\\/\\\/www.linkedin.com\\\/in\\\/damien-malvetti-56601142\\\/\"]}]}<\/script>\n<!-- \/ Yoast SEO plugin. -->","yoast_head_json":{"title":"Renault Group et Enersol cr\u00e9ent Mobilize Power Solutions pour faciliter la recharge de v\u00e9hicules \u00e9lectriques - link2fleet","description":"Renault Group, pionnier et leader du v\u00e9hicule \u00e9lectrique en Europe, et Enersol, pionnier et r\u00e9f\u00e9rant du march\u00e9 de l\u2019\u00e9nergie renouvelable en Belgique, annoncent le d\u00e9ploiement\u2026","robots":{"index":"index","follow":"follow","max-snippet":"max-snippet:-1","max-image-preview":"max-image-preview:large","max-video-preview":"max-video-preview:-1"},"og_locale":"fr_FR","og_type":"article","og_title":"Renault Group et Enersol cr\u00e9ent Mobilize Power Solutions pour faciliter la recharge de v\u00e9hicules \u00e9lectriques - link2fleet","og_description":"Renault Group, pionnier et leader du v\u00e9hicule \u00e9lectrique en Europe, et Enersol, pionnier et r\u00e9f\u00e9rant du march\u00e9 de l\u2019\u00e9nergie renouvelable en Belgique, annoncent le d\u00e9ploiement\u2026","og_url":"https:\/\/www.link2fleet.com\/fr\/renault-group-et-enersol-creent-mobilize-power-solutions-pour-faciliter-la-recharge-de-vehicules-electriques\/","og_site_name":"link2fleet","article_published_time":"2021-06-16T11:26:58+00:00","article_modified_time":"2024-04-17T14:49:25+00:00","og_image":[{"width":2560,"height":1563,"url":"https:\/\/static.link2fleet.com\/wp-content\/uploads\/2024\/03\/elexent-recharge-flottes-ve-credits-omg-scaled-1.jpg","type":"image\/jpeg"}],"author":"Damien Malvetti","twitter_card":"summary_large_image","twitter_description":"Renault Group, pionnier et leader du v\u00e9hicule \u00e9lectrique en Europe, et Enersol, pionnier et r\u00e9f\u00e9rant du march\u00e9 de l\u2019\u00e9nergie renouvelable en Belgique, annoncent le d\u00e9ploiement\u2026","twitter_misc":{"\u00c9crit par":"Damien Malvetti","Dur\u00e9e de lecture estim\u00e9e":"4 minutes"},"schema":{"@context":"https:\/\/schema.org","@graph":[{"@type":"Article","@id":"https:\/\/www.link2fleet.com\/fr\/renault-group-et-enersol-creent-mobilize-power-solutions-pour-faciliter-la-recharge-de-vehicules-electriques\/#article","isPartOf":{"@id":"https:\/\/www.link2fleet.com\/fr\/renault-group-et-enersol-creent-mobilize-power-solutions-pour-faciliter-la-recharge-de-vehicules-electriques\/"},"author":{"name":"Damien Malvetti","@id":"https:\/\/www.link2fleet.com\/fr\/#\/schema\/person\/027cd46113c78036b3809c9a054049da"},"headline":"Renault Group et Enersol cr\u00e9ent Mobilize Power Solutions pour faciliter la recharge de v\u00e9hicules \u00e9lectriques","datePublished":"2021-06-16T11:26:58+00:00","dateModified":"2024-04-17T14:49:25+00:00","mainEntityOfPage":{"@id":"https:\/\/www.link2fleet.com\/fr\/renault-group-et-enersol-creent-mobilize-power-solutions-pour-faciliter-la-recharge-de-vehicules-electriques\/"},"wordCount":735,"publisher":{"@id":"https:\/\/www.link2fleet.com\/fr\/#organization"},"image":{"@id":"https:\/\/www.link2fleet.com\/fr\/renault-group-et-enersol-creent-mobilize-power-solutions-pour-faciliter-la-recharge-de-vehicules-electriques\/#primaryimage"},"thumbnailUrl":"https:\/\/static.link2fleet.com\/wp-content\/uploads\/2024\/03\/elexent-recharge-flottes-ve-credits-omg-scaled-1.jpg","articleSection":["Gestion carburant et de l'\u00e9nergie","Gestion de flotte"],"inLanguage":"fr-FR"},{"@type":"WebPage","@id":"https:\/\/www.link2fleet.com\/fr\/renault-group-et-enersol-creent-mobilize-power-solutions-pour-faciliter-la-recharge-de-vehicules-electriques\/","url":"https:\/\/www.link2fleet.com\/fr\/renault-group-et-enersol-creent-mobilize-power-solutions-pour-faciliter-la-recharge-de-vehicules-electriques\/","name":"Renault Group et Enersol cr\u00e9ent Mobilize Power Solutions pour faciliter la recharge de v\u00e9hicules \u00e9lectriques - link2fleet","isPartOf":{"@id":"https:\/\/www.link2fleet.com\/fr\/#website"},"primaryImageOfPage":{"@id":"https:\/\/www.link2fleet.com\/fr\/renault-group-et-enersol-creent-mobilize-power-solutions-pour-faciliter-la-recharge-de-vehicules-electriques\/#primaryimage"},"image":{"@id":"https:\/\/www.link2fleet.com\/fr\/renault-group-et-enersol-creent-mobilize-power-solutions-pour-faciliter-la-recharge-de-vehicules-electriques\/#primaryimage"},"thumbnailUrl":"https:\/\/static.link2fleet.com\/wp-content\/uploads\/2024\/03\/elexent-recharge-flottes-ve-credits-omg-scaled-1.jpg","datePublished":"2021-06-16T11:26:58+00:00","dateModified":"2024-04-17T14:49:25+00:00","breadcrumb":{"@id":"https:\/\/www.link2fleet.com\/fr\/renault-group-et-enersol-creent-mobilize-power-solutions-pour-faciliter-la-recharge-de-vehicules-electriques\/#breadcrumb"},"inLanguage":"fr-FR","potentialAction":[{"@type":"ReadAction","target":["https:\/\/www.link2fleet.com\/fr\/renault-group-et-enersol-creent-mobilize-power-solutions-pour-faciliter-la-recharge-de-vehicules-electriques\/"]}]},{"@type":"ImageObject","inLanguage":"fr-FR","@id":"https:\/\/www.link2fleet.com\/fr\/renault-group-et-enersol-creent-mobilize-power-solutions-pour-faciliter-la-recharge-de-vehicules-electriques\/#primaryimage","url":"https:\/\/static.link2fleet.com\/wp-content\/uploads\/2024\/03\/elexent-recharge-flottes-ve-credits-omg-scaled-1.jpg","contentUrl":"https:\/\/static.link2fleet.com\/wp-content\/uploads\/2024\/03\/elexent-recharge-flottes-ve-credits-omg-scaled-1.jpg","width":2560,"height":1563},{"@type":"BreadcrumbList","@id":"https:\/\/www.link2fleet.com\/fr\/renault-group-et-enersol-creent-mobilize-power-solutions-pour-faciliter-la-recharge-de-vehicules-electriques\/#breadcrumb","itemListElement":[{"@type":"ListItem","position":1,"name":"Home","item":"https:\/\/www.link2fleet.com\/fr\/"},{"@type":"ListItem","position":2,"name":"Renault Group et Enersol cr\u00e9ent Mobilize Power Solutions pour faciliter la recharge de v\u00e9hicules \u00e9lectriques"}]},{"@type":"WebSite","@id":"https:\/\/www.link2fleet.com\/fr\/#website","url":"https:\/\/www.link2fleet.com\/fr\/","name":"Link2fleet","description":"","publisher":{"@id":"https:\/\/www.link2fleet.com\/fr\/#organization"},"potentialAction":[{"@type":"SearchAction","target":{"@type":"EntryPoint","urlTemplate":"https:\/\/www.link2fleet.com\/fr\/?s={search_term_string}"},"query-input":{"@type":"PropertyValueSpecification","valueRequired":true,"valueName":"search_term_string"}}],"inLanguage":"fr-FR"},{"@type":"Organization","@id":"https:\/\/www.link2fleet.com\/fr\/#organization","name":"Link2fleet","url":"https:\/\/www.link2fleet.com\/fr\/","logo":{"@type":"ImageObject","inLanguage":"fr-FR","@id":"https:\/\/www.link2fleet.com\/fr\/#\/schema\/logo\/image\/","url":"https:\/\/static.link2fleet.com\/wp-content\/uploads\/2024\/03\/share-image.jpg","contentUrl":"https:\/\/static.link2fleet.com\/wp-content\/uploads\/2024\/03\/share-image.jpg","width":1200,"height":630,"caption":"Link2fleet"},"image":{"@id":"https:\/\/www.link2fleet.com\/fr\/#\/schema\/logo\/image\/"},"sameAs":["https:\/\/www.linkedin.com\/company\/link2fleet-belgium","https:\/\/www.youtube.com\/user\/MMMBMBE"]},{"@type":"Person","@id":"https:\/\/www.link2fleet.com\/fr\/#\/schema\/person\/027cd46113c78036b3809c9a054049da","name":"Damien Malvetti","image":{"@type":"ImageObject","inLanguage":"fr-FR","@id":"https:\/\/secure.gravatar.com\/avatar\/dd8cc03b49466c735f753ac37f8caa371af16dfed347456ed61f02883255eebb?s=96&d=mm&r=g","url":"https:\/\/secure.gravatar.com\/avatar\/dd8cc03b49466c735f753ac37f8caa371af16dfed347456ed61f02883255eebb?s=96&d=mm&r=g","contentUrl":"https:\/\/secure.gravatar.com\/avatar\/dd8cc03b49466c735f753ac37f8caa371af16dfed347456ed61f02883255eebb?s=96&d=mm&r=g","caption":"Damien Malvetti"},"description":"Damien Malvetti is opgeleid als journalist en gepassioneerd door wagens, technologie en mobiliteit. Hij is verantwoordelijk voor de redactionele inhoud van link2fleet en beschikt over een uitgebreide kennis van de fleet-sector en elektrische mobiliteit.","sameAs":["https:\/\/www.linkedin.com\/in\/damien-malvetti-56601142\/"]}]}},"_links":{"self":[{"href":"https:\/\/www.link2fleet.com\/fr\/wp-json\/wp\/v2\/posts\/4476","targetHints":{"allow":["GET"]}}],"collection":[{"href":"https:\/\/www.link2fleet.com\/fr\/wp-json\/wp\/v2\/posts"}],"about":[{"href":"https:\/\/www.link2fleet.com\/fr\/wp-json\/wp\/v2\/types\/post"}],"author":[{"embeddable":true,"href":"https:\/\/www.link2fleet.com\/fr\/wp-json\/wp\/v2\/users\/4"}],"replies":[{"embeddable":true,"href":"https:\/\/www.link2fleet.com\/fr\/wp-json\/wp\/v2\/comments?post=4476"}],"version-history":[{"count":0,"href":"https:\/\/www.link2fleet.com\/fr\/wp-json\/wp\/v2\/posts\/4476\/revisions"}],"wp:featuredmedia":[{"embeddable":true,"href":"https:\/\/www.link2fleet.com\/fr\/wp-json\/wp\/v2\/media\/4477"}],"wp:attachment":[{"href":"https:\/\/www.link2fleet.com\/fr\/wp-json\/wp\/v2\/media?parent=4476"}],"wp:term":[{"taxonomy":"category","embeddable":true,"href":"https:\/\/www.link2fleet.com\/fr\/wp-json\/wp\/v2\/categories?post=4476"},{"taxonomy":"post_tag","embeddable":true,"href":"https:\/\/www.link2fleet.com\/fr\/wp-json\/wp\/v2\/tags?post=4476"}],"curies":[{"name":"wp","href":"https:\/\/api.w.org\/{rel}","templated":true}]}}