{"id":4575,"date":"2021-06-29T08:12:48","date_gmt":"2021-06-29T06:12:48","guid":{"rendered":"https:\/\/www.link2fleet.com\/santa-fe-phev-a-la-hauteur-des-premiums\/"},"modified":"2024-04-17T16:49:13","modified_gmt":"2024-04-17T14:49:13","slug":"santa-fe-phev-a-la-hauteur-des-premiums","status":"publish","type":"post","link":"https:\/\/www.link2fleet.com\/fr\/santa-fe-phev-a-la-hauteur-des-premiums\/","title":{"rendered":"Santa Fe PHEV: \u00e0 la hauteur des premiums"},"content":{"rendered":"<p><a href=\"https:\/\/www.link2fleet.com\/wp-content\/uploads\/2021\/06\/SANTAFE_6-scaled.jpg\"><img loading=\"lazy\" decoding=\"async\" class=\"alignright size-medium wp-image-1269279\" src=\"https:\/\/www.link2fleet.com\/wp-content\/uploads\/2021\/06\/SANTAFE_6-300x185.jpg\" alt=\"\" width=\"300\" height=\"185\" \/><\/a>Pour le facelift de la quatri\u00e8me g\u00e9n\u00e9ration de son Santa Fe, Hyundai est parti d\u2019une feuille blanche\u00a0: nouvelle plateforme, nouvelles technologies et nouvelles motorisations. Avec sa grande grille de calandre et ses notes chrom\u00e9es r\u00e9parties partout sur sa carrosserie, son int\u00e9rieur couvert de cuir de haute qualit\u00e9 et ses finitions exemplaires, le Hyundai Santa Fe 2021 donne directement le ton. Il joue dor\u00e9navant dans la cour des premiums et cela se ressent dans ses ventes puisqu\u2019il a d\u00e9j\u00e0 convaincu de nombreux clients habitu\u00e9s des concurrents premiums.<\/p>\n<p>Son confort int\u00e9rieur et sa technologie embarqu\u00e9e n\u2019y sont pas \u00e9trangers. M\u00eame si le nouveau Santa Fe a choisi de conserver de nombreuses commandes via des boutons positionn\u00e9s sur sa console centrale flottante, il arbore un grand \u00e9cran de 10,25 pouces tout en haut de celle-ci et un combin\u00e9 d\u2019instruments enti\u00e8rement digital.<\/p>\n<p>&nbsp;<\/p>\n<p><strong>Pens\u00e9 pour les familles<\/strong><\/p>\n<p><a href=\"https:\/\/www.link2fleet.com\/wp-content\/uploads\/2021\/06\/SANTAFE_10-scaled.jpg\"><img loading=\"lazy\" decoding=\"async\" class=\"alignleft size-medium wp-image-1269289\" src=\"https:\/\/www.link2fleet.com\/wp-content\/uploads\/2021\/06\/SANTAFE_10-300x134.jpg\" alt=\"\" width=\"300\" height=\"134\" \/><\/a>Ses 7 places int\u00e9rieures obtenues gr\u00e2ce \u00e0 sa troisi\u00e8me banquette font partie de ses atouts pour conqu\u00e9rir les familles. Et comme sur le nouveau Tucson PHEV, les batteries de la version hybride rechargeable sont positionn\u00e9es sous la banquette arri\u00e8re gr\u00e2ce \u00e0 l\u2019usage d\u2019une nouvelle plateforme, ce qui permet de ne pas r\u00e9duire l\u2019espace aux places arri\u00e8res ou le volume de coffre (634 litres).<\/p>\n<p>Justement, cette version PHEV allie le moteur essence 1.6 T-GDi \u00e0 un moteur \u00e9lectrique de 60 ch pour offrir une puissance totale de 230 ch et un couple maximal combin\u00e9 de 350 Nm. Il revendique une autonomie full \u00e9lectrique de 58 km (WLTP) pour un taux de CO2 extr\u00eamement bas de 37 g\/km. C\u2019est d\u2019ailleurs l\u2019un de ses atouts majeurs pour conqu\u00e9rir la client\u00e8le fleet qui b\u00e9n\u00e9ficiera d\u2019une d\u00e9ductibilit\u00e9 fiscale de 100% et d\u2019un TCO tr\u00e8s bas sur ce mod\u00e8le.<\/p>\n<p>&nbsp;<\/p>\n<h3 style=\"text-align: center;\"><a href=\"https:\/\/www.hyundai.be\/fr\/essai\/?model=New+Santa+Fe+Plug-in+Hybrid\"><strong>Demandez votre essai au volant du nouveau Santa Fe PHEV<\/strong><\/a><\/h3>\n<p>&nbsp;<\/p>\n\n<p>&nbsp;<\/p>\n","protected":false},"excerpt":{"rendered":"<p>Pour le facelift de la quatri\u00e8me g\u00e9n\u00e9ration de son Santa Fe, Hyundai est parti d\u2019une feuille blanche\u00a0: nouvelle plateforme, nouvelles technologies et nouvelles motorisations. Avec sa grande grille de calandre et ses notes chrom\u00e9es r\u00e9parties partout sur sa carrosserie, son int\u00e9rieur couvert de cuir de haute qualit\u00e9 et ses finitions exemplaires, le Hyundai Santa Fe [&hellip;]<\/p>\n","protected":false},"author":4,"featured_media":4576,"comment_status":"closed","ping_status":"closed","sticky":false,"template":"","format":"standard","meta":{"_acf_changed":false,"footnotes":""},"categories":[77,76],"tags":[],"class_list":["post-4575","post","type-post","status-publish","format-standard","has-post-thumbnail","hentry","category-importateurs-et-constructeurs-automobiles-vp","category-car"],"acf":[],"yoast_head":"<!-- This site is optimized with the Yoast SEO plugin v27.3 - https:\/\/yoast.com\/product\/yoast-seo-wordpress\/ -->\n<title>Santa Fe PHEV: \u00e0 la hauteur des premiums - link2fleet<\/title>\n<meta name=\"description\" content=\"Le grand SUV de Hyundai vient de s\u2019offrir un ravalement de fa\u00e7ade complet apr\u00e8s seulement 2 ans de commercialisation. D\u00e9sormais plus luxueux et plus confortable,\u2026\" \/>\n<meta name=\"robots\" content=\"index, follow, max-snippet:-1, max-image-preview:large, max-video-preview:-1\" \/>\n<meta property=\"og:locale\" content=\"fr_FR\" \/>\n<meta property=\"og:type\" content=\"article\" \/>\n<meta property=\"og:title\" content=\"Santa Fe PHEV: \u00e0 la hauteur des premiums - link2fleet\" \/>\n<meta property=\"og:description\" content=\"Le grand SUV de Hyundai vient de s\u2019offrir un ravalement de fa\u00e7ade complet apr\u00e8s seulement 2 ans de commercialisation. D\u00e9sormais plus luxueux et plus confortable,\u2026\" \/>\n<meta property=\"og:url\" content=\"https:\/\/www.link2fleet.com\/fr\/santa-fe-phev-a-la-hauteur-des-premiums\/\" \/>\n<meta property=\"og:site_name\" content=\"link2fleet\" \/>\n<meta property=\"article:published_time\" content=\"2021-06-29T06:12:48+00:00\" \/>\n<meta property=\"article:modified_time\" content=\"2024-04-17T14:49:13+00:00\" \/>\n<meta property=\"og:image\" content=\"https:\/\/static.link2fleet.com\/wp-content\/uploads\/2024\/03\/santafe-4-scaled-1.jpg\" \/>\n\t<meta property=\"og:image:width\" content=\"2560\" \/>\n\t<meta property=\"og:image:height\" content=\"1630\" \/>\n\t<meta property=\"og:image:type\" content=\"image\/jpeg\" \/>\n<meta name=\"author\" content=\"Damien Malvetti\" \/>\n<meta name=\"twitter:card\" content=\"summary_large_image\" \/>\n<meta name=\"twitter:description\" content=\"Le grand SUV de Hyundai vient de s\u2019offrir un ravalement de fa\u00e7ade complet apr\u00e8s seulement 2 ans de commercialisation. D\u00e9sormais plus luxueux et plus confortable,\u2026\" \/>\n<meta name=\"twitter:label1\" content=\"\u00c9crit par\" \/>\n\t<meta name=\"twitter:data1\" content=\"Damien Malvetti\" \/>\n\t<meta name=\"twitter:label2\" content=\"Dur\u00e9e de lecture estim\u00e9e\" \/>\n\t<meta name=\"twitter:data2\" content=\"3 minutes\" \/>\n<script type=\"application\/ld+json\" class=\"yoast-schema-graph\">{\"@context\":\"https:\\\/\\\/schema.org\",\"@graph\":[{\"@type\":\"Article\",\"@id\":\"https:\\\/\\\/www.link2fleet.com\\\/fr\\\/santa-fe-phev-a-la-hauteur-des-premiums\\\/#article\",\"isPartOf\":{\"@id\":\"https:\\\/\\\/www.link2fleet.com\\\/fr\\\/santa-fe-phev-a-la-hauteur-des-premiums\\\/\"},\"author\":{\"name\":\"Damien Malvetti\",\"@id\":\"https:\\\/\\\/www.link2fleet.com\\\/fr\\\/#\\\/schema\\\/person\\\/027cd46113c78036b3809c9a054049da\"},\"headline\":\"Santa Fe PHEV: \u00e0 la hauteur des premiums\",\"datePublished\":\"2021-06-29T06:12:48+00:00\",\"dateModified\":\"2024-04-17T14:49:13+00:00\",\"mainEntityOfPage\":{\"@id\":\"https:\\\/\\\/www.link2fleet.com\\\/fr\\\/santa-fe-phev-a-la-hauteur-des-premiums\\\/\"},\"wordCount\":536,\"publisher\":{\"@id\":\"https:\\\/\\\/www.link2fleet.com\\\/fr\\\/#organization\"},\"image\":{\"@id\":\"https:\\\/\\\/www.link2fleet.com\\\/fr\\\/santa-fe-phev-a-la-hauteur-des-premiums\\\/#primaryimage\"},\"thumbnailUrl\":\"https:\\\/\\\/static.link2fleet.com\\\/wp-content\\\/uploads\\\/2024\\\/03\\\/santafe-4-scaled-1.jpg\",\"articleSection\":[\"Importateurs et constructeurs\",\"V\u00e9hicules\"],\"inLanguage\":\"fr-FR\"},{\"@type\":\"WebPage\",\"@id\":\"https:\\\/\\\/www.link2fleet.com\\\/fr\\\/santa-fe-phev-a-la-hauteur-des-premiums\\\/\",\"url\":\"https:\\\/\\\/www.link2fleet.com\\\/fr\\\/santa-fe-phev-a-la-hauteur-des-premiums\\\/\",\"name\":\"Santa Fe PHEV: \u00e0 la hauteur des premiums - link2fleet\",\"isPartOf\":{\"@id\":\"https:\\\/\\\/www.link2fleet.com\\\/fr\\\/#website\"},\"primaryImageOfPage\":{\"@id\":\"https:\\\/\\\/www.link2fleet.com\\\/fr\\\/santa-fe-phev-a-la-hauteur-des-premiums\\\/#primaryimage\"},\"image\":{\"@id\":\"https:\\\/\\\/www.link2fleet.com\\\/fr\\\/santa-fe-phev-a-la-hauteur-des-premiums\\\/#primaryimage\"},\"thumbnailUrl\":\"https:\\\/\\\/static.link2fleet.com\\\/wp-content\\\/uploads\\\/2024\\\/03\\\/santafe-4-scaled-1.jpg\",\"datePublished\":\"2021-06-29T06:12:48+00:00\",\"dateModified\":\"2024-04-17T14:49:13+00:00\",\"breadcrumb\":{\"@id\":\"https:\\\/\\\/www.link2fleet.com\\\/fr\\\/santa-fe-phev-a-la-hauteur-des-premiums\\\/#breadcrumb\"},\"inLanguage\":\"fr-FR\",\"potentialAction\":[{\"@type\":\"ReadAction\",\"target\":[\"https:\\\/\\\/www.link2fleet.com\\\/fr\\\/santa-fe-phev-a-la-hauteur-des-premiums\\\/\"]}]},{\"@type\":\"ImageObject\",\"inLanguage\":\"fr-FR\",\"@id\":\"https:\\\/\\\/www.link2fleet.com\\\/fr\\\/santa-fe-phev-a-la-hauteur-des-premiums\\\/#primaryimage\",\"url\":\"https:\\\/\\\/static.link2fleet.com\\\/wp-content\\\/uploads\\\/2024\\\/03\\\/santafe-4-scaled-1.jpg\",\"contentUrl\":\"https:\\\/\\\/static.link2fleet.com\\\/wp-content\\\/uploads\\\/2024\\\/03\\\/santafe-4-scaled-1.jpg\",\"width\":2560,\"height\":1630,\"caption\":\"||||||||||\"},{\"@type\":\"BreadcrumbList\",\"@id\":\"https:\\\/\\\/www.link2fleet.com\\\/fr\\\/santa-fe-phev-a-la-hauteur-des-premiums\\\/#breadcrumb\",\"itemListElement\":[{\"@type\":\"ListItem\",\"position\":1,\"name\":\"Home\",\"item\":\"https:\\\/\\\/www.link2fleet.com\\\/fr\\\/\"},{\"@type\":\"ListItem\",\"position\":2,\"name\":\"Santa Fe PHEV: \u00e0 la hauteur des premiums\"}]},{\"@type\":\"WebSite\",\"@id\":\"https:\\\/\\\/www.link2fleet.com\\\/fr\\\/#website\",\"url\":\"https:\\\/\\\/www.link2fleet.com\\\/fr\\\/\",\"name\":\"Link2fleet\",\"description\":\"\",\"publisher\":{\"@id\":\"https:\\\/\\\/www.link2fleet.com\\\/fr\\\/#organization\"},\"potentialAction\":[{\"@type\":\"SearchAction\",\"target\":{\"@type\":\"EntryPoint\",\"urlTemplate\":\"https:\\\/\\\/www.link2fleet.com\\\/fr\\\/?s={search_term_string}\"},\"query-input\":{\"@type\":\"PropertyValueSpecification\",\"valueRequired\":true,\"valueName\":\"search_term_string\"}}],\"inLanguage\":\"fr-FR\"},{\"@type\":\"Organization\",\"@id\":\"https:\\\/\\\/www.link2fleet.com\\\/fr\\\/#organization\",\"name\":\"Link2fleet\",\"url\":\"https:\\\/\\\/www.link2fleet.com\\\/fr\\\/\",\"logo\":{\"@type\":\"ImageObject\",\"inLanguage\":\"fr-FR\",\"@id\":\"https:\\\/\\\/www.link2fleet.com\\\/fr\\\/#\\\/schema\\\/logo\\\/image\\\/\",\"url\":\"https:\\\/\\\/static.link2fleet.com\\\/wp-content\\\/uploads\\\/2024\\\/03\\\/share-image.jpg\",\"contentUrl\":\"https:\\\/\\\/static.link2fleet.com\\\/wp-content\\\/uploads\\\/2024\\\/03\\\/share-image.jpg\",\"width\":1200,\"height\":630,\"caption\":\"Link2fleet\"},\"image\":{\"@id\":\"https:\\\/\\\/www.link2fleet.com\\\/fr\\\/#\\\/schema\\\/logo\\\/image\\\/\"},\"sameAs\":[\"https:\\\/\\\/www.linkedin.com\\\/company\\\/link2fleet-belgium\",\"https:\\\/\\\/www.youtube.com\\\/user\\\/MMMBMBE\"]},{\"@type\":\"Person\",\"@id\":\"https:\\\/\\\/www.link2fleet.com\\\/fr\\\/#\\\/schema\\\/person\\\/027cd46113c78036b3809c9a054049da\",\"name\":\"Damien Malvetti\",\"image\":{\"@type\":\"ImageObject\",\"inLanguage\":\"fr-FR\",\"@id\":\"https:\\\/\\\/secure.gravatar.com\\\/avatar\\\/dd8cc03b49466c735f753ac37f8caa371af16dfed347456ed61f02883255eebb?s=96&d=mm&r=g\",\"url\":\"https:\\\/\\\/secure.gravatar.com\\\/avatar\\\/dd8cc03b49466c735f753ac37f8caa371af16dfed347456ed61f02883255eebb?s=96&d=mm&r=g\",\"contentUrl\":\"https:\\\/\\\/secure.gravatar.com\\\/avatar\\\/dd8cc03b49466c735f753ac37f8caa371af16dfed347456ed61f02883255eebb?s=96&d=mm&r=g\",\"caption\":\"Damien Malvetti\"},\"description\":\"Damien Malvetti is opgeleid als journalist en gepassioneerd door wagens, technologie en mobiliteit. Hij is verantwoordelijk voor de redactionele inhoud van link2fleet en beschikt over een uitgebreide kennis van de fleet-sector en elektrische mobiliteit.\",\"sameAs\":[\"https:\\\/\\\/www.linkedin.com\\\/in\\\/damien-malvetti-56601142\\\/\"]}]}<\/script>\n<!-- \/ Yoast SEO plugin. -->","yoast_head_json":{"title":"Santa Fe PHEV: \u00e0 la hauteur des premiums - link2fleet","description":"Le grand SUV de Hyundai vient de s\u2019offrir un ravalement de fa\u00e7ade complet apr\u00e8s seulement 2 ans de commercialisation. D\u00e9sormais plus luxueux et plus confortable,\u2026","robots":{"index":"index","follow":"follow","max-snippet":"max-snippet:-1","max-image-preview":"max-image-preview:large","max-video-preview":"max-video-preview:-1"},"og_locale":"fr_FR","og_type":"article","og_title":"Santa Fe PHEV: \u00e0 la hauteur des premiums - link2fleet","og_description":"Le grand SUV de Hyundai vient de s\u2019offrir un ravalement de fa\u00e7ade complet apr\u00e8s seulement 2 ans de commercialisation. D\u00e9sormais plus luxueux et plus confortable,\u2026","og_url":"https:\/\/www.link2fleet.com\/fr\/santa-fe-phev-a-la-hauteur-des-premiums\/","og_site_name":"link2fleet","article_published_time":"2021-06-29T06:12:48+00:00","article_modified_time":"2024-04-17T14:49:13+00:00","og_image":[{"width":2560,"height":1630,"url":"https:\/\/static.link2fleet.com\/wp-content\/uploads\/2024\/03\/santafe-4-scaled-1.jpg","type":"image\/jpeg"}],"author":"Damien Malvetti","twitter_card":"summary_large_image","twitter_description":"Le grand SUV de Hyundai vient de s\u2019offrir un ravalement de fa\u00e7ade complet apr\u00e8s seulement 2 ans de commercialisation. D\u00e9sormais plus luxueux et plus confortable,\u2026","twitter_misc":{"\u00c9crit par":"Damien Malvetti","Dur\u00e9e de lecture estim\u00e9e":"3 minutes"},"schema":{"@context":"https:\/\/schema.org","@graph":[{"@type":"Article","@id":"https:\/\/www.link2fleet.com\/fr\/santa-fe-phev-a-la-hauteur-des-premiums\/#article","isPartOf":{"@id":"https:\/\/www.link2fleet.com\/fr\/santa-fe-phev-a-la-hauteur-des-premiums\/"},"author":{"name":"Damien Malvetti","@id":"https:\/\/www.link2fleet.com\/fr\/#\/schema\/person\/027cd46113c78036b3809c9a054049da"},"headline":"Santa Fe PHEV: \u00e0 la hauteur des premiums","datePublished":"2021-06-29T06:12:48+00:00","dateModified":"2024-04-17T14:49:13+00:00","mainEntityOfPage":{"@id":"https:\/\/www.link2fleet.com\/fr\/santa-fe-phev-a-la-hauteur-des-premiums\/"},"wordCount":536,"publisher":{"@id":"https:\/\/www.link2fleet.com\/fr\/#organization"},"image":{"@id":"https:\/\/www.link2fleet.com\/fr\/santa-fe-phev-a-la-hauteur-des-premiums\/#primaryimage"},"thumbnailUrl":"https:\/\/static.link2fleet.com\/wp-content\/uploads\/2024\/03\/santafe-4-scaled-1.jpg","articleSection":["Importateurs et constructeurs","V\u00e9hicules"],"inLanguage":"fr-FR"},{"@type":"WebPage","@id":"https:\/\/www.link2fleet.com\/fr\/santa-fe-phev-a-la-hauteur-des-premiums\/","url":"https:\/\/www.link2fleet.com\/fr\/santa-fe-phev-a-la-hauteur-des-premiums\/","name":"Santa Fe PHEV: \u00e0 la hauteur des premiums - link2fleet","isPartOf":{"@id":"https:\/\/www.link2fleet.com\/fr\/#website"},"primaryImageOfPage":{"@id":"https:\/\/www.link2fleet.com\/fr\/santa-fe-phev-a-la-hauteur-des-premiums\/#primaryimage"},"image":{"@id":"https:\/\/www.link2fleet.com\/fr\/santa-fe-phev-a-la-hauteur-des-premiums\/#primaryimage"},"thumbnailUrl":"https:\/\/static.link2fleet.com\/wp-content\/uploads\/2024\/03\/santafe-4-scaled-1.jpg","datePublished":"2021-06-29T06:12:48+00:00","dateModified":"2024-04-17T14:49:13+00:00","breadcrumb":{"@id":"https:\/\/www.link2fleet.com\/fr\/santa-fe-phev-a-la-hauteur-des-premiums\/#breadcrumb"},"inLanguage":"fr-FR","potentialAction":[{"@type":"ReadAction","target":["https:\/\/www.link2fleet.com\/fr\/santa-fe-phev-a-la-hauteur-des-premiums\/"]}]},{"@type":"ImageObject","inLanguage":"fr-FR","@id":"https:\/\/www.link2fleet.com\/fr\/santa-fe-phev-a-la-hauteur-des-premiums\/#primaryimage","url":"https:\/\/static.link2fleet.com\/wp-content\/uploads\/2024\/03\/santafe-4-scaled-1.jpg","contentUrl":"https:\/\/static.link2fleet.com\/wp-content\/uploads\/2024\/03\/santafe-4-scaled-1.jpg","width":2560,"height":1630,"caption":"||||||||||"},{"@type":"BreadcrumbList","@id":"https:\/\/www.link2fleet.com\/fr\/santa-fe-phev-a-la-hauteur-des-premiums\/#breadcrumb","itemListElement":[{"@type":"ListItem","position":1,"name":"Home","item":"https:\/\/www.link2fleet.com\/fr\/"},{"@type":"ListItem","position":2,"name":"Santa Fe PHEV: \u00e0 la hauteur des premiums"}]},{"@type":"WebSite","@id":"https:\/\/www.link2fleet.com\/fr\/#website","url":"https:\/\/www.link2fleet.com\/fr\/","name":"Link2fleet","description":"","publisher":{"@id":"https:\/\/www.link2fleet.com\/fr\/#organization"},"potentialAction":[{"@type":"SearchAction","target":{"@type":"EntryPoint","urlTemplate":"https:\/\/www.link2fleet.com\/fr\/?s={search_term_string}"},"query-input":{"@type":"PropertyValueSpecification","valueRequired":true,"valueName":"search_term_string"}}],"inLanguage":"fr-FR"},{"@type":"Organization","@id":"https:\/\/www.link2fleet.com\/fr\/#organization","name":"Link2fleet","url":"https:\/\/www.link2fleet.com\/fr\/","logo":{"@type":"ImageObject","inLanguage":"fr-FR","@id":"https:\/\/www.link2fleet.com\/fr\/#\/schema\/logo\/image\/","url":"https:\/\/static.link2fleet.com\/wp-content\/uploads\/2024\/03\/share-image.jpg","contentUrl":"https:\/\/static.link2fleet.com\/wp-content\/uploads\/2024\/03\/share-image.jpg","width":1200,"height":630,"caption":"Link2fleet"},"image":{"@id":"https:\/\/www.link2fleet.com\/fr\/#\/schema\/logo\/image\/"},"sameAs":["https:\/\/www.linkedin.com\/company\/link2fleet-belgium","https:\/\/www.youtube.com\/user\/MMMBMBE"]},{"@type":"Person","@id":"https:\/\/www.link2fleet.com\/fr\/#\/schema\/person\/027cd46113c78036b3809c9a054049da","name":"Damien Malvetti","image":{"@type":"ImageObject","inLanguage":"fr-FR","@id":"https:\/\/secure.gravatar.com\/avatar\/dd8cc03b49466c735f753ac37f8caa371af16dfed347456ed61f02883255eebb?s=96&d=mm&r=g","url":"https:\/\/secure.gravatar.com\/avatar\/dd8cc03b49466c735f753ac37f8caa371af16dfed347456ed61f02883255eebb?s=96&d=mm&r=g","contentUrl":"https:\/\/secure.gravatar.com\/avatar\/dd8cc03b49466c735f753ac37f8caa371af16dfed347456ed61f02883255eebb?s=96&d=mm&r=g","caption":"Damien Malvetti"},"description":"Damien Malvetti is opgeleid als journalist en gepassioneerd door wagens, technologie en mobiliteit. Hij is verantwoordelijk voor de redactionele inhoud van link2fleet en beschikt over een uitgebreide kennis van de fleet-sector en elektrische mobiliteit.","sameAs":["https:\/\/www.linkedin.com\/in\/damien-malvetti-56601142\/"]}]}},"_links":{"self":[{"href":"https:\/\/www.link2fleet.com\/fr\/wp-json\/wp\/v2\/posts\/4575","targetHints":{"allow":["GET"]}}],"collection":[{"href":"https:\/\/www.link2fleet.com\/fr\/wp-json\/wp\/v2\/posts"}],"about":[{"href":"https:\/\/www.link2fleet.com\/fr\/wp-json\/wp\/v2\/types\/post"}],"author":[{"embeddable":true,"href":"https:\/\/www.link2fleet.com\/fr\/wp-json\/wp\/v2\/users\/4"}],"replies":[{"embeddable":true,"href":"https:\/\/www.link2fleet.com\/fr\/wp-json\/wp\/v2\/comments?post=4575"}],"version-history":[{"count":0,"href":"https:\/\/www.link2fleet.com\/fr\/wp-json\/wp\/v2\/posts\/4575\/revisions"}],"wp:featuredmedia":[{"embeddable":true,"href":"https:\/\/www.link2fleet.com\/fr\/wp-json\/wp\/v2\/media\/4576"}],"wp:attachment":[{"href":"https:\/\/www.link2fleet.com\/fr\/wp-json\/wp\/v2\/media?parent=4575"}],"wp:term":[{"taxonomy":"category","embeddable":true,"href":"https:\/\/www.link2fleet.com\/fr\/wp-json\/wp\/v2\/categories?post=4575"},{"taxonomy":"post_tag","embeddable":true,"href":"https:\/\/www.link2fleet.com\/fr\/wp-json\/wp\/v2\/tags?post=4575"}],"curies":[{"name":"wp","href":"https:\/\/api.w.org\/{rel}","templated":true}]}}