{"id":4681,"date":"2021-07-20T14:29:49","date_gmt":"2021-07-20T12:29:49","guid":{"rendered":"https:\/\/www.link2fleet.com\/lapprobation-du-projet-de-loi-sur-lecologisation-des-voitures-de-societe-naura-lieu-quapres-le-conge-parlementaire\/"},"modified":"2021-07-20T14:29:49","modified_gmt":"2021-07-20T12:29:49","slug":"lapprobation-du-projet-de-loi-sur-lecologisation-des-voitures-de-societe-naura-lieu-quapres-le-conge-parlementaire","status":"publish","type":"post","link":"https:\/\/www.link2fleet.com\/fr\/lapprobation-du-projet-de-loi-sur-lecologisation-des-voitures-de-societe-naura-lieu-quapres-le-conge-parlementaire\/","title":{"rendered":"L&rsquo;approbation du projet de loi sur l&rsquo;\u00e9cologisation des voitures de soci\u00e9t\u00e9 n&rsquo;aura lieu qu&rsquo;apr\u00e8s le cong\u00e9 parlementaire"},"content":{"rendered":"<p>Le Conseil d&rsquo;\u00c9tat a toutefois demand\u00e9 deux clarifications suppl\u00e9mentaires concernant les cons\u00e9quences financi\u00e8res de la baisse des accises et la mani\u00e8re dont ce projet de loi est ou peut \u00eatre mis en conformit\u00e9 avec les objectifs de l&rsquo;accord de Paris sur le climat. On s&rsquo;est \u00e9galement inqui\u00e9t\u00e9 du fait que les v\u00e9hicules \u00e9lectriques consid\u00e9r\u00e9s comme neutres en termes de CO2 \u00e0 des fins fiscales provoquent en r\u00e9alit\u00e9 des \u00e9missions de CO2 lors de la production de la batterie et du v\u00e9hicule. Le ministre Van Peteghem pr\u00e9pare une nouvelle version du projet de loi \u00e0 cet effet. En cons\u00e9quence, la l\u00e9gislation ne sera probablement pas vot\u00e9e avant les vacances parlementaires qui commencent traditionnellement le 21 juillet. Les travaux du Parlement reprennent le deuxi\u00e8me mardi d&rsquo;octobre.<\/p>\n<p>Mais m\u00eame pendant les vacances parlementaires, l&rsquo;activit\u00e9 politique ne s&rsquo;arr\u00eate jamais vraiment. Les r\u00e9unions du comit\u00e9 peuvent toujours avoir lieu.<\/p>\n<p>Et si les circonstances politiques l&rsquo;exigent, m\u00eame la session pl\u00e9ni\u00e8re de la Chambre peut \u00eatre convoqu\u00e9e en ao\u00fbt ou en septembre.<\/p>\n<p>Conclusion : hormis les remarques susmentionn\u00e9es, on peut supposer que le contenu d\u00e9j\u00e0 connu du projet de loi sera soumis \u00e0 la Chambre sans modifications majeures.<\/p>\n<p>&nbsp;<\/p>\n<p style=\"text-align: right;\"><strong>Michel Willems<\/strong><\/p>\n<p style=\"text-align: right;\"><strong>MOBILITAS<\/strong><\/p>\n","protected":false},"excerpt":{"rendered":"<p>Le Conseil d&rsquo;\u00c9tat a toutefois demand\u00e9 deux clarifications suppl\u00e9mentaires concernant les cons\u00e9quences financi\u00e8res de la baisse des accises et la mani\u00e8re dont ce projet de loi est ou peut \u00eatre mis en conformit\u00e9 avec les objectifs de l&rsquo;accord de Paris sur le climat. On s&rsquo;est \u00e9galement inqui\u00e9t\u00e9 du fait que les v\u00e9hicules \u00e9lectriques consid\u00e9r\u00e9s comme [&hellip;]<\/p>\n","protected":false},"author":11,"featured_media":4682,"comment_status":"closed","ping_status":"closed","sticky":false,"template":"","format":"standard","meta":{"_acf_changed":false,"footnotes":""},"categories":[91,101],"tags":[],"class_list":["post-4681","post","type-post","status-publish","format-standard","has-post-thumbnail","hentry","category-expertise-et-management","category-tax-legal"],"acf":[],"yoast_head":"<!-- This site is optimized with the Yoast SEO plugin v27.3 - https:\/\/yoast.com\/product\/yoast-seo-wordpress\/ -->\n<title>L&#039;approbation du projet de loi sur l&#039;\u00e9cologisation des voitures de soci\u00e9t\u00e9 n&#039;aura lieu qu&#039;apr\u00e8s le cong\u00e9 parlementaire - link2fleet<\/title>\n<meta name=\"description\" content=\"Le Conseil d&rsquo;\u00c9tat a formul\u00e9 quelques observations sur le projet de loi relatif \u00e0 l&rsquo;\u00e9cologisation des voitures de soci\u00e9t\u00e9. Il s&rsquo;agissait principalement de savoir si\u2026\" \/>\n<meta name=\"robots\" content=\"index, follow, max-snippet:-1, max-image-preview:large, max-video-preview:-1\" \/>\n<meta property=\"og:locale\" content=\"fr_FR\" \/>\n<meta property=\"og:type\" content=\"article\" \/>\n<meta property=\"og:title\" content=\"L&#039;approbation du projet de loi sur l&#039;\u00e9cologisation des voitures de soci\u00e9t\u00e9 n&#039;aura lieu qu&#039;apr\u00e8s le cong\u00e9 parlementaire - link2fleet\" \/>\n<meta property=\"og:description\" content=\"Le Conseil d&rsquo;\u00c9tat a formul\u00e9 quelques observations sur le projet de loi relatif \u00e0 l&rsquo;\u00e9cologisation des voitures de soci\u00e9t\u00e9. Il s&rsquo;agissait principalement de savoir si\u2026\" \/>\n<meta property=\"og:url\" content=\"https:\/\/www.link2fleet.com\/fr\/lapprobation-du-projet-de-loi-sur-lecologisation-des-voitures-de-societe-naura-lieu-quapres-le-conge-parlementaire\/\" \/>\n<meta property=\"og:site_name\" content=\"link2fleet\" \/>\n<meta property=\"article:published_time\" content=\"2021-07-20T12:29:49+00:00\" \/>\n<meta property=\"og:image\" content=\"https:\/\/static.link2fleet.com\/wp-content\/uploads\/2024\/03\/legislation.jpg\" \/>\n\t<meta property=\"og:image:width\" content=\"835\" \/>\n\t<meta property=\"og:image:height\" content=\"398\" \/>\n\t<meta property=\"og:image:type\" content=\"image\/jpeg\" \/>\n<meta name=\"author\" content=\"Michel Willems - Mobilitas\" \/>\n<meta name=\"twitter:card\" content=\"summary_large_image\" \/>\n<meta name=\"twitter:description\" content=\"Le Conseil d&rsquo;\u00c9tat a formul\u00e9 quelques observations sur le projet de loi relatif \u00e0 l&rsquo;\u00e9cologisation des voitures de soci\u00e9t\u00e9. Il s&rsquo;agissait principalement de savoir si\u2026\" \/>\n<meta name=\"twitter:label1\" content=\"\u00c9crit par\" \/>\n\t<meta name=\"twitter:data1\" content=\"Michel Willems - Mobilitas\" \/>\n\t<meta name=\"twitter:label2\" content=\"Dur\u00e9e de lecture estim\u00e9e\" \/>\n\t<meta name=\"twitter:data2\" content=\"1 minute\" \/>\n<script type=\"application\/ld+json\" class=\"yoast-schema-graph\">{\"@context\":\"https:\\\/\\\/schema.org\",\"@graph\":[{\"@type\":\"Article\",\"@id\":\"https:\\\/\\\/www.link2fleet.com\\\/fr\\\/lapprobation-du-projet-de-loi-sur-lecologisation-des-voitures-de-societe-naura-lieu-quapres-le-conge-parlementaire\\\/#article\",\"isPartOf\":{\"@id\":\"https:\\\/\\\/www.link2fleet.com\\\/fr\\\/lapprobation-du-projet-de-loi-sur-lecologisation-des-voitures-de-societe-naura-lieu-quapres-le-conge-parlementaire\\\/\"},\"author\":{\"name\":\"Michel Willems - Mobilitas\",\"@id\":\"https:\\\/\\\/www.link2fleet.com\\\/fr\\\/#\\\/schema\\\/person\\\/bd29f6a2c2427e85a70d3acf17303486\"},\"headline\":\"L&rsquo;approbation du projet de loi sur l&rsquo;\u00e9cologisation des voitures de soci\u00e9t\u00e9 n&rsquo;aura lieu qu&rsquo;apr\u00e8s le cong\u00e9 parlementaire\",\"datePublished\":\"2021-07-20T12:29:49+00:00\",\"mainEntityOfPage\":{\"@id\":\"https:\\\/\\\/www.link2fleet.com\\\/fr\\\/lapprobation-du-projet-de-loi-sur-lecologisation-des-voitures-de-societe-naura-lieu-quapres-le-conge-parlementaire\\\/\"},\"wordCount\":245,\"publisher\":{\"@id\":\"https:\\\/\\\/www.link2fleet.com\\\/fr\\\/#organization\"},\"image\":{\"@id\":\"https:\\\/\\\/www.link2fleet.com\\\/fr\\\/lapprobation-du-projet-de-loi-sur-lecologisation-des-voitures-de-societe-naura-lieu-quapres-le-conge-parlementaire\\\/#primaryimage\"},\"thumbnailUrl\":\"https:\\\/\\\/static.link2fleet.com\\\/wp-content\\\/uploads\\\/2024\\\/03\\\/legislation.jpg\",\"articleSection\":[\"Gestion de flotte\",\"Tax &amp; legal\"],\"inLanguage\":\"fr-FR\"},{\"@type\":\"WebPage\",\"@id\":\"https:\\\/\\\/www.link2fleet.com\\\/fr\\\/lapprobation-du-projet-de-loi-sur-lecologisation-des-voitures-de-societe-naura-lieu-quapres-le-conge-parlementaire\\\/\",\"url\":\"https:\\\/\\\/www.link2fleet.com\\\/fr\\\/lapprobation-du-projet-de-loi-sur-lecologisation-des-voitures-de-societe-naura-lieu-quapres-le-conge-parlementaire\\\/\",\"name\":\"L'approbation du projet de loi sur l'\u00e9cologisation des voitures de soci\u00e9t\u00e9 n'aura lieu qu'apr\u00e8s le cong\u00e9 parlementaire - link2fleet\",\"isPartOf\":{\"@id\":\"https:\\\/\\\/www.link2fleet.com\\\/fr\\\/#website\"},\"primaryImageOfPage\":{\"@id\":\"https:\\\/\\\/www.link2fleet.com\\\/fr\\\/lapprobation-du-projet-de-loi-sur-lecologisation-des-voitures-de-societe-naura-lieu-quapres-le-conge-parlementaire\\\/#primaryimage\"},\"image\":{\"@id\":\"https:\\\/\\\/www.link2fleet.com\\\/fr\\\/lapprobation-du-projet-de-loi-sur-lecologisation-des-voitures-de-societe-naura-lieu-quapres-le-conge-parlementaire\\\/#primaryimage\"},\"thumbnailUrl\":\"https:\\\/\\\/static.link2fleet.com\\\/wp-content\\\/uploads\\\/2024\\\/03\\\/legislation.jpg\",\"datePublished\":\"2021-07-20T12:29:49+00:00\",\"breadcrumb\":{\"@id\":\"https:\\\/\\\/www.link2fleet.com\\\/fr\\\/lapprobation-du-projet-de-loi-sur-lecologisation-des-voitures-de-societe-naura-lieu-quapres-le-conge-parlementaire\\\/#breadcrumb\"},\"inLanguage\":\"fr-FR\",\"potentialAction\":[{\"@type\":\"ReadAction\",\"target\":[\"https:\\\/\\\/www.link2fleet.com\\\/fr\\\/lapprobation-du-projet-de-loi-sur-lecologisation-des-voitures-de-societe-naura-lieu-quapres-le-conge-parlementaire\\\/\"]}]},{\"@type\":\"ImageObject\",\"inLanguage\":\"fr-FR\",\"@id\":\"https:\\\/\\\/www.link2fleet.com\\\/fr\\\/lapprobation-du-projet-de-loi-sur-lecologisation-des-voitures-de-societe-naura-lieu-quapres-le-conge-parlementaire\\\/#primaryimage\",\"url\":\"https:\\\/\\\/static.link2fleet.com\\\/wp-content\\\/uploads\\\/2024\\\/03\\\/legislation.jpg\",\"contentUrl\":\"https:\\\/\\\/static.link2fleet.com\\\/wp-content\\\/uploads\\\/2024\\\/03\\\/legislation.jpg\",\"width\":835,\"height\":398},{\"@type\":\"BreadcrumbList\",\"@id\":\"https:\\\/\\\/www.link2fleet.com\\\/fr\\\/lapprobation-du-projet-de-loi-sur-lecologisation-des-voitures-de-societe-naura-lieu-quapres-le-conge-parlementaire\\\/#breadcrumb\",\"itemListElement\":[{\"@type\":\"ListItem\",\"position\":1,\"name\":\"Home\",\"item\":\"https:\\\/\\\/www.link2fleet.com\\\/fr\\\/\"},{\"@type\":\"ListItem\",\"position\":2,\"name\":\"L&#8217;approbation du projet de loi sur l&#8217;\u00e9cologisation des voitures de soci\u00e9t\u00e9 n&#8217;aura lieu qu&#8217;apr\u00e8s le cong\u00e9 parlementaire\"}]},{\"@type\":\"WebSite\",\"@id\":\"https:\\\/\\\/www.link2fleet.com\\\/fr\\\/#website\",\"url\":\"https:\\\/\\\/www.link2fleet.com\\\/fr\\\/\",\"name\":\"Link2fleet\",\"description\":\"\",\"publisher\":{\"@id\":\"https:\\\/\\\/www.link2fleet.com\\\/fr\\\/#organization\"},\"potentialAction\":[{\"@type\":\"SearchAction\",\"target\":{\"@type\":\"EntryPoint\",\"urlTemplate\":\"https:\\\/\\\/www.link2fleet.com\\\/fr\\\/?s={search_term_string}\"},\"query-input\":{\"@type\":\"PropertyValueSpecification\",\"valueRequired\":true,\"valueName\":\"search_term_string\"}}],\"inLanguage\":\"fr-FR\"},{\"@type\":\"Organization\",\"@id\":\"https:\\\/\\\/www.link2fleet.com\\\/fr\\\/#organization\",\"name\":\"Link2fleet\",\"url\":\"https:\\\/\\\/www.link2fleet.com\\\/fr\\\/\",\"logo\":{\"@type\":\"ImageObject\",\"inLanguage\":\"fr-FR\",\"@id\":\"https:\\\/\\\/www.link2fleet.com\\\/fr\\\/#\\\/schema\\\/logo\\\/image\\\/\",\"url\":\"https:\\\/\\\/static.link2fleet.com\\\/wp-content\\\/uploads\\\/2024\\\/03\\\/share-image.jpg\",\"contentUrl\":\"https:\\\/\\\/static.link2fleet.com\\\/wp-content\\\/uploads\\\/2024\\\/03\\\/share-image.jpg\",\"width\":1200,\"height\":630,\"caption\":\"Link2fleet\"},\"image\":{\"@id\":\"https:\\\/\\\/www.link2fleet.com\\\/fr\\\/#\\\/schema\\\/logo\\\/image\\\/\"},\"sameAs\":[\"https:\\\/\\\/www.linkedin.com\\\/company\\\/link2fleet-belgium\",\"https:\\\/\\\/www.youtube.com\\\/user\\\/MMMBMBE\"]},{\"@type\":\"Person\",\"@id\":\"https:\\\/\\\/www.link2fleet.com\\\/fr\\\/#\\\/schema\\\/person\\\/bd29f6a2c2427e85a70d3acf17303486\",\"name\":\"Michel Willems - Mobilitas\",\"image\":{\"@type\":\"ImageObject\",\"inLanguage\":\"fr-FR\",\"@id\":\"https:\\\/\\\/secure.gravatar.com\\\/avatar\\\/c937de514893d5b69b3b52ee88664fd4879b786925b6742dc7891d347f167414?s=96&d=mm&r=g\",\"url\":\"https:\\\/\\\/secure.gravatar.com\\\/avatar\\\/c937de514893d5b69b3b52ee88664fd4879b786925b6742dc7891d347f167414?s=96&d=mm&r=g\",\"contentUrl\":\"https:\\\/\\\/secure.gravatar.com\\\/avatar\\\/c937de514893d5b69b3b52ee88664fd4879b786925b6742dc7891d347f167414?s=96&d=mm&r=g\",\"caption\":\"Michel Willems - Mobilitas\"}}]}<\/script>\n<!-- \/ Yoast SEO plugin. -->","yoast_head_json":{"title":"L'approbation du projet de loi sur l'\u00e9cologisation des voitures de soci\u00e9t\u00e9 n'aura lieu qu'apr\u00e8s le cong\u00e9 parlementaire - link2fleet","description":"Le Conseil d&rsquo;\u00c9tat a formul\u00e9 quelques observations sur le projet de loi relatif \u00e0 l&rsquo;\u00e9cologisation des voitures de soci\u00e9t\u00e9. Il s&rsquo;agissait principalement de savoir si\u2026","robots":{"index":"index","follow":"follow","max-snippet":"max-snippet:-1","max-image-preview":"max-image-preview:large","max-video-preview":"max-video-preview:-1"},"og_locale":"fr_FR","og_type":"article","og_title":"L'approbation du projet de loi sur l'\u00e9cologisation des voitures de soci\u00e9t\u00e9 n'aura lieu qu'apr\u00e8s le cong\u00e9 parlementaire - link2fleet","og_description":"Le Conseil d&rsquo;\u00c9tat a formul\u00e9 quelques observations sur le projet de loi relatif \u00e0 l&rsquo;\u00e9cologisation des voitures de soci\u00e9t\u00e9. Il s&rsquo;agissait principalement de savoir si\u2026","og_url":"https:\/\/www.link2fleet.com\/fr\/lapprobation-du-projet-de-loi-sur-lecologisation-des-voitures-de-societe-naura-lieu-quapres-le-conge-parlementaire\/","og_site_name":"link2fleet","article_published_time":"2021-07-20T12:29:49+00:00","og_image":[{"width":835,"height":398,"url":"https:\/\/static.link2fleet.com\/wp-content\/uploads\/2024\/03\/legislation.jpg","type":"image\/jpeg"}],"author":"Michel Willems - Mobilitas","twitter_card":"summary_large_image","twitter_description":"Le Conseil d&rsquo;\u00c9tat a formul\u00e9 quelques observations sur le projet de loi relatif \u00e0 l&rsquo;\u00e9cologisation des voitures de soci\u00e9t\u00e9. Il s&rsquo;agissait principalement de savoir si\u2026","twitter_misc":{"\u00c9crit par":"Michel Willems - Mobilitas","Dur\u00e9e de lecture estim\u00e9e":"1 minute"},"schema":{"@context":"https:\/\/schema.org","@graph":[{"@type":"Article","@id":"https:\/\/www.link2fleet.com\/fr\/lapprobation-du-projet-de-loi-sur-lecologisation-des-voitures-de-societe-naura-lieu-quapres-le-conge-parlementaire\/#article","isPartOf":{"@id":"https:\/\/www.link2fleet.com\/fr\/lapprobation-du-projet-de-loi-sur-lecologisation-des-voitures-de-societe-naura-lieu-quapres-le-conge-parlementaire\/"},"author":{"name":"Michel Willems - Mobilitas","@id":"https:\/\/www.link2fleet.com\/fr\/#\/schema\/person\/bd29f6a2c2427e85a70d3acf17303486"},"headline":"L&rsquo;approbation du projet de loi sur l&rsquo;\u00e9cologisation des voitures de soci\u00e9t\u00e9 n&rsquo;aura lieu qu&rsquo;apr\u00e8s le cong\u00e9 parlementaire","datePublished":"2021-07-20T12:29:49+00:00","mainEntityOfPage":{"@id":"https:\/\/www.link2fleet.com\/fr\/lapprobation-du-projet-de-loi-sur-lecologisation-des-voitures-de-societe-naura-lieu-quapres-le-conge-parlementaire\/"},"wordCount":245,"publisher":{"@id":"https:\/\/www.link2fleet.com\/fr\/#organization"},"image":{"@id":"https:\/\/www.link2fleet.com\/fr\/lapprobation-du-projet-de-loi-sur-lecologisation-des-voitures-de-societe-naura-lieu-quapres-le-conge-parlementaire\/#primaryimage"},"thumbnailUrl":"https:\/\/static.link2fleet.com\/wp-content\/uploads\/2024\/03\/legislation.jpg","articleSection":["Gestion de flotte","Tax &amp; legal"],"inLanguage":"fr-FR"},{"@type":"WebPage","@id":"https:\/\/www.link2fleet.com\/fr\/lapprobation-du-projet-de-loi-sur-lecologisation-des-voitures-de-societe-naura-lieu-quapres-le-conge-parlementaire\/","url":"https:\/\/www.link2fleet.com\/fr\/lapprobation-du-projet-de-loi-sur-lecologisation-des-voitures-de-societe-naura-lieu-quapres-le-conge-parlementaire\/","name":"L'approbation du projet de loi sur l'\u00e9cologisation des voitures de soci\u00e9t\u00e9 n'aura lieu qu'apr\u00e8s le cong\u00e9 parlementaire - link2fleet","isPartOf":{"@id":"https:\/\/www.link2fleet.com\/fr\/#website"},"primaryImageOfPage":{"@id":"https:\/\/www.link2fleet.com\/fr\/lapprobation-du-projet-de-loi-sur-lecologisation-des-voitures-de-societe-naura-lieu-quapres-le-conge-parlementaire\/#primaryimage"},"image":{"@id":"https:\/\/www.link2fleet.com\/fr\/lapprobation-du-projet-de-loi-sur-lecologisation-des-voitures-de-societe-naura-lieu-quapres-le-conge-parlementaire\/#primaryimage"},"thumbnailUrl":"https:\/\/static.link2fleet.com\/wp-content\/uploads\/2024\/03\/legislation.jpg","datePublished":"2021-07-20T12:29:49+00:00","breadcrumb":{"@id":"https:\/\/www.link2fleet.com\/fr\/lapprobation-du-projet-de-loi-sur-lecologisation-des-voitures-de-societe-naura-lieu-quapres-le-conge-parlementaire\/#breadcrumb"},"inLanguage":"fr-FR","potentialAction":[{"@type":"ReadAction","target":["https:\/\/www.link2fleet.com\/fr\/lapprobation-du-projet-de-loi-sur-lecologisation-des-voitures-de-societe-naura-lieu-quapres-le-conge-parlementaire\/"]}]},{"@type":"ImageObject","inLanguage":"fr-FR","@id":"https:\/\/www.link2fleet.com\/fr\/lapprobation-du-projet-de-loi-sur-lecologisation-des-voitures-de-societe-naura-lieu-quapres-le-conge-parlementaire\/#primaryimage","url":"https:\/\/static.link2fleet.com\/wp-content\/uploads\/2024\/03\/legislation.jpg","contentUrl":"https:\/\/static.link2fleet.com\/wp-content\/uploads\/2024\/03\/legislation.jpg","width":835,"height":398},{"@type":"BreadcrumbList","@id":"https:\/\/www.link2fleet.com\/fr\/lapprobation-du-projet-de-loi-sur-lecologisation-des-voitures-de-societe-naura-lieu-quapres-le-conge-parlementaire\/#breadcrumb","itemListElement":[{"@type":"ListItem","position":1,"name":"Home","item":"https:\/\/www.link2fleet.com\/fr\/"},{"@type":"ListItem","position":2,"name":"L&#8217;approbation du projet de loi sur l&#8217;\u00e9cologisation des voitures de soci\u00e9t\u00e9 n&#8217;aura lieu qu&#8217;apr\u00e8s le cong\u00e9 parlementaire"}]},{"@type":"WebSite","@id":"https:\/\/www.link2fleet.com\/fr\/#website","url":"https:\/\/www.link2fleet.com\/fr\/","name":"Link2fleet","description":"","publisher":{"@id":"https:\/\/www.link2fleet.com\/fr\/#organization"},"potentialAction":[{"@type":"SearchAction","target":{"@type":"EntryPoint","urlTemplate":"https:\/\/www.link2fleet.com\/fr\/?s={search_term_string}"},"query-input":{"@type":"PropertyValueSpecification","valueRequired":true,"valueName":"search_term_string"}}],"inLanguage":"fr-FR"},{"@type":"Organization","@id":"https:\/\/www.link2fleet.com\/fr\/#organization","name":"Link2fleet","url":"https:\/\/www.link2fleet.com\/fr\/","logo":{"@type":"ImageObject","inLanguage":"fr-FR","@id":"https:\/\/www.link2fleet.com\/fr\/#\/schema\/logo\/image\/","url":"https:\/\/static.link2fleet.com\/wp-content\/uploads\/2024\/03\/share-image.jpg","contentUrl":"https:\/\/static.link2fleet.com\/wp-content\/uploads\/2024\/03\/share-image.jpg","width":1200,"height":630,"caption":"Link2fleet"},"image":{"@id":"https:\/\/www.link2fleet.com\/fr\/#\/schema\/logo\/image\/"},"sameAs":["https:\/\/www.linkedin.com\/company\/link2fleet-belgium","https:\/\/www.youtube.com\/user\/MMMBMBE"]},{"@type":"Person","@id":"https:\/\/www.link2fleet.com\/fr\/#\/schema\/person\/bd29f6a2c2427e85a70d3acf17303486","name":"Michel Willems - Mobilitas","image":{"@type":"ImageObject","inLanguage":"fr-FR","@id":"https:\/\/secure.gravatar.com\/avatar\/c937de514893d5b69b3b52ee88664fd4879b786925b6742dc7891d347f167414?s=96&d=mm&r=g","url":"https:\/\/secure.gravatar.com\/avatar\/c937de514893d5b69b3b52ee88664fd4879b786925b6742dc7891d347f167414?s=96&d=mm&r=g","contentUrl":"https:\/\/secure.gravatar.com\/avatar\/c937de514893d5b69b3b52ee88664fd4879b786925b6742dc7891d347f167414?s=96&d=mm&r=g","caption":"Michel Willems - Mobilitas"}}]}},"_links":{"self":[{"href":"https:\/\/www.link2fleet.com\/fr\/wp-json\/wp\/v2\/posts\/4681","targetHints":{"allow":["GET"]}}],"collection":[{"href":"https:\/\/www.link2fleet.com\/fr\/wp-json\/wp\/v2\/posts"}],"about":[{"href":"https:\/\/www.link2fleet.com\/fr\/wp-json\/wp\/v2\/types\/post"}],"author":[{"embeddable":true,"href":"https:\/\/www.link2fleet.com\/fr\/wp-json\/wp\/v2\/users\/11"}],"replies":[{"embeddable":true,"href":"https:\/\/www.link2fleet.com\/fr\/wp-json\/wp\/v2\/comments?post=4681"}],"version-history":[{"count":0,"href":"https:\/\/www.link2fleet.com\/fr\/wp-json\/wp\/v2\/posts\/4681\/revisions"}],"wp:featuredmedia":[{"embeddable":true,"href":"https:\/\/www.link2fleet.com\/fr\/wp-json\/wp\/v2\/media\/4682"}],"wp:attachment":[{"href":"https:\/\/www.link2fleet.com\/fr\/wp-json\/wp\/v2\/media?parent=4681"}],"wp:term":[{"taxonomy":"category","embeddable":true,"href":"https:\/\/www.link2fleet.com\/fr\/wp-json\/wp\/v2\/categories?post=4681"},{"taxonomy":"post_tag","embeddable":true,"href":"https:\/\/www.link2fleet.com\/fr\/wp-json\/wp\/v2\/tags?post=4681"}],"curies":[{"name":"wp","href":"https:\/\/api.w.org\/{rel}","templated":true}]}}