{"id":4756,"date":"2021-08-10T08:10:03","date_gmt":"2021-08-10T06:10:03","guid":{"rendered":"https:\/\/www.link2fleet.com\/alcomotive-choisit-arval-comme-partenaire-de-leasing-white-label-pour-toutes-les-marques\/"},"modified":"2024-04-17T16:49:09","modified_gmt":"2024-04-17T14:49:09","slug":"alcomotive-choisit-arval-comme-partenaire-de-leasing-white-label-pour-toutes-les-marques","status":"publish","type":"post","link":"https:\/\/www.link2fleet.com\/fr\/alcomotive-choisit-arval-comme-partenaire-de-leasing-white-label-pour-toutes-les-marques\/","title":{"rendered":"Alcomotive choisit Arval comme partenaire de leasing White Label pour toutes les marques"},"content":{"rendered":"<h4><strong>1 vision, 1 partenaire<\/strong><\/h4>\n<p>Au cours des derniers mois, plusieurs \u00e9quipes au sein d&rsquo;Alcomotive ont r\u00e9pondu \u00e0 un appel d&rsquo;offres pour choisir un nouveau partenaire \u00ab\u00a0White Label\u00a0\u00bb qui soutiendra nos marques dans notre croissance sur le march\u00e9 des flottes. Apr\u00e8s une analyse approfondie, Arval a \u00e9t\u00e9 choisi comme partenaire exclusif. Compte tenu des \u00e9conomies d&rsquo;\u00e9chelle que nous pouvons offrir en tant que groupe et de la nature internationale de nos activit\u00e9s, Arval s&rsquo;est av\u00e9r\u00e9 \u00eatre la meilleure proposition pour Alcomotive.<\/p>\n<p>Arval, qui est d\u00e9tenu \u00e0 100% par BNP Parisbas Fortis, proposera des formules de leasing op\u00e9rationnel et Private Lease \u00e0 des prix tr\u00e8s comp\u00e9titifs \u00e0 travers les labels Hyundai Lease, Suzuki Lease, MG Lease, SsangYong Lease, Isuzu Lease et Maxus Lease. Arval et Alcomotive \u00e9laboreront une strat\u00e9gie et une vision uniformes qui seront mises en \u0153uvre dans tous les pays o\u00f9 Alcomotive est pr\u00e9sent.<\/p>\n<h4><strong>D\u00e9ploiement \u00e0 partir du 1er septembre<\/strong><\/h4>\n<p>Les \u00e9quipes d&rsquo;Alcomotive et d&rsquo;Arval travaillent maintenant \u00e0 la poursuite du d\u00e9ploiement du projet. Les premi\u00e8res marques seront en ligne \u00e0 partir du 1er septembre, avec pour ambition que les 6 marques soient op\u00e9rationnelles au Belux au 1er octobre. Les autres pays suivront imm\u00e9diatement. L&rsquo;Allemagne et les Pays-Bas seront au centre des pr\u00e9occupations afin que le potentiel de Maxus (avec les produits e-LCV) puisse rapidement \u00eatre exploit\u00e9.<\/p>\n","protected":false},"excerpt":{"rendered":"<p>1 vision, 1 partenaire Au cours des derniers mois, plusieurs \u00e9quipes au sein d&rsquo;Alcomotive ont r\u00e9pondu \u00e0 un appel d&rsquo;offres pour choisir un nouveau partenaire \u00ab\u00a0White Label\u00a0\u00bb qui soutiendra nos marques dans notre croissance sur le march\u00e9 des flottes. Apr\u00e8s une analyse approfondie, Arval a \u00e9t\u00e9 choisi comme partenaire exclusif. Compte tenu des \u00e9conomies d&rsquo;\u00e9chelle [&hellip;]<\/p>\n","protected":false},"author":4,"featured_media":4757,"comment_status":"closed","ping_status":"closed","sticky":false,"template":"","format":"standard","meta":{"_acf_changed":false,"footnotes":""},"categories":[91,77,79,76],"tags":[],"class_list":["post-4756","post","type-post","status-publish","format-standard","has-post-thumbnail","hentry","category-expertise-et-management","category-importateurs-et-constructeurs-automobiles-vp","category-societes-de-leasing","category-car"],"acf":[],"yoast_head":"<!-- This site is optimized with the Yoast SEO plugin v27.3 - https:\/\/yoast.com\/product\/yoast-seo-wordpress\/ -->\n<title>Alcomotive choisit Arval comme partenaire de leasing White Label pour toutes les marques - link2fleet<\/title>\n<meta name=\"description\" content=\"La poursuite du d\u00e9veloppement et de la professionnalisation de l&rsquo;activit\u00e9 Fleet est un \u00e9l\u00e9ment essentiel de la vision \u00e0 long terme d&rsquo;Alcomotive et des marques\u2026\" \/>\n<meta name=\"robots\" content=\"index, follow, max-snippet:-1, max-image-preview:large, max-video-preview:-1\" \/>\n<meta property=\"og:locale\" content=\"fr_FR\" \/>\n<meta property=\"og:type\" content=\"article\" \/>\n<meta property=\"og:title\" content=\"Alcomotive choisit Arval comme partenaire de leasing White Label pour toutes les marques - link2fleet\" \/>\n<meta property=\"og:description\" content=\"La poursuite du d\u00e9veloppement et de la professionnalisation de l&rsquo;activit\u00e9 Fleet est un \u00e9l\u00e9ment essentiel de la vision \u00e0 long terme d&rsquo;Alcomotive et des marques\u2026\" \/>\n<meta property=\"og:url\" content=\"https:\/\/www.link2fleet.com\/fr\/alcomotive-choisit-arval-comme-partenaire-de-leasing-white-label-pour-toutes-les-marques\/\" \/>\n<meta property=\"og:site_name\" content=\"link2fleet\" \/>\n<meta property=\"article:published_time\" content=\"2021-08-10T06:10:03+00:00\" \/>\n<meta property=\"article:modified_time\" content=\"2024-04-17T14:49:09+00:00\" \/>\n<meta property=\"og:image\" content=\"https:\/\/static.link2fleet.com\/wp-content\/uploads\/2024\/03\/arval-alcomotive.jpg\" \/>\n\t<meta property=\"og:image:width\" content=\"1209\" \/>\n\t<meta property=\"og:image:height\" content=\"507\" \/>\n\t<meta property=\"og:image:type\" content=\"image\/jpeg\" \/>\n<meta name=\"author\" content=\"Damien Malvetti\" \/>\n<meta name=\"twitter:card\" content=\"summary_large_image\" \/>\n<meta name=\"twitter:description\" content=\"La poursuite du d\u00e9veloppement et de la professionnalisation de l&rsquo;activit\u00e9 Fleet est un \u00e9l\u00e9ment essentiel de la vision \u00e0 long terme d&rsquo;Alcomotive et des marques\u2026\" \/>\n<meta name=\"twitter:label1\" content=\"\u00c9crit par\" \/>\n\t<meta name=\"twitter:data1\" content=\"Damien Malvetti\" \/>\n\t<meta name=\"twitter:label2\" content=\"Dur\u00e9e de lecture estim\u00e9e\" \/>\n\t<meta name=\"twitter:data2\" content=\"1 minute\" \/>\n<script type=\"application\/ld+json\" class=\"yoast-schema-graph\">{\"@context\":\"https:\\\/\\\/schema.org\",\"@graph\":[{\"@type\":\"Article\",\"@id\":\"https:\\\/\\\/www.link2fleet.com\\\/fr\\\/alcomotive-choisit-arval-comme-partenaire-de-leasing-white-label-pour-toutes-les-marques\\\/#article\",\"isPartOf\":{\"@id\":\"https:\\\/\\\/www.link2fleet.com\\\/fr\\\/alcomotive-choisit-arval-comme-partenaire-de-leasing-white-label-pour-toutes-les-marques\\\/\"},\"author\":{\"name\":\"Damien Malvetti\",\"@id\":\"https:\\\/\\\/www.link2fleet.com\\\/fr\\\/#\\\/schema\\\/person\\\/027cd46113c78036b3809c9a054049da\"},\"headline\":\"Alcomotive choisit Arval comme partenaire de leasing White Label pour toutes les marques\",\"datePublished\":\"2021-08-10T06:10:03+00:00\",\"dateModified\":\"2024-04-17T14:49:09+00:00\",\"mainEntityOfPage\":{\"@id\":\"https:\\\/\\\/www.link2fleet.com\\\/fr\\\/alcomotive-choisit-arval-comme-partenaire-de-leasing-white-label-pour-toutes-les-marques\\\/\"},\"wordCount\":242,\"publisher\":{\"@id\":\"https:\\\/\\\/www.link2fleet.com\\\/fr\\\/#organization\"},\"image\":{\"@id\":\"https:\\\/\\\/www.link2fleet.com\\\/fr\\\/alcomotive-choisit-arval-comme-partenaire-de-leasing-white-label-pour-toutes-les-marques\\\/#primaryimage\"},\"thumbnailUrl\":\"https:\\\/\\\/static.link2fleet.com\\\/wp-content\\\/uploads\\\/2024\\\/03\\\/arval-alcomotive.jpg\",\"articleSection\":[\"Gestion de flotte\",\"Importateurs et constructeurs\",\"Location long-terme\",\"V\u00e9hicules\"],\"inLanguage\":\"fr-FR\"},{\"@type\":\"WebPage\",\"@id\":\"https:\\\/\\\/www.link2fleet.com\\\/fr\\\/alcomotive-choisit-arval-comme-partenaire-de-leasing-white-label-pour-toutes-les-marques\\\/\",\"url\":\"https:\\\/\\\/www.link2fleet.com\\\/fr\\\/alcomotive-choisit-arval-comme-partenaire-de-leasing-white-label-pour-toutes-les-marques\\\/\",\"name\":\"Alcomotive choisit Arval comme partenaire de leasing White Label pour toutes les marques - link2fleet\",\"isPartOf\":{\"@id\":\"https:\\\/\\\/www.link2fleet.com\\\/fr\\\/#website\"},\"primaryImageOfPage\":{\"@id\":\"https:\\\/\\\/www.link2fleet.com\\\/fr\\\/alcomotive-choisit-arval-comme-partenaire-de-leasing-white-label-pour-toutes-les-marques\\\/#primaryimage\"},\"image\":{\"@id\":\"https:\\\/\\\/www.link2fleet.com\\\/fr\\\/alcomotive-choisit-arval-comme-partenaire-de-leasing-white-label-pour-toutes-les-marques\\\/#primaryimage\"},\"thumbnailUrl\":\"https:\\\/\\\/static.link2fleet.com\\\/wp-content\\\/uploads\\\/2024\\\/03\\\/arval-alcomotive.jpg\",\"datePublished\":\"2021-08-10T06:10:03+00:00\",\"dateModified\":\"2024-04-17T14:49:09+00:00\",\"breadcrumb\":{\"@id\":\"https:\\\/\\\/www.link2fleet.com\\\/fr\\\/alcomotive-choisit-arval-comme-partenaire-de-leasing-white-label-pour-toutes-les-marques\\\/#breadcrumb\"},\"inLanguage\":\"fr-FR\",\"potentialAction\":[{\"@type\":\"ReadAction\",\"target\":[\"https:\\\/\\\/www.link2fleet.com\\\/fr\\\/alcomotive-choisit-arval-comme-partenaire-de-leasing-white-label-pour-toutes-les-marques\\\/\"]}]},{\"@type\":\"ImageObject\",\"inLanguage\":\"fr-FR\",\"@id\":\"https:\\\/\\\/www.link2fleet.com\\\/fr\\\/alcomotive-choisit-arval-comme-partenaire-de-leasing-white-label-pour-toutes-les-marques\\\/#primaryimage\",\"url\":\"https:\\\/\\\/static.link2fleet.com\\\/wp-content\\\/uploads\\\/2024\\\/03\\\/arval-alcomotive.jpg\",\"contentUrl\":\"https:\\\/\\\/static.link2fleet.com\\\/wp-content\\\/uploads\\\/2024\\\/03\\\/arval-alcomotive.jpg\",\"width\":1209,\"height\":507},{\"@type\":\"BreadcrumbList\",\"@id\":\"https:\\\/\\\/www.link2fleet.com\\\/fr\\\/alcomotive-choisit-arval-comme-partenaire-de-leasing-white-label-pour-toutes-les-marques\\\/#breadcrumb\",\"itemListElement\":[{\"@type\":\"ListItem\",\"position\":1,\"name\":\"Home\",\"item\":\"https:\\\/\\\/www.link2fleet.com\\\/fr\\\/\"},{\"@type\":\"ListItem\",\"position\":2,\"name\":\"Alcomotive choisit Arval comme partenaire de leasing White Label pour toutes les marques\"}]},{\"@type\":\"WebSite\",\"@id\":\"https:\\\/\\\/www.link2fleet.com\\\/fr\\\/#website\",\"url\":\"https:\\\/\\\/www.link2fleet.com\\\/fr\\\/\",\"name\":\"Link2fleet\",\"description\":\"\",\"publisher\":{\"@id\":\"https:\\\/\\\/www.link2fleet.com\\\/fr\\\/#organization\"},\"potentialAction\":[{\"@type\":\"SearchAction\",\"target\":{\"@type\":\"EntryPoint\",\"urlTemplate\":\"https:\\\/\\\/www.link2fleet.com\\\/fr\\\/?s={search_term_string}\"},\"query-input\":{\"@type\":\"PropertyValueSpecification\",\"valueRequired\":true,\"valueName\":\"search_term_string\"}}],\"inLanguage\":\"fr-FR\"},{\"@type\":\"Organization\",\"@id\":\"https:\\\/\\\/www.link2fleet.com\\\/fr\\\/#organization\",\"name\":\"Link2fleet\",\"url\":\"https:\\\/\\\/www.link2fleet.com\\\/fr\\\/\",\"logo\":{\"@type\":\"ImageObject\",\"inLanguage\":\"fr-FR\",\"@id\":\"https:\\\/\\\/www.link2fleet.com\\\/fr\\\/#\\\/schema\\\/logo\\\/image\\\/\",\"url\":\"https:\\\/\\\/static.link2fleet.com\\\/wp-content\\\/uploads\\\/2024\\\/03\\\/share-image.jpg\",\"contentUrl\":\"https:\\\/\\\/static.link2fleet.com\\\/wp-content\\\/uploads\\\/2024\\\/03\\\/share-image.jpg\",\"width\":1200,\"height\":630,\"caption\":\"Link2fleet\"},\"image\":{\"@id\":\"https:\\\/\\\/www.link2fleet.com\\\/fr\\\/#\\\/schema\\\/logo\\\/image\\\/\"},\"sameAs\":[\"https:\\\/\\\/www.linkedin.com\\\/company\\\/link2fleet-belgium\",\"https:\\\/\\\/www.youtube.com\\\/user\\\/MMMBMBE\"]},{\"@type\":\"Person\",\"@id\":\"https:\\\/\\\/www.link2fleet.com\\\/fr\\\/#\\\/schema\\\/person\\\/027cd46113c78036b3809c9a054049da\",\"name\":\"Damien Malvetti\",\"image\":{\"@type\":\"ImageObject\",\"inLanguage\":\"fr-FR\",\"@id\":\"https:\\\/\\\/secure.gravatar.com\\\/avatar\\\/dd8cc03b49466c735f753ac37f8caa371af16dfed347456ed61f02883255eebb?s=96&d=mm&r=g\",\"url\":\"https:\\\/\\\/secure.gravatar.com\\\/avatar\\\/dd8cc03b49466c735f753ac37f8caa371af16dfed347456ed61f02883255eebb?s=96&d=mm&r=g\",\"contentUrl\":\"https:\\\/\\\/secure.gravatar.com\\\/avatar\\\/dd8cc03b49466c735f753ac37f8caa371af16dfed347456ed61f02883255eebb?s=96&d=mm&r=g\",\"caption\":\"Damien Malvetti\"},\"description\":\"Damien Malvetti is opgeleid als journalist en gepassioneerd door wagens, technologie en mobiliteit. Hij is verantwoordelijk voor de redactionele inhoud van link2fleet en beschikt over een uitgebreide kennis van de fleet-sector en elektrische mobiliteit.\",\"sameAs\":[\"https:\\\/\\\/www.linkedin.com\\\/in\\\/damien-malvetti-56601142\\\/\"]}]}<\/script>\n<!-- \/ Yoast SEO plugin. -->","yoast_head_json":{"title":"Alcomotive choisit Arval comme partenaire de leasing White Label pour toutes les marques - link2fleet","description":"La poursuite du d\u00e9veloppement et de la professionnalisation de l&rsquo;activit\u00e9 Fleet est un \u00e9l\u00e9ment essentiel de la vision \u00e0 long terme d&rsquo;Alcomotive et des marques\u2026","robots":{"index":"index","follow":"follow","max-snippet":"max-snippet:-1","max-image-preview":"max-image-preview:large","max-video-preview":"max-video-preview:-1"},"og_locale":"fr_FR","og_type":"article","og_title":"Alcomotive choisit Arval comme partenaire de leasing White Label pour toutes les marques - link2fleet","og_description":"La poursuite du d\u00e9veloppement et de la professionnalisation de l&rsquo;activit\u00e9 Fleet est un \u00e9l\u00e9ment essentiel de la vision \u00e0 long terme d&rsquo;Alcomotive et des marques\u2026","og_url":"https:\/\/www.link2fleet.com\/fr\/alcomotive-choisit-arval-comme-partenaire-de-leasing-white-label-pour-toutes-les-marques\/","og_site_name":"link2fleet","article_published_time":"2021-08-10T06:10:03+00:00","article_modified_time":"2024-04-17T14:49:09+00:00","og_image":[{"width":1209,"height":507,"url":"https:\/\/static.link2fleet.com\/wp-content\/uploads\/2024\/03\/arval-alcomotive.jpg","type":"image\/jpeg"}],"author":"Damien Malvetti","twitter_card":"summary_large_image","twitter_description":"La poursuite du d\u00e9veloppement et de la professionnalisation de l&rsquo;activit\u00e9 Fleet est un \u00e9l\u00e9ment essentiel de la vision \u00e0 long terme d&rsquo;Alcomotive et des marques\u2026","twitter_misc":{"\u00c9crit par":"Damien Malvetti","Dur\u00e9e de lecture estim\u00e9e":"1 minute"},"schema":{"@context":"https:\/\/schema.org","@graph":[{"@type":"Article","@id":"https:\/\/www.link2fleet.com\/fr\/alcomotive-choisit-arval-comme-partenaire-de-leasing-white-label-pour-toutes-les-marques\/#article","isPartOf":{"@id":"https:\/\/www.link2fleet.com\/fr\/alcomotive-choisit-arval-comme-partenaire-de-leasing-white-label-pour-toutes-les-marques\/"},"author":{"name":"Damien Malvetti","@id":"https:\/\/www.link2fleet.com\/fr\/#\/schema\/person\/027cd46113c78036b3809c9a054049da"},"headline":"Alcomotive choisit Arval comme partenaire de leasing White Label pour toutes les marques","datePublished":"2021-08-10T06:10:03+00:00","dateModified":"2024-04-17T14:49:09+00:00","mainEntityOfPage":{"@id":"https:\/\/www.link2fleet.com\/fr\/alcomotive-choisit-arval-comme-partenaire-de-leasing-white-label-pour-toutes-les-marques\/"},"wordCount":242,"publisher":{"@id":"https:\/\/www.link2fleet.com\/fr\/#organization"},"image":{"@id":"https:\/\/www.link2fleet.com\/fr\/alcomotive-choisit-arval-comme-partenaire-de-leasing-white-label-pour-toutes-les-marques\/#primaryimage"},"thumbnailUrl":"https:\/\/static.link2fleet.com\/wp-content\/uploads\/2024\/03\/arval-alcomotive.jpg","articleSection":["Gestion de flotte","Importateurs et constructeurs","Location long-terme","V\u00e9hicules"],"inLanguage":"fr-FR"},{"@type":"WebPage","@id":"https:\/\/www.link2fleet.com\/fr\/alcomotive-choisit-arval-comme-partenaire-de-leasing-white-label-pour-toutes-les-marques\/","url":"https:\/\/www.link2fleet.com\/fr\/alcomotive-choisit-arval-comme-partenaire-de-leasing-white-label-pour-toutes-les-marques\/","name":"Alcomotive choisit Arval comme partenaire de leasing White Label pour toutes les marques - link2fleet","isPartOf":{"@id":"https:\/\/www.link2fleet.com\/fr\/#website"},"primaryImageOfPage":{"@id":"https:\/\/www.link2fleet.com\/fr\/alcomotive-choisit-arval-comme-partenaire-de-leasing-white-label-pour-toutes-les-marques\/#primaryimage"},"image":{"@id":"https:\/\/www.link2fleet.com\/fr\/alcomotive-choisit-arval-comme-partenaire-de-leasing-white-label-pour-toutes-les-marques\/#primaryimage"},"thumbnailUrl":"https:\/\/static.link2fleet.com\/wp-content\/uploads\/2024\/03\/arval-alcomotive.jpg","datePublished":"2021-08-10T06:10:03+00:00","dateModified":"2024-04-17T14:49:09+00:00","breadcrumb":{"@id":"https:\/\/www.link2fleet.com\/fr\/alcomotive-choisit-arval-comme-partenaire-de-leasing-white-label-pour-toutes-les-marques\/#breadcrumb"},"inLanguage":"fr-FR","potentialAction":[{"@type":"ReadAction","target":["https:\/\/www.link2fleet.com\/fr\/alcomotive-choisit-arval-comme-partenaire-de-leasing-white-label-pour-toutes-les-marques\/"]}]},{"@type":"ImageObject","inLanguage":"fr-FR","@id":"https:\/\/www.link2fleet.com\/fr\/alcomotive-choisit-arval-comme-partenaire-de-leasing-white-label-pour-toutes-les-marques\/#primaryimage","url":"https:\/\/static.link2fleet.com\/wp-content\/uploads\/2024\/03\/arval-alcomotive.jpg","contentUrl":"https:\/\/static.link2fleet.com\/wp-content\/uploads\/2024\/03\/arval-alcomotive.jpg","width":1209,"height":507},{"@type":"BreadcrumbList","@id":"https:\/\/www.link2fleet.com\/fr\/alcomotive-choisit-arval-comme-partenaire-de-leasing-white-label-pour-toutes-les-marques\/#breadcrumb","itemListElement":[{"@type":"ListItem","position":1,"name":"Home","item":"https:\/\/www.link2fleet.com\/fr\/"},{"@type":"ListItem","position":2,"name":"Alcomotive choisit Arval comme partenaire de leasing White Label pour toutes les marques"}]},{"@type":"WebSite","@id":"https:\/\/www.link2fleet.com\/fr\/#website","url":"https:\/\/www.link2fleet.com\/fr\/","name":"Link2fleet","description":"","publisher":{"@id":"https:\/\/www.link2fleet.com\/fr\/#organization"},"potentialAction":[{"@type":"SearchAction","target":{"@type":"EntryPoint","urlTemplate":"https:\/\/www.link2fleet.com\/fr\/?s={search_term_string}"},"query-input":{"@type":"PropertyValueSpecification","valueRequired":true,"valueName":"search_term_string"}}],"inLanguage":"fr-FR"},{"@type":"Organization","@id":"https:\/\/www.link2fleet.com\/fr\/#organization","name":"Link2fleet","url":"https:\/\/www.link2fleet.com\/fr\/","logo":{"@type":"ImageObject","inLanguage":"fr-FR","@id":"https:\/\/www.link2fleet.com\/fr\/#\/schema\/logo\/image\/","url":"https:\/\/static.link2fleet.com\/wp-content\/uploads\/2024\/03\/share-image.jpg","contentUrl":"https:\/\/static.link2fleet.com\/wp-content\/uploads\/2024\/03\/share-image.jpg","width":1200,"height":630,"caption":"Link2fleet"},"image":{"@id":"https:\/\/www.link2fleet.com\/fr\/#\/schema\/logo\/image\/"},"sameAs":["https:\/\/www.linkedin.com\/company\/link2fleet-belgium","https:\/\/www.youtube.com\/user\/MMMBMBE"]},{"@type":"Person","@id":"https:\/\/www.link2fleet.com\/fr\/#\/schema\/person\/027cd46113c78036b3809c9a054049da","name":"Damien Malvetti","image":{"@type":"ImageObject","inLanguage":"fr-FR","@id":"https:\/\/secure.gravatar.com\/avatar\/dd8cc03b49466c735f753ac37f8caa371af16dfed347456ed61f02883255eebb?s=96&d=mm&r=g","url":"https:\/\/secure.gravatar.com\/avatar\/dd8cc03b49466c735f753ac37f8caa371af16dfed347456ed61f02883255eebb?s=96&d=mm&r=g","contentUrl":"https:\/\/secure.gravatar.com\/avatar\/dd8cc03b49466c735f753ac37f8caa371af16dfed347456ed61f02883255eebb?s=96&d=mm&r=g","caption":"Damien Malvetti"},"description":"Damien Malvetti is opgeleid als journalist en gepassioneerd door wagens, technologie en mobiliteit. Hij is verantwoordelijk voor de redactionele inhoud van link2fleet en beschikt over een uitgebreide kennis van de fleet-sector en elektrische mobiliteit.","sameAs":["https:\/\/www.linkedin.com\/in\/damien-malvetti-56601142\/"]}]}},"_links":{"self":[{"href":"https:\/\/www.link2fleet.com\/fr\/wp-json\/wp\/v2\/posts\/4756","targetHints":{"allow":["GET"]}}],"collection":[{"href":"https:\/\/www.link2fleet.com\/fr\/wp-json\/wp\/v2\/posts"}],"about":[{"href":"https:\/\/www.link2fleet.com\/fr\/wp-json\/wp\/v2\/types\/post"}],"author":[{"embeddable":true,"href":"https:\/\/www.link2fleet.com\/fr\/wp-json\/wp\/v2\/users\/4"}],"replies":[{"embeddable":true,"href":"https:\/\/www.link2fleet.com\/fr\/wp-json\/wp\/v2\/comments?post=4756"}],"version-history":[{"count":0,"href":"https:\/\/www.link2fleet.com\/fr\/wp-json\/wp\/v2\/posts\/4756\/revisions"}],"wp:featuredmedia":[{"embeddable":true,"href":"https:\/\/www.link2fleet.com\/fr\/wp-json\/wp\/v2\/media\/4757"}],"wp:attachment":[{"href":"https:\/\/www.link2fleet.com\/fr\/wp-json\/wp\/v2\/media?parent=4756"}],"wp:term":[{"taxonomy":"category","embeddable":true,"href":"https:\/\/www.link2fleet.com\/fr\/wp-json\/wp\/v2\/categories?post=4756"},{"taxonomy":"post_tag","embeddable":true,"href":"https:\/\/www.link2fleet.com\/fr\/wp-json\/wp\/v2\/tags?post=4756"}],"curies":[{"name":"wp","href":"https:\/\/api.w.org\/{rel}","templated":true}]}}