{"id":4775,"date":"2021-08-27T07:45:39","date_gmt":"2021-08-27T05:45:39","guid":{"rendered":"https:\/\/www.link2fleet.com\/joost-kaesemans-quitte-febiac-et-renforce-lequipe-touring\/"},"modified":"2021-08-27T07:45:39","modified_gmt":"2021-08-27T05:45:39","slug":"joost-kaesemans-quitte-febiac-et-renforce-lequipe-touring","status":"publish","type":"post","link":"https:\/\/www.link2fleet.com\/fr\/joost-kaesemans-quitte-febiac-et-renforce-lequipe-touring\/","title":{"rendered":"Joost Kaesemans quitte Febiac et renforce l&rsquo;\u00e9quipe Touring"},"content":{"rendered":"<p>Touring souhaite coop\u00e9rer de mani\u00e8re constructive \u00e0 cette \u00e9volution et veiller \u00e0 ce que ses membres soient accompagn\u00e9s dans cette transition vers une autre mobilit\u00e9. Ainsi, ils seront nombreux \u00e0 \u00eatre confront\u00e9s \u00e0 l&rsquo;\u00e9lectrification du march\u00e9 des v\u00e9hicules. Le passage d&rsquo;un v\u00e9hicule \u00e0 moteur thermique classique vers un v\u00e9hicule \u00e9lectrique doit \u00eatre attractif pour le consommateur.<\/p>\n<p>Pour d\u00e9fendre au mieux les int\u00e9r\u00eats de ses membres, Touring revoit \u00e9galement sa vision et son organisation. Celles-ci \u00e9voluent avec la r\u00e9alit\u00e9 et entendent la faciliter.<\/p>\n<p>Une \u00e9quipe efficace repr\u00e9sentant les membres et les consommateurs aupr\u00e8s des gouvernements et de l&rsquo;opinion publique est n\u00e9cessaire \u00e0 cet \u00e9gard. C\u2019est pourquoi Touring renforce son \u00e9quipe. Le 1er septembre, Joost Kaesemans rejoindra Touring en tant que nouveau directeur des relations publiques et des politiques publiques. Joost a travaill\u00e9 dans l&rsquo;industrie de la mobilit\u00e9 tout au long de sa carri\u00e8re: il a construit son expertise et son r\u00e9seau au service d&rsquo;\u00e9dition du trafic de la VRT puis en tant que porte-parole de la f\u00e9d\u00e9ration belge de l&rsquo;automobile et des deux-roues (FEBIAC).<\/p>\n<p>Joost Kaesemans voit son nouveau d\u00e9fi comme suit:<\/p>\n<blockquote><p><em>\u00ab\u00a0Le pas vers Touring est avant tout un pas de plus vers l&rsquo;utilisateur de mobilit\u00e9 lui-m\u00eame. Je trouve cela extr\u00eamement int\u00e9ressant. Apr\u00e8s tout, c&rsquo;est le citoyen mobile qui, par ses habitudes et ses envies changeantes, fa\u00e7onne notre mobilit\u00e9. C&rsquo;est donc un honneur de repr\u00e9senter, avec la solide \u00e9quipe de Touring, cet usager de la mobilit\u00e9 dans les m\u00e9dias et aupr\u00e8s des parties prenantes. Touring est une organisation qui suit les \u00e9volutions de la mobilit\u00e9 avec beaucoup d&rsquo;ouverture et d&rsquo;int\u00e9r\u00eat et a l&rsquo;ambition claire de continuer \u00e0 proposer \u00e0 tous les usagers des services et produits adapt\u00e9s et innovants qui rendent leur mobilit\u00e9 efficace, durable et agr\u00e9able.\u00a0\u00bb<\/em><\/p><\/blockquote>\n<p>Avec le recrutement de Joost Kaesemans, nous souhaitons renforcer et \u00e9largir notre expertise et notre communication externe et asseoir notre position de leader sur le march\u00e9 de la mobilit\u00e9 du futur, d\u00e9clare Touring.<\/p>\n","protected":false},"excerpt":{"rendered":"<p>Touring souhaite coop\u00e9rer de mani\u00e8re constructive \u00e0 cette \u00e9volution et veiller \u00e0 ce que ses membres soient accompagn\u00e9s dans cette transition vers une autre mobilit\u00e9. Ainsi, ils seront nombreux \u00e0 \u00eatre confront\u00e9s \u00e0 l&rsquo;\u00e9lectrification du march\u00e9 des v\u00e9hicules. Le passage d&rsquo;un v\u00e9hicule \u00e0 moteur thermique classique vers un v\u00e9hicule \u00e9lectrique doit \u00eatre attractif pour le [&hellip;]<\/p>\n","protected":false},"author":4,"featured_media":4776,"comment_status":"closed","ping_status":"closed","sticky":false,"template":"","format":"standard","meta":{"_acf_changed":false,"footnotes":""},"categories":[83,91],"tags":[],"class_list":["post-4775","post","type-post","status-publish","format-standard","has-post-thumbnail","hentry","category-sssurance-risk-management-assistance-et-depannage","category-expertise-et-management"],"acf":[],"yoast_head":"<!-- This site is optimized with the Yoast SEO plugin v27.3 - https:\/\/yoast.com\/product\/yoast-seo-wordpress\/ -->\n<title>Joost Kaesemans quitte Febiac et renforce l&#039;\u00e9quipe Touring - link2fleet<\/title>\n<meta name=\"description\" content=\"Inutile de dire qu&rsquo;aujourd&rsquo;hui nos modes de d\u00e9placement sont en pleine \u00e9volution. La crise du Covid et les d\u00e9fis \u00e9cologiques font \u00e9voluer notre mobilit\u00e9 \u00e0\u2026\" \/>\n<meta name=\"robots\" content=\"index, follow, max-snippet:-1, max-image-preview:large, max-video-preview:-1\" \/>\n<meta property=\"og:locale\" content=\"fr_FR\" \/>\n<meta property=\"og:type\" content=\"article\" \/>\n<meta property=\"og:title\" content=\"Joost Kaesemans quitte Febiac et renforce l&#039;\u00e9quipe Touring - link2fleet\" \/>\n<meta property=\"og:description\" content=\"Inutile de dire qu&rsquo;aujourd&rsquo;hui nos modes de d\u00e9placement sont en pleine \u00e9volution. La crise du Covid et les d\u00e9fis \u00e9cologiques font \u00e9voluer notre mobilit\u00e9 \u00e0\u2026\" \/>\n<meta property=\"og:url\" content=\"https:\/\/www.link2fleet.com\/fr\/joost-kaesemans-quitte-febiac-et-renforce-lequipe-touring\/\" \/>\n<meta property=\"og:site_name\" content=\"link2fleet\" \/>\n<meta property=\"article:published_time\" content=\"2021-08-27T05:45:39+00:00\" \/>\n<meta property=\"og:image\" content=\"https:\/\/static.link2fleet.com\/wp-content\/uploads\/2024\/03\/fotojoost-kleiner.jpg\" \/>\n\t<meta property=\"og:image:width\" content=\"2436\" \/>\n\t<meta property=\"og:image:height\" content=\"2124\" \/>\n\t<meta property=\"og:image:type\" content=\"image\/jpeg\" \/>\n<meta name=\"author\" content=\"Damien Malvetti\" \/>\n<meta name=\"twitter:card\" content=\"summary_large_image\" \/>\n<meta name=\"twitter:description\" content=\"Inutile de dire qu&rsquo;aujourd&rsquo;hui nos modes de d\u00e9placement sont en pleine \u00e9volution. La crise du Covid et les d\u00e9fis \u00e9cologiques font \u00e9voluer notre mobilit\u00e9 \u00e0\u2026\" \/>\n<meta name=\"twitter:label1\" content=\"\u00c9crit par\" \/>\n\t<meta name=\"twitter:data1\" content=\"Damien Malvetti\" \/>\n\t<meta name=\"twitter:label2\" content=\"Dur\u00e9e de lecture estim\u00e9e\" \/>\n\t<meta name=\"twitter:data2\" content=\"2 minutes\" \/>\n<script type=\"application\/ld+json\" class=\"yoast-schema-graph\">{\"@context\":\"https:\\\/\\\/schema.org\",\"@graph\":[{\"@type\":\"Article\",\"@id\":\"https:\\\/\\\/www.link2fleet.com\\\/fr\\\/joost-kaesemans-quitte-febiac-et-renforce-lequipe-touring\\\/#article\",\"isPartOf\":{\"@id\":\"https:\\\/\\\/www.link2fleet.com\\\/fr\\\/joost-kaesemans-quitte-febiac-et-renforce-lequipe-touring\\\/\"},\"author\":{\"name\":\"Damien Malvetti\",\"@id\":\"https:\\\/\\\/www.link2fleet.com\\\/fr\\\/#\\\/schema\\\/person\\\/027cd46113c78036b3809c9a054049da\"},\"headline\":\"Joost Kaesemans quitte Febiac et renforce l&rsquo;\u00e9quipe Touring\",\"datePublished\":\"2021-08-27T05:45:39+00:00\",\"mainEntityOfPage\":{\"@id\":\"https:\\\/\\\/www.link2fleet.com\\\/fr\\\/joost-kaesemans-quitte-febiac-et-renforce-lequipe-touring\\\/\"},\"wordCount\":366,\"publisher\":{\"@id\":\"https:\\\/\\\/www.link2fleet.com\\\/fr\\\/#organization\"},\"image\":{\"@id\":\"https:\\\/\\\/www.link2fleet.com\\\/fr\\\/joost-kaesemans-quitte-febiac-et-renforce-lequipe-touring\\\/#primaryimage\"},\"thumbnailUrl\":\"https:\\\/\\\/static.link2fleet.com\\\/wp-content\\\/uploads\\\/2024\\\/03\\\/fotojoost-kleiner.jpg\",\"articleSection\":[\"Assurances et assistance\",\"Gestion de flotte\"],\"inLanguage\":\"fr-FR\"},{\"@type\":\"WebPage\",\"@id\":\"https:\\\/\\\/www.link2fleet.com\\\/fr\\\/joost-kaesemans-quitte-febiac-et-renforce-lequipe-touring\\\/\",\"url\":\"https:\\\/\\\/www.link2fleet.com\\\/fr\\\/joost-kaesemans-quitte-febiac-et-renforce-lequipe-touring\\\/\",\"name\":\"Joost Kaesemans quitte Febiac et renforce l'\u00e9quipe Touring - link2fleet\",\"isPartOf\":{\"@id\":\"https:\\\/\\\/www.link2fleet.com\\\/fr\\\/#website\"},\"primaryImageOfPage\":{\"@id\":\"https:\\\/\\\/www.link2fleet.com\\\/fr\\\/joost-kaesemans-quitte-febiac-et-renforce-lequipe-touring\\\/#primaryimage\"},\"image\":{\"@id\":\"https:\\\/\\\/www.link2fleet.com\\\/fr\\\/joost-kaesemans-quitte-febiac-et-renforce-lequipe-touring\\\/#primaryimage\"},\"thumbnailUrl\":\"https:\\\/\\\/static.link2fleet.com\\\/wp-content\\\/uploads\\\/2024\\\/03\\\/fotojoost-kleiner.jpg\",\"datePublished\":\"2021-08-27T05:45:39+00:00\",\"breadcrumb\":{\"@id\":\"https:\\\/\\\/www.link2fleet.com\\\/fr\\\/joost-kaesemans-quitte-febiac-et-renforce-lequipe-touring\\\/#breadcrumb\"},\"inLanguage\":\"fr-FR\",\"potentialAction\":[{\"@type\":\"ReadAction\",\"target\":[\"https:\\\/\\\/www.link2fleet.com\\\/fr\\\/joost-kaesemans-quitte-febiac-et-renforce-lequipe-touring\\\/\"]}]},{\"@type\":\"ImageObject\",\"inLanguage\":\"fr-FR\",\"@id\":\"https:\\\/\\\/www.link2fleet.com\\\/fr\\\/joost-kaesemans-quitte-febiac-et-renforce-lequipe-touring\\\/#primaryimage\",\"url\":\"https:\\\/\\\/static.link2fleet.com\\\/wp-content\\\/uploads\\\/2024\\\/03\\\/fotojoost-kleiner.jpg\",\"contentUrl\":\"https:\\\/\\\/static.link2fleet.com\\\/wp-content\\\/uploads\\\/2024\\\/03\\\/fotojoost-kleiner.jpg\",\"width\":2436,\"height\":2124},{\"@type\":\"BreadcrumbList\",\"@id\":\"https:\\\/\\\/www.link2fleet.com\\\/fr\\\/joost-kaesemans-quitte-febiac-et-renforce-lequipe-touring\\\/#breadcrumb\",\"itemListElement\":[{\"@type\":\"ListItem\",\"position\":1,\"name\":\"Home\",\"item\":\"https:\\\/\\\/www.link2fleet.com\\\/fr\\\/\"},{\"@type\":\"ListItem\",\"position\":2,\"name\":\"Joost Kaesemans quitte Febiac et renforce l&#8217;\u00e9quipe Touring\"}]},{\"@type\":\"WebSite\",\"@id\":\"https:\\\/\\\/www.link2fleet.com\\\/fr\\\/#website\",\"url\":\"https:\\\/\\\/www.link2fleet.com\\\/fr\\\/\",\"name\":\"Link2fleet\",\"description\":\"\",\"publisher\":{\"@id\":\"https:\\\/\\\/www.link2fleet.com\\\/fr\\\/#organization\"},\"potentialAction\":[{\"@type\":\"SearchAction\",\"target\":{\"@type\":\"EntryPoint\",\"urlTemplate\":\"https:\\\/\\\/www.link2fleet.com\\\/fr\\\/?s={search_term_string}\"},\"query-input\":{\"@type\":\"PropertyValueSpecification\",\"valueRequired\":true,\"valueName\":\"search_term_string\"}}],\"inLanguage\":\"fr-FR\"},{\"@type\":\"Organization\",\"@id\":\"https:\\\/\\\/www.link2fleet.com\\\/fr\\\/#organization\",\"name\":\"Link2fleet\",\"url\":\"https:\\\/\\\/www.link2fleet.com\\\/fr\\\/\",\"logo\":{\"@type\":\"ImageObject\",\"inLanguage\":\"fr-FR\",\"@id\":\"https:\\\/\\\/www.link2fleet.com\\\/fr\\\/#\\\/schema\\\/logo\\\/image\\\/\",\"url\":\"https:\\\/\\\/static.link2fleet.com\\\/wp-content\\\/uploads\\\/2024\\\/03\\\/share-image.jpg\",\"contentUrl\":\"https:\\\/\\\/static.link2fleet.com\\\/wp-content\\\/uploads\\\/2024\\\/03\\\/share-image.jpg\",\"width\":1200,\"height\":630,\"caption\":\"Link2fleet\"},\"image\":{\"@id\":\"https:\\\/\\\/www.link2fleet.com\\\/fr\\\/#\\\/schema\\\/logo\\\/image\\\/\"},\"sameAs\":[\"https:\\\/\\\/www.linkedin.com\\\/company\\\/link2fleet-belgium\",\"https:\\\/\\\/www.youtube.com\\\/user\\\/MMMBMBE\"]},{\"@type\":\"Person\",\"@id\":\"https:\\\/\\\/www.link2fleet.com\\\/fr\\\/#\\\/schema\\\/person\\\/027cd46113c78036b3809c9a054049da\",\"name\":\"Damien Malvetti\",\"image\":{\"@type\":\"ImageObject\",\"inLanguage\":\"fr-FR\",\"@id\":\"https:\\\/\\\/secure.gravatar.com\\\/avatar\\\/dd8cc03b49466c735f753ac37f8caa371af16dfed347456ed61f02883255eebb?s=96&d=mm&r=g\",\"url\":\"https:\\\/\\\/secure.gravatar.com\\\/avatar\\\/dd8cc03b49466c735f753ac37f8caa371af16dfed347456ed61f02883255eebb?s=96&d=mm&r=g\",\"contentUrl\":\"https:\\\/\\\/secure.gravatar.com\\\/avatar\\\/dd8cc03b49466c735f753ac37f8caa371af16dfed347456ed61f02883255eebb?s=96&d=mm&r=g\",\"caption\":\"Damien Malvetti\"},\"description\":\"Damien Malvetti is opgeleid als journalist en gepassioneerd door wagens, technologie en mobiliteit. Hij is verantwoordelijk voor de redactionele inhoud van link2fleet en beschikt over een uitgebreide kennis van de fleet-sector en elektrische mobiliteit.\",\"sameAs\":[\"https:\\\/\\\/www.linkedin.com\\\/in\\\/damien-malvetti-56601142\\\/\"]}]}<\/script>\n<!-- \/ Yoast SEO plugin. -->","yoast_head_json":{"title":"Joost Kaesemans quitte Febiac et renforce l'\u00e9quipe Touring - link2fleet","description":"Inutile de dire qu&rsquo;aujourd&rsquo;hui nos modes de d\u00e9placement sont en pleine \u00e9volution. La crise du Covid et les d\u00e9fis \u00e9cologiques font \u00e9voluer notre mobilit\u00e9 \u00e0\u2026","robots":{"index":"index","follow":"follow","max-snippet":"max-snippet:-1","max-image-preview":"max-image-preview:large","max-video-preview":"max-video-preview:-1"},"og_locale":"fr_FR","og_type":"article","og_title":"Joost Kaesemans quitte Febiac et renforce l'\u00e9quipe Touring - link2fleet","og_description":"Inutile de dire qu&rsquo;aujourd&rsquo;hui nos modes de d\u00e9placement sont en pleine \u00e9volution. La crise du Covid et les d\u00e9fis \u00e9cologiques font \u00e9voluer notre mobilit\u00e9 \u00e0\u2026","og_url":"https:\/\/www.link2fleet.com\/fr\/joost-kaesemans-quitte-febiac-et-renforce-lequipe-touring\/","og_site_name":"link2fleet","article_published_time":"2021-08-27T05:45:39+00:00","og_image":[{"width":2436,"height":2124,"url":"https:\/\/static.link2fleet.com\/wp-content\/uploads\/2024\/03\/fotojoost-kleiner.jpg","type":"image\/jpeg"}],"author":"Damien Malvetti","twitter_card":"summary_large_image","twitter_description":"Inutile de dire qu&rsquo;aujourd&rsquo;hui nos modes de d\u00e9placement sont en pleine \u00e9volution. La crise du Covid et les d\u00e9fis \u00e9cologiques font \u00e9voluer notre mobilit\u00e9 \u00e0\u2026","twitter_misc":{"\u00c9crit par":"Damien Malvetti","Dur\u00e9e de lecture estim\u00e9e":"2 minutes"},"schema":{"@context":"https:\/\/schema.org","@graph":[{"@type":"Article","@id":"https:\/\/www.link2fleet.com\/fr\/joost-kaesemans-quitte-febiac-et-renforce-lequipe-touring\/#article","isPartOf":{"@id":"https:\/\/www.link2fleet.com\/fr\/joost-kaesemans-quitte-febiac-et-renforce-lequipe-touring\/"},"author":{"name":"Damien Malvetti","@id":"https:\/\/www.link2fleet.com\/fr\/#\/schema\/person\/027cd46113c78036b3809c9a054049da"},"headline":"Joost Kaesemans quitte Febiac et renforce l&rsquo;\u00e9quipe Touring","datePublished":"2021-08-27T05:45:39+00:00","mainEntityOfPage":{"@id":"https:\/\/www.link2fleet.com\/fr\/joost-kaesemans-quitte-febiac-et-renforce-lequipe-touring\/"},"wordCount":366,"publisher":{"@id":"https:\/\/www.link2fleet.com\/fr\/#organization"},"image":{"@id":"https:\/\/www.link2fleet.com\/fr\/joost-kaesemans-quitte-febiac-et-renforce-lequipe-touring\/#primaryimage"},"thumbnailUrl":"https:\/\/static.link2fleet.com\/wp-content\/uploads\/2024\/03\/fotojoost-kleiner.jpg","articleSection":["Assurances et assistance","Gestion de flotte"],"inLanguage":"fr-FR"},{"@type":"WebPage","@id":"https:\/\/www.link2fleet.com\/fr\/joost-kaesemans-quitte-febiac-et-renforce-lequipe-touring\/","url":"https:\/\/www.link2fleet.com\/fr\/joost-kaesemans-quitte-febiac-et-renforce-lequipe-touring\/","name":"Joost Kaesemans quitte Febiac et renforce l'\u00e9quipe Touring - link2fleet","isPartOf":{"@id":"https:\/\/www.link2fleet.com\/fr\/#website"},"primaryImageOfPage":{"@id":"https:\/\/www.link2fleet.com\/fr\/joost-kaesemans-quitte-febiac-et-renforce-lequipe-touring\/#primaryimage"},"image":{"@id":"https:\/\/www.link2fleet.com\/fr\/joost-kaesemans-quitte-febiac-et-renforce-lequipe-touring\/#primaryimage"},"thumbnailUrl":"https:\/\/static.link2fleet.com\/wp-content\/uploads\/2024\/03\/fotojoost-kleiner.jpg","datePublished":"2021-08-27T05:45:39+00:00","breadcrumb":{"@id":"https:\/\/www.link2fleet.com\/fr\/joost-kaesemans-quitte-febiac-et-renforce-lequipe-touring\/#breadcrumb"},"inLanguage":"fr-FR","potentialAction":[{"@type":"ReadAction","target":["https:\/\/www.link2fleet.com\/fr\/joost-kaesemans-quitte-febiac-et-renforce-lequipe-touring\/"]}]},{"@type":"ImageObject","inLanguage":"fr-FR","@id":"https:\/\/www.link2fleet.com\/fr\/joost-kaesemans-quitte-febiac-et-renforce-lequipe-touring\/#primaryimage","url":"https:\/\/static.link2fleet.com\/wp-content\/uploads\/2024\/03\/fotojoost-kleiner.jpg","contentUrl":"https:\/\/static.link2fleet.com\/wp-content\/uploads\/2024\/03\/fotojoost-kleiner.jpg","width":2436,"height":2124},{"@type":"BreadcrumbList","@id":"https:\/\/www.link2fleet.com\/fr\/joost-kaesemans-quitte-febiac-et-renforce-lequipe-touring\/#breadcrumb","itemListElement":[{"@type":"ListItem","position":1,"name":"Home","item":"https:\/\/www.link2fleet.com\/fr\/"},{"@type":"ListItem","position":2,"name":"Joost Kaesemans quitte Febiac et renforce l&#8217;\u00e9quipe Touring"}]},{"@type":"WebSite","@id":"https:\/\/www.link2fleet.com\/fr\/#website","url":"https:\/\/www.link2fleet.com\/fr\/","name":"Link2fleet","description":"","publisher":{"@id":"https:\/\/www.link2fleet.com\/fr\/#organization"},"potentialAction":[{"@type":"SearchAction","target":{"@type":"EntryPoint","urlTemplate":"https:\/\/www.link2fleet.com\/fr\/?s={search_term_string}"},"query-input":{"@type":"PropertyValueSpecification","valueRequired":true,"valueName":"search_term_string"}}],"inLanguage":"fr-FR"},{"@type":"Organization","@id":"https:\/\/www.link2fleet.com\/fr\/#organization","name":"Link2fleet","url":"https:\/\/www.link2fleet.com\/fr\/","logo":{"@type":"ImageObject","inLanguage":"fr-FR","@id":"https:\/\/www.link2fleet.com\/fr\/#\/schema\/logo\/image\/","url":"https:\/\/static.link2fleet.com\/wp-content\/uploads\/2024\/03\/share-image.jpg","contentUrl":"https:\/\/static.link2fleet.com\/wp-content\/uploads\/2024\/03\/share-image.jpg","width":1200,"height":630,"caption":"Link2fleet"},"image":{"@id":"https:\/\/www.link2fleet.com\/fr\/#\/schema\/logo\/image\/"},"sameAs":["https:\/\/www.linkedin.com\/company\/link2fleet-belgium","https:\/\/www.youtube.com\/user\/MMMBMBE"]},{"@type":"Person","@id":"https:\/\/www.link2fleet.com\/fr\/#\/schema\/person\/027cd46113c78036b3809c9a054049da","name":"Damien Malvetti","image":{"@type":"ImageObject","inLanguage":"fr-FR","@id":"https:\/\/secure.gravatar.com\/avatar\/dd8cc03b49466c735f753ac37f8caa371af16dfed347456ed61f02883255eebb?s=96&d=mm&r=g","url":"https:\/\/secure.gravatar.com\/avatar\/dd8cc03b49466c735f753ac37f8caa371af16dfed347456ed61f02883255eebb?s=96&d=mm&r=g","contentUrl":"https:\/\/secure.gravatar.com\/avatar\/dd8cc03b49466c735f753ac37f8caa371af16dfed347456ed61f02883255eebb?s=96&d=mm&r=g","caption":"Damien Malvetti"},"description":"Damien Malvetti is opgeleid als journalist en gepassioneerd door wagens, technologie en mobiliteit. Hij is verantwoordelijk voor de redactionele inhoud van link2fleet en beschikt over een uitgebreide kennis van de fleet-sector en elektrische mobiliteit.","sameAs":["https:\/\/www.linkedin.com\/in\/damien-malvetti-56601142\/"]}]}},"_links":{"self":[{"href":"https:\/\/www.link2fleet.com\/fr\/wp-json\/wp\/v2\/posts\/4775","targetHints":{"allow":["GET"]}}],"collection":[{"href":"https:\/\/www.link2fleet.com\/fr\/wp-json\/wp\/v2\/posts"}],"about":[{"href":"https:\/\/www.link2fleet.com\/fr\/wp-json\/wp\/v2\/types\/post"}],"author":[{"embeddable":true,"href":"https:\/\/www.link2fleet.com\/fr\/wp-json\/wp\/v2\/users\/4"}],"replies":[{"embeddable":true,"href":"https:\/\/www.link2fleet.com\/fr\/wp-json\/wp\/v2\/comments?post=4775"}],"version-history":[{"count":0,"href":"https:\/\/www.link2fleet.com\/fr\/wp-json\/wp\/v2\/posts\/4775\/revisions"}],"wp:featuredmedia":[{"embeddable":true,"href":"https:\/\/www.link2fleet.com\/fr\/wp-json\/wp\/v2\/media\/4776"}],"wp:attachment":[{"href":"https:\/\/www.link2fleet.com\/fr\/wp-json\/wp\/v2\/media?parent=4775"}],"wp:term":[{"taxonomy":"category","embeddable":true,"href":"https:\/\/www.link2fleet.com\/fr\/wp-json\/wp\/v2\/categories?post=4775"},{"taxonomy":"post_tag","embeddable":true,"href":"https:\/\/www.link2fleet.com\/fr\/wp-json\/wp\/v2\/tags?post=4775"}],"curies":[{"name":"wp","href":"https:\/\/api.w.org\/{rel}","templated":true}]}}