{"id":4778,"date":"2021-09-07T03:24:26","date_gmt":"2021-09-07T01:24:26","guid":{"rendered":"https:\/\/www.link2fleet.com\/reforme-de-la-taxe-de-roulage-wallonne-annoncee-pour-2023\/"},"modified":"2021-09-07T03:24:26","modified_gmt":"2021-09-07T01:24:26","slug":"reforme-de-la-taxe-de-roulage-wallonne-annoncee-pour-2023","status":"publish","type":"post","link":"https:\/\/www.link2fleet.com\/fr\/reforme-de-la-taxe-de-roulage-wallonne-annoncee-pour-2023\/","title":{"rendered":"R\u00e9forme de la taxe de roulage wallonne annonc\u00e9e pour 2023"},"content":{"rendered":"<p><strong>R\u00e9forme \u00e9cologique longuement attendue<\/strong><\/p>\n<p>Contrairement \u00e0 la Flandre, la taxe routi\u00e8re wallonne est encore calcul\u00e9e sur la base du CV fiscal qui est uniquement bas\u00e9 sur la cylindr\u00e9e. La Flandre a d\u00e9j\u00e0 adapt\u00e9 sa taxe routi\u00e8re en 2012, qui tient d\u00e9sormais compte des \u00e9missions de CO2 du v\u00e9hicule et du type de moteur gr\u00e2ce \u00e0 un syst\u00e8me de double bonus\/malus. Le ministre Philippe Henry vient d&rsquo;annoncer, dans une r\u00e9ponse \u00e0 la question de la d\u00e9put\u00e9e Julie Matagne, qu&rsquo;une \u00e9valuation d&rsquo;une nouvelle m\u00e9thode de calcul de la taxe routi\u00e8re wallonne sera lanc\u00e9e cet automne.<\/p>\n<p>Celle-ci devrait entrer en vigueur \u00e0 partir de 2023. La nouvelle formule tiendra compte du type de moteur, de la puissance et des \u00e9missions de CO2 ainsi que du poids du v\u00e9hicule.<\/p>\n<p>&nbsp;<\/p>\n<p><strong>Taxation r\u00e9duite pour les propulsions alternatives<\/strong><\/p>\n<p>Les nouvelles formules pr\u00e9voient une taxation plus faible pour les v\u00e9hicules fonctionnant au GNC, \u00e0 l&rsquo;hydrog\u00e8ne et pour les v\u00e9hicules 100 % \u00e9lectriques. Les v\u00e9hicules hybrides rechargeables seraient \u00e9galement tax\u00e9s plus favorablement. L&rsquo;impact budg\u00e9taire sera calcul\u00e9 dans le courant de l&rsquo;automne 2021. Les conducteurs de diesel et d&rsquo;essence classiques devront donc payer plus cher \u00e0 l&rsquo;avenir. Une proposition finalis\u00e9e est attendue pour la fin de cette ann\u00e9e.<\/p>\n<p>&nbsp;<\/p>\n<p><strong>Pas de changement pour les v\u00e9hicules en leasing<\/strong><\/p>\n<p>Rien ne change pour les v\u00e9hicules immatricul\u00e9s au nom d&rsquo;une soci\u00e9t\u00e9 de leasing. Ils sont soumis aux formules en vigueur dans la r\u00e9gion de Bruxelles. Aucun changement n&rsquo;est pr\u00e9vu pour l&rsquo;instant. Les v\u00e9hicules de soci\u00e9t\u00e9 continueront donc \u00e0 \u00eatre soumis \u00e0 une taxe routi\u00e8re bas\u00e9e uniquement sur la capacit\u00e9 du moteur du v\u00e9hicule, appel\u00e9e cheval-vapeur fiscal. Une r\u00e9forme est sur la table depuis plusieurs ann\u00e9es. Le probl\u00e8me est que les trois r\u00e9gions doivent trouver un accord mutuel pour adapter la taxation des voitures de soci\u00e9t\u00e9. Ce qui est politiquement difficile et prend du temps.<\/p>\n<p style=\"text-align: right;\"><strong>Michel Willems<\/strong><\/p>\n<p style=\"text-align: right;\"><strong>MOBILITAS<\/strong><\/p>\n","protected":false},"excerpt":{"rendered":"<p>R\u00e9forme \u00e9cologique longuement attendue Contrairement \u00e0 la Flandre, la taxe routi\u00e8re wallonne est encore calcul\u00e9e sur la base du CV fiscal qui est uniquement bas\u00e9 sur la cylindr\u00e9e. La Flandre a d\u00e9j\u00e0 adapt\u00e9 sa taxe routi\u00e8re en 2012, qui tient d\u00e9sormais compte des \u00e9missions de CO2 du v\u00e9hicule et du type de moteur gr\u00e2ce \u00e0 [&hellip;]<\/p>\n","protected":false},"author":11,"featured_media":4779,"comment_status":"closed","ping_status":"closed","sticky":false,"template":"","format":"standard","meta":{"_acf_changed":false,"footnotes":""},"categories":[91,101],"tags":[],"class_list":["post-4778","post","type-post","status-publish","format-standard","has-post-thumbnail","hentry","category-expertise-et-management","category-tax-legal"],"acf":[],"yoast_head":"<!-- This site is optimized with the Yoast SEO plugin v27.3 - https:\/\/yoast.com\/product\/yoast-seo-wordpress\/ -->\n<title>R\u00e9forme de la taxe de roulage wallonne annonc\u00e9e pour 2023 - link2fleet<\/title>\n<meta name=\"description\" content=\"Le ministre wallon de la mobilit\u00e9 et du climat, Philippe Henry (ECOLO) a annonc\u00e9 le 26 ao\u00fbt dernier une r\u00e9forme \u00e0 venir de la taxe\u2026\" \/>\n<meta name=\"robots\" content=\"index, follow, max-snippet:-1, max-image-preview:large, max-video-preview:-1\" \/>\n<meta property=\"og:locale\" content=\"fr_FR\" \/>\n<meta property=\"og:type\" content=\"article\" \/>\n<meta property=\"og:title\" content=\"R\u00e9forme de la taxe de roulage wallonne annonc\u00e9e pour 2023 - link2fleet\" \/>\n<meta property=\"og:description\" content=\"Le ministre wallon de la mobilit\u00e9 et du climat, Philippe Henry (ECOLO) a annonc\u00e9 le 26 ao\u00fbt dernier une r\u00e9forme \u00e0 venir de la taxe\u2026\" \/>\n<meta property=\"og:url\" content=\"https:\/\/www.link2fleet.com\/fr\/reforme-de-la-taxe-de-roulage-wallonne-annoncee-pour-2023\/\" \/>\n<meta property=\"og:site_name\" content=\"link2fleet\" \/>\n<meta property=\"article:published_time\" content=\"2021-09-07T01:24:26+00:00\" \/>\n<meta property=\"og:image\" content=\"https:\/\/static.link2fleet.com\/wp-content\/uploads\/2024\/03\/fiscalite-assurance-vie-2.jpg\" \/>\n\t<meta property=\"og:image:width\" content=\"1520\" \/>\n\t<meta property=\"og:image:height\" content=\"855\" \/>\n\t<meta property=\"og:image:type\" content=\"image\/jpeg\" \/>\n<meta name=\"author\" content=\"Michel Willems - Mobilitas\" \/>\n<meta name=\"twitter:card\" content=\"summary_large_image\" \/>\n<meta name=\"twitter:description\" content=\"Le ministre wallon de la mobilit\u00e9 et du climat, Philippe Henry (ECOLO) a annonc\u00e9 le 26 ao\u00fbt dernier une r\u00e9forme \u00e0 venir de la taxe\u2026\" \/>\n<meta name=\"twitter:label1\" content=\"\u00c9crit par\" \/>\n\t<meta name=\"twitter:data1\" content=\"Michel Willems - Mobilitas\" \/>\n\t<meta name=\"twitter:label2\" content=\"Dur\u00e9e de lecture estim\u00e9e\" \/>\n\t<meta name=\"twitter:data2\" content=\"2 minutes\" \/>\n<script type=\"application\/ld+json\" class=\"yoast-schema-graph\">{\"@context\":\"https:\\\/\\\/schema.org\",\"@graph\":[{\"@type\":\"Article\",\"@id\":\"https:\\\/\\\/www.link2fleet.com\\\/fr\\\/reforme-de-la-taxe-de-roulage-wallonne-annoncee-pour-2023\\\/#article\",\"isPartOf\":{\"@id\":\"https:\\\/\\\/www.link2fleet.com\\\/fr\\\/reforme-de-la-taxe-de-roulage-wallonne-annoncee-pour-2023\\\/\"},\"author\":{\"name\":\"Michel Willems - Mobilitas\",\"@id\":\"https:\\\/\\\/www.link2fleet.com\\\/fr\\\/#\\\/schema\\\/person\\\/bd29f6a2c2427e85a70d3acf17303486\"},\"headline\":\"R\u00e9forme de la taxe de roulage wallonne annonc\u00e9e pour 2023\",\"datePublished\":\"2021-09-07T01:24:26+00:00\",\"mainEntityOfPage\":{\"@id\":\"https:\\\/\\\/www.link2fleet.com\\\/fr\\\/reforme-de-la-taxe-de-roulage-wallonne-annoncee-pour-2023\\\/\"},\"wordCount\":359,\"publisher\":{\"@id\":\"https:\\\/\\\/www.link2fleet.com\\\/fr\\\/#organization\"},\"image\":{\"@id\":\"https:\\\/\\\/www.link2fleet.com\\\/fr\\\/reforme-de-la-taxe-de-roulage-wallonne-annoncee-pour-2023\\\/#primaryimage\"},\"thumbnailUrl\":\"https:\\\/\\\/static.link2fleet.com\\\/wp-content\\\/uploads\\\/2024\\\/03\\\/fiscalite-assurance-vie-2.jpg\",\"articleSection\":[\"Gestion de flotte\",\"Tax &amp; legal\"],\"inLanguage\":\"fr-FR\"},{\"@type\":\"WebPage\",\"@id\":\"https:\\\/\\\/www.link2fleet.com\\\/fr\\\/reforme-de-la-taxe-de-roulage-wallonne-annoncee-pour-2023\\\/\",\"url\":\"https:\\\/\\\/www.link2fleet.com\\\/fr\\\/reforme-de-la-taxe-de-roulage-wallonne-annoncee-pour-2023\\\/\",\"name\":\"R\u00e9forme de la taxe de roulage wallonne annonc\u00e9e pour 2023 - link2fleet\",\"isPartOf\":{\"@id\":\"https:\\\/\\\/www.link2fleet.com\\\/fr\\\/#website\"},\"primaryImageOfPage\":{\"@id\":\"https:\\\/\\\/www.link2fleet.com\\\/fr\\\/reforme-de-la-taxe-de-roulage-wallonne-annoncee-pour-2023\\\/#primaryimage\"},\"image\":{\"@id\":\"https:\\\/\\\/www.link2fleet.com\\\/fr\\\/reforme-de-la-taxe-de-roulage-wallonne-annoncee-pour-2023\\\/#primaryimage\"},\"thumbnailUrl\":\"https:\\\/\\\/static.link2fleet.com\\\/wp-content\\\/uploads\\\/2024\\\/03\\\/fiscalite-assurance-vie-2.jpg\",\"datePublished\":\"2021-09-07T01:24:26+00:00\",\"breadcrumb\":{\"@id\":\"https:\\\/\\\/www.link2fleet.com\\\/fr\\\/reforme-de-la-taxe-de-roulage-wallonne-annoncee-pour-2023\\\/#breadcrumb\"},\"inLanguage\":\"fr-FR\",\"potentialAction\":[{\"@type\":\"ReadAction\",\"target\":[\"https:\\\/\\\/www.link2fleet.com\\\/fr\\\/reforme-de-la-taxe-de-roulage-wallonne-annoncee-pour-2023\\\/\"]}]},{\"@type\":\"ImageObject\",\"inLanguage\":\"fr-FR\",\"@id\":\"https:\\\/\\\/www.link2fleet.com\\\/fr\\\/reforme-de-la-taxe-de-roulage-wallonne-annoncee-pour-2023\\\/#primaryimage\",\"url\":\"https:\\\/\\\/static.link2fleet.com\\\/wp-content\\\/uploads\\\/2024\\\/03\\\/fiscalite-assurance-vie-2.jpg\",\"contentUrl\":\"https:\\\/\\\/static.link2fleet.com\\\/wp-content\\\/uploads\\\/2024\\\/03\\\/fiscalite-assurance-vie-2.jpg\",\"width\":1520,\"height\":855},{\"@type\":\"BreadcrumbList\",\"@id\":\"https:\\\/\\\/www.link2fleet.com\\\/fr\\\/reforme-de-la-taxe-de-roulage-wallonne-annoncee-pour-2023\\\/#breadcrumb\",\"itemListElement\":[{\"@type\":\"ListItem\",\"position\":1,\"name\":\"Home\",\"item\":\"https:\\\/\\\/www.link2fleet.com\\\/fr\\\/\"},{\"@type\":\"ListItem\",\"position\":2,\"name\":\"R\u00e9forme de la taxe de roulage wallonne annonc\u00e9e pour 2023\"}]},{\"@type\":\"WebSite\",\"@id\":\"https:\\\/\\\/www.link2fleet.com\\\/fr\\\/#website\",\"url\":\"https:\\\/\\\/www.link2fleet.com\\\/fr\\\/\",\"name\":\"Link2fleet\",\"description\":\"\",\"publisher\":{\"@id\":\"https:\\\/\\\/www.link2fleet.com\\\/fr\\\/#organization\"},\"potentialAction\":[{\"@type\":\"SearchAction\",\"target\":{\"@type\":\"EntryPoint\",\"urlTemplate\":\"https:\\\/\\\/www.link2fleet.com\\\/fr\\\/?s={search_term_string}\"},\"query-input\":{\"@type\":\"PropertyValueSpecification\",\"valueRequired\":true,\"valueName\":\"search_term_string\"}}],\"inLanguage\":\"fr-FR\"},{\"@type\":\"Organization\",\"@id\":\"https:\\\/\\\/www.link2fleet.com\\\/fr\\\/#organization\",\"name\":\"Link2fleet\",\"url\":\"https:\\\/\\\/www.link2fleet.com\\\/fr\\\/\",\"logo\":{\"@type\":\"ImageObject\",\"inLanguage\":\"fr-FR\",\"@id\":\"https:\\\/\\\/www.link2fleet.com\\\/fr\\\/#\\\/schema\\\/logo\\\/image\\\/\",\"url\":\"https:\\\/\\\/static.link2fleet.com\\\/wp-content\\\/uploads\\\/2024\\\/03\\\/share-image.jpg\",\"contentUrl\":\"https:\\\/\\\/static.link2fleet.com\\\/wp-content\\\/uploads\\\/2024\\\/03\\\/share-image.jpg\",\"width\":1200,\"height\":630,\"caption\":\"Link2fleet\"},\"image\":{\"@id\":\"https:\\\/\\\/www.link2fleet.com\\\/fr\\\/#\\\/schema\\\/logo\\\/image\\\/\"},\"sameAs\":[\"https:\\\/\\\/www.linkedin.com\\\/company\\\/link2fleet-belgium\",\"https:\\\/\\\/www.youtube.com\\\/user\\\/MMMBMBE\"]},{\"@type\":\"Person\",\"@id\":\"https:\\\/\\\/www.link2fleet.com\\\/fr\\\/#\\\/schema\\\/person\\\/bd29f6a2c2427e85a70d3acf17303486\",\"name\":\"Michel Willems - Mobilitas\",\"image\":{\"@type\":\"ImageObject\",\"inLanguage\":\"fr-FR\",\"@id\":\"https:\\\/\\\/secure.gravatar.com\\\/avatar\\\/c937de514893d5b69b3b52ee88664fd4879b786925b6742dc7891d347f167414?s=96&d=mm&r=g\",\"url\":\"https:\\\/\\\/secure.gravatar.com\\\/avatar\\\/c937de514893d5b69b3b52ee88664fd4879b786925b6742dc7891d347f167414?s=96&d=mm&r=g\",\"contentUrl\":\"https:\\\/\\\/secure.gravatar.com\\\/avatar\\\/c937de514893d5b69b3b52ee88664fd4879b786925b6742dc7891d347f167414?s=96&d=mm&r=g\",\"caption\":\"Michel Willems - Mobilitas\"}}]}<\/script>\n<!-- \/ Yoast SEO plugin. -->","yoast_head_json":{"title":"R\u00e9forme de la taxe de roulage wallonne annonc\u00e9e pour 2023 - link2fleet","description":"Le ministre wallon de la mobilit\u00e9 et du climat, Philippe Henry (ECOLO) a annonc\u00e9 le 26 ao\u00fbt dernier une r\u00e9forme \u00e0 venir de la taxe\u2026","robots":{"index":"index","follow":"follow","max-snippet":"max-snippet:-1","max-image-preview":"max-image-preview:large","max-video-preview":"max-video-preview:-1"},"og_locale":"fr_FR","og_type":"article","og_title":"R\u00e9forme de la taxe de roulage wallonne annonc\u00e9e pour 2023 - link2fleet","og_description":"Le ministre wallon de la mobilit\u00e9 et du climat, Philippe Henry (ECOLO) a annonc\u00e9 le 26 ao\u00fbt dernier une r\u00e9forme \u00e0 venir de la taxe\u2026","og_url":"https:\/\/www.link2fleet.com\/fr\/reforme-de-la-taxe-de-roulage-wallonne-annoncee-pour-2023\/","og_site_name":"link2fleet","article_published_time":"2021-09-07T01:24:26+00:00","og_image":[{"width":1520,"height":855,"url":"https:\/\/static.link2fleet.com\/wp-content\/uploads\/2024\/03\/fiscalite-assurance-vie-2.jpg","type":"image\/jpeg"}],"author":"Michel Willems - Mobilitas","twitter_card":"summary_large_image","twitter_description":"Le ministre wallon de la mobilit\u00e9 et du climat, Philippe Henry (ECOLO) a annonc\u00e9 le 26 ao\u00fbt dernier une r\u00e9forme \u00e0 venir de la taxe\u2026","twitter_misc":{"\u00c9crit par":"Michel Willems - Mobilitas","Dur\u00e9e de lecture estim\u00e9e":"2 minutes"},"schema":{"@context":"https:\/\/schema.org","@graph":[{"@type":"Article","@id":"https:\/\/www.link2fleet.com\/fr\/reforme-de-la-taxe-de-roulage-wallonne-annoncee-pour-2023\/#article","isPartOf":{"@id":"https:\/\/www.link2fleet.com\/fr\/reforme-de-la-taxe-de-roulage-wallonne-annoncee-pour-2023\/"},"author":{"name":"Michel Willems - Mobilitas","@id":"https:\/\/www.link2fleet.com\/fr\/#\/schema\/person\/bd29f6a2c2427e85a70d3acf17303486"},"headline":"R\u00e9forme de la taxe de roulage wallonne annonc\u00e9e pour 2023","datePublished":"2021-09-07T01:24:26+00:00","mainEntityOfPage":{"@id":"https:\/\/www.link2fleet.com\/fr\/reforme-de-la-taxe-de-roulage-wallonne-annoncee-pour-2023\/"},"wordCount":359,"publisher":{"@id":"https:\/\/www.link2fleet.com\/fr\/#organization"},"image":{"@id":"https:\/\/www.link2fleet.com\/fr\/reforme-de-la-taxe-de-roulage-wallonne-annoncee-pour-2023\/#primaryimage"},"thumbnailUrl":"https:\/\/static.link2fleet.com\/wp-content\/uploads\/2024\/03\/fiscalite-assurance-vie-2.jpg","articleSection":["Gestion de flotte","Tax &amp; legal"],"inLanguage":"fr-FR"},{"@type":"WebPage","@id":"https:\/\/www.link2fleet.com\/fr\/reforme-de-la-taxe-de-roulage-wallonne-annoncee-pour-2023\/","url":"https:\/\/www.link2fleet.com\/fr\/reforme-de-la-taxe-de-roulage-wallonne-annoncee-pour-2023\/","name":"R\u00e9forme de la taxe de roulage wallonne annonc\u00e9e pour 2023 - link2fleet","isPartOf":{"@id":"https:\/\/www.link2fleet.com\/fr\/#website"},"primaryImageOfPage":{"@id":"https:\/\/www.link2fleet.com\/fr\/reforme-de-la-taxe-de-roulage-wallonne-annoncee-pour-2023\/#primaryimage"},"image":{"@id":"https:\/\/www.link2fleet.com\/fr\/reforme-de-la-taxe-de-roulage-wallonne-annoncee-pour-2023\/#primaryimage"},"thumbnailUrl":"https:\/\/static.link2fleet.com\/wp-content\/uploads\/2024\/03\/fiscalite-assurance-vie-2.jpg","datePublished":"2021-09-07T01:24:26+00:00","breadcrumb":{"@id":"https:\/\/www.link2fleet.com\/fr\/reforme-de-la-taxe-de-roulage-wallonne-annoncee-pour-2023\/#breadcrumb"},"inLanguage":"fr-FR","potentialAction":[{"@type":"ReadAction","target":["https:\/\/www.link2fleet.com\/fr\/reforme-de-la-taxe-de-roulage-wallonne-annoncee-pour-2023\/"]}]},{"@type":"ImageObject","inLanguage":"fr-FR","@id":"https:\/\/www.link2fleet.com\/fr\/reforme-de-la-taxe-de-roulage-wallonne-annoncee-pour-2023\/#primaryimage","url":"https:\/\/static.link2fleet.com\/wp-content\/uploads\/2024\/03\/fiscalite-assurance-vie-2.jpg","contentUrl":"https:\/\/static.link2fleet.com\/wp-content\/uploads\/2024\/03\/fiscalite-assurance-vie-2.jpg","width":1520,"height":855},{"@type":"BreadcrumbList","@id":"https:\/\/www.link2fleet.com\/fr\/reforme-de-la-taxe-de-roulage-wallonne-annoncee-pour-2023\/#breadcrumb","itemListElement":[{"@type":"ListItem","position":1,"name":"Home","item":"https:\/\/www.link2fleet.com\/fr\/"},{"@type":"ListItem","position":2,"name":"R\u00e9forme de la taxe de roulage wallonne annonc\u00e9e pour 2023"}]},{"@type":"WebSite","@id":"https:\/\/www.link2fleet.com\/fr\/#website","url":"https:\/\/www.link2fleet.com\/fr\/","name":"Link2fleet","description":"","publisher":{"@id":"https:\/\/www.link2fleet.com\/fr\/#organization"},"potentialAction":[{"@type":"SearchAction","target":{"@type":"EntryPoint","urlTemplate":"https:\/\/www.link2fleet.com\/fr\/?s={search_term_string}"},"query-input":{"@type":"PropertyValueSpecification","valueRequired":true,"valueName":"search_term_string"}}],"inLanguage":"fr-FR"},{"@type":"Organization","@id":"https:\/\/www.link2fleet.com\/fr\/#organization","name":"Link2fleet","url":"https:\/\/www.link2fleet.com\/fr\/","logo":{"@type":"ImageObject","inLanguage":"fr-FR","@id":"https:\/\/www.link2fleet.com\/fr\/#\/schema\/logo\/image\/","url":"https:\/\/static.link2fleet.com\/wp-content\/uploads\/2024\/03\/share-image.jpg","contentUrl":"https:\/\/static.link2fleet.com\/wp-content\/uploads\/2024\/03\/share-image.jpg","width":1200,"height":630,"caption":"Link2fleet"},"image":{"@id":"https:\/\/www.link2fleet.com\/fr\/#\/schema\/logo\/image\/"},"sameAs":["https:\/\/www.linkedin.com\/company\/link2fleet-belgium","https:\/\/www.youtube.com\/user\/MMMBMBE"]},{"@type":"Person","@id":"https:\/\/www.link2fleet.com\/fr\/#\/schema\/person\/bd29f6a2c2427e85a70d3acf17303486","name":"Michel Willems - Mobilitas","image":{"@type":"ImageObject","inLanguage":"fr-FR","@id":"https:\/\/secure.gravatar.com\/avatar\/c937de514893d5b69b3b52ee88664fd4879b786925b6742dc7891d347f167414?s=96&d=mm&r=g","url":"https:\/\/secure.gravatar.com\/avatar\/c937de514893d5b69b3b52ee88664fd4879b786925b6742dc7891d347f167414?s=96&d=mm&r=g","contentUrl":"https:\/\/secure.gravatar.com\/avatar\/c937de514893d5b69b3b52ee88664fd4879b786925b6742dc7891d347f167414?s=96&d=mm&r=g","caption":"Michel Willems - Mobilitas"}}]}},"_links":{"self":[{"href":"https:\/\/www.link2fleet.com\/fr\/wp-json\/wp\/v2\/posts\/4778","targetHints":{"allow":["GET"]}}],"collection":[{"href":"https:\/\/www.link2fleet.com\/fr\/wp-json\/wp\/v2\/posts"}],"about":[{"href":"https:\/\/www.link2fleet.com\/fr\/wp-json\/wp\/v2\/types\/post"}],"author":[{"embeddable":true,"href":"https:\/\/www.link2fleet.com\/fr\/wp-json\/wp\/v2\/users\/11"}],"replies":[{"embeddable":true,"href":"https:\/\/www.link2fleet.com\/fr\/wp-json\/wp\/v2\/comments?post=4778"}],"version-history":[{"count":0,"href":"https:\/\/www.link2fleet.com\/fr\/wp-json\/wp\/v2\/posts\/4778\/revisions"}],"wp:featuredmedia":[{"embeddable":true,"href":"https:\/\/www.link2fleet.com\/fr\/wp-json\/wp\/v2\/media\/4779"}],"wp:attachment":[{"href":"https:\/\/www.link2fleet.com\/fr\/wp-json\/wp\/v2\/media?parent=4778"}],"wp:term":[{"taxonomy":"category","embeddable":true,"href":"https:\/\/www.link2fleet.com\/fr\/wp-json\/wp\/v2\/categories?post=4778"},{"taxonomy":"post_tag","embeddable":true,"href":"https:\/\/www.link2fleet.com\/fr\/wp-json\/wp\/v2\/tags?post=4778"}],"curies":[{"name":"wp","href":"https:\/\/api.w.org\/{rel}","templated":true}]}}