{"id":4790,"date":"2021-09-10T07:55:50","date_gmt":"2021-09-10T05:55:50","guid":{"rendered":"https:\/\/www.link2fleet.com\/ald-automotive-lance-des-options-de-leasing-pour-tesla-en-europe\/"},"modified":"2024-04-17T16:48:55","modified_gmt":"2024-04-17T14:48:55","slug":"ald-automotive-lance-des-options-de-leasing-pour-tesla-en-europe","status":"publish","type":"post","link":"https:\/\/www.link2fleet.com\/fr\/ald-automotive-lance-des-options-de-leasing-pour-tesla-en-europe\/","title":{"rendered":"ALD Automotive lance des options de leasing pour Tesla en Europe"},"content":{"rendered":"<p>ALD Automotive est le partenaire privil\u00e9gi\u00e9 de Tesla en mati\u00e8re de leasing op\u00e9rationnel en Europe. Les clients peuvent d\u00e9sormais b\u00e9n\u00e9ficier des formules de leasing compl\u00e8tes pour les v\u00e9hicules Model 3, Model Y, Model S et Model X propos\u00e9es par ALD Automotive. Tous les mod\u00e8les b\u00e9n\u00e9ficient d&rsquo;un changement de pneus, d&rsquo;une assistance routi\u00e8re, d&rsquo;une assurance et de l&rsquo;immatriculation du v\u00e9hicule, d&rsquo;un service d\u2019assistance mobile ainsi que de l&rsquo;entretien assur\u00e9 dans les sites de Tesla en Europe. Les v\u00e9hicules sont disponibles avec des dur\u00e9es et des kilom\u00e9trages flexibles et peuvent \u00eatre personnalis\u00e9s directement sur le site internet de Tesla. La location est g\u00e9r\u00e9e par ALD Automotive pendant toute la dur\u00e9e du contrat.<\/p>\n<p>\u00a0\u00bb <em>Nous sommes fiers de lancer cette nouvelle offre de leasing accessible et flexible pour la gamme de v\u00e9hicules \u00e9lectriques de Tesla aupr\u00e8s des clients dans toute l&rsquo;Europe et en Belgique<\/em>\u00ab\u00a0, confirme John Saffret, Deputy CEO chez ALD Automotive. \u00ab\u00a0<em>Cela contribue \u00e0 notre strat\u00e9gie de croissance durable en tant qu&rsquo;acteur cl\u00e9 de la transition \u00e9nerg\u00e9tique, tout en soutenant pleinement notre engagement \u00e0 fournir des solutions de mobilit\u00e9 innovantes<\/em>.\u00a0\u00bb<\/p>\n<p>\u00ab\u00a0<em>Nos partenaires sont des piliers importants de l&rsquo;\u00e9cosyst\u00e8me d&rsquo;ALD Automotive. Le d\u00e9veloppement et le renforcement de la relation avec Tesla font partie de l&rsquo;un des objectifs cl\u00e9s de notre strat\u00e9gie Move 2025. Nous sommes tr\u00e8s heureux de pouvoir aider Tesla \u00e0 offrir des services de leasing op\u00e9rationnel en Belgique et en Europe<\/em>\u00ab\u00a0, d\u00e9clare Benjamin Daels, directeur des ventes et du marketing chez ALD Automotive. \u00ab\u00a0<em>D&rsquo;autre part, gr\u00e2ce \u00e0 notre forte exp\u00e9rience et \u00e0 notre connaissance du march\u00e9, nous sommes fiers de soutenir Tesla en tant que partenaire fiable dans les ann\u00e9es \u00e0 venir.<\/em>\u00ab\u00a0<\/p>\n","protected":false},"excerpt":{"rendered":"<p>ALD Automotive est le partenaire privil\u00e9gi\u00e9 de Tesla en mati\u00e8re de leasing op\u00e9rationnel en Europe. Les clients peuvent d\u00e9sormais b\u00e9n\u00e9ficier des formules de leasing compl\u00e8tes pour les v\u00e9hicules Model 3, Model Y, Model S et Model X propos\u00e9es par ALD Automotive. Tous les mod\u00e8les b\u00e9n\u00e9ficient d&rsquo;un changement de pneus, d&rsquo;une assistance routi\u00e8re, d&rsquo;une assurance et [&hellip;]<\/p>\n","protected":false},"author":4,"featured_media":4791,"comment_status":"closed","ping_status":"closed","sticky":false,"template":"","format":"standard","meta":{"_acf_changed":false,"footnotes":""},"categories":[91,79],"tags":[],"class_list":["post-4790","post","type-post","status-publish","format-standard","has-post-thumbnail","hentry","category-expertise-et-management","category-societes-de-leasing"],"acf":[],"yoast_head":"<!-- This site is optimized with the Yoast SEO plugin v27.3 - https:\/\/yoast.com\/product\/yoast-seo-wordpress\/ -->\n<title>ALD Automotive lance des options de leasing pour Tesla en Europe - link2fleet<\/title>\n<meta name=\"description\" content=\"ALD Automotive, le leader europ\u00e9en du march\u00e9 de leasing, a lanc\u00e9 des services de leasing op\u00e9rationnel pour les entreprises et les PME pour les v\u00e9hicules\u2026\" \/>\n<meta name=\"robots\" content=\"index, follow, max-snippet:-1, max-image-preview:large, max-video-preview:-1\" \/>\n<meta property=\"og:locale\" content=\"fr_FR\" \/>\n<meta property=\"og:type\" content=\"article\" \/>\n<meta property=\"og:title\" content=\"ALD Automotive lance des options de leasing pour Tesla en Europe - link2fleet\" \/>\n<meta property=\"og:description\" content=\"ALD Automotive, le leader europ\u00e9en du march\u00e9 de leasing, a lanc\u00e9 des services de leasing op\u00e9rationnel pour les entreprises et les PME pour les v\u00e9hicules\u2026\" \/>\n<meta property=\"og:url\" content=\"https:\/\/www.link2fleet.com\/fr\/ald-automotive-lance-des-options-de-leasing-pour-tesla-en-europe\/\" \/>\n<meta property=\"og:site_name\" content=\"link2fleet\" \/>\n<meta property=\"article:published_time\" content=\"2021-09-10T05:55:50+00:00\" \/>\n<meta property=\"article:modified_time\" content=\"2024-04-17T14:48:55+00:00\" \/>\n<meta property=\"og:image\" content=\"https:\/\/static.link2fleet.com\/wp-content\/uploads\/2024\/03\/ald-automotive-social-network-post-ald-tesla.jpg\" \/>\n\t<meta property=\"og:image:width\" content=\"850\" \/>\n\t<meta property=\"og:image:height\" content=\"444\" \/>\n\t<meta property=\"og:image:type\" content=\"image\/jpeg\" \/>\n<meta name=\"author\" content=\"Damien Malvetti\" \/>\n<meta name=\"twitter:card\" content=\"summary_large_image\" \/>\n<meta name=\"twitter:description\" content=\"ALD Automotive, le leader europ\u00e9en du march\u00e9 de leasing, a lanc\u00e9 des services de leasing op\u00e9rationnel pour les entreprises et les PME pour les v\u00e9hicules\u2026\" \/>\n<meta name=\"twitter:label1\" content=\"\u00c9crit par\" \/>\n\t<meta name=\"twitter:data1\" content=\"Damien Malvetti\" \/>\n\t<meta name=\"twitter:label2\" content=\"Dur\u00e9e de lecture estim\u00e9e\" \/>\n\t<meta name=\"twitter:data2\" content=\"1 minute\" \/>\n<script type=\"application\/ld+json\" class=\"yoast-schema-graph\">{\"@context\":\"https:\\\/\\\/schema.org\",\"@graph\":[{\"@type\":\"Article\",\"@id\":\"https:\\\/\\\/www.link2fleet.com\\\/fr\\\/ald-automotive-lance-des-options-de-leasing-pour-tesla-en-europe\\\/#article\",\"isPartOf\":{\"@id\":\"https:\\\/\\\/www.link2fleet.com\\\/fr\\\/ald-automotive-lance-des-options-de-leasing-pour-tesla-en-europe\\\/\"},\"author\":{\"name\":\"Damien Malvetti\",\"@id\":\"https:\\\/\\\/www.link2fleet.com\\\/fr\\\/#\\\/schema\\\/person\\\/027cd46113c78036b3809c9a054049da\"},\"headline\":\"ALD Automotive lance des options de leasing pour Tesla en Europe\",\"datePublished\":\"2021-09-10T05:55:50+00:00\",\"dateModified\":\"2024-04-17T14:48:55+00:00\",\"mainEntityOfPage\":{\"@id\":\"https:\\\/\\\/www.link2fleet.com\\\/fr\\\/ald-automotive-lance-des-options-de-leasing-pour-tesla-en-europe\\\/\"},\"wordCount\":321,\"publisher\":{\"@id\":\"https:\\\/\\\/www.link2fleet.com\\\/fr\\\/#organization\"},\"image\":{\"@id\":\"https:\\\/\\\/www.link2fleet.com\\\/fr\\\/ald-automotive-lance-des-options-de-leasing-pour-tesla-en-europe\\\/#primaryimage\"},\"thumbnailUrl\":\"https:\\\/\\\/static.link2fleet.com\\\/wp-content\\\/uploads\\\/2024\\\/03\\\/ald-automotive-social-network-post-ald-tesla.jpg\",\"articleSection\":[\"Gestion de flotte\",\"Location long-terme\"],\"inLanguage\":\"fr-FR\"},{\"@type\":\"WebPage\",\"@id\":\"https:\\\/\\\/www.link2fleet.com\\\/fr\\\/ald-automotive-lance-des-options-de-leasing-pour-tesla-en-europe\\\/\",\"url\":\"https:\\\/\\\/www.link2fleet.com\\\/fr\\\/ald-automotive-lance-des-options-de-leasing-pour-tesla-en-europe\\\/\",\"name\":\"ALD Automotive lance des options de leasing pour Tesla en Europe - link2fleet\",\"isPartOf\":{\"@id\":\"https:\\\/\\\/www.link2fleet.com\\\/fr\\\/#website\"},\"primaryImageOfPage\":{\"@id\":\"https:\\\/\\\/www.link2fleet.com\\\/fr\\\/ald-automotive-lance-des-options-de-leasing-pour-tesla-en-europe\\\/#primaryimage\"},\"image\":{\"@id\":\"https:\\\/\\\/www.link2fleet.com\\\/fr\\\/ald-automotive-lance-des-options-de-leasing-pour-tesla-en-europe\\\/#primaryimage\"},\"thumbnailUrl\":\"https:\\\/\\\/static.link2fleet.com\\\/wp-content\\\/uploads\\\/2024\\\/03\\\/ald-automotive-social-network-post-ald-tesla.jpg\",\"datePublished\":\"2021-09-10T05:55:50+00:00\",\"dateModified\":\"2024-04-17T14:48:55+00:00\",\"breadcrumb\":{\"@id\":\"https:\\\/\\\/www.link2fleet.com\\\/fr\\\/ald-automotive-lance-des-options-de-leasing-pour-tesla-en-europe\\\/#breadcrumb\"},\"inLanguage\":\"fr-FR\",\"potentialAction\":[{\"@type\":\"ReadAction\",\"target\":[\"https:\\\/\\\/www.link2fleet.com\\\/fr\\\/ald-automotive-lance-des-options-de-leasing-pour-tesla-en-europe\\\/\"]}]},{\"@type\":\"ImageObject\",\"inLanguage\":\"fr-FR\",\"@id\":\"https:\\\/\\\/www.link2fleet.com\\\/fr\\\/ald-automotive-lance-des-options-de-leasing-pour-tesla-en-europe\\\/#primaryimage\",\"url\":\"https:\\\/\\\/static.link2fleet.com\\\/wp-content\\\/uploads\\\/2024\\\/03\\\/ald-automotive-social-network-post-ald-tesla.jpg\",\"contentUrl\":\"https:\\\/\\\/static.link2fleet.com\\\/wp-content\\\/uploads\\\/2024\\\/03\\\/ald-automotive-social-network-post-ald-tesla.jpg\",\"width\":850,\"height\":444},{\"@type\":\"BreadcrumbList\",\"@id\":\"https:\\\/\\\/www.link2fleet.com\\\/fr\\\/ald-automotive-lance-des-options-de-leasing-pour-tesla-en-europe\\\/#breadcrumb\",\"itemListElement\":[{\"@type\":\"ListItem\",\"position\":1,\"name\":\"Home\",\"item\":\"https:\\\/\\\/www.link2fleet.com\\\/fr\\\/\"},{\"@type\":\"ListItem\",\"position\":2,\"name\":\"ALD Automotive lance des options de leasing pour Tesla en Europe\"}]},{\"@type\":\"WebSite\",\"@id\":\"https:\\\/\\\/www.link2fleet.com\\\/fr\\\/#website\",\"url\":\"https:\\\/\\\/www.link2fleet.com\\\/fr\\\/\",\"name\":\"Link2fleet\",\"description\":\"\",\"publisher\":{\"@id\":\"https:\\\/\\\/www.link2fleet.com\\\/fr\\\/#organization\"},\"potentialAction\":[{\"@type\":\"SearchAction\",\"target\":{\"@type\":\"EntryPoint\",\"urlTemplate\":\"https:\\\/\\\/www.link2fleet.com\\\/fr\\\/?s={search_term_string}\"},\"query-input\":{\"@type\":\"PropertyValueSpecification\",\"valueRequired\":true,\"valueName\":\"search_term_string\"}}],\"inLanguage\":\"fr-FR\"},{\"@type\":\"Organization\",\"@id\":\"https:\\\/\\\/www.link2fleet.com\\\/fr\\\/#organization\",\"name\":\"Link2fleet\",\"url\":\"https:\\\/\\\/www.link2fleet.com\\\/fr\\\/\",\"logo\":{\"@type\":\"ImageObject\",\"inLanguage\":\"fr-FR\",\"@id\":\"https:\\\/\\\/www.link2fleet.com\\\/fr\\\/#\\\/schema\\\/logo\\\/image\\\/\",\"url\":\"https:\\\/\\\/static.link2fleet.com\\\/wp-content\\\/uploads\\\/2024\\\/03\\\/share-image.jpg\",\"contentUrl\":\"https:\\\/\\\/static.link2fleet.com\\\/wp-content\\\/uploads\\\/2024\\\/03\\\/share-image.jpg\",\"width\":1200,\"height\":630,\"caption\":\"Link2fleet\"},\"image\":{\"@id\":\"https:\\\/\\\/www.link2fleet.com\\\/fr\\\/#\\\/schema\\\/logo\\\/image\\\/\"},\"sameAs\":[\"https:\\\/\\\/www.linkedin.com\\\/company\\\/link2fleet-belgium\",\"https:\\\/\\\/www.youtube.com\\\/user\\\/MMMBMBE\"]},{\"@type\":\"Person\",\"@id\":\"https:\\\/\\\/www.link2fleet.com\\\/fr\\\/#\\\/schema\\\/person\\\/027cd46113c78036b3809c9a054049da\",\"name\":\"Damien Malvetti\",\"image\":{\"@type\":\"ImageObject\",\"inLanguage\":\"fr-FR\",\"@id\":\"https:\\\/\\\/secure.gravatar.com\\\/avatar\\\/dd8cc03b49466c735f753ac37f8caa371af16dfed347456ed61f02883255eebb?s=96&d=mm&r=g\",\"url\":\"https:\\\/\\\/secure.gravatar.com\\\/avatar\\\/dd8cc03b49466c735f753ac37f8caa371af16dfed347456ed61f02883255eebb?s=96&d=mm&r=g\",\"contentUrl\":\"https:\\\/\\\/secure.gravatar.com\\\/avatar\\\/dd8cc03b49466c735f753ac37f8caa371af16dfed347456ed61f02883255eebb?s=96&d=mm&r=g\",\"caption\":\"Damien Malvetti\"},\"description\":\"Damien Malvetti is opgeleid als journalist en gepassioneerd door wagens, technologie en mobiliteit. Hij is verantwoordelijk voor de redactionele inhoud van link2fleet en beschikt over een uitgebreide kennis van de fleet-sector en elektrische mobiliteit.\",\"sameAs\":[\"https:\\\/\\\/www.linkedin.com\\\/in\\\/damien-malvetti-56601142\\\/\"]}]}<\/script>\n<!-- \/ Yoast SEO plugin. -->","yoast_head_json":{"title":"ALD Automotive lance des options de leasing pour Tesla en Europe - link2fleet","description":"ALD Automotive, le leader europ\u00e9en du march\u00e9 de leasing, a lanc\u00e9 des services de leasing op\u00e9rationnel pour les entreprises et les PME pour les v\u00e9hicules\u2026","robots":{"index":"index","follow":"follow","max-snippet":"max-snippet:-1","max-image-preview":"max-image-preview:large","max-video-preview":"max-video-preview:-1"},"og_locale":"fr_FR","og_type":"article","og_title":"ALD Automotive lance des options de leasing pour Tesla en Europe - link2fleet","og_description":"ALD Automotive, le leader europ\u00e9en du march\u00e9 de leasing, a lanc\u00e9 des services de leasing op\u00e9rationnel pour les entreprises et les PME pour les v\u00e9hicules\u2026","og_url":"https:\/\/www.link2fleet.com\/fr\/ald-automotive-lance-des-options-de-leasing-pour-tesla-en-europe\/","og_site_name":"link2fleet","article_published_time":"2021-09-10T05:55:50+00:00","article_modified_time":"2024-04-17T14:48:55+00:00","og_image":[{"width":850,"height":444,"url":"https:\/\/static.link2fleet.com\/wp-content\/uploads\/2024\/03\/ald-automotive-social-network-post-ald-tesla.jpg","type":"image\/jpeg"}],"author":"Damien Malvetti","twitter_card":"summary_large_image","twitter_description":"ALD Automotive, le leader europ\u00e9en du march\u00e9 de leasing, a lanc\u00e9 des services de leasing op\u00e9rationnel pour les entreprises et les PME pour les v\u00e9hicules\u2026","twitter_misc":{"\u00c9crit par":"Damien Malvetti","Dur\u00e9e de lecture estim\u00e9e":"1 minute"},"schema":{"@context":"https:\/\/schema.org","@graph":[{"@type":"Article","@id":"https:\/\/www.link2fleet.com\/fr\/ald-automotive-lance-des-options-de-leasing-pour-tesla-en-europe\/#article","isPartOf":{"@id":"https:\/\/www.link2fleet.com\/fr\/ald-automotive-lance-des-options-de-leasing-pour-tesla-en-europe\/"},"author":{"name":"Damien Malvetti","@id":"https:\/\/www.link2fleet.com\/fr\/#\/schema\/person\/027cd46113c78036b3809c9a054049da"},"headline":"ALD Automotive lance des options de leasing pour Tesla en Europe","datePublished":"2021-09-10T05:55:50+00:00","dateModified":"2024-04-17T14:48:55+00:00","mainEntityOfPage":{"@id":"https:\/\/www.link2fleet.com\/fr\/ald-automotive-lance-des-options-de-leasing-pour-tesla-en-europe\/"},"wordCount":321,"publisher":{"@id":"https:\/\/www.link2fleet.com\/fr\/#organization"},"image":{"@id":"https:\/\/www.link2fleet.com\/fr\/ald-automotive-lance-des-options-de-leasing-pour-tesla-en-europe\/#primaryimage"},"thumbnailUrl":"https:\/\/static.link2fleet.com\/wp-content\/uploads\/2024\/03\/ald-automotive-social-network-post-ald-tesla.jpg","articleSection":["Gestion de flotte","Location long-terme"],"inLanguage":"fr-FR"},{"@type":"WebPage","@id":"https:\/\/www.link2fleet.com\/fr\/ald-automotive-lance-des-options-de-leasing-pour-tesla-en-europe\/","url":"https:\/\/www.link2fleet.com\/fr\/ald-automotive-lance-des-options-de-leasing-pour-tesla-en-europe\/","name":"ALD Automotive lance des options de leasing pour Tesla en Europe - link2fleet","isPartOf":{"@id":"https:\/\/www.link2fleet.com\/fr\/#website"},"primaryImageOfPage":{"@id":"https:\/\/www.link2fleet.com\/fr\/ald-automotive-lance-des-options-de-leasing-pour-tesla-en-europe\/#primaryimage"},"image":{"@id":"https:\/\/www.link2fleet.com\/fr\/ald-automotive-lance-des-options-de-leasing-pour-tesla-en-europe\/#primaryimage"},"thumbnailUrl":"https:\/\/static.link2fleet.com\/wp-content\/uploads\/2024\/03\/ald-automotive-social-network-post-ald-tesla.jpg","datePublished":"2021-09-10T05:55:50+00:00","dateModified":"2024-04-17T14:48:55+00:00","breadcrumb":{"@id":"https:\/\/www.link2fleet.com\/fr\/ald-automotive-lance-des-options-de-leasing-pour-tesla-en-europe\/#breadcrumb"},"inLanguage":"fr-FR","potentialAction":[{"@type":"ReadAction","target":["https:\/\/www.link2fleet.com\/fr\/ald-automotive-lance-des-options-de-leasing-pour-tesla-en-europe\/"]}]},{"@type":"ImageObject","inLanguage":"fr-FR","@id":"https:\/\/www.link2fleet.com\/fr\/ald-automotive-lance-des-options-de-leasing-pour-tesla-en-europe\/#primaryimage","url":"https:\/\/static.link2fleet.com\/wp-content\/uploads\/2024\/03\/ald-automotive-social-network-post-ald-tesla.jpg","contentUrl":"https:\/\/static.link2fleet.com\/wp-content\/uploads\/2024\/03\/ald-automotive-social-network-post-ald-tesla.jpg","width":850,"height":444},{"@type":"BreadcrumbList","@id":"https:\/\/www.link2fleet.com\/fr\/ald-automotive-lance-des-options-de-leasing-pour-tesla-en-europe\/#breadcrumb","itemListElement":[{"@type":"ListItem","position":1,"name":"Home","item":"https:\/\/www.link2fleet.com\/fr\/"},{"@type":"ListItem","position":2,"name":"ALD Automotive lance des options de leasing pour Tesla en Europe"}]},{"@type":"WebSite","@id":"https:\/\/www.link2fleet.com\/fr\/#website","url":"https:\/\/www.link2fleet.com\/fr\/","name":"Link2fleet","description":"","publisher":{"@id":"https:\/\/www.link2fleet.com\/fr\/#organization"},"potentialAction":[{"@type":"SearchAction","target":{"@type":"EntryPoint","urlTemplate":"https:\/\/www.link2fleet.com\/fr\/?s={search_term_string}"},"query-input":{"@type":"PropertyValueSpecification","valueRequired":true,"valueName":"search_term_string"}}],"inLanguage":"fr-FR"},{"@type":"Organization","@id":"https:\/\/www.link2fleet.com\/fr\/#organization","name":"Link2fleet","url":"https:\/\/www.link2fleet.com\/fr\/","logo":{"@type":"ImageObject","inLanguage":"fr-FR","@id":"https:\/\/www.link2fleet.com\/fr\/#\/schema\/logo\/image\/","url":"https:\/\/static.link2fleet.com\/wp-content\/uploads\/2024\/03\/share-image.jpg","contentUrl":"https:\/\/static.link2fleet.com\/wp-content\/uploads\/2024\/03\/share-image.jpg","width":1200,"height":630,"caption":"Link2fleet"},"image":{"@id":"https:\/\/www.link2fleet.com\/fr\/#\/schema\/logo\/image\/"},"sameAs":["https:\/\/www.linkedin.com\/company\/link2fleet-belgium","https:\/\/www.youtube.com\/user\/MMMBMBE"]},{"@type":"Person","@id":"https:\/\/www.link2fleet.com\/fr\/#\/schema\/person\/027cd46113c78036b3809c9a054049da","name":"Damien Malvetti","image":{"@type":"ImageObject","inLanguage":"fr-FR","@id":"https:\/\/secure.gravatar.com\/avatar\/dd8cc03b49466c735f753ac37f8caa371af16dfed347456ed61f02883255eebb?s=96&d=mm&r=g","url":"https:\/\/secure.gravatar.com\/avatar\/dd8cc03b49466c735f753ac37f8caa371af16dfed347456ed61f02883255eebb?s=96&d=mm&r=g","contentUrl":"https:\/\/secure.gravatar.com\/avatar\/dd8cc03b49466c735f753ac37f8caa371af16dfed347456ed61f02883255eebb?s=96&d=mm&r=g","caption":"Damien Malvetti"},"description":"Damien Malvetti is opgeleid als journalist en gepassioneerd door wagens, technologie en mobiliteit. Hij is verantwoordelijk voor de redactionele inhoud van link2fleet en beschikt over een uitgebreide kennis van de fleet-sector en elektrische mobiliteit.","sameAs":["https:\/\/www.linkedin.com\/in\/damien-malvetti-56601142\/"]}]}},"_links":{"self":[{"href":"https:\/\/www.link2fleet.com\/fr\/wp-json\/wp\/v2\/posts\/4790","targetHints":{"allow":["GET"]}}],"collection":[{"href":"https:\/\/www.link2fleet.com\/fr\/wp-json\/wp\/v2\/posts"}],"about":[{"href":"https:\/\/www.link2fleet.com\/fr\/wp-json\/wp\/v2\/types\/post"}],"author":[{"embeddable":true,"href":"https:\/\/www.link2fleet.com\/fr\/wp-json\/wp\/v2\/users\/4"}],"replies":[{"embeddable":true,"href":"https:\/\/www.link2fleet.com\/fr\/wp-json\/wp\/v2\/comments?post=4790"}],"version-history":[{"count":0,"href":"https:\/\/www.link2fleet.com\/fr\/wp-json\/wp\/v2\/posts\/4790\/revisions"}],"wp:featuredmedia":[{"embeddable":true,"href":"https:\/\/www.link2fleet.com\/fr\/wp-json\/wp\/v2\/media\/4791"}],"wp:attachment":[{"href":"https:\/\/www.link2fleet.com\/fr\/wp-json\/wp\/v2\/media?parent=4790"}],"wp:term":[{"taxonomy":"category","embeddable":true,"href":"https:\/\/www.link2fleet.com\/fr\/wp-json\/wp\/v2\/categories?post=4790"},{"taxonomy":"post_tag","embeddable":true,"href":"https:\/\/www.link2fleet.com\/fr\/wp-json\/wp\/v2\/tags?post=4790"}],"curies":[{"name":"wp","href":"https:\/\/api.w.org\/{rel}","templated":true}]}}