{"id":4799,"date":"2021-09-15T08:00:02","date_gmt":"2021-09-15T06:00:02","guid":{"rendered":"https:\/\/www.link2fleet.com\/report-des-adaptations-au-budget-de-mobilite\/"},"modified":"2024-04-17T16:48:54","modified_gmt":"2024-04-17T14:48:54","slug":"report-des-adaptations-au-budget-de-mobilite","status":"publish","type":"post","link":"https:\/\/www.link2fleet.com\/fr\/report-des-adaptations-au-budget-de-mobilite\/","title":{"rendered":"Report des adaptations au budget de mobilit\u00e9"},"content":{"rendered":"<p><b>A noter: tous les changements qui \u00e9taient pr\u00e9vus au budget mobilit\u00e9 ont \u00e9t\u00e9 supprim\u00e9s<\/b><\/p>\n<p>La raison en serait que les partenaires sociaux ont trop de r\u00e9serves sur certains passages et ont besoin de plus de temps pour parvenir \u00e0 un consensus. Pour le budget de mobilit\u00e9, cela signifie qu&rsquo;il n&rsquo;y aura probablement pas de changements cette ann\u00e9e et qu&rsquo;il reste \u00e0 voir si, et quels changements, il y aura \u00e0 l&rsquo;avenir.<\/p>\n<p>Si vous le souhaitez, vous pouvez <a title=\"consulter ici les textes\" href=\"http:\/\/cl.s10.exct.net\/?qs=ed0b71c6b52e0d3bfefd8402deb70b340c6bd6f90eb99e59436dfd3d7a39f7d3d332bc4231e03f048f647992a8ba8d48fbffc62657f2fdb4\">consulter ici les textes<\/a> complets qui sont actuellement sur la table. En ce qui concerne la d\u00e9duction fiscale des bornes de recharge pour les particuliers et la d\u00e9duction major\u00e9e des points de charge semi-publics pour les entreprises, la date du 1er septembre 2021 resterait \u00e0 premi\u00e8re vue inchang\u00e9e, ce qui signifie que la r\u00e9troactivit\u00e9 s&rsquo;applique \u00e0 toute personne ayant install\u00e9 un point de charge depuis cette date (si les conditions reprises dans le projet de loi sont remplies bien s\u00fbr)<\/p>\n","protected":false},"excerpt":{"rendered":"<p>A noter: tous les changements qui \u00e9taient pr\u00e9vus au budget mobilit\u00e9 ont \u00e9t\u00e9 supprim\u00e9s La raison en serait que les partenaires sociaux ont trop de r\u00e9serves sur certains passages et ont besoin de plus de temps pour parvenir \u00e0 un consensus. Pour le budget de mobilit\u00e9, cela signifie qu&rsquo;il n&rsquo;y aura probablement pas de changements [&hellip;]<\/p>\n","protected":false},"author":4,"featured_media":4800,"comment_status":"closed","ping_status":"closed","sticky":false,"template":"","format":"standard","meta":{"_acf_changed":false,"footnotes":""},"categories":[91,101],"tags":[],"class_list":["post-4799","post","type-post","status-publish","format-standard","has-post-thumbnail","hentry","category-expertise-et-management","category-tax-legal"],"acf":[],"yoast_head":"<!-- This site is optimized with the Yoast SEO plugin v27.3 - https:\/\/yoast.com\/product\/yoast-seo-wordpress\/ -->\n<title>Report des adaptations au budget de mobilit\u00e9 - link2fleet<\/title>\n<meta name=\"description\" content=\"C&rsquo;est Renta qui l&rsquo;annonce: hier, la Chambre des repr\u00e9sentants a publi\u00e9 une nouvelle version du projet de loi concernant l&rsquo;\u00e9cologisation des voitures de soci\u00e9t\u00e9. La\u2026\" \/>\n<meta name=\"robots\" content=\"index, follow, max-snippet:-1, max-image-preview:large, max-video-preview:-1\" \/>\n<meta property=\"og:locale\" content=\"fr_FR\" \/>\n<meta property=\"og:type\" content=\"article\" \/>\n<meta property=\"og:title\" content=\"Report des adaptations au budget de mobilit\u00e9 - link2fleet\" \/>\n<meta property=\"og:description\" content=\"C&rsquo;est Renta qui l&rsquo;annonce: hier, la Chambre des repr\u00e9sentants a publi\u00e9 une nouvelle version du projet de loi concernant l&rsquo;\u00e9cologisation des voitures de soci\u00e9t\u00e9. La\u2026\" \/>\n<meta property=\"og:url\" content=\"https:\/\/www.link2fleet.com\/fr\/report-des-adaptations-au-budget-de-mobilite\/\" \/>\n<meta property=\"og:site_name\" content=\"link2fleet\" \/>\n<meta property=\"article:published_time\" content=\"2021-09-15T06:00:02+00:00\" \/>\n<meta property=\"article:modified_time\" content=\"2024-04-17T14:48:54+00:00\" \/>\n<meta property=\"og:image\" content=\"https:\/\/static.link2fleet.com\/wp-content\/uploads\/2024\/03\/projetdeloi.jpg\" \/>\n\t<meta property=\"og:image:width\" content=\"1200\" \/>\n\t<meta property=\"og:image:height\" content=\"400\" \/>\n\t<meta property=\"og:image:type\" content=\"image\/jpeg\" \/>\n<meta name=\"author\" content=\"Damien Malvetti\" \/>\n<meta name=\"twitter:card\" content=\"summary_large_image\" \/>\n<meta name=\"twitter:description\" content=\"C&rsquo;est Renta qui l&rsquo;annonce: hier, la Chambre des repr\u00e9sentants a publi\u00e9 une nouvelle version du projet de loi concernant l&rsquo;\u00e9cologisation des voitures de soci\u00e9t\u00e9. La\u2026\" \/>\n<meta name=\"twitter:label1\" content=\"\u00c9crit par\" \/>\n\t<meta name=\"twitter:data1\" content=\"Damien Malvetti\" \/>\n\t<meta name=\"twitter:label2\" content=\"Dur\u00e9e de lecture estim\u00e9e\" \/>\n\t<meta name=\"twitter:data2\" content=\"1 minute\" \/>\n<script type=\"application\/ld+json\" class=\"yoast-schema-graph\">{\"@context\":\"https:\\\/\\\/schema.org\",\"@graph\":[{\"@type\":\"Article\",\"@id\":\"https:\\\/\\\/www.link2fleet.com\\\/fr\\\/report-des-adaptations-au-budget-de-mobilite\\\/#article\",\"isPartOf\":{\"@id\":\"https:\\\/\\\/www.link2fleet.com\\\/fr\\\/report-des-adaptations-au-budget-de-mobilite\\\/\"},\"author\":{\"name\":\"Damien Malvetti\",\"@id\":\"https:\\\/\\\/www.link2fleet.com\\\/fr\\\/#\\\/schema\\\/person\\\/027cd46113c78036b3809c9a054049da\"},\"headline\":\"Report des adaptations au budget de mobilit\u00e9\",\"datePublished\":\"2021-09-15T06:00:02+00:00\",\"dateModified\":\"2024-04-17T14:48:54+00:00\",\"mainEntityOfPage\":{\"@id\":\"https:\\\/\\\/www.link2fleet.com\\\/fr\\\/report-des-adaptations-au-budget-de-mobilite\\\/\"},\"wordCount\":174,\"publisher\":{\"@id\":\"https:\\\/\\\/www.link2fleet.com\\\/fr\\\/#organization\"},\"image\":{\"@id\":\"https:\\\/\\\/www.link2fleet.com\\\/fr\\\/report-des-adaptations-au-budget-de-mobilite\\\/#primaryimage\"},\"thumbnailUrl\":\"https:\\\/\\\/static.link2fleet.com\\\/wp-content\\\/uploads\\\/2024\\\/03\\\/projetdeloi.jpg\",\"articleSection\":[\"Gestion de flotte\",\"Tax &amp; legal\"],\"inLanguage\":\"fr-FR\"},{\"@type\":\"WebPage\",\"@id\":\"https:\\\/\\\/www.link2fleet.com\\\/fr\\\/report-des-adaptations-au-budget-de-mobilite\\\/\",\"url\":\"https:\\\/\\\/www.link2fleet.com\\\/fr\\\/report-des-adaptations-au-budget-de-mobilite\\\/\",\"name\":\"Report des adaptations au budget de mobilit\u00e9 - link2fleet\",\"isPartOf\":{\"@id\":\"https:\\\/\\\/www.link2fleet.com\\\/fr\\\/#website\"},\"primaryImageOfPage\":{\"@id\":\"https:\\\/\\\/www.link2fleet.com\\\/fr\\\/report-des-adaptations-au-budget-de-mobilite\\\/#primaryimage\"},\"image\":{\"@id\":\"https:\\\/\\\/www.link2fleet.com\\\/fr\\\/report-des-adaptations-au-budget-de-mobilite\\\/#primaryimage\"},\"thumbnailUrl\":\"https:\\\/\\\/static.link2fleet.com\\\/wp-content\\\/uploads\\\/2024\\\/03\\\/projetdeloi.jpg\",\"datePublished\":\"2021-09-15T06:00:02+00:00\",\"dateModified\":\"2024-04-17T14:48:54+00:00\",\"breadcrumb\":{\"@id\":\"https:\\\/\\\/www.link2fleet.com\\\/fr\\\/report-des-adaptations-au-budget-de-mobilite\\\/#breadcrumb\"},\"inLanguage\":\"fr-FR\",\"potentialAction\":[{\"@type\":\"ReadAction\",\"target\":[\"https:\\\/\\\/www.link2fleet.com\\\/fr\\\/report-des-adaptations-au-budget-de-mobilite\\\/\"]}]},{\"@type\":\"ImageObject\",\"inLanguage\":\"fr-FR\",\"@id\":\"https:\\\/\\\/www.link2fleet.com\\\/fr\\\/report-des-adaptations-au-budget-de-mobilite\\\/#primaryimage\",\"url\":\"https:\\\/\\\/static.link2fleet.com\\\/wp-content\\\/uploads\\\/2024\\\/03\\\/projetdeloi.jpg\",\"contentUrl\":\"https:\\\/\\\/static.link2fleet.com\\\/wp-content\\\/uploads\\\/2024\\\/03\\\/projetdeloi.jpg\",\"width\":1200,\"height\":400},{\"@type\":\"BreadcrumbList\",\"@id\":\"https:\\\/\\\/www.link2fleet.com\\\/fr\\\/report-des-adaptations-au-budget-de-mobilite\\\/#breadcrumb\",\"itemListElement\":[{\"@type\":\"ListItem\",\"position\":1,\"name\":\"Home\",\"item\":\"https:\\\/\\\/www.link2fleet.com\\\/fr\\\/\"},{\"@type\":\"ListItem\",\"position\":2,\"name\":\"Report des adaptations au budget de mobilit\u00e9\"}]},{\"@type\":\"WebSite\",\"@id\":\"https:\\\/\\\/www.link2fleet.com\\\/fr\\\/#website\",\"url\":\"https:\\\/\\\/www.link2fleet.com\\\/fr\\\/\",\"name\":\"Link2fleet\",\"description\":\"\",\"publisher\":{\"@id\":\"https:\\\/\\\/www.link2fleet.com\\\/fr\\\/#organization\"},\"potentialAction\":[{\"@type\":\"SearchAction\",\"target\":{\"@type\":\"EntryPoint\",\"urlTemplate\":\"https:\\\/\\\/www.link2fleet.com\\\/fr\\\/?s={search_term_string}\"},\"query-input\":{\"@type\":\"PropertyValueSpecification\",\"valueRequired\":true,\"valueName\":\"search_term_string\"}}],\"inLanguage\":\"fr-FR\"},{\"@type\":\"Organization\",\"@id\":\"https:\\\/\\\/www.link2fleet.com\\\/fr\\\/#organization\",\"name\":\"Link2fleet\",\"url\":\"https:\\\/\\\/www.link2fleet.com\\\/fr\\\/\",\"logo\":{\"@type\":\"ImageObject\",\"inLanguage\":\"fr-FR\",\"@id\":\"https:\\\/\\\/www.link2fleet.com\\\/fr\\\/#\\\/schema\\\/logo\\\/image\\\/\",\"url\":\"https:\\\/\\\/static.link2fleet.com\\\/wp-content\\\/uploads\\\/2024\\\/03\\\/share-image.jpg\",\"contentUrl\":\"https:\\\/\\\/static.link2fleet.com\\\/wp-content\\\/uploads\\\/2024\\\/03\\\/share-image.jpg\",\"width\":1200,\"height\":630,\"caption\":\"Link2fleet\"},\"image\":{\"@id\":\"https:\\\/\\\/www.link2fleet.com\\\/fr\\\/#\\\/schema\\\/logo\\\/image\\\/\"},\"sameAs\":[\"https:\\\/\\\/www.linkedin.com\\\/company\\\/link2fleet-belgium\",\"https:\\\/\\\/www.youtube.com\\\/user\\\/MMMBMBE\"]},{\"@type\":\"Person\",\"@id\":\"https:\\\/\\\/www.link2fleet.com\\\/fr\\\/#\\\/schema\\\/person\\\/027cd46113c78036b3809c9a054049da\",\"name\":\"Damien Malvetti\",\"image\":{\"@type\":\"ImageObject\",\"inLanguage\":\"fr-FR\",\"@id\":\"https:\\\/\\\/secure.gravatar.com\\\/avatar\\\/dd8cc03b49466c735f753ac37f8caa371af16dfed347456ed61f02883255eebb?s=96&d=mm&r=g\",\"url\":\"https:\\\/\\\/secure.gravatar.com\\\/avatar\\\/dd8cc03b49466c735f753ac37f8caa371af16dfed347456ed61f02883255eebb?s=96&d=mm&r=g\",\"contentUrl\":\"https:\\\/\\\/secure.gravatar.com\\\/avatar\\\/dd8cc03b49466c735f753ac37f8caa371af16dfed347456ed61f02883255eebb?s=96&d=mm&r=g\",\"caption\":\"Damien Malvetti\"},\"description\":\"Damien Malvetti is opgeleid als journalist en gepassioneerd door wagens, technologie en mobiliteit. Hij is verantwoordelijk voor de redactionele inhoud van link2fleet en beschikt over een uitgebreide kennis van de fleet-sector en elektrische mobiliteit.\",\"sameAs\":[\"https:\\\/\\\/www.linkedin.com\\\/in\\\/damien-malvetti-56601142\\\/\"]}]}<\/script>\n<!-- \/ Yoast SEO plugin. -->","yoast_head_json":{"title":"Report des adaptations au budget de mobilit\u00e9 - link2fleet","description":"C&rsquo;est Renta qui l&rsquo;annonce: hier, la Chambre des repr\u00e9sentants a publi\u00e9 une nouvelle version du projet de loi concernant l&rsquo;\u00e9cologisation des voitures de soci\u00e9t\u00e9. La\u2026","robots":{"index":"index","follow":"follow","max-snippet":"max-snippet:-1","max-image-preview":"max-image-preview:large","max-video-preview":"max-video-preview:-1"},"og_locale":"fr_FR","og_type":"article","og_title":"Report des adaptations au budget de mobilit\u00e9 - link2fleet","og_description":"C&rsquo;est Renta qui l&rsquo;annonce: hier, la Chambre des repr\u00e9sentants a publi\u00e9 une nouvelle version du projet de loi concernant l&rsquo;\u00e9cologisation des voitures de soci\u00e9t\u00e9. La\u2026","og_url":"https:\/\/www.link2fleet.com\/fr\/report-des-adaptations-au-budget-de-mobilite\/","og_site_name":"link2fleet","article_published_time":"2021-09-15T06:00:02+00:00","article_modified_time":"2024-04-17T14:48:54+00:00","og_image":[{"width":1200,"height":400,"url":"https:\/\/static.link2fleet.com\/wp-content\/uploads\/2024\/03\/projetdeloi.jpg","type":"image\/jpeg"}],"author":"Damien Malvetti","twitter_card":"summary_large_image","twitter_description":"C&rsquo;est Renta qui l&rsquo;annonce: hier, la Chambre des repr\u00e9sentants a publi\u00e9 une nouvelle version du projet de loi concernant l&rsquo;\u00e9cologisation des voitures de soci\u00e9t\u00e9. La\u2026","twitter_misc":{"\u00c9crit par":"Damien Malvetti","Dur\u00e9e de lecture estim\u00e9e":"1 minute"},"schema":{"@context":"https:\/\/schema.org","@graph":[{"@type":"Article","@id":"https:\/\/www.link2fleet.com\/fr\/report-des-adaptations-au-budget-de-mobilite\/#article","isPartOf":{"@id":"https:\/\/www.link2fleet.com\/fr\/report-des-adaptations-au-budget-de-mobilite\/"},"author":{"name":"Damien Malvetti","@id":"https:\/\/www.link2fleet.com\/fr\/#\/schema\/person\/027cd46113c78036b3809c9a054049da"},"headline":"Report des adaptations au budget de mobilit\u00e9","datePublished":"2021-09-15T06:00:02+00:00","dateModified":"2024-04-17T14:48:54+00:00","mainEntityOfPage":{"@id":"https:\/\/www.link2fleet.com\/fr\/report-des-adaptations-au-budget-de-mobilite\/"},"wordCount":174,"publisher":{"@id":"https:\/\/www.link2fleet.com\/fr\/#organization"},"image":{"@id":"https:\/\/www.link2fleet.com\/fr\/report-des-adaptations-au-budget-de-mobilite\/#primaryimage"},"thumbnailUrl":"https:\/\/static.link2fleet.com\/wp-content\/uploads\/2024\/03\/projetdeloi.jpg","articleSection":["Gestion de flotte","Tax &amp; legal"],"inLanguage":"fr-FR"},{"@type":"WebPage","@id":"https:\/\/www.link2fleet.com\/fr\/report-des-adaptations-au-budget-de-mobilite\/","url":"https:\/\/www.link2fleet.com\/fr\/report-des-adaptations-au-budget-de-mobilite\/","name":"Report des adaptations au budget de mobilit\u00e9 - link2fleet","isPartOf":{"@id":"https:\/\/www.link2fleet.com\/fr\/#website"},"primaryImageOfPage":{"@id":"https:\/\/www.link2fleet.com\/fr\/report-des-adaptations-au-budget-de-mobilite\/#primaryimage"},"image":{"@id":"https:\/\/www.link2fleet.com\/fr\/report-des-adaptations-au-budget-de-mobilite\/#primaryimage"},"thumbnailUrl":"https:\/\/static.link2fleet.com\/wp-content\/uploads\/2024\/03\/projetdeloi.jpg","datePublished":"2021-09-15T06:00:02+00:00","dateModified":"2024-04-17T14:48:54+00:00","breadcrumb":{"@id":"https:\/\/www.link2fleet.com\/fr\/report-des-adaptations-au-budget-de-mobilite\/#breadcrumb"},"inLanguage":"fr-FR","potentialAction":[{"@type":"ReadAction","target":["https:\/\/www.link2fleet.com\/fr\/report-des-adaptations-au-budget-de-mobilite\/"]}]},{"@type":"ImageObject","inLanguage":"fr-FR","@id":"https:\/\/www.link2fleet.com\/fr\/report-des-adaptations-au-budget-de-mobilite\/#primaryimage","url":"https:\/\/static.link2fleet.com\/wp-content\/uploads\/2024\/03\/projetdeloi.jpg","contentUrl":"https:\/\/static.link2fleet.com\/wp-content\/uploads\/2024\/03\/projetdeloi.jpg","width":1200,"height":400},{"@type":"BreadcrumbList","@id":"https:\/\/www.link2fleet.com\/fr\/report-des-adaptations-au-budget-de-mobilite\/#breadcrumb","itemListElement":[{"@type":"ListItem","position":1,"name":"Home","item":"https:\/\/www.link2fleet.com\/fr\/"},{"@type":"ListItem","position":2,"name":"Report des adaptations au budget de mobilit\u00e9"}]},{"@type":"WebSite","@id":"https:\/\/www.link2fleet.com\/fr\/#website","url":"https:\/\/www.link2fleet.com\/fr\/","name":"Link2fleet","description":"","publisher":{"@id":"https:\/\/www.link2fleet.com\/fr\/#organization"},"potentialAction":[{"@type":"SearchAction","target":{"@type":"EntryPoint","urlTemplate":"https:\/\/www.link2fleet.com\/fr\/?s={search_term_string}"},"query-input":{"@type":"PropertyValueSpecification","valueRequired":true,"valueName":"search_term_string"}}],"inLanguage":"fr-FR"},{"@type":"Organization","@id":"https:\/\/www.link2fleet.com\/fr\/#organization","name":"Link2fleet","url":"https:\/\/www.link2fleet.com\/fr\/","logo":{"@type":"ImageObject","inLanguage":"fr-FR","@id":"https:\/\/www.link2fleet.com\/fr\/#\/schema\/logo\/image\/","url":"https:\/\/static.link2fleet.com\/wp-content\/uploads\/2024\/03\/share-image.jpg","contentUrl":"https:\/\/static.link2fleet.com\/wp-content\/uploads\/2024\/03\/share-image.jpg","width":1200,"height":630,"caption":"Link2fleet"},"image":{"@id":"https:\/\/www.link2fleet.com\/fr\/#\/schema\/logo\/image\/"},"sameAs":["https:\/\/www.linkedin.com\/company\/link2fleet-belgium","https:\/\/www.youtube.com\/user\/MMMBMBE"]},{"@type":"Person","@id":"https:\/\/www.link2fleet.com\/fr\/#\/schema\/person\/027cd46113c78036b3809c9a054049da","name":"Damien Malvetti","image":{"@type":"ImageObject","inLanguage":"fr-FR","@id":"https:\/\/secure.gravatar.com\/avatar\/dd8cc03b49466c735f753ac37f8caa371af16dfed347456ed61f02883255eebb?s=96&d=mm&r=g","url":"https:\/\/secure.gravatar.com\/avatar\/dd8cc03b49466c735f753ac37f8caa371af16dfed347456ed61f02883255eebb?s=96&d=mm&r=g","contentUrl":"https:\/\/secure.gravatar.com\/avatar\/dd8cc03b49466c735f753ac37f8caa371af16dfed347456ed61f02883255eebb?s=96&d=mm&r=g","caption":"Damien Malvetti"},"description":"Damien Malvetti is opgeleid als journalist en gepassioneerd door wagens, technologie en mobiliteit. Hij is verantwoordelijk voor de redactionele inhoud van link2fleet en beschikt over een uitgebreide kennis van de fleet-sector en elektrische mobiliteit.","sameAs":["https:\/\/www.linkedin.com\/in\/damien-malvetti-56601142\/"]}]}},"_links":{"self":[{"href":"https:\/\/www.link2fleet.com\/fr\/wp-json\/wp\/v2\/posts\/4799","targetHints":{"allow":["GET"]}}],"collection":[{"href":"https:\/\/www.link2fleet.com\/fr\/wp-json\/wp\/v2\/posts"}],"about":[{"href":"https:\/\/www.link2fleet.com\/fr\/wp-json\/wp\/v2\/types\/post"}],"author":[{"embeddable":true,"href":"https:\/\/www.link2fleet.com\/fr\/wp-json\/wp\/v2\/users\/4"}],"replies":[{"embeddable":true,"href":"https:\/\/www.link2fleet.com\/fr\/wp-json\/wp\/v2\/comments?post=4799"}],"version-history":[{"count":0,"href":"https:\/\/www.link2fleet.com\/fr\/wp-json\/wp\/v2\/posts\/4799\/revisions"}],"wp:featuredmedia":[{"embeddable":true,"href":"https:\/\/www.link2fleet.com\/fr\/wp-json\/wp\/v2\/media\/4800"}],"wp:attachment":[{"href":"https:\/\/www.link2fleet.com\/fr\/wp-json\/wp\/v2\/media?parent=4799"}],"wp:term":[{"taxonomy":"category","embeddable":true,"href":"https:\/\/www.link2fleet.com\/fr\/wp-json\/wp\/v2\/categories?post=4799"},{"taxonomy":"post_tag","embeddable":true,"href":"https:\/\/www.link2fleet.com\/fr\/wp-json\/wp\/v2\/tags?post=4799"}],"curies":[{"name":"wp","href":"https:\/\/api.w.org\/{rel}","templated":true}]}}