{"id":4913,"date":"2021-10-05T09:51:55","date_gmt":"2021-10-05T07:51:55","guid":{"rendered":"https:\/\/www.link2fleet.com\/le-fisc-va-bientot-commencer-avec-un-nouveau-rapport-sur-les-voitures-de-societe\/"},"modified":"2021-10-05T09:51:55","modified_gmt":"2021-10-05T07:51:55","slug":"le-fisc-va-bientot-commencer-avec-un-nouveau-rapport-sur-les-voitures-de-societe","status":"publish","type":"post","link":"https:\/\/www.link2fleet.com\/fr\/le-fisc-va-bientot-commencer-avec-un-nouveau-rapport-sur-les-voitures-de-societe\/","title":{"rendered":"Le fisc va bient\u00f4t lancer un nouveau rapport sur les voitures de soci\u00e9t\u00e9"},"content":{"rendered":"<p>Afin de pouvoir \u00e9tablir une cartographie d&rsquo;ici 2026 et de proc\u00e9der \u00e0 d&rsquo;\u00e9ventuels ajustements interm\u00e9diaires sur la base de donn\u00e9es r\u00e9elles, les autorit\u00e9s fiscales ont d\u00e9cid\u00e9 d&rsquo;imposer aux employeurs un nouveau syst\u00e8me de d\u00e9claration fiscale pour leur flotte de v\u00e9hicules.<\/p>\n<p>&nbsp;<\/p>\n<p>Les \u00e9l\u00e9ments suivants devront y \u00eatre mentionn\u00e9s :<\/p>\n<p>1) Avantage de toute nature<\/p>\n<p>2) d\u00e9ductibilit\u00e9 fiscale<\/p>\n<p>3) Accises sur le carburant<\/p>\n<p>4) tva<\/p>\n<p>&nbsp;<\/p>\n<p>Des amendes seront \u00e9galement pr\u00e9vues si l&#8217;employeur ne respecte pas ses obligations.<\/p>\n<p>Ce r\u00e8glement est inclus dans le projet de loi concernant l&rsquo;\u00e9cologisation des voitures de soci\u00e9t\u00e9.<\/p>\n<p>Les d\u00e9tails seront publi\u00e9s dans un arr\u00eat\u00e9 royal distinct apr\u00e8s le vote de la loi.<\/p>\n<p>&nbsp;<\/p>\n<p style=\"text-align: right;\"><strong>Michel Willems<\/strong><\/p>\n<p style=\"text-align: right;\"><strong>MOBILITAS<\/strong><\/p>\n","protected":false},"excerpt":{"rendered":"<p>Afin de pouvoir \u00e9tablir une cartographie d&rsquo;ici 2026 et de proc\u00e9der \u00e0 d&rsquo;\u00e9ventuels ajustements interm\u00e9diaires sur la base de donn\u00e9es r\u00e9elles, les autorit\u00e9s fiscales ont d\u00e9cid\u00e9 d&rsquo;imposer aux employeurs un nouveau syst\u00e8me de d\u00e9claration fiscale pour leur flotte de v\u00e9hicules. &nbsp; Les \u00e9l\u00e9ments suivants devront y \u00eatre mentionn\u00e9s : 1) Avantage de toute nature 2) [&hellip;]<\/p>\n","protected":false},"author":11,"featured_media":4914,"comment_status":"closed","ping_status":"closed","sticky":false,"template":"","format":"standard","meta":{"_acf_changed":false,"footnotes":""},"categories":[91,101],"tags":[],"class_list":["post-4913","post","type-post","status-publish","format-standard","has-post-thumbnail","hentry","category-expertise-et-management","category-tax-legal"],"acf":[],"yoast_head":"<!-- This site is optimized with the Yoast SEO plugin v27.3 - https:\/\/yoast.com\/product\/yoast-seo-wordpress\/ -->\n<title>Le fisc va bient\u00f4t lancer un nouveau rapport sur les voitures de soci\u00e9t\u00e9 - link2fleet<\/title>\n<meta name=\"description\" content=\"Dans le projet de loi concernant l&rsquo;\u00e9cologisation des voitures de soci\u00e9t\u00e9, plusieurs questions ont \u00e9t\u00e9 soulev\u00e9es lors des derniers cycles d&rsquo;\u00e9valuation concernant l&rsquo;impact budg\u00e9taire et\u2026\" \/>\n<meta name=\"robots\" content=\"index, follow, max-snippet:-1, max-image-preview:large, max-video-preview:-1\" \/>\n<meta property=\"og:locale\" content=\"fr_FR\" \/>\n<meta property=\"og:type\" content=\"article\" \/>\n<meta property=\"og:title\" content=\"Le fisc va bient\u00f4t lancer un nouveau rapport sur les voitures de soci\u00e9t\u00e9 - link2fleet\" \/>\n<meta property=\"og:description\" content=\"Dans le projet de loi concernant l&rsquo;\u00e9cologisation des voitures de soci\u00e9t\u00e9, plusieurs questions ont \u00e9t\u00e9 soulev\u00e9es lors des derniers cycles d&rsquo;\u00e9valuation concernant l&rsquo;impact budg\u00e9taire et\u2026\" \/>\n<meta property=\"og:url\" content=\"https:\/\/www.link2fleet.com\/fr\/le-fisc-va-bientot-commencer-avec-un-nouveau-rapport-sur-les-voitures-de-societe\/\" \/>\n<meta property=\"og:site_name\" content=\"link2fleet\" \/>\n<meta property=\"article:published_time\" content=\"2021-10-05T07:51:55+00:00\" \/>\n<meta property=\"og:image\" content=\"https:\/\/static.link2fleet.com\/wp-content\/uploads\/2024\/03\/sketch-achat-voiture.jpg\" \/>\n\t<meta property=\"og:image:width\" content=\"680\" \/>\n\t<meta property=\"og:image:height\" content=\"465\" \/>\n\t<meta property=\"og:image:type\" content=\"image\/jpeg\" \/>\n<meta name=\"author\" content=\"Michel Willems - Mobilitas\" \/>\n<meta name=\"twitter:card\" content=\"summary_large_image\" \/>\n<meta name=\"twitter:description\" content=\"Dans le projet de loi concernant l&rsquo;\u00e9cologisation des voitures de soci\u00e9t\u00e9, plusieurs questions ont \u00e9t\u00e9 soulev\u00e9es lors des derniers cycles d&rsquo;\u00e9valuation concernant l&rsquo;impact budg\u00e9taire et\u2026\" \/>\n<meta name=\"twitter:label1\" content=\"\u00c9crit par\" \/>\n\t<meta name=\"twitter:data1\" content=\"Michel Willems - Mobilitas\" \/>\n\t<meta name=\"twitter:label2\" content=\"Dur\u00e9e de lecture estim\u00e9e\" \/>\n\t<meta name=\"twitter:data2\" content=\"1 minute\" \/>\n<script type=\"application\/ld+json\" class=\"yoast-schema-graph\">{\"@context\":\"https:\\\/\\\/schema.org\",\"@graph\":[{\"@type\":\"Article\",\"@id\":\"https:\\\/\\\/www.link2fleet.com\\\/fr\\\/le-fisc-va-bientot-commencer-avec-un-nouveau-rapport-sur-les-voitures-de-societe\\\/#article\",\"isPartOf\":{\"@id\":\"https:\\\/\\\/www.link2fleet.com\\\/fr\\\/le-fisc-va-bientot-commencer-avec-un-nouveau-rapport-sur-les-voitures-de-societe\\\/\"},\"author\":{\"name\":\"Michel Willems - Mobilitas\",\"@id\":\"https:\\\/\\\/www.link2fleet.com\\\/fr\\\/#\\\/schema\\\/person\\\/bd29f6a2c2427e85a70d3acf17303486\"},\"headline\":\"Le fisc va bient\u00f4t lancer un nouveau rapport sur les voitures de soci\u00e9t\u00e9\",\"datePublished\":\"2021-10-05T07:51:55+00:00\",\"mainEntityOfPage\":{\"@id\":\"https:\\\/\\\/www.link2fleet.com\\\/fr\\\/le-fisc-va-bientot-commencer-avec-un-nouveau-rapport-sur-les-voitures-de-societe\\\/\"},\"wordCount\":143,\"publisher\":{\"@id\":\"https:\\\/\\\/www.link2fleet.com\\\/fr\\\/#organization\"},\"image\":{\"@id\":\"https:\\\/\\\/www.link2fleet.com\\\/fr\\\/le-fisc-va-bientot-commencer-avec-un-nouveau-rapport-sur-les-voitures-de-societe\\\/#primaryimage\"},\"thumbnailUrl\":\"https:\\\/\\\/static.link2fleet.com\\\/wp-content\\\/uploads\\\/2024\\\/03\\\/sketch-achat-voiture.jpg\",\"articleSection\":[\"Gestion de flotte\",\"Tax &amp; legal\"],\"inLanguage\":\"fr-FR\"},{\"@type\":\"WebPage\",\"@id\":\"https:\\\/\\\/www.link2fleet.com\\\/fr\\\/le-fisc-va-bientot-commencer-avec-un-nouveau-rapport-sur-les-voitures-de-societe\\\/\",\"url\":\"https:\\\/\\\/www.link2fleet.com\\\/fr\\\/le-fisc-va-bientot-commencer-avec-un-nouveau-rapport-sur-les-voitures-de-societe\\\/\",\"name\":\"Le fisc va bient\u00f4t lancer un nouveau rapport sur les voitures de soci\u00e9t\u00e9 - link2fleet\",\"isPartOf\":{\"@id\":\"https:\\\/\\\/www.link2fleet.com\\\/fr\\\/#website\"},\"primaryImageOfPage\":{\"@id\":\"https:\\\/\\\/www.link2fleet.com\\\/fr\\\/le-fisc-va-bientot-commencer-avec-un-nouveau-rapport-sur-les-voitures-de-societe\\\/#primaryimage\"},\"image\":{\"@id\":\"https:\\\/\\\/www.link2fleet.com\\\/fr\\\/le-fisc-va-bientot-commencer-avec-un-nouveau-rapport-sur-les-voitures-de-societe\\\/#primaryimage\"},\"thumbnailUrl\":\"https:\\\/\\\/static.link2fleet.com\\\/wp-content\\\/uploads\\\/2024\\\/03\\\/sketch-achat-voiture.jpg\",\"datePublished\":\"2021-10-05T07:51:55+00:00\",\"breadcrumb\":{\"@id\":\"https:\\\/\\\/www.link2fleet.com\\\/fr\\\/le-fisc-va-bientot-commencer-avec-un-nouveau-rapport-sur-les-voitures-de-societe\\\/#breadcrumb\"},\"inLanguage\":\"fr-FR\",\"potentialAction\":[{\"@type\":\"ReadAction\",\"target\":[\"https:\\\/\\\/www.link2fleet.com\\\/fr\\\/le-fisc-va-bientot-commencer-avec-un-nouveau-rapport-sur-les-voitures-de-societe\\\/\"]}]},{\"@type\":\"ImageObject\",\"inLanguage\":\"fr-FR\",\"@id\":\"https:\\\/\\\/www.link2fleet.com\\\/fr\\\/le-fisc-va-bientot-commencer-avec-un-nouveau-rapport-sur-les-voitures-de-societe\\\/#primaryimage\",\"url\":\"https:\\\/\\\/static.link2fleet.com\\\/wp-content\\\/uploads\\\/2024\\\/03\\\/sketch-achat-voiture.jpg\",\"contentUrl\":\"https:\\\/\\\/static.link2fleet.com\\\/wp-content\\\/uploads\\\/2024\\\/03\\\/sketch-achat-voiture.jpg\",\"width\":680,\"height\":465},{\"@type\":\"BreadcrumbList\",\"@id\":\"https:\\\/\\\/www.link2fleet.com\\\/fr\\\/le-fisc-va-bientot-commencer-avec-un-nouveau-rapport-sur-les-voitures-de-societe\\\/#breadcrumb\",\"itemListElement\":[{\"@type\":\"ListItem\",\"position\":1,\"name\":\"Home\",\"item\":\"https:\\\/\\\/www.link2fleet.com\\\/fr\\\/\"},{\"@type\":\"ListItem\",\"position\":2,\"name\":\"Le fisc va bient\u00f4t lancer un nouveau rapport sur les voitures de soci\u00e9t\u00e9\"}]},{\"@type\":\"WebSite\",\"@id\":\"https:\\\/\\\/www.link2fleet.com\\\/fr\\\/#website\",\"url\":\"https:\\\/\\\/www.link2fleet.com\\\/fr\\\/\",\"name\":\"Link2fleet\",\"description\":\"\",\"publisher\":{\"@id\":\"https:\\\/\\\/www.link2fleet.com\\\/fr\\\/#organization\"},\"potentialAction\":[{\"@type\":\"SearchAction\",\"target\":{\"@type\":\"EntryPoint\",\"urlTemplate\":\"https:\\\/\\\/www.link2fleet.com\\\/fr\\\/?s={search_term_string}\"},\"query-input\":{\"@type\":\"PropertyValueSpecification\",\"valueRequired\":true,\"valueName\":\"search_term_string\"}}],\"inLanguage\":\"fr-FR\"},{\"@type\":\"Organization\",\"@id\":\"https:\\\/\\\/www.link2fleet.com\\\/fr\\\/#organization\",\"name\":\"Link2fleet\",\"url\":\"https:\\\/\\\/www.link2fleet.com\\\/fr\\\/\",\"logo\":{\"@type\":\"ImageObject\",\"inLanguage\":\"fr-FR\",\"@id\":\"https:\\\/\\\/www.link2fleet.com\\\/fr\\\/#\\\/schema\\\/logo\\\/image\\\/\",\"url\":\"https:\\\/\\\/static.link2fleet.com\\\/wp-content\\\/uploads\\\/2024\\\/03\\\/share-image.jpg\",\"contentUrl\":\"https:\\\/\\\/static.link2fleet.com\\\/wp-content\\\/uploads\\\/2024\\\/03\\\/share-image.jpg\",\"width\":1200,\"height\":630,\"caption\":\"Link2fleet\"},\"image\":{\"@id\":\"https:\\\/\\\/www.link2fleet.com\\\/fr\\\/#\\\/schema\\\/logo\\\/image\\\/\"},\"sameAs\":[\"https:\\\/\\\/www.linkedin.com\\\/company\\\/link2fleet-belgium\",\"https:\\\/\\\/www.youtube.com\\\/user\\\/MMMBMBE\"]},{\"@type\":\"Person\",\"@id\":\"https:\\\/\\\/www.link2fleet.com\\\/fr\\\/#\\\/schema\\\/person\\\/bd29f6a2c2427e85a70d3acf17303486\",\"name\":\"Michel Willems - Mobilitas\",\"image\":{\"@type\":\"ImageObject\",\"inLanguage\":\"fr-FR\",\"@id\":\"https:\\\/\\\/secure.gravatar.com\\\/avatar\\\/c937de514893d5b69b3b52ee88664fd4879b786925b6742dc7891d347f167414?s=96&d=mm&r=g\",\"url\":\"https:\\\/\\\/secure.gravatar.com\\\/avatar\\\/c937de514893d5b69b3b52ee88664fd4879b786925b6742dc7891d347f167414?s=96&d=mm&r=g\",\"contentUrl\":\"https:\\\/\\\/secure.gravatar.com\\\/avatar\\\/c937de514893d5b69b3b52ee88664fd4879b786925b6742dc7891d347f167414?s=96&d=mm&r=g\",\"caption\":\"Michel Willems - Mobilitas\"}}]}<\/script>\n<!-- \/ Yoast SEO plugin. -->","yoast_head_json":{"title":"Le fisc va bient\u00f4t lancer un nouveau rapport sur les voitures de soci\u00e9t\u00e9 - link2fleet","description":"Dans le projet de loi concernant l&rsquo;\u00e9cologisation des voitures de soci\u00e9t\u00e9, plusieurs questions ont \u00e9t\u00e9 soulev\u00e9es lors des derniers cycles d&rsquo;\u00e9valuation concernant l&rsquo;impact budg\u00e9taire et\u2026","robots":{"index":"index","follow":"follow","max-snippet":"max-snippet:-1","max-image-preview":"max-image-preview:large","max-video-preview":"max-video-preview:-1"},"og_locale":"fr_FR","og_type":"article","og_title":"Le fisc va bient\u00f4t lancer un nouveau rapport sur les voitures de soci\u00e9t\u00e9 - link2fleet","og_description":"Dans le projet de loi concernant l&rsquo;\u00e9cologisation des voitures de soci\u00e9t\u00e9, plusieurs questions ont \u00e9t\u00e9 soulev\u00e9es lors des derniers cycles d&rsquo;\u00e9valuation concernant l&rsquo;impact budg\u00e9taire et\u2026","og_url":"https:\/\/www.link2fleet.com\/fr\/le-fisc-va-bientot-commencer-avec-un-nouveau-rapport-sur-les-voitures-de-societe\/","og_site_name":"link2fleet","article_published_time":"2021-10-05T07:51:55+00:00","og_image":[{"width":680,"height":465,"url":"https:\/\/static.link2fleet.com\/wp-content\/uploads\/2024\/03\/sketch-achat-voiture.jpg","type":"image\/jpeg"}],"author":"Michel Willems - Mobilitas","twitter_card":"summary_large_image","twitter_description":"Dans le projet de loi concernant l&rsquo;\u00e9cologisation des voitures de soci\u00e9t\u00e9, plusieurs questions ont \u00e9t\u00e9 soulev\u00e9es lors des derniers cycles d&rsquo;\u00e9valuation concernant l&rsquo;impact budg\u00e9taire et\u2026","twitter_misc":{"\u00c9crit par":"Michel Willems - Mobilitas","Dur\u00e9e de lecture estim\u00e9e":"1 minute"},"schema":{"@context":"https:\/\/schema.org","@graph":[{"@type":"Article","@id":"https:\/\/www.link2fleet.com\/fr\/le-fisc-va-bientot-commencer-avec-un-nouveau-rapport-sur-les-voitures-de-societe\/#article","isPartOf":{"@id":"https:\/\/www.link2fleet.com\/fr\/le-fisc-va-bientot-commencer-avec-un-nouveau-rapport-sur-les-voitures-de-societe\/"},"author":{"name":"Michel Willems - Mobilitas","@id":"https:\/\/www.link2fleet.com\/fr\/#\/schema\/person\/bd29f6a2c2427e85a70d3acf17303486"},"headline":"Le fisc va bient\u00f4t lancer un nouveau rapport sur les voitures de soci\u00e9t\u00e9","datePublished":"2021-10-05T07:51:55+00:00","mainEntityOfPage":{"@id":"https:\/\/www.link2fleet.com\/fr\/le-fisc-va-bientot-commencer-avec-un-nouveau-rapport-sur-les-voitures-de-societe\/"},"wordCount":143,"publisher":{"@id":"https:\/\/www.link2fleet.com\/fr\/#organization"},"image":{"@id":"https:\/\/www.link2fleet.com\/fr\/le-fisc-va-bientot-commencer-avec-un-nouveau-rapport-sur-les-voitures-de-societe\/#primaryimage"},"thumbnailUrl":"https:\/\/static.link2fleet.com\/wp-content\/uploads\/2024\/03\/sketch-achat-voiture.jpg","articleSection":["Gestion de flotte","Tax &amp; legal"],"inLanguage":"fr-FR"},{"@type":"WebPage","@id":"https:\/\/www.link2fleet.com\/fr\/le-fisc-va-bientot-commencer-avec-un-nouveau-rapport-sur-les-voitures-de-societe\/","url":"https:\/\/www.link2fleet.com\/fr\/le-fisc-va-bientot-commencer-avec-un-nouveau-rapport-sur-les-voitures-de-societe\/","name":"Le fisc va bient\u00f4t lancer un nouveau rapport sur les voitures de soci\u00e9t\u00e9 - link2fleet","isPartOf":{"@id":"https:\/\/www.link2fleet.com\/fr\/#website"},"primaryImageOfPage":{"@id":"https:\/\/www.link2fleet.com\/fr\/le-fisc-va-bientot-commencer-avec-un-nouveau-rapport-sur-les-voitures-de-societe\/#primaryimage"},"image":{"@id":"https:\/\/www.link2fleet.com\/fr\/le-fisc-va-bientot-commencer-avec-un-nouveau-rapport-sur-les-voitures-de-societe\/#primaryimage"},"thumbnailUrl":"https:\/\/static.link2fleet.com\/wp-content\/uploads\/2024\/03\/sketch-achat-voiture.jpg","datePublished":"2021-10-05T07:51:55+00:00","breadcrumb":{"@id":"https:\/\/www.link2fleet.com\/fr\/le-fisc-va-bientot-commencer-avec-un-nouveau-rapport-sur-les-voitures-de-societe\/#breadcrumb"},"inLanguage":"fr-FR","potentialAction":[{"@type":"ReadAction","target":["https:\/\/www.link2fleet.com\/fr\/le-fisc-va-bientot-commencer-avec-un-nouveau-rapport-sur-les-voitures-de-societe\/"]}]},{"@type":"ImageObject","inLanguage":"fr-FR","@id":"https:\/\/www.link2fleet.com\/fr\/le-fisc-va-bientot-commencer-avec-un-nouveau-rapport-sur-les-voitures-de-societe\/#primaryimage","url":"https:\/\/static.link2fleet.com\/wp-content\/uploads\/2024\/03\/sketch-achat-voiture.jpg","contentUrl":"https:\/\/static.link2fleet.com\/wp-content\/uploads\/2024\/03\/sketch-achat-voiture.jpg","width":680,"height":465},{"@type":"BreadcrumbList","@id":"https:\/\/www.link2fleet.com\/fr\/le-fisc-va-bientot-commencer-avec-un-nouveau-rapport-sur-les-voitures-de-societe\/#breadcrumb","itemListElement":[{"@type":"ListItem","position":1,"name":"Home","item":"https:\/\/www.link2fleet.com\/fr\/"},{"@type":"ListItem","position":2,"name":"Le fisc va bient\u00f4t lancer un nouveau rapport sur les voitures de soci\u00e9t\u00e9"}]},{"@type":"WebSite","@id":"https:\/\/www.link2fleet.com\/fr\/#website","url":"https:\/\/www.link2fleet.com\/fr\/","name":"Link2fleet","description":"","publisher":{"@id":"https:\/\/www.link2fleet.com\/fr\/#organization"},"potentialAction":[{"@type":"SearchAction","target":{"@type":"EntryPoint","urlTemplate":"https:\/\/www.link2fleet.com\/fr\/?s={search_term_string}"},"query-input":{"@type":"PropertyValueSpecification","valueRequired":true,"valueName":"search_term_string"}}],"inLanguage":"fr-FR"},{"@type":"Organization","@id":"https:\/\/www.link2fleet.com\/fr\/#organization","name":"Link2fleet","url":"https:\/\/www.link2fleet.com\/fr\/","logo":{"@type":"ImageObject","inLanguage":"fr-FR","@id":"https:\/\/www.link2fleet.com\/fr\/#\/schema\/logo\/image\/","url":"https:\/\/static.link2fleet.com\/wp-content\/uploads\/2024\/03\/share-image.jpg","contentUrl":"https:\/\/static.link2fleet.com\/wp-content\/uploads\/2024\/03\/share-image.jpg","width":1200,"height":630,"caption":"Link2fleet"},"image":{"@id":"https:\/\/www.link2fleet.com\/fr\/#\/schema\/logo\/image\/"},"sameAs":["https:\/\/www.linkedin.com\/company\/link2fleet-belgium","https:\/\/www.youtube.com\/user\/MMMBMBE"]},{"@type":"Person","@id":"https:\/\/www.link2fleet.com\/fr\/#\/schema\/person\/bd29f6a2c2427e85a70d3acf17303486","name":"Michel Willems - Mobilitas","image":{"@type":"ImageObject","inLanguage":"fr-FR","@id":"https:\/\/secure.gravatar.com\/avatar\/c937de514893d5b69b3b52ee88664fd4879b786925b6742dc7891d347f167414?s=96&d=mm&r=g","url":"https:\/\/secure.gravatar.com\/avatar\/c937de514893d5b69b3b52ee88664fd4879b786925b6742dc7891d347f167414?s=96&d=mm&r=g","contentUrl":"https:\/\/secure.gravatar.com\/avatar\/c937de514893d5b69b3b52ee88664fd4879b786925b6742dc7891d347f167414?s=96&d=mm&r=g","caption":"Michel Willems - Mobilitas"}}]}},"_links":{"self":[{"href":"https:\/\/www.link2fleet.com\/fr\/wp-json\/wp\/v2\/posts\/4913","targetHints":{"allow":["GET"]}}],"collection":[{"href":"https:\/\/www.link2fleet.com\/fr\/wp-json\/wp\/v2\/posts"}],"about":[{"href":"https:\/\/www.link2fleet.com\/fr\/wp-json\/wp\/v2\/types\/post"}],"author":[{"embeddable":true,"href":"https:\/\/www.link2fleet.com\/fr\/wp-json\/wp\/v2\/users\/11"}],"replies":[{"embeddable":true,"href":"https:\/\/www.link2fleet.com\/fr\/wp-json\/wp\/v2\/comments?post=4913"}],"version-history":[{"count":0,"href":"https:\/\/www.link2fleet.com\/fr\/wp-json\/wp\/v2\/posts\/4913\/revisions"}],"wp:featuredmedia":[{"embeddable":true,"href":"https:\/\/www.link2fleet.com\/fr\/wp-json\/wp\/v2\/media\/4914"}],"wp:attachment":[{"href":"https:\/\/www.link2fleet.com\/fr\/wp-json\/wp\/v2\/media?parent=4913"}],"wp:term":[{"taxonomy":"category","embeddable":true,"href":"https:\/\/www.link2fleet.com\/fr\/wp-json\/wp\/v2\/categories?post=4913"},{"taxonomy":"post_tag","embeddable":true,"href":"https:\/\/www.link2fleet.com\/fr\/wp-json\/wp\/v2\/tags?post=4913"}],"curies":[{"name":"wp","href":"https:\/\/api.w.org\/{rel}","templated":true}]}}