{"id":50088,"date":"2025-05-26T21:55:30","date_gmt":"2025-05-26T19:55:30","guid":{"rendered":"https:\/\/www.link2fleet.com\/?p=50088"},"modified":"2025-05-26T22:45:05","modified_gmt":"2025-05-26T20:45:05","slug":"vous-avez-manque-le-webinaire-sur-la-gestion-de-flotte-ecar-policy-decouvrez-ici-les-moments-forts","status":"publish","type":"post","link":"https:\/\/www.link2fleet.com\/fr\/vous-avez-manque-le-webinaire-sur-la-gestion-de-flotte-ecar-policy-decouvrez-ici-les-moments-forts\/","title":{"rendered":"Vous avez manqu\u00e9 le webinaire sur la gestion de flotte &#038; (e)car policy ? D\u00e9couvrez ici les moments forts !"},"content":{"rendered":"","protected":false},"excerpt":{"rendered":"","protected":false},"author":35,"featured_media":50092,"comment_status":"closed","ping_status":"closed","sticky":false,"template":"","format":"standard","meta":{"_acf_changed":false,"footnotes":""},"categories":[91],"tags":[],"class_list":["post-50088","post","type-post","status-publish","format-standard","has-post-thumbnail","hentry","category-expertise-et-management"],"acf":[],"yoast_head":"<!-- This site is optimized with the Yoast SEO plugin v27.3 - https:\/\/yoast.com\/product\/yoast-seo-wordpress\/ -->\n<title>Vous avez manqu\u00e9 le webinaire sur la gestion de flotte &amp; (e)car policy ? D\u00e9couvrez ici les moments forts ! - link2fleet<\/title>\n<meta name=\"description\" content=\"Vous avez manqu\u00e9 le webinaire \u00ab\u202fGestion de flotte et car policy (\u00e9lectrique)\u202f\u00bb ou souhaitez revoir les principaux enseignements ? Sur cette page, vous trouverez une\u2026\" \/>\n<meta name=\"robots\" content=\"index, follow, max-snippet:-1, max-image-preview:large, max-video-preview:-1\" \/>\n<meta property=\"og:locale\" content=\"fr_FR\" \/>\n<meta property=\"og:type\" content=\"article\" \/>\n<meta property=\"og:title\" content=\"Vous avez manqu\u00e9 le webinaire sur la gestion de flotte &amp; (e)car policy ? D\u00e9couvrez ici les moments forts ! - link2fleet\" \/>\n<meta property=\"og:description\" content=\"Vous avez manqu\u00e9 le webinaire \u00ab\u202fGestion de flotte et car policy (\u00e9lectrique)\u202f\u00bb ou souhaitez revoir les principaux enseignements ? Sur cette page, vous trouverez une\u2026\" \/>\n<meta property=\"og:url\" content=\"https:\/\/www.link2fleet.com\/webinar-vlootbeheer-e-car-policy-gemist-bekijk-hier-de-hoogtepunten\/\" \/>\n<meta property=\"og:site_name\" content=\"link2fleet\" \/>\n<meta property=\"article:published_time\" content=\"2025-05-26T19:55:30+00:00\" \/>\n<meta property=\"article:modified_time\" content=\"2025-05-26T20:45:05+00:00\" \/>\n<meta property=\"og:image\" content=\"https:\/\/static.link2fleet.com\/wp-content\/uploads\/2025\/05\/fleet-management.png\" \/>\n\t<meta property=\"og:image:width\" content=\"1000\" \/>\n\t<meta property=\"og:image:height\" content=\"500\" \/>\n\t<meta property=\"og:image:type\" content=\"image\/png\" \/>\n<meta name=\"author\" content=\"Charlotte Balcaen\" \/>\n<meta name=\"twitter:card\" content=\"summary_large_image\" \/>\n<meta name=\"twitter:description\" content=\"Vous avez manqu\u00e9 le webinaire \u00ab\u202fGestion de flotte et car policy (\u00e9lectrique)\u202f\u00bb ou souhaitez revoir les principaux enseignements ? Sur cette page, vous trouverez une\u2026\" \/>\n<meta name=\"twitter:label1\" content=\"\u00c9crit par\" \/>\n\t<meta name=\"twitter:data1\" content=\"Charlotte Balcaen\" \/>\n\t<meta name=\"twitter:label2\" content=\"Dur\u00e9e de lecture estim\u00e9e\" \/>\n\t<meta name=\"twitter:data2\" content=\"2 minutes\" \/>\n<script type=\"application\/ld+json\" class=\"yoast-schema-graph\">{\"@context\":\"https:\\\/\\\/schema.org\",\"@graph\":[{\"@type\":\"Article\",\"@id\":\"https:\\\/\\\/www.link2fleet.com\\\/webinar-vlootbeheer-e-car-policy-gemist-bekijk-hier-de-hoogtepunten\\\/#article\",\"isPartOf\":{\"@id\":\"https:\\\/\\\/www.link2fleet.com\\\/webinar-vlootbeheer-e-car-policy-gemist-bekijk-hier-de-hoogtepunten\\\/\"},\"author\":{\"name\":\"Charlotte Balcaen\",\"@id\":\"https:\\\/\\\/www.link2fleet.com\\\/fr\\\/#\\\/schema\\\/person\\\/5a75e4144c070b87bfc9229de64c8566\"},\"headline\":\"Vous avez manqu\u00e9 le webinaire sur la gestion de flotte &#038; (e)car policy ? D\u00e9couvrez ici les moments forts !\",\"datePublished\":\"2025-05-26T19:55:30+00:00\",\"dateModified\":\"2025-05-26T20:45:05+00:00\",\"mainEntityOfPage\":{\"@id\":\"https:\\\/\\\/www.link2fleet.com\\\/webinar-vlootbeheer-e-car-policy-gemist-bekijk-hier-de-hoogtepunten\\\/\"},\"wordCount\":19,\"publisher\":{\"@id\":\"https:\\\/\\\/www.link2fleet.com\\\/fr\\\/#organization\"},\"image\":{\"@id\":\"https:\\\/\\\/www.link2fleet.com\\\/webinar-vlootbeheer-e-car-policy-gemist-bekijk-hier-de-hoogtepunten\\\/#primaryimage\"},\"thumbnailUrl\":\"https:\\\/\\\/static.link2fleet.com\\\/wp-content\\\/uploads\\\/2025\\\/05\\\/fleet-management.png\",\"articleSection\":[\"Gestion de flotte\"],\"inLanguage\":\"fr-FR\"},{\"@type\":\"WebPage\",\"@id\":\"https:\\\/\\\/www.link2fleet.com\\\/webinar-vlootbeheer-e-car-policy-gemist-bekijk-hier-de-hoogtepunten\\\/\",\"url\":\"https:\\\/\\\/www.link2fleet.com\\\/webinar-vlootbeheer-e-car-policy-gemist-bekijk-hier-de-hoogtepunten\\\/\",\"name\":\"Vous avez manqu\u00e9 le webinaire sur la gestion de flotte & (e)car policy ? D\u00e9couvrez ici les moments forts ! - link2fleet\",\"isPartOf\":{\"@id\":\"https:\\\/\\\/www.link2fleet.com\\\/fr\\\/#website\"},\"primaryImageOfPage\":{\"@id\":\"https:\\\/\\\/www.link2fleet.com\\\/webinar-vlootbeheer-e-car-policy-gemist-bekijk-hier-de-hoogtepunten\\\/#primaryimage\"},\"image\":{\"@id\":\"https:\\\/\\\/www.link2fleet.com\\\/webinar-vlootbeheer-e-car-policy-gemist-bekijk-hier-de-hoogtepunten\\\/#primaryimage\"},\"thumbnailUrl\":\"https:\\\/\\\/static.link2fleet.com\\\/wp-content\\\/uploads\\\/2025\\\/05\\\/fleet-management.png\",\"datePublished\":\"2025-05-26T19:55:30+00:00\",\"dateModified\":\"2025-05-26T20:45:05+00:00\",\"breadcrumb\":{\"@id\":\"https:\\\/\\\/www.link2fleet.com\\\/webinar-vlootbeheer-e-car-policy-gemist-bekijk-hier-de-hoogtepunten\\\/#breadcrumb\"},\"inLanguage\":\"fr-FR\",\"potentialAction\":[{\"@type\":\"ReadAction\",\"target\":[\"https:\\\/\\\/www.link2fleet.com\\\/webinar-vlootbeheer-e-car-policy-gemist-bekijk-hier-de-hoogtepunten\\\/\"]}]},{\"@type\":\"ImageObject\",\"inLanguage\":\"fr-FR\",\"@id\":\"https:\\\/\\\/www.link2fleet.com\\\/webinar-vlootbeheer-e-car-policy-gemist-bekijk-hier-de-hoogtepunten\\\/#primaryimage\",\"url\":\"https:\\\/\\\/static.link2fleet.com\\\/wp-content\\\/uploads\\\/2025\\\/05\\\/fleet-management.png\",\"contentUrl\":\"https:\\\/\\\/static.link2fleet.com\\\/wp-content\\\/uploads\\\/2025\\\/05\\\/fleet-management.png\",\"width\":1000,\"height\":500},{\"@type\":\"BreadcrumbList\",\"@id\":\"https:\\\/\\\/www.link2fleet.com\\\/webinar-vlootbeheer-e-car-policy-gemist-bekijk-hier-de-hoogtepunten\\\/#breadcrumb\",\"itemListElement\":[{\"@type\":\"ListItem\",\"position\":1,\"name\":\"Home\",\"item\":\"https:\\\/\\\/www.link2fleet.com\\\/fr\\\/\"},{\"@type\":\"ListItem\",\"position\":2,\"name\":\"Vous avez manqu\u00e9 le webinaire sur la gestion de flotte &#038; (e)car policy ? D\u00e9couvrez ici les moments forts !\"}]},{\"@type\":\"WebSite\",\"@id\":\"https:\\\/\\\/www.link2fleet.com\\\/fr\\\/#website\",\"url\":\"https:\\\/\\\/www.link2fleet.com\\\/fr\\\/\",\"name\":\"Link2fleet\",\"description\":\"\",\"publisher\":{\"@id\":\"https:\\\/\\\/www.link2fleet.com\\\/fr\\\/#organization\"},\"potentialAction\":[{\"@type\":\"SearchAction\",\"target\":{\"@type\":\"EntryPoint\",\"urlTemplate\":\"https:\\\/\\\/www.link2fleet.com\\\/fr\\\/?s={search_term_string}\"},\"query-input\":{\"@type\":\"PropertyValueSpecification\",\"valueRequired\":true,\"valueName\":\"search_term_string\"}}],\"inLanguage\":\"fr-FR\"},{\"@type\":\"Organization\",\"@id\":\"https:\\\/\\\/www.link2fleet.com\\\/fr\\\/#organization\",\"name\":\"Link2fleet\",\"url\":\"https:\\\/\\\/www.link2fleet.com\\\/fr\\\/\",\"logo\":{\"@type\":\"ImageObject\",\"inLanguage\":\"fr-FR\",\"@id\":\"https:\\\/\\\/www.link2fleet.com\\\/fr\\\/#\\\/schema\\\/logo\\\/image\\\/\",\"url\":\"https:\\\/\\\/static.link2fleet.com\\\/wp-content\\\/uploads\\\/2024\\\/03\\\/share-image.jpg\",\"contentUrl\":\"https:\\\/\\\/static.link2fleet.com\\\/wp-content\\\/uploads\\\/2024\\\/03\\\/share-image.jpg\",\"width\":1200,\"height\":630,\"caption\":\"Link2fleet\"},\"image\":{\"@id\":\"https:\\\/\\\/www.link2fleet.com\\\/fr\\\/#\\\/schema\\\/logo\\\/image\\\/\"},\"sameAs\":[\"https:\\\/\\\/www.linkedin.com\\\/company\\\/link2fleet-belgium\",\"https:\\\/\\\/www.youtube.com\\\/user\\\/MMMBMBE\"]},{\"@type\":\"Person\",\"@id\":\"https:\\\/\\\/www.link2fleet.com\\\/fr\\\/#\\\/schema\\\/person\\\/5a75e4144c070b87bfc9229de64c8566\",\"name\":\"Charlotte Balcaen\",\"image\":{\"@type\":\"ImageObject\",\"inLanguage\":\"fr-FR\",\"@id\":\"https:\\\/\\\/secure.gravatar.com\\\/avatar\\\/042c5c6fabb80f8e781406cfdcd5cbb20ff6d1eff6ddf4c40c0be2300b3e9542?s=96&d=mm&r=g\",\"url\":\"https:\\\/\\\/secure.gravatar.com\\\/avatar\\\/042c5c6fabb80f8e781406cfdcd5cbb20ff6d1eff6ddf4c40c0be2300b3e9542?s=96&d=mm&r=g\",\"contentUrl\":\"https:\\\/\\\/secure.gravatar.com\\\/avatar\\\/042c5c6fabb80f8e781406cfdcd5cbb20ff6d1eff6ddf4c40c0be2300b3e9542?s=96&d=mm&r=g\",\"caption\":\"Charlotte Balcaen\"}}]}<\/script>\n<!-- \/ Yoast SEO plugin. -->","yoast_head_json":{"title":"Vous avez manqu\u00e9 le webinaire sur la gestion de flotte & (e)car policy ? D\u00e9couvrez ici les moments forts ! - link2fleet","description":"Vous avez manqu\u00e9 le webinaire \u00ab\u202fGestion de flotte et car policy (\u00e9lectrique)\u202f\u00bb ou souhaitez revoir les principaux enseignements ? Sur cette page, vous trouverez une\u2026","robots":{"index":"index","follow":"follow","max-snippet":"max-snippet:-1","max-image-preview":"max-image-preview:large","max-video-preview":"max-video-preview:-1"},"og_locale":"fr_FR","og_type":"article","og_title":"Vous avez manqu\u00e9 le webinaire sur la gestion de flotte & (e)car policy ? D\u00e9couvrez ici les moments forts ! - link2fleet","og_description":"Vous avez manqu\u00e9 le webinaire \u00ab\u202fGestion de flotte et car policy (\u00e9lectrique)\u202f\u00bb ou souhaitez revoir les principaux enseignements ? Sur cette page, vous trouverez une\u2026","og_url":"https:\/\/www.link2fleet.com\/webinar-vlootbeheer-e-car-policy-gemist-bekijk-hier-de-hoogtepunten\/","og_site_name":"link2fleet","article_published_time":"2025-05-26T19:55:30+00:00","article_modified_time":"2025-05-26T20:45:05+00:00","og_image":[{"width":1000,"height":500,"url":"https:\/\/static.link2fleet.com\/wp-content\/uploads\/2025\/05\/fleet-management.png","type":"image\/png"}],"author":"Charlotte Balcaen","twitter_card":"summary_large_image","twitter_description":"Vous avez manqu\u00e9 le webinaire \u00ab\u202fGestion de flotte et car policy (\u00e9lectrique)\u202f\u00bb ou souhaitez revoir les principaux enseignements ? Sur cette page, vous trouverez une\u2026","twitter_misc":{"\u00c9crit par":"Charlotte Balcaen","Dur\u00e9e de lecture estim\u00e9e":"2 minutes"},"schema":{"@context":"https:\/\/schema.org","@graph":[{"@type":"Article","@id":"https:\/\/www.link2fleet.com\/webinar-vlootbeheer-e-car-policy-gemist-bekijk-hier-de-hoogtepunten\/#article","isPartOf":{"@id":"https:\/\/www.link2fleet.com\/webinar-vlootbeheer-e-car-policy-gemist-bekijk-hier-de-hoogtepunten\/"},"author":{"name":"Charlotte Balcaen","@id":"https:\/\/www.link2fleet.com\/fr\/#\/schema\/person\/5a75e4144c070b87bfc9229de64c8566"},"headline":"Vous avez manqu\u00e9 le webinaire sur la gestion de flotte &#038; (e)car policy ? D\u00e9couvrez ici les moments forts !","datePublished":"2025-05-26T19:55:30+00:00","dateModified":"2025-05-26T20:45:05+00:00","mainEntityOfPage":{"@id":"https:\/\/www.link2fleet.com\/webinar-vlootbeheer-e-car-policy-gemist-bekijk-hier-de-hoogtepunten\/"},"wordCount":19,"publisher":{"@id":"https:\/\/www.link2fleet.com\/fr\/#organization"},"image":{"@id":"https:\/\/www.link2fleet.com\/webinar-vlootbeheer-e-car-policy-gemist-bekijk-hier-de-hoogtepunten\/#primaryimage"},"thumbnailUrl":"https:\/\/static.link2fleet.com\/wp-content\/uploads\/2025\/05\/fleet-management.png","articleSection":["Gestion de flotte"],"inLanguage":"fr-FR"},{"@type":"WebPage","@id":"https:\/\/www.link2fleet.com\/webinar-vlootbeheer-e-car-policy-gemist-bekijk-hier-de-hoogtepunten\/","url":"https:\/\/www.link2fleet.com\/webinar-vlootbeheer-e-car-policy-gemist-bekijk-hier-de-hoogtepunten\/","name":"Vous avez manqu\u00e9 le webinaire sur la gestion de flotte & (e)car policy ? D\u00e9couvrez ici les moments forts ! - link2fleet","isPartOf":{"@id":"https:\/\/www.link2fleet.com\/fr\/#website"},"primaryImageOfPage":{"@id":"https:\/\/www.link2fleet.com\/webinar-vlootbeheer-e-car-policy-gemist-bekijk-hier-de-hoogtepunten\/#primaryimage"},"image":{"@id":"https:\/\/www.link2fleet.com\/webinar-vlootbeheer-e-car-policy-gemist-bekijk-hier-de-hoogtepunten\/#primaryimage"},"thumbnailUrl":"https:\/\/static.link2fleet.com\/wp-content\/uploads\/2025\/05\/fleet-management.png","datePublished":"2025-05-26T19:55:30+00:00","dateModified":"2025-05-26T20:45:05+00:00","breadcrumb":{"@id":"https:\/\/www.link2fleet.com\/webinar-vlootbeheer-e-car-policy-gemist-bekijk-hier-de-hoogtepunten\/#breadcrumb"},"inLanguage":"fr-FR","potentialAction":[{"@type":"ReadAction","target":["https:\/\/www.link2fleet.com\/webinar-vlootbeheer-e-car-policy-gemist-bekijk-hier-de-hoogtepunten\/"]}]},{"@type":"ImageObject","inLanguage":"fr-FR","@id":"https:\/\/www.link2fleet.com\/webinar-vlootbeheer-e-car-policy-gemist-bekijk-hier-de-hoogtepunten\/#primaryimage","url":"https:\/\/static.link2fleet.com\/wp-content\/uploads\/2025\/05\/fleet-management.png","contentUrl":"https:\/\/static.link2fleet.com\/wp-content\/uploads\/2025\/05\/fleet-management.png","width":1000,"height":500},{"@type":"BreadcrumbList","@id":"https:\/\/www.link2fleet.com\/webinar-vlootbeheer-e-car-policy-gemist-bekijk-hier-de-hoogtepunten\/#breadcrumb","itemListElement":[{"@type":"ListItem","position":1,"name":"Home","item":"https:\/\/www.link2fleet.com\/fr\/"},{"@type":"ListItem","position":2,"name":"Vous avez manqu\u00e9 le webinaire sur la gestion de flotte &#038; (e)car policy ? D\u00e9couvrez ici les moments forts !"}]},{"@type":"WebSite","@id":"https:\/\/www.link2fleet.com\/fr\/#website","url":"https:\/\/www.link2fleet.com\/fr\/","name":"Link2fleet","description":"","publisher":{"@id":"https:\/\/www.link2fleet.com\/fr\/#organization"},"potentialAction":[{"@type":"SearchAction","target":{"@type":"EntryPoint","urlTemplate":"https:\/\/www.link2fleet.com\/fr\/?s={search_term_string}"},"query-input":{"@type":"PropertyValueSpecification","valueRequired":true,"valueName":"search_term_string"}}],"inLanguage":"fr-FR"},{"@type":"Organization","@id":"https:\/\/www.link2fleet.com\/fr\/#organization","name":"Link2fleet","url":"https:\/\/www.link2fleet.com\/fr\/","logo":{"@type":"ImageObject","inLanguage":"fr-FR","@id":"https:\/\/www.link2fleet.com\/fr\/#\/schema\/logo\/image\/","url":"https:\/\/static.link2fleet.com\/wp-content\/uploads\/2024\/03\/share-image.jpg","contentUrl":"https:\/\/static.link2fleet.com\/wp-content\/uploads\/2024\/03\/share-image.jpg","width":1200,"height":630,"caption":"Link2fleet"},"image":{"@id":"https:\/\/www.link2fleet.com\/fr\/#\/schema\/logo\/image\/"},"sameAs":["https:\/\/www.linkedin.com\/company\/link2fleet-belgium","https:\/\/www.youtube.com\/user\/MMMBMBE"]},{"@type":"Person","@id":"https:\/\/www.link2fleet.com\/fr\/#\/schema\/person\/5a75e4144c070b87bfc9229de64c8566","name":"Charlotte Balcaen","image":{"@type":"ImageObject","inLanguage":"fr-FR","@id":"https:\/\/secure.gravatar.com\/avatar\/042c5c6fabb80f8e781406cfdcd5cbb20ff6d1eff6ddf4c40c0be2300b3e9542?s=96&d=mm&r=g","url":"https:\/\/secure.gravatar.com\/avatar\/042c5c6fabb80f8e781406cfdcd5cbb20ff6d1eff6ddf4c40c0be2300b3e9542?s=96&d=mm&r=g","contentUrl":"https:\/\/secure.gravatar.com\/avatar\/042c5c6fabb80f8e781406cfdcd5cbb20ff6d1eff6ddf4c40c0be2300b3e9542?s=96&d=mm&r=g","caption":"Charlotte Balcaen"}}]}},"_links":{"self":[{"href":"https:\/\/www.link2fleet.com\/fr\/wp-json\/wp\/v2\/posts\/50088","targetHints":{"allow":["GET"]}}],"collection":[{"href":"https:\/\/www.link2fleet.com\/fr\/wp-json\/wp\/v2\/posts"}],"about":[{"href":"https:\/\/www.link2fleet.com\/fr\/wp-json\/wp\/v2\/types\/post"}],"author":[{"embeddable":true,"href":"https:\/\/www.link2fleet.com\/fr\/wp-json\/wp\/v2\/users\/35"}],"replies":[{"embeddable":true,"href":"https:\/\/www.link2fleet.com\/fr\/wp-json\/wp\/v2\/comments?post=50088"}],"version-history":[{"count":3,"href":"https:\/\/www.link2fleet.com\/fr\/wp-json\/wp\/v2\/posts\/50088\/revisions"}],"predecessor-version":[{"id":50097,"href":"https:\/\/www.link2fleet.com\/fr\/wp-json\/wp\/v2\/posts\/50088\/revisions\/50097"}],"wp:featuredmedia":[{"embeddable":true,"href":"https:\/\/www.link2fleet.com\/fr\/wp-json\/wp\/v2\/media\/50092"}],"wp:attachment":[{"href":"https:\/\/www.link2fleet.com\/fr\/wp-json\/wp\/v2\/media?parent=50088"}],"wp:term":[{"taxonomy":"category","embeddable":true,"href":"https:\/\/www.link2fleet.com\/fr\/wp-json\/wp\/v2\/categories?post=50088"},{"taxonomy":"post_tag","embeddable":true,"href":"https:\/\/www.link2fleet.com\/fr\/wp-json\/wp\/v2\/tags?post=50088"}],"curies":[{"name":"wp","href":"https:\/\/api.w.org\/{rel}","templated":true}]}}