{"id":50333,"date":"2025-05-30T11:19:35","date_gmt":"2025-05-30T09:19:35","guid":{"rendered":"https:\/\/www.link2fleet.com\/?p=50333"},"modified":"2025-05-31T20:51:56","modified_gmt":"2025-05-31T18:51:56","slug":"reforme-de-la-tmc-en-wallonie-cap-sur-une-fiscalite-plus-juste-et-orientee-mobilite-durable","status":"publish","type":"post","link":"https:\/\/www.link2fleet.com\/fr\/reforme-de-la-tmc-en-wallonie-cap-sur-une-fiscalite-plus-juste-et-orientee-mobilite-durable\/","title":{"rendered":"R\u00e9forme de la TMC en Wallonie : cap sur une fiscalit\u00e9 plus juste et orient\u00e9e mobilit\u00e9 durable"},"content":{"rendered":"","protected":false},"excerpt":{"rendered":"","protected":false},"author":4,"featured_media":50422,"comment_status":"closed","ping_status":"closed","sticky":false,"template":"","format":"standard","meta":{"_acf_changed":false,"footnotes":""},"categories":[91,101],"tags":[],"class_list":["post-50333","post","type-post","status-publish","format-standard","has-post-thumbnail","hentry","category-expertise-et-management","category-tax-legal"],"acf":[],"yoast_head":"<!-- This site is optimized with the Yoast SEO plugin v27.3 - https:\/\/yoast.com\/product\/yoast-seo-wordpress\/ -->\n<title>R\u00e9forme de la TMC en Wallonie : cap sur une fiscalit\u00e9 plus juste et orient\u00e9e mobilit\u00e9 durable - link2fleet<\/title>\n<meta name=\"description\" content=\"Le Parlement wallon vient d\u2019ent\u00e9riner la r\u00e9forme de la taxe de mise en circulation (TMC). Un dossier initi\u00e9 sous la l\u00e9gislature pr\u00e9c\u00e9dente, qui conna\u00eet aujourd\u2019hui\u2026\" \/>\n<meta name=\"robots\" content=\"index, follow, max-snippet:-1, max-image-preview:large, max-video-preview:-1\" \/>\n<meta property=\"og:locale\" content=\"fr_FR\" \/>\n<meta property=\"og:type\" content=\"article\" \/>\n<meta property=\"og:title\" content=\"R\u00e9forme de la TMC en Wallonie : cap sur une fiscalit\u00e9 plus juste et orient\u00e9e mobilit\u00e9 durable - link2fleet\" \/>\n<meta property=\"og:description\" content=\"Le Parlement wallon vient d\u2019ent\u00e9riner la r\u00e9forme de la taxe de mise en circulation (TMC). Un dossier initi\u00e9 sous la l\u00e9gislature pr\u00e9c\u00e9dente, qui conna\u00eet aujourd\u2019hui\u2026\" \/>\n<meta property=\"og:url\" content=\"https:\/\/www.link2fleet.com\/hervorming-van-de-biv-in-wallonie-op-naar-een-fiscaliteit-die-rechtvaardiger-is-en-gericht-is-op-duurzame-mobiliteit\/\" \/>\n<meta property=\"og:site_name\" content=\"link2fleet\" \/>\n<meta property=\"article:published_time\" content=\"2025-05-30T09:19:35+00:00\" \/>\n<meta property=\"article:modified_time\" content=\"2025-05-31T18:51:56+00:00\" \/>\n<meta property=\"og:image\" content=\"https:\/\/static.link2fleet.com\/wp-content\/uploads\/2025\/05\/wallonie-1.png\" \/>\n\t<meta property=\"og:image:width\" content=\"1536\" \/>\n\t<meta property=\"og:image:height\" content=\"1024\" \/>\n\t<meta property=\"og:image:type\" content=\"image\/png\" \/>\n<meta name=\"author\" content=\"Damien Malvetti\" \/>\n<meta name=\"twitter:card\" content=\"summary_large_image\" \/>\n<meta name=\"twitter:description\" content=\"Le Parlement wallon vient d\u2019ent\u00e9riner la r\u00e9forme de la taxe de mise en circulation (TMC). Un dossier initi\u00e9 sous la l\u00e9gislature pr\u00e9c\u00e9dente, qui conna\u00eet aujourd\u2019hui\u2026\" \/>\n<meta name=\"twitter:label1\" content=\"\u00c9crit par\" \/>\n\t<meta name=\"twitter:data1\" content=\"Damien Malvetti\" \/>\n\t<meta name=\"twitter:label2\" content=\"Dur\u00e9e de lecture estim\u00e9e\" \/>\n\t<meta name=\"twitter:data2\" content=\"3 minutes\" \/>\n<script type=\"application\/ld+json\" class=\"yoast-schema-graph\">{\"@context\":\"https:\\\/\\\/schema.org\",\"@graph\":[{\"@type\":\"Article\",\"@id\":\"https:\\\/\\\/www.link2fleet.com\\\/hervorming-van-de-biv-in-wallonie-op-naar-een-fiscaliteit-die-rechtvaardiger-is-en-gericht-is-op-duurzame-mobiliteit\\\/#article\",\"isPartOf\":{\"@id\":\"https:\\\/\\\/www.link2fleet.com\\\/hervorming-van-de-biv-in-wallonie-op-naar-een-fiscaliteit-die-rechtvaardiger-is-en-gericht-is-op-duurzame-mobiliteit\\\/\"},\"author\":{\"name\":\"Damien Malvetti\",\"@id\":\"https:\\\/\\\/www.link2fleet.com\\\/fr\\\/#\\\/schema\\\/person\\\/027cd46113c78036b3809c9a054049da\"},\"headline\":\"R\u00e9forme de la TMC en Wallonie : cap sur une fiscalit\u00e9 plus juste et orient\u00e9e mobilit\u00e9 durable\",\"datePublished\":\"2025-05-30T09:19:35+00:00\",\"dateModified\":\"2025-05-31T18:51:56+00:00\",\"mainEntityOfPage\":{\"@id\":\"https:\\\/\\\/www.link2fleet.com\\\/hervorming-van-de-biv-in-wallonie-op-naar-een-fiscaliteit-die-rechtvaardiger-is-en-gericht-is-op-duurzame-mobiliteit\\\/\"},\"wordCount\":18,\"publisher\":{\"@id\":\"https:\\\/\\\/www.link2fleet.com\\\/fr\\\/#organization\"},\"image\":{\"@id\":\"https:\\\/\\\/www.link2fleet.com\\\/hervorming-van-de-biv-in-wallonie-op-naar-een-fiscaliteit-die-rechtvaardiger-is-en-gericht-is-op-duurzame-mobiliteit\\\/#primaryimage\"},\"thumbnailUrl\":\"https:\\\/\\\/static.link2fleet.com\\\/wp-content\\\/uploads\\\/2025\\\/05\\\/wallonie-1.png\",\"articleSection\":[\"Gestion de flotte\",\"Tax &amp; legal\"],\"inLanguage\":\"fr-FR\"},{\"@type\":\"WebPage\",\"@id\":\"https:\\\/\\\/www.link2fleet.com\\\/hervorming-van-de-biv-in-wallonie-op-naar-een-fiscaliteit-die-rechtvaardiger-is-en-gericht-is-op-duurzame-mobiliteit\\\/\",\"url\":\"https:\\\/\\\/www.link2fleet.com\\\/hervorming-van-de-biv-in-wallonie-op-naar-een-fiscaliteit-die-rechtvaardiger-is-en-gericht-is-op-duurzame-mobiliteit\\\/\",\"name\":\"R\u00e9forme de la TMC en Wallonie : cap sur une fiscalit\u00e9 plus juste et orient\u00e9e mobilit\u00e9 durable - link2fleet\",\"isPartOf\":{\"@id\":\"https:\\\/\\\/www.link2fleet.com\\\/fr\\\/#website\"},\"primaryImageOfPage\":{\"@id\":\"https:\\\/\\\/www.link2fleet.com\\\/hervorming-van-de-biv-in-wallonie-op-naar-een-fiscaliteit-die-rechtvaardiger-is-en-gericht-is-op-duurzame-mobiliteit\\\/#primaryimage\"},\"image\":{\"@id\":\"https:\\\/\\\/www.link2fleet.com\\\/hervorming-van-de-biv-in-wallonie-op-naar-een-fiscaliteit-die-rechtvaardiger-is-en-gericht-is-op-duurzame-mobiliteit\\\/#primaryimage\"},\"thumbnailUrl\":\"https:\\\/\\\/static.link2fleet.com\\\/wp-content\\\/uploads\\\/2025\\\/05\\\/wallonie-1.png\",\"datePublished\":\"2025-05-30T09:19:35+00:00\",\"dateModified\":\"2025-05-31T18:51:56+00:00\",\"breadcrumb\":{\"@id\":\"https:\\\/\\\/www.link2fleet.com\\\/hervorming-van-de-biv-in-wallonie-op-naar-een-fiscaliteit-die-rechtvaardiger-is-en-gericht-is-op-duurzame-mobiliteit\\\/#breadcrumb\"},\"inLanguage\":\"fr-FR\",\"potentialAction\":[{\"@type\":\"ReadAction\",\"target\":[\"https:\\\/\\\/www.link2fleet.com\\\/hervorming-van-de-biv-in-wallonie-op-naar-een-fiscaliteit-die-rechtvaardiger-is-en-gericht-is-op-duurzame-mobiliteit\\\/\"]}]},{\"@type\":\"ImageObject\",\"inLanguage\":\"fr-FR\",\"@id\":\"https:\\\/\\\/www.link2fleet.com\\\/hervorming-van-de-biv-in-wallonie-op-naar-een-fiscaliteit-die-rechtvaardiger-is-en-gericht-is-op-duurzame-mobiliteit\\\/#primaryimage\",\"url\":\"https:\\\/\\\/static.link2fleet.com\\\/wp-content\\\/uploads\\\/2025\\\/05\\\/wallonie-1.png\",\"contentUrl\":\"https:\\\/\\\/static.link2fleet.com\\\/wp-content\\\/uploads\\\/2025\\\/05\\\/wallonie-1.png\",\"width\":1536,\"height\":1024},{\"@type\":\"BreadcrumbList\",\"@id\":\"https:\\\/\\\/www.link2fleet.com\\\/hervorming-van-de-biv-in-wallonie-op-naar-een-fiscaliteit-die-rechtvaardiger-is-en-gericht-is-op-duurzame-mobiliteit\\\/#breadcrumb\",\"itemListElement\":[{\"@type\":\"ListItem\",\"position\":1,\"name\":\"Home\",\"item\":\"https:\\\/\\\/www.link2fleet.com\\\/fr\\\/\"},{\"@type\":\"ListItem\",\"position\":2,\"name\":\"R\u00e9forme de la TMC en Wallonie : cap sur une fiscalit\u00e9 plus juste et orient\u00e9e mobilit\u00e9 durable\"}]},{\"@type\":\"WebSite\",\"@id\":\"https:\\\/\\\/www.link2fleet.com\\\/fr\\\/#website\",\"url\":\"https:\\\/\\\/www.link2fleet.com\\\/fr\\\/\",\"name\":\"Link2fleet\",\"description\":\"\",\"publisher\":{\"@id\":\"https:\\\/\\\/www.link2fleet.com\\\/fr\\\/#organization\"},\"potentialAction\":[{\"@type\":\"SearchAction\",\"target\":{\"@type\":\"EntryPoint\",\"urlTemplate\":\"https:\\\/\\\/www.link2fleet.com\\\/fr\\\/?s={search_term_string}\"},\"query-input\":{\"@type\":\"PropertyValueSpecification\",\"valueRequired\":true,\"valueName\":\"search_term_string\"}}],\"inLanguage\":\"fr-FR\"},{\"@type\":\"Organization\",\"@id\":\"https:\\\/\\\/www.link2fleet.com\\\/fr\\\/#organization\",\"name\":\"Link2fleet\",\"url\":\"https:\\\/\\\/www.link2fleet.com\\\/fr\\\/\",\"logo\":{\"@type\":\"ImageObject\",\"inLanguage\":\"fr-FR\",\"@id\":\"https:\\\/\\\/www.link2fleet.com\\\/fr\\\/#\\\/schema\\\/logo\\\/image\\\/\",\"url\":\"https:\\\/\\\/static.link2fleet.com\\\/wp-content\\\/uploads\\\/2024\\\/03\\\/share-image.jpg\",\"contentUrl\":\"https:\\\/\\\/static.link2fleet.com\\\/wp-content\\\/uploads\\\/2024\\\/03\\\/share-image.jpg\",\"width\":1200,\"height\":630,\"caption\":\"Link2fleet\"},\"image\":{\"@id\":\"https:\\\/\\\/www.link2fleet.com\\\/fr\\\/#\\\/schema\\\/logo\\\/image\\\/\"},\"sameAs\":[\"https:\\\/\\\/www.linkedin.com\\\/company\\\/link2fleet-belgium\",\"https:\\\/\\\/www.youtube.com\\\/user\\\/MMMBMBE\"]},{\"@type\":\"Person\",\"@id\":\"https:\\\/\\\/www.link2fleet.com\\\/fr\\\/#\\\/schema\\\/person\\\/027cd46113c78036b3809c9a054049da\",\"name\":\"Damien Malvetti\",\"image\":{\"@type\":\"ImageObject\",\"inLanguage\":\"fr-FR\",\"@id\":\"https:\\\/\\\/secure.gravatar.com\\\/avatar\\\/dd8cc03b49466c735f753ac37f8caa371af16dfed347456ed61f02883255eebb?s=96&d=mm&r=g\",\"url\":\"https:\\\/\\\/secure.gravatar.com\\\/avatar\\\/dd8cc03b49466c735f753ac37f8caa371af16dfed347456ed61f02883255eebb?s=96&d=mm&r=g\",\"contentUrl\":\"https:\\\/\\\/secure.gravatar.com\\\/avatar\\\/dd8cc03b49466c735f753ac37f8caa371af16dfed347456ed61f02883255eebb?s=96&d=mm&r=g\",\"caption\":\"Damien Malvetti\"},\"description\":\"Damien Malvetti is opgeleid als journalist en gepassioneerd door wagens, technologie en mobiliteit. Hij is verantwoordelijk voor de redactionele inhoud van link2fleet en beschikt over een uitgebreide kennis van de fleet-sector en elektrische mobiliteit.\",\"sameAs\":[\"https:\\\/\\\/www.linkedin.com\\\/in\\\/damien-malvetti-56601142\\\/\"]}]}<\/script>\n<!-- \/ Yoast SEO plugin. -->","yoast_head_json":{"title":"R\u00e9forme de la TMC en Wallonie : cap sur une fiscalit\u00e9 plus juste et orient\u00e9e mobilit\u00e9 durable - link2fleet","description":"Le Parlement wallon vient d\u2019ent\u00e9riner la r\u00e9forme de la taxe de mise en circulation (TMC). Un dossier initi\u00e9 sous la l\u00e9gislature pr\u00e9c\u00e9dente, qui conna\u00eet aujourd\u2019hui\u2026","robots":{"index":"index","follow":"follow","max-snippet":"max-snippet:-1","max-image-preview":"max-image-preview:large","max-video-preview":"max-video-preview:-1"},"og_locale":"fr_FR","og_type":"article","og_title":"R\u00e9forme de la TMC en Wallonie : cap sur une fiscalit\u00e9 plus juste et orient\u00e9e mobilit\u00e9 durable - link2fleet","og_description":"Le Parlement wallon vient d\u2019ent\u00e9riner la r\u00e9forme de la taxe de mise en circulation (TMC). Un dossier initi\u00e9 sous la l\u00e9gislature pr\u00e9c\u00e9dente, qui conna\u00eet aujourd\u2019hui\u2026","og_url":"https:\/\/www.link2fleet.com\/hervorming-van-de-biv-in-wallonie-op-naar-een-fiscaliteit-die-rechtvaardiger-is-en-gericht-is-op-duurzame-mobiliteit\/","og_site_name":"link2fleet","article_published_time":"2025-05-30T09:19:35+00:00","article_modified_time":"2025-05-31T18:51:56+00:00","og_image":[{"width":1536,"height":1024,"url":"https:\/\/static.link2fleet.com\/wp-content\/uploads\/2025\/05\/wallonie-1.png","type":"image\/png"}],"author":"Damien Malvetti","twitter_card":"summary_large_image","twitter_description":"Le Parlement wallon vient d\u2019ent\u00e9riner la r\u00e9forme de la taxe de mise en circulation (TMC). Un dossier initi\u00e9 sous la l\u00e9gislature pr\u00e9c\u00e9dente, qui conna\u00eet aujourd\u2019hui\u2026","twitter_misc":{"\u00c9crit par":"Damien Malvetti","Dur\u00e9e de lecture estim\u00e9e":"3 minutes"},"schema":{"@context":"https:\/\/schema.org","@graph":[{"@type":"Article","@id":"https:\/\/www.link2fleet.com\/hervorming-van-de-biv-in-wallonie-op-naar-een-fiscaliteit-die-rechtvaardiger-is-en-gericht-is-op-duurzame-mobiliteit\/#article","isPartOf":{"@id":"https:\/\/www.link2fleet.com\/hervorming-van-de-biv-in-wallonie-op-naar-een-fiscaliteit-die-rechtvaardiger-is-en-gericht-is-op-duurzame-mobiliteit\/"},"author":{"name":"Damien Malvetti","@id":"https:\/\/www.link2fleet.com\/fr\/#\/schema\/person\/027cd46113c78036b3809c9a054049da"},"headline":"R\u00e9forme de la TMC en Wallonie : cap sur une fiscalit\u00e9 plus juste et orient\u00e9e mobilit\u00e9 durable","datePublished":"2025-05-30T09:19:35+00:00","dateModified":"2025-05-31T18:51:56+00:00","mainEntityOfPage":{"@id":"https:\/\/www.link2fleet.com\/hervorming-van-de-biv-in-wallonie-op-naar-een-fiscaliteit-die-rechtvaardiger-is-en-gericht-is-op-duurzame-mobiliteit\/"},"wordCount":18,"publisher":{"@id":"https:\/\/www.link2fleet.com\/fr\/#organization"},"image":{"@id":"https:\/\/www.link2fleet.com\/hervorming-van-de-biv-in-wallonie-op-naar-een-fiscaliteit-die-rechtvaardiger-is-en-gericht-is-op-duurzame-mobiliteit\/#primaryimage"},"thumbnailUrl":"https:\/\/static.link2fleet.com\/wp-content\/uploads\/2025\/05\/wallonie-1.png","articleSection":["Gestion de flotte","Tax &amp; legal"],"inLanguage":"fr-FR"},{"@type":"WebPage","@id":"https:\/\/www.link2fleet.com\/hervorming-van-de-biv-in-wallonie-op-naar-een-fiscaliteit-die-rechtvaardiger-is-en-gericht-is-op-duurzame-mobiliteit\/","url":"https:\/\/www.link2fleet.com\/hervorming-van-de-biv-in-wallonie-op-naar-een-fiscaliteit-die-rechtvaardiger-is-en-gericht-is-op-duurzame-mobiliteit\/","name":"R\u00e9forme de la TMC en Wallonie : cap sur une fiscalit\u00e9 plus juste et orient\u00e9e mobilit\u00e9 durable - link2fleet","isPartOf":{"@id":"https:\/\/www.link2fleet.com\/fr\/#website"},"primaryImageOfPage":{"@id":"https:\/\/www.link2fleet.com\/hervorming-van-de-biv-in-wallonie-op-naar-een-fiscaliteit-die-rechtvaardiger-is-en-gericht-is-op-duurzame-mobiliteit\/#primaryimage"},"image":{"@id":"https:\/\/www.link2fleet.com\/hervorming-van-de-biv-in-wallonie-op-naar-een-fiscaliteit-die-rechtvaardiger-is-en-gericht-is-op-duurzame-mobiliteit\/#primaryimage"},"thumbnailUrl":"https:\/\/static.link2fleet.com\/wp-content\/uploads\/2025\/05\/wallonie-1.png","datePublished":"2025-05-30T09:19:35+00:00","dateModified":"2025-05-31T18:51:56+00:00","breadcrumb":{"@id":"https:\/\/www.link2fleet.com\/hervorming-van-de-biv-in-wallonie-op-naar-een-fiscaliteit-die-rechtvaardiger-is-en-gericht-is-op-duurzame-mobiliteit\/#breadcrumb"},"inLanguage":"fr-FR","potentialAction":[{"@type":"ReadAction","target":["https:\/\/www.link2fleet.com\/hervorming-van-de-biv-in-wallonie-op-naar-een-fiscaliteit-die-rechtvaardiger-is-en-gericht-is-op-duurzame-mobiliteit\/"]}]},{"@type":"ImageObject","inLanguage":"fr-FR","@id":"https:\/\/www.link2fleet.com\/hervorming-van-de-biv-in-wallonie-op-naar-een-fiscaliteit-die-rechtvaardiger-is-en-gericht-is-op-duurzame-mobiliteit\/#primaryimage","url":"https:\/\/static.link2fleet.com\/wp-content\/uploads\/2025\/05\/wallonie-1.png","contentUrl":"https:\/\/static.link2fleet.com\/wp-content\/uploads\/2025\/05\/wallonie-1.png","width":1536,"height":1024},{"@type":"BreadcrumbList","@id":"https:\/\/www.link2fleet.com\/hervorming-van-de-biv-in-wallonie-op-naar-een-fiscaliteit-die-rechtvaardiger-is-en-gericht-is-op-duurzame-mobiliteit\/#breadcrumb","itemListElement":[{"@type":"ListItem","position":1,"name":"Home","item":"https:\/\/www.link2fleet.com\/fr\/"},{"@type":"ListItem","position":2,"name":"R\u00e9forme de la TMC en Wallonie : cap sur une fiscalit\u00e9 plus juste et orient\u00e9e mobilit\u00e9 durable"}]},{"@type":"WebSite","@id":"https:\/\/www.link2fleet.com\/fr\/#website","url":"https:\/\/www.link2fleet.com\/fr\/","name":"Link2fleet","description":"","publisher":{"@id":"https:\/\/www.link2fleet.com\/fr\/#organization"},"potentialAction":[{"@type":"SearchAction","target":{"@type":"EntryPoint","urlTemplate":"https:\/\/www.link2fleet.com\/fr\/?s={search_term_string}"},"query-input":{"@type":"PropertyValueSpecification","valueRequired":true,"valueName":"search_term_string"}}],"inLanguage":"fr-FR"},{"@type":"Organization","@id":"https:\/\/www.link2fleet.com\/fr\/#organization","name":"Link2fleet","url":"https:\/\/www.link2fleet.com\/fr\/","logo":{"@type":"ImageObject","inLanguage":"fr-FR","@id":"https:\/\/www.link2fleet.com\/fr\/#\/schema\/logo\/image\/","url":"https:\/\/static.link2fleet.com\/wp-content\/uploads\/2024\/03\/share-image.jpg","contentUrl":"https:\/\/static.link2fleet.com\/wp-content\/uploads\/2024\/03\/share-image.jpg","width":1200,"height":630,"caption":"Link2fleet"},"image":{"@id":"https:\/\/www.link2fleet.com\/fr\/#\/schema\/logo\/image\/"},"sameAs":["https:\/\/www.linkedin.com\/company\/link2fleet-belgium","https:\/\/www.youtube.com\/user\/MMMBMBE"]},{"@type":"Person","@id":"https:\/\/www.link2fleet.com\/fr\/#\/schema\/person\/027cd46113c78036b3809c9a054049da","name":"Damien Malvetti","image":{"@type":"ImageObject","inLanguage":"fr-FR","@id":"https:\/\/secure.gravatar.com\/avatar\/dd8cc03b49466c735f753ac37f8caa371af16dfed347456ed61f02883255eebb?s=96&d=mm&r=g","url":"https:\/\/secure.gravatar.com\/avatar\/dd8cc03b49466c735f753ac37f8caa371af16dfed347456ed61f02883255eebb?s=96&d=mm&r=g","contentUrl":"https:\/\/secure.gravatar.com\/avatar\/dd8cc03b49466c735f753ac37f8caa371af16dfed347456ed61f02883255eebb?s=96&d=mm&r=g","caption":"Damien Malvetti"},"description":"Damien Malvetti is opgeleid als journalist en gepassioneerd door wagens, technologie en mobiliteit. Hij is verantwoordelijk voor de redactionele inhoud van link2fleet en beschikt over een uitgebreide kennis van de fleet-sector en elektrische mobiliteit.","sameAs":["https:\/\/www.linkedin.com\/in\/damien-malvetti-56601142\/"]}]}},"_links":{"self":[{"href":"https:\/\/www.link2fleet.com\/fr\/wp-json\/wp\/v2\/posts\/50333","targetHints":{"allow":["GET"]}}],"collection":[{"href":"https:\/\/www.link2fleet.com\/fr\/wp-json\/wp\/v2\/posts"}],"about":[{"href":"https:\/\/www.link2fleet.com\/fr\/wp-json\/wp\/v2\/types\/post"}],"author":[{"embeddable":true,"href":"https:\/\/www.link2fleet.com\/fr\/wp-json\/wp\/v2\/users\/4"}],"replies":[{"embeddable":true,"href":"https:\/\/www.link2fleet.com\/fr\/wp-json\/wp\/v2\/comments?post=50333"}],"version-history":[{"count":3,"href":"https:\/\/www.link2fleet.com\/fr\/wp-json\/wp\/v2\/posts\/50333\/revisions"}],"predecessor-version":[{"id":50339,"href":"https:\/\/www.link2fleet.com\/fr\/wp-json\/wp\/v2\/posts\/50333\/revisions\/50339"}],"wp:featuredmedia":[{"embeddable":true,"href":"https:\/\/www.link2fleet.com\/fr\/wp-json\/wp\/v2\/media\/50422"}],"wp:attachment":[{"href":"https:\/\/www.link2fleet.com\/fr\/wp-json\/wp\/v2\/media?parent=50333"}],"wp:term":[{"taxonomy":"category","embeddable":true,"href":"https:\/\/www.link2fleet.com\/fr\/wp-json\/wp\/v2\/categories?post=50333"},{"taxonomy":"post_tag","embeddable":true,"href":"https:\/\/www.link2fleet.com\/fr\/wp-json\/wp\/v2\/tags?post=50333"}],"curies":[{"name":"wp","href":"https:\/\/api.w.org\/{rel}","templated":true}]}}