{"id":5085,"date":"2021-10-25T11:01:57","date_gmt":"2021-10-25T09:01:57","guid":{"rendered":"https:\/\/www.link2fleet.com\/alphabet-devoile-une-nouvelle-image-de-marque-et-ses-valeurs-en-relation-avec-un-marche-de-la-mobilite-en-pleine-mutation\/"},"modified":"2024-04-17T16:48:32","modified_gmt":"2024-04-17T14:48:32","slug":"alphabet-devoile-une-nouvelle-image-de-marque-et-ses-valeurs-en-relation-avec-un-marche-de-la-mobilite-en-pleine-mutation","status":"publish","type":"post","link":"https:\/\/www.link2fleet.com\/fr\/alphabet-devoile-une-nouvelle-image-de-marque-et-ses-valeurs-en-relation-avec-un-marche-de-la-mobilite-en-pleine-mutation\/","title":{"rendered":"Alphabet d\u00e9voile une nouvelle image de marque et ses valeurs en relation avec un march\u00e9 de la mobilit\u00e9 en pleine mutation"},"content":{"rendered":"<p><span class=\"Apple-converted-space\">\u00a0<\/span>Alphabet, l&rsquo;un des principaux fournisseurs de solutions de mobilit\u00e9, a d\u00e9voil\u00e9 aujourd&rsquo;hui sa nouvelle image de marque et son orientation strat\u00e9gique. Il s&rsquo;agit d&rsquo;une \u00e9tape importante pour l&rsquo;entreprise, qui op\u00e8re avec succ\u00e8s dans le secteur du leasing depuis 1997. \u00ab Alphabet est une entreprise tourn\u00e9e vers l&rsquo;avenir. L&rsquo;identification et l&rsquo;anticipation des tendances en mati\u00e8re de mobilit\u00e9, la mise en oeuvre de nouvelles solutions et technologies de mobilit\u00e9 et le pouvoir de changement sont ce que nous repr\u00e9sentons et ce que nous sommes. Le secteur \u00e9volue rapidement, il est donc temps d&rsquo;adapter notre image de marque. \u00bb, d\u00e9clare Erik Swerts, Managing Director d&rsquo;Alphabet Belgique.<span class=\"Apple-converted-space\">\u00a0<\/span><\/p>\n<p style=\"text-align: center;\"><a href=\"https:\/\/www.link2fleet.com\/wp-content\/uploads\/2021\/10\/alphabet_logo_screen_pos_dblue.png\"><img loading=\"lazy\" decoding=\"async\" class=\"size-medium wp-image-1272259 aligncenter\" src=\"https:\/\/www.link2fleet.com\/wp-content\/uploads\/2021\/10\/alphabet_logo_screen_pos_dblue-300x36.png\" alt=\"\" width=\"300\" height=\"36\" \/><\/a><\/p>\n<p><a href=\"https:\/\/www.link2fleet.com\/wp-content\/uploads\/2021\/10\/Template_Header_Variante_03_4.jpg\"><img loading=\"lazy\" decoding=\"async\" class=\"alignright size-medium wp-image-1272257\" src=\"https:\/\/www.link2fleet.com\/wp-content\/uploads\/2021\/10\/Template_Header_Variante_03_4-300x175.jpg\" alt=\"\" width=\"300\" height=\"175\" \/><\/a>Un point important est l&rsquo;engagement de l&rsquo;entreprise en faveur de la durabilit\u00e9. \u00ab La durabilit\u00e9 est un \u00e9l\u00e9ment incontournable de notre soci\u00e9t\u00e9 actuelle et nous voulons jouer un r\u00f4le fondamental dans son \u00e9volution \u00bb, d\u00e9clare Erik Swerts. \u00ab Cet \u00e9t\u00e9, l&rsquo;UE a enfin annonc\u00e9 que l&rsquo;Europe devait \u00eatre le premier continent climatiquement neutre d&rsquo;ici 2050. Cela accro\u00eet clairement le besoin d&rsquo;action de la part de nos clients, mais aussi de notre part en tant que fournisseur de mobilit\u00e9. Les v\u00e9hicules utilitaires sont non seulement deux fois plus nombreux sur les routes que les voitures, mais ils repr\u00e9sentent \u00e9galement plus de 60 % de tous les v\u00e9hicules neufs vendus en Europe. Dans ce contexte, l&rsquo;\u00e9lectrification et donc la d\u00e9carbonisation des flottes de v\u00e9hicules sont particuli\u00e8rement importantes pour atteindre les objectifs climatiques. Il sera plus important que jamais de s&rsquo;appuyer non seulement sur notre solide expertise en mati\u00e8re de conseil, mais aussi de d\u00e9velopper en permanence des services accessibles et plus flexibles avec cr\u00e9ativit\u00e9 et excellence. Cet engagement et la relation de confiance avec nos clients et leurs dirigeants nous distinguent de la concurrence. \u00bb<span class=\"Apple-converted-space\">\u00a0<\/span><\/p>\n<p>Alphabet entend promouvoir la durabilit\u00e9 en \u00e9largissant son offre actuelle d&rsquo;eMobilit\u00e9 et en proposant de nouvelles options de mobilit\u00e9 via AlphaElectric. Avec la mise en oeuvre du \u00ab\u00a0conseil durable\u00a0\u00bb, Alphabet offre \u00e0 ses clients son savoir-faire dans le domaine des objectifs de CO2, de la neutralit\u00e9 en CO2 et d&rsquo;autres th\u00e8mes li\u00e9s \u00e0 la durabilit\u00e9.<\/p>\n<p><a href=\"https:\/\/www.link2fleet.com\/wp-content\/uploads\/2021\/10\/Template_Header_Variante_03_3.jpg\"><img loading=\"lazy\" decoding=\"async\" class=\"alignleft size-medium wp-image-1272255\" src=\"https:\/\/www.link2fleet.com\/wp-content\/uploads\/2021\/10\/Template_Header_Variante_03_3-300x175.jpg\" alt=\"\" width=\"300\" height=\"175\" \/><\/a>La num\u00e9risation est un autre catalyseur des changements \u00e0 venir. L&rsquo;avenir de la mobilit\u00e9 sera d\u00e9fini par des solutions num\u00e9riques qui faciliteront grandement la vie des clients. Cela va de pair avec l&rsquo;offre de solutions flexibles, qui aident en m\u00eame temps le client \u00e0 s&rsquo;orienter dans la complexit\u00e9 et la multitude toujours croissantes des solutions de mobilit\u00e9. Un exemple de cette solution num\u00e9rique pratique est l&rsquo;application AlphaGuide, qui combine une multitude de services simple d\u2019utilisation avec la connectivit\u00e9 pour rendre la mobilit\u00e9 aussi accessible que possible pour les d\u00e9cideurs et les utilisateurs. La nouvelle identit\u00e9 de marque refl\u00e8te cette conception profond\u00e9ment ancr\u00e9e du service et de l&rsquo;orientation client et traduit la nouvelle orientation d&rsquo;Alphabet en une nouvelle promesse de marque et un nouveau slogan : \u00ab Your Mobility. Made Easy \u00bb.<span class=\"Apple-converted-space\">\u00a0<\/span><\/p>\n<p><a href=\"https:\/\/www.link2fleet.com\/wp-content\/uploads\/2021\/10\/Template_Header_Variante_03_2.jpg\"><img loading=\"lazy\" decoding=\"async\" class=\"alignright size-medium wp-image-1272253\" src=\"https:\/\/www.link2fleet.com\/wp-content\/uploads\/2021\/10\/Template_Header_Variante_03_2-300x175.jpg\" alt=\"\" width=\"300\" height=\"175\" \/><\/a>Avec ce nouveau logo simplifi\u00e9, l&rsquo;apparence et la pr\u00e9sence d&rsquo;Alphabet sur le march\u00e9 sont rendues plus attrayantes, \u00e9motionnelles et modernes. Pour cr\u00e9er ce look, les \u00e9l\u00e9ments de conception cl\u00e9s de l&rsquo;ancienne expression de la marque ont \u00e9t\u00e9 r\u00e9interpr\u00e9t\u00e9s et de nouvelles facettes ont \u00e9t\u00e9 ajout\u00e9es pour rendre la marque plus num\u00e9rique et plus vivante. \u00ab Le nouveau design est aussi agile et moderne que nous le sommes. Mais il s&rsquo;agit de bien plus qu&rsquo;une simple question d&rsquo;esth\u00e9tique. Il refl\u00e8te principalement les changements que nous vivons en tant qu&rsquo;entreprise \u00bb, explique Erik Swerts. La nouvelle marque prend forme \u00e0 travers un nouveau design du logo Alphabet et de nouvelles couleurs &#8211; un bleu profond, un corail chaud et un bleu clair frais &#8211; pour cr\u00e9er une image de marque moderne et contemporaine. Avec une nouvelle police de caract\u00e8res, la marque Alphabet est optimis\u00e9e pour communiquer dans le monde num\u00e9rique avec ses clients et autres parties prenantes sur 31 march\u00e9s.<span class=\"Apple-converted-space\">\u00a0<\/span><\/p>\n<p><a href=\"https:\/\/www.link2fleet.com\/wp-content\/uploads\/2021\/10\/Template_Header_Variante_03_1.jpg\"><img loading=\"lazy\" decoding=\"async\" class=\"alignleft wp-image-1272251 size-medium\" src=\"https:\/\/www.link2fleet.com\/wp-content\/uploads\/2021\/10\/Template_Header_Variante_03_1-300x175.jpg\" alt=\"\" width=\"300\" height=\"175\" \/><\/a>Gr\u00e2ce \u00e0 cet actualisation de la marque, Alphabet souligne sa nouvelle position et ses valeurs d&rsquo;entreprise. Responsabilit\u00e9, expertise et partenariat sont les valeurs fondamentales pour simplifier Alphabet, le moderniser et construire la nouvelle base de la marque. \u00ab Nous encourageons activement le changement, tant pour nos clients que pour nous-m\u00eames. \u00bb, conclut Erik Swerts.<span class=\"Apple-converted-space\">\u00a0<\/span><\/p>\n","protected":false},"excerpt":{"rendered":"<p>\u00a0Alphabet, l&rsquo;un des principaux fournisseurs de solutions de mobilit\u00e9, a d\u00e9voil\u00e9 aujourd&rsquo;hui sa nouvelle image de marque et son orientation strat\u00e9gique. Il s&rsquo;agit d&rsquo;une \u00e9tape importante pour l&rsquo;entreprise, qui op\u00e8re avec succ\u00e8s dans le secteur du leasing depuis 1997. \u00ab Alphabet est une entreprise tourn\u00e9e vers l&rsquo;avenir. L&rsquo;identification et l&rsquo;anticipation des tendances en mati\u00e8re de [&hellip;]<\/p>\n","protected":false},"author":4,"featured_media":5086,"comment_status":"closed","ping_status":"closed","sticky":false,"template":"","format":"standard","meta":{"_acf_changed":false,"footnotes":""},"categories":[91,79],"tags":[],"class_list":["post-5085","post","type-post","status-publish","format-standard","has-post-thumbnail","hentry","category-expertise-et-management","category-societes-de-leasing"],"acf":[],"yoast_head":"<!-- This site is optimized with the Yoast SEO plugin v27.3 - https:\/\/yoast.com\/product\/yoast-seo-wordpress\/ -->\n<title>Alphabet d\u00e9voile une nouvelle image de marque et ses valeurs en relation avec un march\u00e9 de la mobilit\u00e9 en pleine mutation - link2fleet<\/title>\n<meta name=\"description\" content=\"La nouvelle orientation strat\u00e9gique de la soci\u00e9t\u00e9 se refl\u00e8te dans le logo et l&rsquo;identit\u00e9 d&rsquo;entreprise actualis\u00e9s. Alphabet fait ainsi un grand pas en avant dans\u2026\" \/>\n<meta name=\"robots\" content=\"index, follow, max-snippet:-1, max-image-preview:large, max-video-preview:-1\" \/>\n<meta property=\"og:locale\" content=\"fr_FR\" \/>\n<meta property=\"og:type\" content=\"article\" \/>\n<meta property=\"og:title\" content=\"Alphabet d\u00e9voile une nouvelle image de marque et ses valeurs en relation avec un march\u00e9 de la mobilit\u00e9 en pleine mutation - link2fleet\" \/>\n<meta property=\"og:description\" content=\"La nouvelle orientation strat\u00e9gique de la soci\u00e9t\u00e9 se refl\u00e8te dans le logo et l&rsquo;identit\u00e9 d&rsquo;entreprise actualis\u00e9s. Alphabet fait ainsi un grand pas en avant dans\u2026\" \/>\n<meta property=\"og:url\" content=\"https:\/\/www.link2fleet.com\/fr\/alphabet-devoile-une-nouvelle-image-de-marque-et-ses-valeurs-en-relation-avec-un-marche-de-la-mobilite-en-pleine-mutation\/\" \/>\n<meta property=\"og:site_name\" content=\"link2fleet\" \/>\n<meta property=\"article:published_time\" content=\"2021-10-25T09:01:57+00:00\" \/>\n<meta property=\"article:modified_time\" content=\"2024-04-17T14:48:32+00:00\" \/>\n<meta property=\"og:image\" content=\"https:\/\/static.link2fleet.com\/wp-content\/uploads\/2024\/03\/alphabetchangename.png\" \/>\n\t<meta property=\"og:image:width\" content=\"2144\" \/>\n\t<meta property=\"og:image:height\" content=\"1408\" \/>\n\t<meta property=\"og:image:type\" content=\"image\/png\" \/>\n<meta name=\"author\" content=\"Damien Malvetti\" \/>\n<meta name=\"twitter:card\" content=\"summary_large_image\" \/>\n<meta name=\"twitter:description\" content=\"La nouvelle orientation strat\u00e9gique de la soci\u00e9t\u00e9 se refl\u00e8te dans le logo et l&rsquo;identit\u00e9 d&rsquo;entreprise actualis\u00e9s. Alphabet fait ainsi un grand pas en avant dans\u2026\" \/>\n<meta name=\"twitter:label1\" content=\"\u00c9crit par\" \/>\n\t<meta name=\"twitter:data1\" content=\"Damien Malvetti\" \/>\n\t<meta name=\"twitter:label2\" content=\"Dur\u00e9e de lecture estim\u00e9e\" \/>\n\t<meta name=\"twitter:data2\" content=\"4 minutes\" \/>\n<script type=\"application\/ld+json\" class=\"yoast-schema-graph\">{\"@context\":\"https:\\\/\\\/schema.org\",\"@graph\":[{\"@type\":\"Article\",\"@id\":\"https:\\\/\\\/www.link2fleet.com\\\/fr\\\/alphabet-devoile-une-nouvelle-image-de-marque-et-ses-valeurs-en-relation-avec-un-marche-de-la-mobilite-en-pleine-mutation\\\/#article\",\"isPartOf\":{\"@id\":\"https:\\\/\\\/www.link2fleet.com\\\/fr\\\/alphabet-devoile-une-nouvelle-image-de-marque-et-ses-valeurs-en-relation-avec-un-marche-de-la-mobilite-en-pleine-mutation\\\/\"},\"author\":{\"name\":\"Damien Malvetti\",\"@id\":\"https:\\\/\\\/www.link2fleet.com\\\/fr\\\/#\\\/schema\\\/person\\\/027cd46113c78036b3809c9a054049da\"},\"headline\":\"Alphabet d\u00e9voile une nouvelle image de marque et ses valeurs en relation avec un march\u00e9 de la mobilit\u00e9 en pleine mutation\",\"datePublished\":\"2021-10-25T09:01:57+00:00\",\"dateModified\":\"2024-04-17T14:48:32+00:00\",\"mainEntityOfPage\":{\"@id\":\"https:\\\/\\\/www.link2fleet.com\\\/fr\\\/alphabet-devoile-une-nouvelle-image-de-marque-et-ses-valeurs-en-relation-avec-un-marche-de-la-mobilite-en-pleine-mutation\\\/\"},\"wordCount\":768,\"publisher\":{\"@id\":\"https:\\\/\\\/www.link2fleet.com\\\/fr\\\/#organization\"},\"image\":{\"@id\":\"https:\\\/\\\/www.link2fleet.com\\\/fr\\\/alphabet-devoile-une-nouvelle-image-de-marque-et-ses-valeurs-en-relation-avec-un-marche-de-la-mobilite-en-pleine-mutation\\\/#primaryimage\"},\"thumbnailUrl\":\"https:\\\/\\\/static.link2fleet.com\\\/wp-content\\\/uploads\\\/2024\\\/03\\\/alphabetchangename.png\",\"articleSection\":[\"Gestion de flotte\",\"Location long-terme\"],\"inLanguage\":\"fr-FR\"},{\"@type\":\"WebPage\",\"@id\":\"https:\\\/\\\/www.link2fleet.com\\\/fr\\\/alphabet-devoile-une-nouvelle-image-de-marque-et-ses-valeurs-en-relation-avec-un-marche-de-la-mobilite-en-pleine-mutation\\\/\",\"url\":\"https:\\\/\\\/www.link2fleet.com\\\/fr\\\/alphabet-devoile-une-nouvelle-image-de-marque-et-ses-valeurs-en-relation-avec-un-marche-de-la-mobilite-en-pleine-mutation\\\/\",\"name\":\"Alphabet d\u00e9voile une nouvelle image de marque et ses valeurs en relation avec un march\u00e9 de la mobilit\u00e9 en pleine mutation - link2fleet\",\"isPartOf\":{\"@id\":\"https:\\\/\\\/www.link2fleet.com\\\/fr\\\/#website\"},\"primaryImageOfPage\":{\"@id\":\"https:\\\/\\\/www.link2fleet.com\\\/fr\\\/alphabet-devoile-une-nouvelle-image-de-marque-et-ses-valeurs-en-relation-avec-un-marche-de-la-mobilite-en-pleine-mutation\\\/#primaryimage\"},\"image\":{\"@id\":\"https:\\\/\\\/www.link2fleet.com\\\/fr\\\/alphabet-devoile-une-nouvelle-image-de-marque-et-ses-valeurs-en-relation-avec-un-marche-de-la-mobilite-en-pleine-mutation\\\/#primaryimage\"},\"thumbnailUrl\":\"https:\\\/\\\/static.link2fleet.com\\\/wp-content\\\/uploads\\\/2024\\\/03\\\/alphabetchangename.png\",\"datePublished\":\"2021-10-25T09:01:57+00:00\",\"dateModified\":\"2024-04-17T14:48:32+00:00\",\"breadcrumb\":{\"@id\":\"https:\\\/\\\/www.link2fleet.com\\\/fr\\\/alphabet-devoile-une-nouvelle-image-de-marque-et-ses-valeurs-en-relation-avec-un-marche-de-la-mobilite-en-pleine-mutation\\\/#breadcrumb\"},\"inLanguage\":\"fr-FR\",\"potentialAction\":[{\"@type\":\"ReadAction\",\"target\":[\"https:\\\/\\\/www.link2fleet.com\\\/fr\\\/alphabet-devoile-une-nouvelle-image-de-marque-et-ses-valeurs-en-relation-avec-un-marche-de-la-mobilite-en-pleine-mutation\\\/\"]}]},{\"@type\":\"ImageObject\",\"inLanguage\":\"fr-FR\",\"@id\":\"https:\\\/\\\/www.link2fleet.com\\\/fr\\\/alphabet-devoile-une-nouvelle-image-de-marque-et-ses-valeurs-en-relation-avec-un-marche-de-la-mobilite-en-pleine-mutation\\\/#primaryimage\",\"url\":\"https:\\\/\\\/static.link2fleet.com\\\/wp-content\\\/uploads\\\/2024\\\/03\\\/alphabetchangename.png\",\"contentUrl\":\"https:\\\/\\\/static.link2fleet.com\\\/wp-content\\\/uploads\\\/2024\\\/03\\\/alphabetchangename.png\",\"width\":2144,\"height\":1408,\"caption\":\"|||||\"},{\"@type\":\"BreadcrumbList\",\"@id\":\"https:\\\/\\\/www.link2fleet.com\\\/fr\\\/alphabet-devoile-une-nouvelle-image-de-marque-et-ses-valeurs-en-relation-avec-un-marche-de-la-mobilite-en-pleine-mutation\\\/#breadcrumb\",\"itemListElement\":[{\"@type\":\"ListItem\",\"position\":1,\"name\":\"Home\",\"item\":\"https:\\\/\\\/www.link2fleet.com\\\/fr\\\/\"},{\"@type\":\"ListItem\",\"position\":2,\"name\":\"Alphabet d\u00e9voile une nouvelle image de marque et ses valeurs en relation avec un march\u00e9 de la mobilit\u00e9 en pleine mutation\"}]},{\"@type\":\"WebSite\",\"@id\":\"https:\\\/\\\/www.link2fleet.com\\\/fr\\\/#website\",\"url\":\"https:\\\/\\\/www.link2fleet.com\\\/fr\\\/\",\"name\":\"Link2fleet\",\"description\":\"\",\"publisher\":{\"@id\":\"https:\\\/\\\/www.link2fleet.com\\\/fr\\\/#organization\"},\"potentialAction\":[{\"@type\":\"SearchAction\",\"target\":{\"@type\":\"EntryPoint\",\"urlTemplate\":\"https:\\\/\\\/www.link2fleet.com\\\/fr\\\/?s={search_term_string}\"},\"query-input\":{\"@type\":\"PropertyValueSpecification\",\"valueRequired\":true,\"valueName\":\"search_term_string\"}}],\"inLanguage\":\"fr-FR\"},{\"@type\":\"Organization\",\"@id\":\"https:\\\/\\\/www.link2fleet.com\\\/fr\\\/#organization\",\"name\":\"Link2fleet\",\"url\":\"https:\\\/\\\/www.link2fleet.com\\\/fr\\\/\",\"logo\":{\"@type\":\"ImageObject\",\"inLanguage\":\"fr-FR\",\"@id\":\"https:\\\/\\\/www.link2fleet.com\\\/fr\\\/#\\\/schema\\\/logo\\\/image\\\/\",\"url\":\"https:\\\/\\\/static.link2fleet.com\\\/wp-content\\\/uploads\\\/2024\\\/03\\\/share-image.jpg\",\"contentUrl\":\"https:\\\/\\\/static.link2fleet.com\\\/wp-content\\\/uploads\\\/2024\\\/03\\\/share-image.jpg\",\"width\":1200,\"height\":630,\"caption\":\"Link2fleet\"},\"image\":{\"@id\":\"https:\\\/\\\/www.link2fleet.com\\\/fr\\\/#\\\/schema\\\/logo\\\/image\\\/\"},\"sameAs\":[\"https:\\\/\\\/www.linkedin.com\\\/company\\\/link2fleet-belgium\",\"https:\\\/\\\/www.youtube.com\\\/user\\\/MMMBMBE\"]},{\"@type\":\"Person\",\"@id\":\"https:\\\/\\\/www.link2fleet.com\\\/fr\\\/#\\\/schema\\\/person\\\/027cd46113c78036b3809c9a054049da\",\"name\":\"Damien Malvetti\",\"image\":{\"@type\":\"ImageObject\",\"inLanguage\":\"fr-FR\",\"@id\":\"https:\\\/\\\/secure.gravatar.com\\\/avatar\\\/dd8cc03b49466c735f753ac37f8caa371af16dfed347456ed61f02883255eebb?s=96&d=mm&r=g\",\"url\":\"https:\\\/\\\/secure.gravatar.com\\\/avatar\\\/dd8cc03b49466c735f753ac37f8caa371af16dfed347456ed61f02883255eebb?s=96&d=mm&r=g\",\"contentUrl\":\"https:\\\/\\\/secure.gravatar.com\\\/avatar\\\/dd8cc03b49466c735f753ac37f8caa371af16dfed347456ed61f02883255eebb?s=96&d=mm&r=g\",\"caption\":\"Damien Malvetti\"},\"description\":\"Damien Malvetti is opgeleid als journalist en gepassioneerd door wagens, technologie en mobiliteit. Hij is verantwoordelijk voor de redactionele inhoud van link2fleet en beschikt over een uitgebreide kennis van de fleet-sector en elektrische mobiliteit.\",\"sameAs\":[\"https:\\\/\\\/www.linkedin.com\\\/in\\\/damien-malvetti-56601142\\\/\"]}]}<\/script>\n<!-- \/ Yoast SEO plugin. -->","yoast_head_json":{"title":"Alphabet d\u00e9voile une nouvelle image de marque et ses valeurs en relation avec un march\u00e9 de la mobilit\u00e9 en pleine mutation - link2fleet","description":"La nouvelle orientation strat\u00e9gique de la soci\u00e9t\u00e9 se refl\u00e8te dans le logo et l&rsquo;identit\u00e9 d&rsquo;entreprise actualis\u00e9s. Alphabet fait ainsi un grand pas en avant dans\u2026","robots":{"index":"index","follow":"follow","max-snippet":"max-snippet:-1","max-image-preview":"max-image-preview:large","max-video-preview":"max-video-preview:-1"},"og_locale":"fr_FR","og_type":"article","og_title":"Alphabet d\u00e9voile une nouvelle image de marque et ses valeurs en relation avec un march\u00e9 de la mobilit\u00e9 en pleine mutation - link2fleet","og_description":"La nouvelle orientation strat\u00e9gique de la soci\u00e9t\u00e9 se refl\u00e8te dans le logo et l&rsquo;identit\u00e9 d&rsquo;entreprise actualis\u00e9s. Alphabet fait ainsi un grand pas en avant dans\u2026","og_url":"https:\/\/www.link2fleet.com\/fr\/alphabet-devoile-une-nouvelle-image-de-marque-et-ses-valeurs-en-relation-avec-un-marche-de-la-mobilite-en-pleine-mutation\/","og_site_name":"link2fleet","article_published_time":"2021-10-25T09:01:57+00:00","article_modified_time":"2024-04-17T14:48:32+00:00","og_image":[{"width":2144,"height":1408,"url":"https:\/\/static.link2fleet.com\/wp-content\/uploads\/2024\/03\/alphabetchangename.png","type":"image\/png"}],"author":"Damien Malvetti","twitter_card":"summary_large_image","twitter_description":"La nouvelle orientation strat\u00e9gique de la soci\u00e9t\u00e9 se refl\u00e8te dans le logo et l&rsquo;identit\u00e9 d&rsquo;entreprise actualis\u00e9s. Alphabet fait ainsi un grand pas en avant dans\u2026","twitter_misc":{"\u00c9crit par":"Damien Malvetti","Dur\u00e9e de lecture estim\u00e9e":"4 minutes"},"schema":{"@context":"https:\/\/schema.org","@graph":[{"@type":"Article","@id":"https:\/\/www.link2fleet.com\/fr\/alphabet-devoile-une-nouvelle-image-de-marque-et-ses-valeurs-en-relation-avec-un-marche-de-la-mobilite-en-pleine-mutation\/#article","isPartOf":{"@id":"https:\/\/www.link2fleet.com\/fr\/alphabet-devoile-une-nouvelle-image-de-marque-et-ses-valeurs-en-relation-avec-un-marche-de-la-mobilite-en-pleine-mutation\/"},"author":{"name":"Damien Malvetti","@id":"https:\/\/www.link2fleet.com\/fr\/#\/schema\/person\/027cd46113c78036b3809c9a054049da"},"headline":"Alphabet d\u00e9voile une nouvelle image de marque et ses valeurs en relation avec un march\u00e9 de la mobilit\u00e9 en pleine mutation","datePublished":"2021-10-25T09:01:57+00:00","dateModified":"2024-04-17T14:48:32+00:00","mainEntityOfPage":{"@id":"https:\/\/www.link2fleet.com\/fr\/alphabet-devoile-une-nouvelle-image-de-marque-et-ses-valeurs-en-relation-avec-un-marche-de-la-mobilite-en-pleine-mutation\/"},"wordCount":768,"publisher":{"@id":"https:\/\/www.link2fleet.com\/fr\/#organization"},"image":{"@id":"https:\/\/www.link2fleet.com\/fr\/alphabet-devoile-une-nouvelle-image-de-marque-et-ses-valeurs-en-relation-avec-un-marche-de-la-mobilite-en-pleine-mutation\/#primaryimage"},"thumbnailUrl":"https:\/\/static.link2fleet.com\/wp-content\/uploads\/2024\/03\/alphabetchangename.png","articleSection":["Gestion de flotte","Location long-terme"],"inLanguage":"fr-FR"},{"@type":"WebPage","@id":"https:\/\/www.link2fleet.com\/fr\/alphabet-devoile-une-nouvelle-image-de-marque-et-ses-valeurs-en-relation-avec-un-marche-de-la-mobilite-en-pleine-mutation\/","url":"https:\/\/www.link2fleet.com\/fr\/alphabet-devoile-une-nouvelle-image-de-marque-et-ses-valeurs-en-relation-avec-un-marche-de-la-mobilite-en-pleine-mutation\/","name":"Alphabet d\u00e9voile une nouvelle image de marque et ses valeurs en relation avec un march\u00e9 de la mobilit\u00e9 en pleine mutation - link2fleet","isPartOf":{"@id":"https:\/\/www.link2fleet.com\/fr\/#website"},"primaryImageOfPage":{"@id":"https:\/\/www.link2fleet.com\/fr\/alphabet-devoile-une-nouvelle-image-de-marque-et-ses-valeurs-en-relation-avec-un-marche-de-la-mobilite-en-pleine-mutation\/#primaryimage"},"image":{"@id":"https:\/\/www.link2fleet.com\/fr\/alphabet-devoile-une-nouvelle-image-de-marque-et-ses-valeurs-en-relation-avec-un-marche-de-la-mobilite-en-pleine-mutation\/#primaryimage"},"thumbnailUrl":"https:\/\/static.link2fleet.com\/wp-content\/uploads\/2024\/03\/alphabetchangename.png","datePublished":"2021-10-25T09:01:57+00:00","dateModified":"2024-04-17T14:48:32+00:00","breadcrumb":{"@id":"https:\/\/www.link2fleet.com\/fr\/alphabet-devoile-une-nouvelle-image-de-marque-et-ses-valeurs-en-relation-avec-un-marche-de-la-mobilite-en-pleine-mutation\/#breadcrumb"},"inLanguage":"fr-FR","potentialAction":[{"@type":"ReadAction","target":["https:\/\/www.link2fleet.com\/fr\/alphabet-devoile-une-nouvelle-image-de-marque-et-ses-valeurs-en-relation-avec-un-marche-de-la-mobilite-en-pleine-mutation\/"]}]},{"@type":"ImageObject","inLanguage":"fr-FR","@id":"https:\/\/www.link2fleet.com\/fr\/alphabet-devoile-une-nouvelle-image-de-marque-et-ses-valeurs-en-relation-avec-un-marche-de-la-mobilite-en-pleine-mutation\/#primaryimage","url":"https:\/\/static.link2fleet.com\/wp-content\/uploads\/2024\/03\/alphabetchangename.png","contentUrl":"https:\/\/static.link2fleet.com\/wp-content\/uploads\/2024\/03\/alphabetchangename.png","width":2144,"height":1408,"caption":"|||||"},{"@type":"BreadcrumbList","@id":"https:\/\/www.link2fleet.com\/fr\/alphabet-devoile-une-nouvelle-image-de-marque-et-ses-valeurs-en-relation-avec-un-marche-de-la-mobilite-en-pleine-mutation\/#breadcrumb","itemListElement":[{"@type":"ListItem","position":1,"name":"Home","item":"https:\/\/www.link2fleet.com\/fr\/"},{"@type":"ListItem","position":2,"name":"Alphabet d\u00e9voile une nouvelle image de marque et ses valeurs en relation avec un march\u00e9 de la mobilit\u00e9 en pleine mutation"}]},{"@type":"WebSite","@id":"https:\/\/www.link2fleet.com\/fr\/#website","url":"https:\/\/www.link2fleet.com\/fr\/","name":"Link2fleet","description":"","publisher":{"@id":"https:\/\/www.link2fleet.com\/fr\/#organization"},"potentialAction":[{"@type":"SearchAction","target":{"@type":"EntryPoint","urlTemplate":"https:\/\/www.link2fleet.com\/fr\/?s={search_term_string}"},"query-input":{"@type":"PropertyValueSpecification","valueRequired":true,"valueName":"search_term_string"}}],"inLanguage":"fr-FR"},{"@type":"Organization","@id":"https:\/\/www.link2fleet.com\/fr\/#organization","name":"Link2fleet","url":"https:\/\/www.link2fleet.com\/fr\/","logo":{"@type":"ImageObject","inLanguage":"fr-FR","@id":"https:\/\/www.link2fleet.com\/fr\/#\/schema\/logo\/image\/","url":"https:\/\/static.link2fleet.com\/wp-content\/uploads\/2024\/03\/share-image.jpg","contentUrl":"https:\/\/static.link2fleet.com\/wp-content\/uploads\/2024\/03\/share-image.jpg","width":1200,"height":630,"caption":"Link2fleet"},"image":{"@id":"https:\/\/www.link2fleet.com\/fr\/#\/schema\/logo\/image\/"},"sameAs":["https:\/\/www.linkedin.com\/company\/link2fleet-belgium","https:\/\/www.youtube.com\/user\/MMMBMBE"]},{"@type":"Person","@id":"https:\/\/www.link2fleet.com\/fr\/#\/schema\/person\/027cd46113c78036b3809c9a054049da","name":"Damien Malvetti","image":{"@type":"ImageObject","inLanguage":"fr-FR","@id":"https:\/\/secure.gravatar.com\/avatar\/dd8cc03b49466c735f753ac37f8caa371af16dfed347456ed61f02883255eebb?s=96&d=mm&r=g","url":"https:\/\/secure.gravatar.com\/avatar\/dd8cc03b49466c735f753ac37f8caa371af16dfed347456ed61f02883255eebb?s=96&d=mm&r=g","contentUrl":"https:\/\/secure.gravatar.com\/avatar\/dd8cc03b49466c735f753ac37f8caa371af16dfed347456ed61f02883255eebb?s=96&d=mm&r=g","caption":"Damien Malvetti"},"description":"Damien Malvetti is opgeleid als journalist en gepassioneerd door wagens, technologie en mobiliteit. Hij is verantwoordelijk voor de redactionele inhoud van link2fleet en beschikt over een uitgebreide kennis van de fleet-sector en elektrische mobiliteit.","sameAs":["https:\/\/www.linkedin.com\/in\/damien-malvetti-56601142\/"]}]}},"_links":{"self":[{"href":"https:\/\/www.link2fleet.com\/fr\/wp-json\/wp\/v2\/posts\/5085","targetHints":{"allow":["GET"]}}],"collection":[{"href":"https:\/\/www.link2fleet.com\/fr\/wp-json\/wp\/v2\/posts"}],"about":[{"href":"https:\/\/www.link2fleet.com\/fr\/wp-json\/wp\/v2\/types\/post"}],"author":[{"embeddable":true,"href":"https:\/\/www.link2fleet.com\/fr\/wp-json\/wp\/v2\/users\/4"}],"replies":[{"embeddable":true,"href":"https:\/\/www.link2fleet.com\/fr\/wp-json\/wp\/v2\/comments?post=5085"}],"version-history":[{"count":0,"href":"https:\/\/www.link2fleet.com\/fr\/wp-json\/wp\/v2\/posts\/5085\/revisions"}],"wp:featuredmedia":[{"embeddable":true,"href":"https:\/\/www.link2fleet.com\/fr\/wp-json\/wp\/v2\/media\/5086"}],"wp:attachment":[{"href":"https:\/\/www.link2fleet.com\/fr\/wp-json\/wp\/v2\/media?parent=5085"}],"wp:term":[{"taxonomy":"category","embeddable":true,"href":"https:\/\/www.link2fleet.com\/fr\/wp-json\/wp\/v2\/categories?post=5085"},{"taxonomy":"post_tag","embeddable":true,"href":"https:\/\/www.link2fleet.com\/fr\/wp-json\/wp\/v2\/tags?post=5085"}],"curies":[{"name":"wp","href":"https:\/\/api.w.org\/{rel}","templated":true}]}}