{"id":50914,"date":"2025-06-11T17:11:36","date_gmt":"2025-06-11T15:11:36","guid":{"rendered":"https:\/\/www.link2fleet.com\/raad-van-state-beperkt-zijn-kritiek-met-betrekking-tot-de-fiscale-hervorming-van-phevs\/"},"modified":"2025-06-11T17:24:00","modified_gmt":"2025-06-11T15:24:00","slug":"le-conseil-detat-nuance-ses-critiques-concernant-la-reforme-fiscale-des-phev","status":"publish","type":"post","link":"https:\/\/www.link2fleet.com\/fr\/le-conseil-detat-nuance-ses-critiques-concernant-la-reforme-fiscale-des-phev\/","title":{"rendered":"Le Conseil d\u2019\u00c9tat nuance ses critiques concernant la r\u00e9forme fiscale des PHEV"},"content":{"rendered":"","protected":false},"excerpt":{"rendered":"","protected":false},"author":11,"featured_media":19081,"comment_status":"closed","ping_status":"closed","sticky":false,"template":"","format":"standard","meta":{"_acf_changed":false,"footnotes":""},"categories":[135,91,101],"tags":[358],"class_list":["post-50914","post","type-post","status-publish","format-standard","has-post-thumbnail","hentry","category-news-fr","category-expertise-et-management","category-tax-legal","tag-phev-fr"],"acf":[],"yoast_head":"<!-- This site is optimized with the Yoast SEO plugin v27.3 - https:\/\/yoast.com\/product\/yoast-seo-wordpress\/ -->\n<title>Le Conseil d\u2019\u00c9tat nuance ses critiques concernant la r\u00e9forme fiscale des PHEV - link2fleet<\/title>\n<meta name=\"description\" content=\"Le Conseil d\u2019\u00c9tat a r\u00e9cemment rendu un avis sur une s\u00e9rie de mesures fiscales annonc\u00e9es, dont la prolongation du r\u00e9gime fiscal avantageux pour les v\u00e9hicules\u2026\" \/>\n<meta name=\"robots\" content=\"index, follow, max-snippet:-1, max-image-preview:large, max-video-preview:-1\" \/>\n<meta property=\"og:locale\" content=\"fr_FR\" \/>\n<meta property=\"og:type\" content=\"article\" \/>\n<meta property=\"og:title\" content=\"Le Conseil d\u2019\u00c9tat nuance ses critiques concernant la r\u00e9forme fiscale des PHEV - link2fleet\" \/>\n<meta property=\"og:description\" content=\"Le Conseil d\u2019\u00c9tat a r\u00e9cemment rendu un avis sur une s\u00e9rie de mesures fiscales annonc\u00e9es, dont la prolongation du r\u00e9gime fiscal avantageux pour les v\u00e9hicules\u2026\" \/>\n<meta property=\"og:url\" content=\"https:\/\/www.link2fleet.com\/raad-van-state-beperkt-zijn-kritiek-met-betrekking-tot-de-fiscale-hervorming-van-phevs\/\" \/>\n<meta property=\"og:site_name\" content=\"link2fleet\" \/>\n<meta property=\"article:published_time\" content=\"2025-06-11T15:11:36+00:00\" \/>\n<meta property=\"article:modified_time\" content=\"2025-06-11T15:24:00+00:00\" \/>\n<meta property=\"og:image\" content=\"https:\/\/static.link2fleet.com\/wp-content\/uploads\/2024\/03\/bmw-phev-2-scaled-1.jpg\" \/>\n\t<meta property=\"og:image:width\" content=\"2560\" \/>\n\t<meta property=\"og:image:height\" content=\"1707\" \/>\n\t<meta property=\"og:image:type\" content=\"image\/jpeg\" \/>\n<meta name=\"author\" content=\"Michel Willems - Mobilitas\" \/>\n<meta name=\"twitter:card\" content=\"summary_large_image\" \/>\n<meta name=\"twitter:description\" content=\"Le Conseil d\u2019\u00c9tat a r\u00e9cemment rendu un avis sur une s\u00e9rie de mesures fiscales annonc\u00e9es, dont la prolongation du r\u00e9gime fiscal avantageux pour les v\u00e9hicules\u2026\" \/>\n<meta name=\"twitter:label1\" content=\"\u00c9crit par\" \/>\n\t<meta name=\"twitter:data1\" content=\"Michel Willems - Mobilitas\" \/>\n\t<meta name=\"twitter:label2\" content=\"Dur\u00e9e de lecture estim\u00e9e\" \/>\n\t<meta name=\"twitter:data2\" content=\"2 minutes\" \/>\n<script type=\"application\/ld+json\" class=\"yoast-schema-graph\">{\"@context\":\"https:\\\/\\\/schema.org\",\"@graph\":[{\"@type\":\"Article\",\"@id\":\"https:\\\/\\\/www.link2fleet.com\\\/raad-van-state-beperkt-zijn-kritiek-met-betrekking-tot-de-fiscale-hervorming-van-phevs\\\/#article\",\"isPartOf\":{\"@id\":\"https:\\\/\\\/www.link2fleet.com\\\/raad-van-state-beperkt-zijn-kritiek-met-betrekking-tot-de-fiscale-hervorming-van-phevs\\\/\"},\"author\":{\"name\":\"Michel Willems - Mobilitas\",\"@id\":\"https:\\\/\\\/www.link2fleet.com\\\/fr\\\/#\\\/schema\\\/person\\\/bd29f6a2c2427e85a70d3acf17303486\"},\"headline\":\"Le Conseil d\u2019\u00c9tat nuance ses critiques concernant la r\u00e9forme fiscale des PHEV\",\"datePublished\":\"2025-06-11T15:11:36+00:00\",\"dateModified\":\"2025-06-11T15:24:00+00:00\",\"mainEntityOfPage\":{\"@id\":\"https:\\\/\\\/www.link2fleet.com\\\/raad-van-state-beperkt-zijn-kritiek-met-betrekking-tot-de-fiscale-hervorming-van-phevs\\\/\"},\"wordCount\":14,\"publisher\":{\"@id\":\"https:\\\/\\\/www.link2fleet.com\\\/fr\\\/#organization\"},\"image\":{\"@id\":\"https:\\\/\\\/www.link2fleet.com\\\/raad-van-state-beperkt-zijn-kritiek-met-betrekking-tot-de-fiscale-hervorming-van-phevs\\\/#primaryimage\"},\"thumbnailUrl\":\"https:\\\/\\\/static.link2fleet.com\\\/wp-content\\\/uploads\\\/2024\\\/03\\\/bmw-phev-2-scaled-1.jpg\",\"keywords\":[\"PHEV\"],\"articleSection\":[\"Actus\",\"Gestion de flotte\",\"Tax &amp; legal\"],\"inLanguage\":\"fr-FR\"},{\"@type\":\"WebPage\",\"@id\":\"https:\\\/\\\/www.link2fleet.com\\\/raad-van-state-beperkt-zijn-kritiek-met-betrekking-tot-de-fiscale-hervorming-van-phevs\\\/\",\"url\":\"https:\\\/\\\/www.link2fleet.com\\\/raad-van-state-beperkt-zijn-kritiek-met-betrekking-tot-de-fiscale-hervorming-van-phevs\\\/\",\"name\":\"Le Conseil d\u2019\u00c9tat nuance ses critiques concernant la r\u00e9forme fiscale des PHEV - link2fleet\",\"isPartOf\":{\"@id\":\"https:\\\/\\\/www.link2fleet.com\\\/fr\\\/#website\"},\"primaryImageOfPage\":{\"@id\":\"https:\\\/\\\/www.link2fleet.com\\\/raad-van-state-beperkt-zijn-kritiek-met-betrekking-tot-de-fiscale-hervorming-van-phevs\\\/#primaryimage\"},\"image\":{\"@id\":\"https:\\\/\\\/www.link2fleet.com\\\/raad-van-state-beperkt-zijn-kritiek-met-betrekking-tot-de-fiscale-hervorming-van-phevs\\\/#primaryimage\"},\"thumbnailUrl\":\"https:\\\/\\\/static.link2fleet.com\\\/wp-content\\\/uploads\\\/2024\\\/03\\\/bmw-phev-2-scaled-1.jpg\",\"datePublished\":\"2025-06-11T15:11:36+00:00\",\"dateModified\":\"2025-06-11T15:24:00+00:00\",\"description\":\"Le Conseil d\u2019\u00c9tat a r\u00e9cemment rendu un avis sur une s\u00e9rie de mesures fiscales annonc\u00e9es, dont la prolongation du r\u00e9gime fiscal avantageux pour les v\u00e9hicules hybrides rechargeables (PHEV).\",\"breadcrumb\":{\"@id\":\"https:\\\/\\\/www.link2fleet.com\\\/raad-van-state-beperkt-zijn-kritiek-met-betrekking-tot-de-fiscale-hervorming-van-phevs\\\/#breadcrumb\"},\"inLanguage\":\"fr-FR\",\"potentialAction\":[{\"@type\":\"ReadAction\",\"target\":[\"https:\\\/\\\/www.link2fleet.com\\\/raad-van-state-beperkt-zijn-kritiek-met-betrekking-tot-de-fiscale-hervorming-van-phevs\\\/\"]}]},{\"@type\":\"ImageObject\",\"inLanguage\":\"fr-FR\",\"@id\":\"https:\\\/\\\/www.link2fleet.com\\\/raad-van-state-beperkt-zijn-kritiek-met-betrekking-tot-de-fiscale-hervorming-van-phevs\\\/#primaryimage\",\"url\":\"https:\\\/\\\/static.link2fleet.com\\\/wp-content\\\/uploads\\\/2024\\\/03\\\/bmw-phev-2-scaled-1.jpg\",\"contentUrl\":\"https:\\\/\\\/static.link2fleet.com\\\/wp-content\\\/uploads\\\/2024\\\/03\\\/bmw-phev-2-scaled-1.jpg\",\"width\":2560,\"height\":1707},{\"@type\":\"BreadcrumbList\",\"@id\":\"https:\\\/\\\/www.link2fleet.com\\\/raad-van-state-beperkt-zijn-kritiek-met-betrekking-tot-de-fiscale-hervorming-van-phevs\\\/#breadcrumb\",\"itemListElement\":[{\"@type\":\"ListItem\",\"position\":1,\"name\":\"Home\",\"item\":\"https:\\\/\\\/www.link2fleet.com\\\/fr\\\/\"},{\"@type\":\"ListItem\",\"position\":2,\"name\":\"Le Conseil d\u2019\u00c9tat nuance ses critiques concernant la r\u00e9forme fiscale des PHEV\"}]},{\"@type\":\"WebSite\",\"@id\":\"https:\\\/\\\/www.link2fleet.com\\\/fr\\\/#website\",\"url\":\"https:\\\/\\\/www.link2fleet.com\\\/fr\\\/\",\"name\":\"Link2fleet\",\"description\":\"\",\"publisher\":{\"@id\":\"https:\\\/\\\/www.link2fleet.com\\\/fr\\\/#organization\"},\"potentialAction\":[{\"@type\":\"SearchAction\",\"target\":{\"@type\":\"EntryPoint\",\"urlTemplate\":\"https:\\\/\\\/www.link2fleet.com\\\/fr\\\/?s={search_term_string}\"},\"query-input\":{\"@type\":\"PropertyValueSpecification\",\"valueRequired\":true,\"valueName\":\"search_term_string\"}}],\"inLanguage\":\"fr-FR\"},{\"@type\":\"Organization\",\"@id\":\"https:\\\/\\\/www.link2fleet.com\\\/fr\\\/#organization\",\"name\":\"Link2fleet\",\"url\":\"https:\\\/\\\/www.link2fleet.com\\\/fr\\\/\",\"logo\":{\"@type\":\"ImageObject\",\"inLanguage\":\"fr-FR\",\"@id\":\"https:\\\/\\\/www.link2fleet.com\\\/fr\\\/#\\\/schema\\\/logo\\\/image\\\/\",\"url\":\"https:\\\/\\\/static.link2fleet.com\\\/wp-content\\\/uploads\\\/2024\\\/03\\\/share-image.jpg\",\"contentUrl\":\"https:\\\/\\\/static.link2fleet.com\\\/wp-content\\\/uploads\\\/2024\\\/03\\\/share-image.jpg\",\"width\":1200,\"height\":630,\"caption\":\"Link2fleet\"},\"image\":{\"@id\":\"https:\\\/\\\/www.link2fleet.com\\\/fr\\\/#\\\/schema\\\/logo\\\/image\\\/\"},\"sameAs\":[\"https:\\\/\\\/www.linkedin.com\\\/company\\\/link2fleet-belgium\",\"https:\\\/\\\/www.youtube.com\\\/user\\\/MMMBMBE\"]},{\"@type\":\"Person\",\"@id\":\"https:\\\/\\\/www.link2fleet.com\\\/fr\\\/#\\\/schema\\\/person\\\/bd29f6a2c2427e85a70d3acf17303486\",\"name\":\"Michel Willems - Mobilitas\",\"image\":{\"@type\":\"ImageObject\",\"inLanguage\":\"fr-FR\",\"@id\":\"https:\\\/\\\/secure.gravatar.com\\\/avatar\\\/c937de514893d5b69b3b52ee88664fd4879b786925b6742dc7891d347f167414?s=96&d=mm&r=g\",\"url\":\"https:\\\/\\\/secure.gravatar.com\\\/avatar\\\/c937de514893d5b69b3b52ee88664fd4879b786925b6742dc7891d347f167414?s=96&d=mm&r=g\",\"contentUrl\":\"https:\\\/\\\/secure.gravatar.com\\\/avatar\\\/c937de514893d5b69b3b52ee88664fd4879b786925b6742dc7891d347f167414?s=96&d=mm&r=g\",\"caption\":\"Michel Willems - Mobilitas\"}}]}<\/script>\n<!-- \/ Yoast SEO plugin. -->","yoast_head_json":{"title":"Le Conseil d\u2019\u00c9tat nuance ses critiques concernant la r\u00e9forme fiscale des PHEV - link2fleet","description":"Le Conseil d\u2019\u00c9tat a r\u00e9cemment rendu un avis sur une s\u00e9rie de mesures fiscales annonc\u00e9es, dont la prolongation du r\u00e9gime fiscal avantageux pour les v\u00e9hicules\u2026","robots":{"index":"index","follow":"follow","max-snippet":"max-snippet:-1","max-image-preview":"max-image-preview:large","max-video-preview":"max-video-preview:-1"},"og_locale":"fr_FR","og_type":"article","og_title":"Le Conseil d\u2019\u00c9tat nuance ses critiques concernant la r\u00e9forme fiscale des PHEV - link2fleet","og_description":"Le Conseil d\u2019\u00c9tat a r\u00e9cemment rendu un avis sur une s\u00e9rie de mesures fiscales annonc\u00e9es, dont la prolongation du r\u00e9gime fiscal avantageux pour les v\u00e9hicules\u2026","og_url":"https:\/\/www.link2fleet.com\/raad-van-state-beperkt-zijn-kritiek-met-betrekking-tot-de-fiscale-hervorming-van-phevs\/","og_site_name":"link2fleet","article_published_time":"2025-06-11T15:11:36+00:00","article_modified_time":"2025-06-11T15:24:00+00:00","og_image":[{"width":2560,"height":1707,"url":"https:\/\/static.link2fleet.com\/wp-content\/uploads\/2024\/03\/bmw-phev-2-scaled-1.jpg","type":"image\/jpeg"}],"author":"Michel Willems - Mobilitas","twitter_card":"summary_large_image","twitter_description":"Le Conseil d\u2019\u00c9tat a r\u00e9cemment rendu un avis sur une s\u00e9rie de mesures fiscales annonc\u00e9es, dont la prolongation du r\u00e9gime fiscal avantageux pour les v\u00e9hicules\u2026","twitter_misc":{"\u00c9crit par":"Michel Willems - Mobilitas","Dur\u00e9e de lecture estim\u00e9e":"2 minutes"},"schema":{"@context":"https:\/\/schema.org","@graph":[{"@type":"Article","@id":"https:\/\/www.link2fleet.com\/raad-van-state-beperkt-zijn-kritiek-met-betrekking-tot-de-fiscale-hervorming-van-phevs\/#article","isPartOf":{"@id":"https:\/\/www.link2fleet.com\/raad-van-state-beperkt-zijn-kritiek-met-betrekking-tot-de-fiscale-hervorming-van-phevs\/"},"author":{"name":"Michel Willems - Mobilitas","@id":"https:\/\/www.link2fleet.com\/fr\/#\/schema\/person\/bd29f6a2c2427e85a70d3acf17303486"},"headline":"Le Conseil d\u2019\u00c9tat nuance ses critiques concernant la r\u00e9forme fiscale des PHEV","datePublished":"2025-06-11T15:11:36+00:00","dateModified":"2025-06-11T15:24:00+00:00","mainEntityOfPage":{"@id":"https:\/\/www.link2fleet.com\/raad-van-state-beperkt-zijn-kritiek-met-betrekking-tot-de-fiscale-hervorming-van-phevs\/"},"wordCount":14,"publisher":{"@id":"https:\/\/www.link2fleet.com\/fr\/#organization"},"image":{"@id":"https:\/\/www.link2fleet.com\/raad-van-state-beperkt-zijn-kritiek-met-betrekking-tot-de-fiscale-hervorming-van-phevs\/#primaryimage"},"thumbnailUrl":"https:\/\/static.link2fleet.com\/wp-content\/uploads\/2024\/03\/bmw-phev-2-scaled-1.jpg","keywords":["PHEV"],"articleSection":["Actus","Gestion de flotte","Tax &amp; legal"],"inLanguage":"fr-FR"},{"@type":"WebPage","@id":"https:\/\/www.link2fleet.com\/raad-van-state-beperkt-zijn-kritiek-met-betrekking-tot-de-fiscale-hervorming-van-phevs\/","url":"https:\/\/www.link2fleet.com\/raad-van-state-beperkt-zijn-kritiek-met-betrekking-tot-de-fiscale-hervorming-van-phevs\/","name":"Le Conseil d\u2019\u00c9tat nuance ses critiques concernant la r\u00e9forme fiscale des PHEV - link2fleet","isPartOf":{"@id":"https:\/\/www.link2fleet.com\/fr\/#website"},"primaryImageOfPage":{"@id":"https:\/\/www.link2fleet.com\/raad-van-state-beperkt-zijn-kritiek-met-betrekking-tot-de-fiscale-hervorming-van-phevs\/#primaryimage"},"image":{"@id":"https:\/\/www.link2fleet.com\/raad-van-state-beperkt-zijn-kritiek-met-betrekking-tot-de-fiscale-hervorming-van-phevs\/#primaryimage"},"thumbnailUrl":"https:\/\/static.link2fleet.com\/wp-content\/uploads\/2024\/03\/bmw-phev-2-scaled-1.jpg","datePublished":"2025-06-11T15:11:36+00:00","dateModified":"2025-06-11T15:24:00+00:00","description":"Le Conseil d\u2019\u00c9tat a r\u00e9cemment rendu un avis sur une s\u00e9rie de mesures fiscales annonc\u00e9es, dont la prolongation du r\u00e9gime fiscal avantageux pour les v\u00e9hicules hybrides rechargeables (PHEV).","breadcrumb":{"@id":"https:\/\/www.link2fleet.com\/raad-van-state-beperkt-zijn-kritiek-met-betrekking-tot-de-fiscale-hervorming-van-phevs\/#breadcrumb"},"inLanguage":"fr-FR","potentialAction":[{"@type":"ReadAction","target":["https:\/\/www.link2fleet.com\/raad-van-state-beperkt-zijn-kritiek-met-betrekking-tot-de-fiscale-hervorming-van-phevs\/"]}]},{"@type":"ImageObject","inLanguage":"fr-FR","@id":"https:\/\/www.link2fleet.com\/raad-van-state-beperkt-zijn-kritiek-met-betrekking-tot-de-fiscale-hervorming-van-phevs\/#primaryimage","url":"https:\/\/static.link2fleet.com\/wp-content\/uploads\/2024\/03\/bmw-phev-2-scaled-1.jpg","contentUrl":"https:\/\/static.link2fleet.com\/wp-content\/uploads\/2024\/03\/bmw-phev-2-scaled-1.jpg","width":2560,"height":1707},{"@type":"BreadcrumbList","@id":"https:\/\/www.link2fleet.com\/raad-van-state-beperkt-zijn-kritiek-met-betrekking-tot-de-fiscale-hervorming-van-phevs\/#breadcrumb","itemListElement":[{"@type":"ListItem","position":1,"name":"Home","item":"https:\/\/www.link2fleet.com\/fr\/"},{"@type":"ListItem","position":2,"name":"Le Conseil d\u2019\u00c9tat nuance ses critiques concernant la r\u00e9forme fiscale des PHEV"}]},{"@type":"WebSite","@id":"https:\/\/www.link2fleet.com\/fr\/#website","url":"https:\/\/www.link2fleet.com\/fr\/","name":"Link2fleet","description":"","publisher":{"@id":"https:\/\/www.link2fleet.com\/fr\/#organization"},"potentialAction":[{"@type":"SearchAction","target":{"@type":"EntryPoint","urlTemplate":"https:\/\/www.link2fleet.com\/fr\/?s={search_term_string}"},"query-input":{"@type":"PropertyValueSpecification","valueRequired":true,"valueName":"search_term_string"}}],"inLanguage":"fr-FR"},{"@type":"Organization","@id":"https:\/\/www.link2fleet.com\/fr\/#organization","name":"Link2fleet","url":"https:\/\/www.link2fleet.com\/fr\/","logo":{"@type":"ImageObject","inLanguage":"fr-FR","@id":"https:\/\/www.link2fleet.com\/fr\/#\/schema\/logo\/image\/","url":"https:\/\/static.link2fleet.com\/wp-content\/uploads\/2024\/03\/share-image.jpg","contentUrl":"https:\/\/static.link2fleet.com\/wp-content\/uploads\/2024\/03\/share-image.jpg","width":1200,"height":630,"caption":"Link2fleet"},"image":{"@id":"https:\/\/www.link2fleet.com\/fr\/#\/schema\/logo\/image\/"},"sameAs":["https:\/\/www.linkedin.com\/company\/link2fleet-belgium","https:\/\/www.youtube.com\/user\/MMMBMBE"]},{"@type":"Person","@id":"https:\/\/www.link2fleet.com\/fr\/#\/schema\/person\/bd29f6a2c2427e85a70d3acf17303486","name":"Michel Willems - Mobilitas","image":{"@type":"ImageObject","inLanguage":"fr-FR","@id":"https:\/\/secure.gravatar.com\/avatar\/c937de514893d5b69b3b52ee88664fd4879b786925b6742dc7891d347f167414?s=96&d=mm&r=g","url":"https:\/\/secure.gravatar.com\/avatar\/c937de514893d5b69b3b52ee88664fd4879b786925b6742dc7891d347f167414?s=96&d=mm&r=g","contentUrl":"https:\/\/secure.gravatar.com\/avatar\/c937de514893d5b69b3b52ee88664fd4879b786925b6742dc7891d347f167414?s=96&d=mm&r=g","caption":"Michel Willems - Mobilitas"}}]}},"_links":{"self":[{"href":"https:\/\/www.link2fleet.com\/fr\/wp-json\/wp\/v2\/posts\/50914","targetHints":{"allow":["GET"]}}],"collection":[{"href":"https:\/\/www.link2fleet.com\/fr\/wp-json\/wp\/v2\/posts"}],"about":[{"href":"https:\/\/www.link2fleet.com\/fr\/wp-json\/wp\/v2\/types\/post"}],"author":[{"embeddable":true,"href":"https:\/\/www.link2fleet.com\/fr\/wp-json\/wp\/v2\/users\/11"}],"replies":[{"embeddable":true,"href":"https:\/\/www.link2fleet.com\/fr\/wp-json\/wp\/v2\/comments?post=50914"}],"version-history":[{"count":2,"href":"https:\/\/www.link2fleet.com\/fr\/wp-json\/wp\/v2\/posts\/50914\/revisions"}],"predecessor-version":[{"id":50916,"href":"https:\/\/www.link2fleet.com\/fr\/wp-json\/wp\/v2\/posts\/50914\/revisions\/50916"}],"wp:featuredmedia":[{"embeddable":true,"href":"https:\/\/www.link2fleet.com\/fr\/wp-json\/wp\/v2\/media\/19081"}],"wp:attachment":[{"href":"https:\/\/www.link2fleet.com\/fr\/wp-json\/wp\/v2\/media?parent=50914"}],"wp:term":[{"taxonomy":"category","embeddable":true,"href":"https:\/\/www.link2fleet.com\/fr\/wp-json\/wp\/v2\/categories?post=50914"},{"taxonomy":"post_tag","embeddable":true,"href":"https:\/\/www.link2fleet.com\/fr\/wp-json\/wp\/v2\/tags?post=50914"}],"curies":[{"name":"wp","href":"https:\/\/api.w.org\/{rel}","templated":true}]}}