{"id":5093,"date":"2021-10-26T06:52:56","date_gmt":"2021-10-26T04:52:56","guid":{"rendered":"https:\/\/www.link2fleet.com\/la-formule-de-contribution-de-solidarite-sociale-2022-pour-les-voitures-de-societe-est-connue\/"},"modified":"2021-10-26T06:52:56","modified_gmt":"2021-10-26T04:52:56","slug":"la-formule-de-contribution-de-solidarite-sociale-2022-pour-les-voitures-de-societe-est-connue","status":"publish","type":"post","link":"https:\/\/www.link2fleet.com\/fr\/la-formule-de-contribution-de-solidarite-sociale-2022-pour-les-voitures-de-societe-est-connue\/","title":{"rendered":"La formule de contribution de solidarit\u00e9 sociale 2022 pour les voitures de soci\u00e9t\u00e9 est connue"},"content":{"rendered":"<p><strong>Principes<\/strong><\/p>\n<p>Rappelons bri\u00e8vement le principe: pour l&rsquo;utilisation d&rsquo;une voiture de soci\u00e9t\u00e9 \u00e0 des fins personnelles, depuis le 1er janvier 2005, un montant mensuel est calcul\u00e9 pour chaque v\u00e9hicule que l&#8217;employeur met \u00e0 la disposition de son employ\u00e9. Cette contribution forfaitaire de solidarit\u00e9 est due ind\u00e9pendamment de la contribution financi\u00e8re propre du salari\u00e9 et quel que soit le montant de cette contribution. Cette contribution mensuelle (avec un minimum de 28,17 euros par mois pour l&rsquo;ann\u00e9e 2022) d\u00e9pend des \u00e9missions de CO2 et du type de carburant et est fix\u00e9e de mani\u00e8re forfaitaire.<\/p>\n<p>&nbsp;<\/p>\n<table width=\"635\">\n<tbody>\n<tr>\n<td colspan=\"3\" width=\"635\"><strong>\u00a0\u00a0\u00a0\u00a0\u00a0\u00a0\u00a0\u00a0\u00a0\u00a0\u00a0\u00a0\u00a0\u00a0\u00a0\u00a0\u00a0\u00a0\u00a0\u00a0\u00a0\u00a0\u00a0\u00a0\u00a0\u00a0\u00a0\u00a0\u00a0\u00a0\u00a0\u00a0\u00a0\u00a0\u00a0\u00a0\u00a0\u00a0\u00a0\u00a0\u00a0\u00a0\u00a0\u00a0 \u00a0\u00a0\u00a0\u00a0\u00a0\u00a0\u00a0\u00a0\u00a0\u00a0\u00a0\u00a0\u00a0\u00a0\u00a0\u00a0\u00a0Cotisation CO<sub>2<\/sub>\u00a02022<\/strong><\/td>\n<\/tr>\n<tr>\n<td width=\"131\"><strong>\u00a0<\/strong><\/p>\n<p><strong>Type de\u00a0<\/strong><b>motorisation\u00a0<\/b><\/p>\n<p><strong>\u00a0<\/strong><\/td>\n<td width=\"84\"><strong>\u00a0<\/strong><\/td>\n<td width=\"420\"><strong>\u00a0<\/strong><\/p>\n<p><strong>Formule cotisation solidarit\u00e9 20<\/strong><strong>22<\/strong><\/td>\n<\/tr>\n<tr>\n<td rowspan=\"2\" width=\"131\">&nbsp;<\/p>\n<p>Essence<\/p>\n<p>&nbsp;<\/td>\n<td width=\"84\">&nbsp;<\/p>\n<p>CO<sub>2<\/sub><\/p>\n<p>connu<\/td>\n<td width=\"420\">&nbsp;<\/p>\n<p>[((taux de CO<sub>2\u00a0<\/sub>x 9 euros)-768)\/12] x 1,3525<\/td>\n<\/tr>\n<tr>\n<td width=\"84\">&nbsp;<\/p>\n<p>CO<sub>2<\/sub>\u00a0inconnu<\/td>\n<td width=\"420\">&nbsp;<\/p>\n<p>[((182 x 9 euros)- 768)\/12] x 1,3525\u00a0= 98,06 euros<\/p>\n<p>&nbsp;<\/td>\n<\/tr>\n<tr>\n<td rowspan=\"2\" width=\"131\">&nbsp;<\/p>\n<p>Diesel<\/td>\n<td width=\"84\">&nbsp;<\/p>\n<p>CO<sub>2<\/sub><\/p>\n<p>connu<\/td>\n<td width=\"420\">&nbsp;<\/p>\n<p>[(( Taux de CO<sub>2\u00a0<\/sub>x 9 euros)-600)\/12] x 1,3525<\/td>\n<\/tr>\n<tr>\n<td width=\"84\">&nbsp;<\/p>\n<p>CO<sub>2<\/sub>\u00a0inconnu<\/td>\n<td width=\"420\">&nbsp;<\/p>\n<p>[((165 x 9 euros)- 600)\/12] x 1,3525\u00a0=\u00a099,75 euros<\/p>\n<p>&nbsp;<\/td>\n<\/tr>\n<tr>\n<td width=\"131\">&nbsp;<\/p>\n<p>LPG ou CNG (2)<\/td>\n<td width=\"84\"><\/td>\n<td width=\"420\">&nbsp;<\/p>\n<p>[(( taux de CO<sub>2<\/sub>x 9 euros)-990)\/12] x 1,3525<\/p>\n<p>&nbsp;<\/td>\n<\/tr>\n<tr>\n<td width=\"131\">&nbsp;<\/p>\n<p>100 % \u00e9lectrique (3)<\/td>\n<td width=\"84\"><\/td>\n<td width=\"420\">&nbsp;<\/p>\n<p>28,17 euros par mois<\/p>\n<p>&nbsp;<\/td>\n<\/tr>\n<tr>\n<td colspan=\"3\" width=\"635\">&nbsp;<\/p>\n<p>(1) co\u00ebffici\u00ebnt bas\u00e9 sur les indexes (154,29 \/ 114,08) ;<\/p>\n<p>(2) Un v\u00e9hicule GPL est un v\u00e9hicule transform\u00e9 qui fonctionnait \u00e0 l&rsquo;origine \u00e0 l&rsquo;essence.<\/p>\n<p>Dans la formule, on utilise la valeur de CO2 du v\u00e9hicule \u00e0 essence. Pour les v\u00e9hicules CNG, on utilise la valeur de CO2 telle que fournie par l&rsquo;importateur (d\u00e9part usine).<\/p>\n<p>Pour les mod\u00e8les r\u00e9trofit, la valeur CO2 du mod\u00e8le \u00e0 essence est utilis\u00e9e.<\/p>\n<p>(3) En pr\u00e9vision d&rsquo;une \u00e9ventuelle modification l\u00e9gale, l&rsquo;ONSS accepte \u00e9galement la contribution minimale pour les voitures fonctionnant exclusivement \u00e0 l&rsquo;hydrog\u00e8ne.<\/td>\n<\/tr>\n<tr>\n<td colspan=\"3\" width=\"635\">La cotisation mensuelle minimale en 2022 pour tous les v\u00e9hicules sera de 28,17 euros.<\/p>\n<p>&nbsp;<\/td>\n<\/tr>\n<\/tbody>\n<\/table>\n<p>&nbsp;<\/p>\n<p><strong><em>Exemple 1<\/em><\/strong>: un v\u00e9hicule diesel dont les \u00e9missions de CO2 sont de 115 grammes\/km :<\/p>\n<p>Contribution CO2 en 2022 : ((115,00 x 9) &#8211; 600) \/ 12 = 36,25 x 1,3525 = 49,03 \u20ac par mois.<\/p>\n<p>&nbsp;<\/p>\n<p><strong><em>Exemple 2<\/em><\/strong>:\u00a0un v\u00e9hicule \u00e0 essence dont les \u00e9missions de CO2 sont de 115 grammes\/km :<\/p>\n<p>Contribution CO2 en 2022 : ((115,00 x 9) &#8211; 768) \/ 12 = 22,25 x 1,3525 = 30,09 \u20ac par mois.<\/p>\n<p>&nbsp;<\/p>\n<p><strong>WLTP ou NEDC 2.0<\/strong><\/p>\n<p>Le certificat de conformit\u00e9 des v\u00e9hicules en circulation \u00e0 partir du 1er septembre 2018 contient 2 valeurs pour les \u00e9missions de CO2 : la valeur selon la m\u00e9thode de mesure NEDC 2.0 (code 49.1) et selon la m\u00e9thode WLTP (code 49.4). \u00c0 partir du 1er janvier 2021, il est possible de choisir entre WLTP ou NEDC 2.0 si les deux valeurs sont mentionn\u00e9es sur le certificat d&rsquo;homologation.<\/p>\n<p>Les v\u00e9hicules plus anciens peuvent continuer \u00e0 utiliser la valeur NEDC 1.0. Pour les nouveaux v\u00e9hicules command\u00e9s \u00e0 partir du second semestre 2021, les constructeurs n&rsquo;indiquent souvent que la valeur WLTP sur le certificat de conformit\u00e9. Dans ce cas, il faut utiliser la WLTP. Pour les hybrides rechargeables, les fabricants sont tenus de d\u00e9clarer les deux valeurs jusqu&rsquo;\u00e0 la fin de 2022.<\/p>\n<p><strong>\u00a0<\/strong><\/p>\n<p><strong>Hybride et plug-in hybride <\/strong><\/p>\n<p>Pour les full hybrides et les hybrides rechargeables, SEULES les \u00e9missions de CO2 du moteur principal (souvent \u00e0 essence, exceptionnellement diesel) sont prises en compte.<\/p>\n<p>&nbsp;<\/p>\n<p><strong>Faux plug-in hybride <\/strong><\/p>\n<p>Pour les soi-disant faux v\u00e9hicules hybrides rechargeables, contrairement aux r\u00e8gles applicables \u00e0 l&rsquo;imp\u00f4t sur les soci\u00e9t\u00e9s, les \u00e9missions de CO2 NEDC 2.0 ou WLTP ou NEDC 1.0 des v\u00e9hicules plus anciens peuvent continuer \u00e0 \u00eatre prises en compte comme indiqu\u00e9 sur le certificat de conformit\u00e9. Ainsi, les \u00e9missions de CO2 ne doivent pas \u00eatre augment\u00e9es de 2,5 ou par rapport \u00e0 la liste des v\u00e9hicules thermiques correspondants comme dans le cas de l&rsquo;avantage en nature.<\/p>\n<p>&nbsp;<\/p>\n<p style=\"text-align: right;\"><strong>Michel Willems<\/strong><\/p>\n<p style=\"text-align: right;\"><strong>MOBILITAS<\/strong><\/p>\n","protected":false},"excerpt":{"rendered":"<p>Principes Rappelons bri\u00e8vement le principe: pour l&rsquo;utilisation d&rsquo;une voiture de soci\u00e9t\u00e9 \u00e0 des fins personnelles, depuis le 1er janvier 2005, un montant mensuel est calcul\u00e9 pour chaque v\u00e9hicule que l&#8217;employeur met \u00e0 la disposition de son employ\u00e9. Cette contribution forfaitaire de solidarit\u00e9 est due ind\u00e9pendamment de la contribution financi\u00e8re propre du salari\u00e9 et quel que [&hellip;]<\/p>\n","protected":false},"author":11,"featured_media":5094,"comment_status":"closed","ping_status":"closed","sticky":false,"template":"","format":"standard","meta":{"_acf_changed":false,"footnotes":""},"categories":[91,101],"tags":[],"class_list":["post-5093","post","type-post","status-publish","format-standard","has-post-thumbnail","hentry","category-expertise-et-management","category-tax-legal"],"acf":[],"yoast_head":"<!-- This site is optimized with the Yoast SEO plugin v27.3 - https:\/\/yoast.com\/product\/yoast-seo-wordpress\/ -->\n<title>La formule de contribution de solidarit\u00e9 sociale 2022 pour les voitures de soci\u00e9t\u00e9 est connue - link2fleet<\/title>\n<meta name=\"description\" content=\"Les nouvelles formules d&rsquo;indexation de la contribution de solidarit\u00e9, \u00e9galement appel\u00e9e contribution CO2, ont \u00e9t\u00e9 fix\u00e9es pour l&rsquo;ann\u00e9e 2022. Le coefficient de 1,3222 qui s&rsquo;applique\u2026\" \/>\n<meta name=\"robots\" content=\"index, follow, max-snippet:-1, max-image-preview:large, max-video-preview:-1\" \/>\n<meta property=\"og:locale\" content=\"fr_FR\" \/>\n<meta property=\"og:type\" content=\"article\" \/>\n<meta property=\"og:title\" content=\"La formule de contribution de solidarit\u00e9 sociale 2022 pour les voitures de soci\u00e9t\u00e9 est connue - link2fleet\" \/>\n<meta property=\"og:description\" content=\"Les nouvelles formules d&rsquo;indexation de la contribution de solidarit\u00e9, \u00e9galement appel\u00e9e contribution CO2, ont \u00e9t\u00e9 fix\u00e9es pour l&rsquo;ann\u00e9e 2022. Le coefficient de 1,3222 qui s&rsquo;applique\u2026\" \/>\n<meta property=\"og:url\" content=\"https:\/\/www.link2fleet.com\/fr\/la-formule-de-contribution-de-solidarite-sociale-2022-pour-les-voitures-de-societe-est-connue\/\" \/>\n<meta property=\"og:site_name\" content=\"link2fleet\" \/>\n<meta property=\"article:published_time\" content=\"2021-10-26T04:52:56+00:00\" \/>\n<meta property=\"og:image\" content=\"https:\/\/static.link2fleet.com\/wp-content\/uploads\/2024\/03\/calculatrice-voiture-1.jpg\" \/>\n\t<meta property=\"og:image:width\" content=\"1024\" \/>\n\t<meta property=\"og:image:height\" content=\"683\" \/>\n\t<meta property=\"og:image:type\" content=\"image\/jpeg\" \/>\n<meta name=\"author\" content=\"Michel Willems - Mobilitas\" \/>\n<meta name=\"twitter:card\" content=\"summary_large_image\" \/>\n<meta name=\"twitter:description\" content=\"Les nouvelles formules d&rsquo;indexation de la contribution de solidarit\u00e9, \u00e9galement appel\u00e9e contribution CO2, ont \u00e9t\u00e9 fix\u00e9es pour l&rsquo;ann\u00e9e 2022. Le coefficient de 1,3222 qui s&rsquo;applique\u2026\" \/>\n<meta name=\"twitter:label1\" content=\"\u00c9crit par\" \/>\n\t<meta name=\"twitter:data1\" content=\"Michel Willems - Mobilitas\" \/>\n\t<meta name=\"twitter:label2\" content=\"Dur\u00e9e de lecture estim\u00e9e\" \/>\n\t<meta name=\"twitter:data2\" content=\"3 minutes\" \/>\n<script type=\"application\/ld+json\" class=\"yoast-schema-graph\">{\"@context\":\"https:\\\/\\\/schema.org\",\"@graph\":[{\"@type\":\"Article\",\"@id\":\"https:\\\/\\\/www.link2fleet.com\\\/fr\\\/la-formule-de-contribution-de-solidarite-sociale-2022-pour-les-voitures-de-societe-est-connue\\\/#article\",\"isPartOf\":{\"@id\":\"https:\\\/\\\/www.link2fleet.com\\\/fr\\\/la-formule-de-contribution-de-solidarite-sociale-2022-pour-les-voitures-de-societe-est-connue\\\/\"},\"author\":{\"name\":\"Michel Willems - Mobilitas\",\"@id\":\"https:\\\/\\\/www.link2fleet.com\\\/fr\\\/#\\\/schema\\\/person\\\/bd29f6a2c2427e85a70d3acf17303486\"},\"headline\":\"La formule de contribution de solidarit\u00e9 sociale 2022 pour les voitures de soci\u00e9t\u00e9 est connue\",\"datePublished\":\"2021-10-26T04:52:56+00:00\",\"mainEntityOfPage\":{\"@id\":\"https:\\\/\\\/www.link2fleet.com\\\/fr\\\/la-formule-de-contribution-de-solidarite-sociale-2022-pour-les-voitures-de-societe-est-connue\\\/\"},\"wordCount\":589,\"publisher\":{\"@id\":\"https:\\\/\\\/www.link2fleet.com\\\/fr\\\/#organization\"},\"image\":{\"@id\":\"https:\\\/\\\/www.link2fleet.com\\\/fr\\\/la-formule-de-contribution-de-solidarite-sociale-2022-pour-les-voitures-de-societe-est-connue\\\/#primaryimage\"},\"thumbnailUrl\":\"https:\\\/\\\/static.link2fleet.com\\\/wp-content\\\/uploads\\\/2024\\\/03\\\/calculatrice-voiture-1.jpg\",\"articleSection\":[\"Gestion de flotte\",\"Tax &amp; legal\"],\"inLanguage\":\"fr-FR\"},{\"@type\":\"WebPage\",\"@id\":\"https:\\\/\\\/www.link2fleet.com\\\/fr\\\/la-formule-de-contribution-de-solidarite-sociale-2022-pour-les-voitures-de-societe-est-connue\\\/\",\"url\":\"https:\\\/\\\/www.link2fleet.com\\\/fr\\\/la-formule-de-contribution-de-solidarite-sociale-2022-pour-les-voitures-de-societe-est-connue\\\/\",\"name\":\"La formule de contribution de solidarit\u00e9 sociale 2022 pour les voitures de soci\u00e9t\u00e9 est connue - link2fleet\",\"isPartOf\":{\"@id\":\"https:\\\/\\\/www.link2fleet.com\\\/fr\\\/#website\"},\"primaryImageOfPage\":{\"@id\":\"https:\\\/\\\/www.link2fleet.com\\\/fr\\\/la-formule-de-contribution-de-solidarite-sociale-2022-pour-les-voitures-de-societe-est-connue\\\/#primaryimage\"},\"image\":{\"@id\":\"https:\\\/\\\/www.link2fleet.com\\\/fr\\\/la-formule-de-contribution-de-solidarite-sociale-2022-pour-les-voitures-de-societe-est-connue\\\/#primaryimage\"},\"thumbnailUrl\":\"https:\\\/\\\/static.link2fleet.com\\\/wp-content\\\/uploads\\\/2024\\\/03\\\/calculatrice-voiture-1.jpg\",\"datePublished\":\"2021-10-26T04:52:56+00:00\",\"breadcrumb\":{\"@id\":\"https:\\\/\\\/www.link2fleet.com\\\/fr\\\/la-formule-de-contribution-de-solidarite-sociale-2022-pour-les-voitures-de-societe-est-connue\\\/#breadcrumb\"},\"inLanguage\":\"fr-FR\",\"potentialAction\":[{\"@type\":\"ReadAction\",\"target\":[\"https:\\\/\\\/www.link2fleet.com\\\/fr\\\/la-formule-de-contribution-de-solidarite-sociale-2022-pour-les-voitures-de-societe-est-connue\\\/\"]}]},{\"@type\":\"ImageObject\",\"inLanguage\":\"fr-FR\",\"@id\":\"https:\\\/\\\/www.link2fleet.com\\\/fr\\\/la-formule-de-contribution-de-solidarite-sociale-2022-pour-les-voitures-de-societe-est-connue\\\/#primaryimage\",\"url\":\"https:\\\/\\\/static.link2fleet.com\\\/wp-content\\\/uploads\\\/2024\\\/03\\\/calculatrice-voiture-1.jpg\",\"contentUrl\":\"https:\\\/\\\/static.link2fleet.com\\\/wp-content\\\/uploads\\\/2024\\\/03\\\/calculatrice-voiture-1.jpg\",\"width\":1024,\"height\":683,\"caption\":\"Close-up Of Red Wooden Car In Front Of Businessperson Calculating Bill\"},{\"@type\":\"BreadcrumbList\",\"@id\":\"https:\\\/\\\/www.link2fleet.com\\\/fr\\\/la-formule-de-contribution-de-solidarite-sociale-2022-pour-les-voitures-de-societe-est-connue\\\/#breadcrumb\",\"itemListElement\":[{\"@type\":\"ListItem\",\"position\":1,\"name\":\"Home\",\"item\":\"https:\\\/\\\/www.link2fleet.com\\\/fr\\\/\"},{\"@type\":\"ListItem\",\"position\":2,\"name\":\"La formule de contribution de solidarit\u00e9 sociale 2022 pour les voitures de soci\u00e9t\u00e9 est connue\"}]},{\"@type\":\"WebSite\",\"@id\":\"https:\\\/\\\/www.link2fleet.com\\\/fr\\\/#website\",\"url\":\"https:\\\/\\\/www.link2fleet.com\\\/fr\\\/\",\"name\":\"Link2fleet\",\"description\":\"\",\"publisher\":{\"@id\":\"https:\\\/\\\/www.link2fleet.com\\\/fr\\\/#organization\"},\"potentialAction\":[{\"@type\":\"SearchAction\",\"target\":{\"@type\":\"EntryPoint\",\"urlTemplate\":\"https:\\\/\\\/www.link2fleet.com\\\/fr\\\/?s={search_term_string}\"},\"query-input\":{\"@type\":\"PropertyValueSpecification\",\"valueRequired\":true,\"valueName\":\"search_term_string\"}}],\"inLanguage\":\"fr-FR\"},{\"@type\":\"Organization\",\"@id\":\"https:\\\/\\\/www.link2fleet.com\\\/fr\\\/#organization\",\"name\":\"Link2fleet\",\"url\":\"https:\\\/\\\/www.link2fleet.com\\\/fr\\\/\",\"logo\":{\"@type\":\"ImageObject\",\"inLanguage\":\"fr-FR\",\"@id\":\"https:\\\/\\\/www.link2fleet.com\\\/fr\\\/#\\\/schema\\\/logo\\\/image\\\/\",\"url\":\"https:\\\/\\\/static.link2fleet.com\\\/wp-content\\\/uploads\\\/2024\\\/03\\\/share-image.jpg\",\"contentUrl\":\"https:\\\/\\\/static.link2fleet.com\\\/wp-content\\\/uploads\\\/2024\\\/03\\\/share-image.jpg\",\"width\":1200,\"height\":630,\"caption\":\"Link2fleet\"},\"image\":{\"@id\":\"https:\\\/\\\/www.link2fleet.com\\\/fr\\\/#\\\/schema\\\/logo\\\/image\\\/\"},\"sameAs\":[\"https:\\\/\\\/www.linkedin.com\\\/company\\\/link2fleet-belgium\",\"https:\\\/\\\/www.youtube.com\\\/user\\\/MMMBMBE\"]},{\"@type\":\"Person\",\"@id\":\"https:\\\/\\\/www.link2fleet.com\\\/fr\\\/#\\\/schema\\\/person\\\/bd29f6a2c2427e85a70d3acf17303486\",\"name\":\"Michel Willems - Mobilitas\",\"image\":{\"@type\":\"ImageObject\",\"inLanguage\":\"fr-FR\",\"@id\":\"https:\\\/\\\/secure.gravatar.com\\\/avatar\\\/c937de514893d5b69b3b52ee88664fd4879b786925b6742dc7891d347f167414?s=96&d=mm&r=g\",\"url\":\"https:\\\/\\\/secure.gravatar.com\\\/avatar\\\/c937de514893d5b69b3b52ee88664fd4879b786925b6742dc7891d347f167414?s=96&d=mm&r=g\",\"contentUrl\":\"https:\\\/\\\/secure.gravatar.com\\\/avatar\\\/c937de514893d5b69b3b52ee88664fd4879b786925b6742dc7891d347f167414?s=96&d=mm&r=g\",\"caption\":\"Michel Willems - Mobilitas\"}}]}<\/script>\n<!-- \/ Yoast SEO plugin. -->","yoast_head_json":{"title":"La formule de contribution de solidarit\u00e9 sociale 2022 pour les voitures de soci\u00e9t\u00e9 est connue - link2fleet","description":"Les nouvelles formules d&rsquo;indexation de la contribution de solidarit\u00e9, \u00e9galement appel\u00e9e contribution CO2, ont \u00e9t\u00e9 fix\u00e9es pour l&rsquo;ann\u00e9e 2022. Le coefficient de 1,3222 qui s&rsquo;applique\u2026","robots":{"index":"index","follow":"follow","max-snippet":"max-snippet:-1","max-image-preview":"max-image-preview:large","max-video-preview":"max-video-preview:-1"},"og_locale":"fr_FR","og_type":"article","og_title":"La formule de contribution de solidarit\u00e9 sociale 2022 pour les voitures de soci\u00e9t\u00e9 est connue - link2fleet","og_description":"Les nouvelles formules d&rsquo;indexation de la contribution de solidarit\u00e9, \u00e9galement appel\u00e9e contribution CO2, ont \u00e9t\u00e9 fix\u00e9es pour l&rsquo;ann\u00e9e 2022. Le coefficient de 1,3222 qui s&rsquo;applique\u2026","og_url":"https:\/\/www.link2fleet.com\/fr\/la-formule-de-contribution-de-solidarite-sociale-2022-pour-les-voitures-de-societe-est-connue\/","og_site_name":"link2fleet","article_published_time":"2021-10-26T04:52:56+00:00","og_image":[{"width":1024,"height":683,"url":"https:\/\/static.link2fleet.com\/wp-content\/uploads\/2024\/03\/calculatrice-voiture-1.jpg","type":"image\/jpeg"}],"author":"Michel Willems - Mobilitas","twitter_card":"summary_large_image","twitter_description":"Les nouvelles formules d&rsquo;indexation de la contribution de solidarit\u00e9, \u00e9galement appel\u00e9e contribution CO2, ont \u00e9t\u00e9 fix\u00e9es pour l&rsquo;ann\u00e9e 2022. Le coefficient de 1,3222 qui s&rsquo;applique\u2026","twitter_misc":{"\u00c9crit par":"Michel Willems - Mobilitas","Dur\u00e9e de lecture estim\u00e9e":"3 minutes"},"schema":{"@context":"https:\/\/schema.org","@graph":[{"@type":"Article","@id":"https:\/\/www.link2fleet.com\/fr\/la-formule-de-contribution-de-solidarite-sociale-2022-pour-les-voitures-de-societe-est-connue\/#article","isPartOf":{"@id":"https:\/\/www.link2fleet.com\/fr\/la-formule-de-contribution-de-solidarite-sociale-2022-pour-les-voitures-de-societe-est-connue\/"},"author":{"name":"Michel Willems - Mobilitas","@id":"https:\/\/www.link2fleet.com\/fr\/#\/schema\/person\/bd29f6a2c2427e85a70d3acf17303486"},"headline":"La formule de contribution de solidarit\u00e9 sociale 2022 pour les voitures de soci\u00e9t\u00e9 est connue","datePublished":"2021-10-26T04:52:56+00:00","mainEntityOfPage":{"@id":"https:\/\/www.link2fleet.com\/fr\/la-formule-de-contribution-de-solidarite-sociale-2022-pour-les-voitures-de-societe-est-connue\/"},"wordCount":589,"publisher":{"@id":"https:\/\/www.link2fleet.com\/fr\/#organization"},"image":{"@id":"https:\/\/www.link2fleet.com\/fr\/la-formule-de-contribution-de-solidarite-sociale-2022-pour-les-voitures-de-societe-est-connue\/#primaryimage"},"thumbnailUrl":"https:\/\/static.link2fleet.com\/wp-content\/uploads\/2024\/03\/calculatrice-voiture-1.jpg","articleSection":["Gestion de flotte","Tax &amp; legal"],"inLanguage":"fr-FR"},{"@type":"WebPage","@id":"https:\/\/www.link2fleet.com\/fr\/la-formule-de-contribution-de-solidarite-sociale-2022-pour-les-voitures-de-societe-est-connue\/","url":"https:\/\/www.link2fleet.com\/fr\/la-formule-de-contribution-de-solidarite-sociale-2022-pour-les-voitures-de-societe-est-connue\/","name":"La formule de contribution de solidarit\u00e9 sociale 2022 pour les voitures de soci\u00e9t\u00e9 est connue - link2fleet","isPartOf":{"@id":"https:\/\/www.link2fleet.com\/fr\/#website"},"primaryImageOfPage":{"@id":"https:\/\/www.link2fleet.com\/fr\/la-formule-de-contribution-de-solidarite-sociale-2022-pour-les-voitures-de-societe-est-connue\/#primaryimage"},"image":{"@id":"https:\/\/www.link2fleet.com\/fr\/la-formule-de-contribution-de-solidarite-sociale-2022-pour-les-voitures-de-societe-est-connue\/#primaryimage"},"thumbnailUrl":"https:\/\/static.link2fleet.com\/wp-content\/uploads\/2024\/03\/calculatrice-voiture-1.jpg","datePublished":"2021-10-26T04:52:56+00:00","breadcrumb":{"@id":"https:\/\/www.link2fleet.com\/fr\/la-formule-de-contribution-de-solidarite-sociale-2022-pour-les-voitures-de-societe-est-connue\/#breadcrumb"},"inLanguage":"fr-FR","potentialAction":[{"@type":"ReadAction","target":["https:\/\/www.link2fleet.com\/fr\/la-formule-de-contribution-de-solidarite-sociale-2022-pour-les-voitures-de-societe-est-connue\/"]}]},{"@type":"ImageObject","inLanguage":"fr-FR","@id":"https:\/\/www.link2fleet.com\/fr\/la-formule-de-contribution-de-solidarite-sociale-2022-pour-les-voitures-de-societe-est-connue\/#primaryimage","url":"https:\/\/static.link2fleet.com\/wp-content\/uploads\/2024\/03\/calculatrice-voiture-1.jpg","contentUrl":"https:\/\/static.link2fleet.com\/wp-content\/uploads\/2024\/03\/calculatrice-voiture-1.jpg","width":1024,"height":683,"caption":"Close-up Of Red Wooden Car In Front Of Businessperson Calculating Bill"},{"@type":"BreadcrumbList","@id":"https:\/\/www.link2fleet.com\/fr\/la-formule-de-contribution-de-solidarite-sociale-2022-pour-les-voitures-de-societe-est-connue\/#breadcrumb","itemListElement":[{"@type":"ListItem","position":1,"name":"Home","item":"https:\/\/www.link2fleet.com\/fr\/"},{"@type":"ListItem","position":2,"name":"La formule de contribution de solidarit\u00e9 sociale 2022 pour les voitures de soci\u00e9t\u00e9 est connue"}]},{"@type":"WebSite","@id":"https:\/\/www.link2fleet.com\/fr\/#website","url":"https:\/\/www.link2fleet.com\/fr\/","name":"Link2fleet","description":"","publisher":{"@id":"https:\/\/www.link2fleet.com\/fr\/#organization"},"potentialAction":[{"@type":"SearchAction","target":{"@type":"EntryPoint","urlTemplate":"https:\/\/www.link2fleet.com\/fr\/?s={search_term_string}"},"query-input":{"@type":"PropertyValueSpecification","valueRequired":true,"valueName":"search_term_string"}}],"inLanguage":"fr-FR"},{"@type":"Organization","@id":"https:\/\/www.link2fleet.com\/fr\/#organization","name":"Link2fleet","url":"https:\/\/www.link2fleet.com\/fr\/","logo":{"@type":"ImageObject","inLanguage":"fr-FR","@id":"https:\/\/www.link2fleet.com\/fr\/#\/schema\/logo\/image\/","url":"https:\/\/static.link2fleet.com\/wp-content\/uploads\/2024\/03\/share-image.jpg","contentUrl":"https:\/\/static.link2fleet.com\/wp-content\/uploads\/2024\/03\/share-image.jpg","width":1200,"height":630,"caption":"Link2fleet"},"image":{"@id":"https:\/\/www.link2fleet.com\/fr\/#\/schema\/logo\/image\/"},"sameAs":["https:\/\/www.linkedin.com\/company\/link2fleet-belgium","https:\/\/www.youtube.com\/user\/MMMBMBE"]},{"@type":"Person","@id":"https:\/\/www.link2fleet.com\/fr\/#\/schema\/person\/bd29f6a2c2427e85a70d3acf17303486","name":"Michel Willems - Mobilitas","image":{"@type":"ImageObject","inLanguage":"fr-FR","@id":"https:\/\/secure.gravatar.com\/avatar\/c937de514893d5b69b3b52ee88664fd4879b786925b6742dc7891d347f167414?s=96&d=mm&r=g","url":"https:\/\/secure.gravatar.com\/avatar\/c937de514893d5b69b3b52ee88664fd4879b786925b6742dc7891d347f167414?s=96&d=mm&r=g","contentUrl":"https:\/\/secure.gravatar.com\/avatar\/c937de514893d5b69b3b52ee88664fd4879b786925b6742dc7891d347f167414?s=96&d=mm&r=g","caption":"Michel Willems - Mobilitas"}}]}},"_links":{"self":[{"href":"https:\/\/www.link2fleet.com\/fr\/wp-json\/wp\/v2\/posts\/5093","targetHints":{"allow":["GET"]}}],"collection":[{"href":"https:\/\/www.link2fleet.com\/fr\/wp-json\/wp\/v2\/posts"}],"about":[{"href":"https:\/\/www.link2fleet.com\/fr\/wp-json\/wp\/v2\/types\/post"}],"author":[{"embeddable":true,"href":"https:\/\/www.link2fleet.com\/fr\/wp-json\/wp\/v2\/users\/11"}],"replies":[{"embeddable":true,"href":"https:\/\/www.link2fleet.com\/fr\/wp-json\/wp\/v2\/comments?post=5093"}],"version-history":[{"count":0,"href":"https:\/\/www.link2fleet.com\/fr\/wp-json\/wp\/v2\/posts\/5093\/revisions"}],"wp:featuredmedia":[{"embeddable":true,"href":"https:\/\/www.link2fleet.com\/fr\/wp-json\/wp\/v2\/media\/5094"}],"wp:attachment":[{"href":"https:\/\/www.link2fleet.com\/fr\/wp-json\/wp\/v2\/media?parent=5093"}],"wp:term":[{"taxonomy":"category","embeddable":true,"href":"https:\/\/www.link2fleet.com\/fr\/wp-json\/wp\/v2\/categories?post=5093"},{"taxonomy":"post_tag","embeddable":true,"href":"https:\/\/www.link2fleet.com\/fr\/wp-json\/wp\/v2\/tags?post=5093"}],"curies":[{"name":"wp","href":"https:\/\/api.w.org\/{rel}","templated":true}]}}