{"id":51027,"date":"2025-06-16T08:59:54","date_gmt":"2025-06-16T06:59:54","guid":{"rendered":"https:\/\/www.link2fleet.com\/ev-belgium-uitgebreid-team-met-herverkozen-voorzitter\/"},"modified":"2025-06-16T09:58:55","modified_gmt":"2025-06-16T07:58:55","slug":"ev-belgium-une-equipe-qui-sagrandit-et-un-president-reelu","status":"publish","type":"post","link":"https:\/\/www.link2fleet.com\/fr\/ev-belgium-une-equipe-qui-sagrandit-et-un-president-reelu\/","title":{"rendered":"EV Belgium : une \u00e9quipe qui s&rsquo;agrandit et un pr\u00e9sident r\u00e9\u00e9lu"},"content":{"rendered":"","protected":false},"excerpt":{"rendered":"","protected":false},"author":49,"featured_media":50991,"comment_status":"closed","ping_status":"closed","sticky":false,"template":"","format":"standard","meta":{"_acf_changed":false,"footnotes":""},"categories":[135,95],"tags":[],"class_list":["post-51027","post","type-post","status-publish","format-standard","has-post-thumbnail","hentry","category-news-fr","category-organisations-professionnelles-federations-experts"],"acf":[],"yoast_head":"<!-- This site is optimized with the Yoast SEO plugin v27.3 - https:\/\/yoast.com\/product\/yoast-seo-wordpress\/ -->\n<title>EV Belgium : une \u00e9quipe qui s&#039;agrandit et un pr\u00e9sident r\u00e9\u00e9lu - link2fleet<\/title>\n<meta name=\"description\" content=\"EV Belgium, la f\u00e9d\u00e9ration engag\u00e9e dans la transition vers la mobilit\u00e9 z\u00e9ro \u00e9mission en Belgique, a \u00e9largi son \u00e9quipe dirigeante. Dans le m\u00eame temps, Bart\u2026\" \/>\n<meta name=\"robots\" content=\"index, follow, max-snippet:-1, max-image-preview:large, max-video-preview:-1\" \/>\n<meta property=\"og:locale\" content=\"fr_FR\" \/>\n<meta property=\"og:type\" content=\"article\" \/>\n<meta property=\"og:title\" content=\"EV Belgium : une \u00e9quipe qui s&#039;agrandit et un pr\u00e9sident r\u00e9\u00e9lu - link2fleet\" \/>\n<meta property=\"og:description\" content=\"EV Belgium, la f\u00e9d\u00e9ration engag\u00e9e dans la transition vers la mobilit\u00e9 z\u00e9ro \u00e9mission en Belgique, a \u00e9largi son \u00e9quipe dirigeante. Dans le m\u00eame temps, Bart\u2026\" \/>\n<meta property=\"og:url\" content=\"https:\/\/www.link2fleet.com\/ev-belgium-uitgebreid-team-met-herverkozen-voorzitter\/\" \/>\n<meta property=\"og:site_name\" content=\"link2fleet\" \/>\n<meta property=\"article:published_time\" content=\"2025-06-16T06:59:54+00:00\" \/>\n<meta property=\"article:modified_time\" content=\"2025-06-16T07:58:55+00:00\" \/>\n<meta property=\"og:image\" content=\"https:\/\/static.link2fleet.com\/wp-content\/uploads\/2025\/06\/1749759133218-e1750060729715.jpg\" \/>\n\t<meta property=\"og:image:width\" content=\"1275\" \/>\n\t<meta property=\"og:image:height\" content=\"1036\" \/>\n\t<meta property=\"og:image:type\" content=\"image\/jpeg\" \/>\n<meta name=\"author\" content=\"Kevin Kersemans\" \/>\n<meta name=\"twitter:card\" content=\"summary_large_image\" \/>\n<meta name=\"twitter:description\" content=\"EV Belgium, la f\u00e9d\u00e9ration engag\u00e9e dans la transition vers la mobilit\u00e9 z\u00e9ro \u00e9mission en Belgique, a \u00e9largi son \u00e9quipe dirigeante. Dans le m\u00eame temps, Bart\u2026\" \/>\n<meta name=\"twitter:label1\" content=\"\u00c9crit par\" \/>\n\t<meta name=\"twitter:data1\" content=\"Kevin Kersemans\" \/>\n\t<meta name=\"twitter:label2\" content=\"Dur\u00e9e de lecture estim\u00e9e\" \/>\n\t<meta name=\"twitter:data2\" content=\"2 minutes\" \/>\n<script type=\"application\/ld+json\" class=\"yoast-schema-graph\">{\"@context\":\"https:\\\/\\\/schema.org\",\"@graph\":[{\"@type\":\"Article\",\"@id\":\"https:\\\/\\\/www.link2fleet.com\\\/ev-belgium-uitgebreid-team-met-herverkozen-voorzitter\\\/#article\",\"isPartOf\":{\"@id\":\"https:\\\/\\\/www.link2fleet.com\\\/ev-belgium-uitgebreid-team-met-herverkozen-voorzitter\\\/\"},\"author\":{\"name\":\"Kevin Kersemans\",\"@id\":\"https:\\\/\\\/www.link2fleet.com\\\/fr\\\/#\\\/schema\\\/person\\\/877bc89c32c65772066cb11fe1e67bbf\"},\"headline\":\"EV Belgium : une \u00e9quipe qui s&rsquo;agrandit et un pr\u00e9sident r\u00e9\u00e9lu\",\"datePublished\":\"2025-06-16T06:59:54+00:00\",\"dateModified\":\"2025-06-16T07:58:55+00:00\",\"mainEntityOfPage\":{\"@id\":\"https:\\\/\\\/www.link2fleet.com\\\/ev-belgium-uitgebreid-team-met-herverkozen-voorzitter\\\/\"},\"wordCount\":13,\"publisher\":{\"@id\":\"https:\\\/\\\/www.link2fleet.com\\\/fr\\\/#organization\"},\"image\":{\"@id\":\"https:\\\/\\\/www.link2fleet.com\\\/ev-belgium-uitgebreid-team-met-herverkozen-voorzitter\\\/#primaryimage\"},\"thumbnailUrl\":\"https:\\\/\\\/static.link2fleet.com\\\/wp-content\\\/uploads\\\/2025\\\/06\\\/1749759133218-e1750060729715.jpg\",\"articleSection\":[\"Actus\",\"Expertise et f\u00e9d\u00e9rations\"],\"inLanguage\":\"fr-FR\"},{\"@type\":\"WebPage\",\"@id\":\"https:\\\/\\\/www.link2fleet.com\\\/ev-belgium-uitgebreid-team-met-herverkozen-voorzitter\\\/\",\"url\":\"https:\\\/\\\/www.link2fleet.com\\\/ev-belgium-uitgebreid-team-met-herverkozen-voorzitter\\\/\",\"name\":\"EV Belgium : une \u00e9quipe qui s'agrandit et un pr\u00e9sident r\u00e9\u00e9lu - link2fleet\",\"isPartOf\":{\"@id\":\"https:\\\/\\\/www.link2fleet.com\\\/fr\\\/#website\"},\"primaryImageOfPage\":{\"@id\":\"https:\\\/\\\/www.link2fleet.com\\\/ev-belgium-uitgebreid-team-met-herverkozen-voorzitter\\\/#primaryimage\"},\"image\":{\"@id\":\"https:\\\/\\\/www.link2fleet.com\\\/ev-belgium-uitgebreid-team-met-herverkozen-voorzitter\\\/#primaryimage\"},\"thumbnailUrl\":\"https:\\\/\\\/static.link2fleet.com\\\/wp-content\\\/uploads\\\/2025\\\/06\\\/1749759133218-e1750060729715.jpg\",\"datePublished\":\"2025-06-16T06:59:54+00:00\",\"dateModified\":\"2025-06-16T07:58:55+00:00\",\"description\":\"EV Belgium, la f\u00e9d\u00e9ration engag\u00e9e dans la transition vers la mobilit\u00e9 z\u00e9ro \u00e9mission en Belgique \u00e9largit son \u00e9quipe et a r\u00e9\u00e9lu son pr\u00e9sident.\",\"breadcrumb\":{\"@id\":\"https:\\\/\\\/www.link2fleet.com\\\/ev-belgium-uitgebreid-team-met-herverkozen-voorzitter\\\/#breadcrumb\"},\"inLanguage\":\"fr-FR\",\"potentialAction\":[{\"@type\":\"ReadAction\",\"target\":[\"https:\\\/\\\/www.link2fleet.com\\\/ev-belgium-uitgebreid-team-met-herverkozen-voorzitter\\\/\"]}]},{\"@type\":\"ImageObject\",\"inLanguage\":\"fr-FR\",\"@id\":\"https:\\\/\\\/www.link2fleet.com\\\/ev-belgium-uitgebreid-team-met-herverkozen-voorzitter\\\/#primaryimage\",\"url\":\"https:\\\/\\\/static.link2fleet.com\\\/wp-content\\\/uploads\\\/2025\\\/06\\\/1749759133218-e1750060729715.jpg\",\"contentUrl\":\"https:\\\/\\\/static.link2fleet.com\\\/wp-content\\\/uploads\\\/2025\\\/06\\\/1749759133218-e1750060729715.jpg\",\"width\":1275,\"height\":1036},{\"@type\":\"BreadcrumbList\",\"@id\":\"https:\\\/\\\/www.link2fleet.com\\\/ev-belgium-uitgebreid-team-met-herverkozen-voorzitter\\\/#breadcrumb\",\"itemListElement\":[{\"@type\":\"ListItem\",\"position\":1,\"name\":\"Home\",\"item\":\"https:\\\/\\\/www.link2fleet.com\\\/fr\\\/\"},{\"@type\":\"ListItem\",\"position\":2,\"name\":\"EV Belgium : une \u00e9quipe qui s&#8217;agrandit et un pr\u00e9sident r\u00e9\u00e9lu\"}]},{\"@type\":\"WebSite\",\"@id\":\"https:\\\/\\\/www.link2fleet.com\\\/fr\\\/#website\",\"url\":\"https:\\\/\\\/www.link2fleet.com\\\/fr\\\/\",\"name\":\"Link2fleet\",\"description\":\"\",\"publisher\":{\"@id\":\"https:\\\/\\\/www.link2fleet.com\\\/fr\\\/#organization\"},\"potentialAction\":[{\"@type\":\"SearchAction\",\"target\":{\"@type\":\"EntryPoint\",\"urlTemplate\":\"https:\\\/\\\/www.link2fleet.com\\\/fr\\\/?s={search_term_string}\"},\"query-input\":{\"@type\":\"PropertyValueSpecification\",\"valueRequired\":true,\"valueName\":\"search_term_string\"}}],\"inLanguage\":\"fr-FR\"},{\"@type\":\"Organization\",\"@id\":\"https:\\\/\\\/www.link2fleet.com\\\/fr\\\/#organization\",\"name\":\"Link2fleet\",\"url\":\"https:\\\/\\\/www.link2fleet.com\\\/fr\\\/\",\"logo\":{\"@type\":\"ImageObject\",\"inLanguage\":\"fr-FR\",\"@id\":\"https:\\\/\\\/www.link2fleet.com\\\/fr\\\/#\\\/schema\\\/logo\\\/image\\\/\",\"url\":\"https:\\\/\\\/static.link2fleet.com\\\/wp-content\\\/uploads\\\/2024\\\/03\\\/share-image.jpg\",\"contentUrl\":\"https:\\\/\\\/static.link2fleet.com\\\/wp-content\\\/uploads\\\/2024\\\/03\\\/share-image.jpg\",\"width\":1200,\"height\":630,\"caption\":\"Link2fleet\"},\"image\":{\"@id\":\"https:\\\/\\\/www.link2fleet.com\\\/fr\\\/#\\\/schema\\\/logo\\\/image\\\/\"},\"sameAs\":[\"https:\\\/\\\/www.linkedin.com\\\/company\\\/link2fleet-belgium\",\"https:\\\/\\\/www.youtube.com\\\/user\\\/MMMBMBE\"]},{\"@type\":\"Person\",\"@id\":\"https:\\\/\\\/www.link2fleet.com\\\/fr\\\/#\\\/schema\\\/person\\\/877bc89c32c65772066cb11fe1e67bbf\",\"name\":\"Kevin Kersemans\",\"image\":{\"@type\":\"ImageObject\",\"inLanguage\":\"fr-FR\",\"@id\":\"https:\\\/\\\/secure.gravatar.com\\\/avatar\\\/b12f7d0f252688f677f4c181b6df65bf86880634bfcef3be42c82efcdb33d654?s=96&d=mm&r=g\",\"url\":\"https:\\\/\\\/secure.gravatar.com\\\/avatar\\\/b12f7d0f252688f677f4c181b6df65bf86880634bfcef3be42c82efcdb33d654?s=96&d=mm&r=g\",\"contentUrl\":\"https:\\\/\\\/secure.gravatar.com\\\/avatar\\\/b12f7d0f252688f677f4c181b6df65bf86880634bfcef3be42c82efcdb33d654?s=96&d=mm&r=g\",\"caption\":\"Kevin Kersemans\"},\"description\":\"Kevin Kersemans is autojournalist met al enkele decennia ervaring op de teller. Zijn passie voor auto's en alles op wielen heeft hij al van kindsbeen af. Voor link2fleet volgt hij vooral de auto-actualiteit en test hij nieuwe modellen.\"}]}<\/script>\n<!-- \/ Yoast SEO plugin. -->","yoast_head_json":{"title":"EV Belgium : une \u00e9quipe qui s'agrandit et un pr\u00e9sident r\u00e9\u00e9lu - link2fleet","description":"EV Belgium, la f\u00e9d\u00e9ration engag\u00e9e dans la transition vers la mobilit\u00e9 z\u00e9ro \u00e9mission en Belgique, a \u00e9largi son \u00e9quipe dirigeante. Dans le m\u00eame temps, Bart\u2026","robots":{"index":"index","follow":"follow","max-snippet":"max-snippet:-1","max-image-preview":"max-image-preview:large","max-video-preview":"max-video-preview:-1"},"og_locale":"fr_FR","og_type":"article","og_title":"EV Belgium : une \u00e9quipe qui s'agrandit et un pr\u00e9sident r\u00e9\u00e9lu - link2fleet","og_description":"EV Belgium, la f\u00e9d\u00e9ration engag\u00e9e dans la transition vers la mobilit\u00e9 z\u00e9ro \u00e9mission en Belgique, a \u00e9largi son \u00e9quipe dirigeante. Dans le m\u00eame temps, Bart\u2026","og_url":"https:\/\/www.link2fleet.com\/ev-belgium-uitgebreid-team-met-herverkozen-voorzitter\/","og_site_name":"link2fleet","article_published_time":"2025-06-16T06:59:54+00:00","article_modified_time":"2025-06-16T07:58:55+00:00","og_image":[{"width":1275,"height":1036,"url":"https:\/\/static.link2fleet.com\/wp-content\/uploads\/2025\/06\/1749759133218-e1750060729715.jpg","type":"image\/jpeg"}],"author":"Kevin Kersemans","twitter_card":"summary_large_image","twitter_description":"EV Belgium, la f\u00e9d\u00e9ration engag\u00e9e dans la transition vers la mobilit\u00e9 z\u00e9ro \u00e9mission en Belgique, a \u00e9largi son \u00e9quipe dirigeante. Dans le m\u00eame temps, Bart\u2026","twitter_misc":{"\u00c9crit par":"Kevin Kersemans","Dur\u00e9e de lecture estim\u00e9e":"2 minutes"},"schema":{"@context":"https:\/\/schema.org","@graph":[{"@type":"Article","@id":"https:\/\/www.link2fleet.com\/ev-belgium-uitgebreid-team-met-herverkozen-voorzitter\/#article","isPartOf":{"@id":"https:\/\/www.link2fleet.com\/ev-belgium-uitgebreid-team-met-herverkozen-voorzitter\/"},"author":{"name":"Kevin Kersemans","@id":"https:\/\/www.link2fleet.com\/fr\/#\/schema\/person\/877bc89c32c65772066cb11fe1e67bbf"},"headline":"EV Belgium : une \u00e9quipe qui s&rsquo;agrandit et un pr\u00e9sident r\u00e9\u00e9lu","datePublished":"2025-06-16T06:59:54+00:00","dateModified":"2025-06-16T07:58:55+00:00","mainEntityOfPage":{"@id":"https:\/\/www.link2fleet.com\/ev-belgium-uitgebreid-team-met-herverkozen-voorzitter\/"},"wordCount":13,"publisher":{"@id":"https:\/\/www.link2fleet.com\/fr\/#organization"},"image":{"@id":"https:\/\/www.link2fleet.com\/ev-belgium-uitgebreid-team-met-herverkozen-voorzitter\/#primaryimage"},"thumbnailUrl":"https:\/\/static.link2fleet.com\/wp-content\/uploads\/2025\/06\/1749759133218-e1750060729715.jpg","articleSection":["Actus","Expertise et f\u00e9d\u00e9rations"],"inLanguage":"fr-FR"},{"@type":"WebPage","@id":"https:\/\/www.link2fleet.com\/ev-belgium-uitgebreid-team-met-herverkozen-voorzitter\/","url":"https:\/\/www.link2fleet.com\/ev-belgium-uitgebreid-team-met-herverkozen-voorzitter\/","name":"EV Belgium : une \u00e9quipe qui s'agrandit et un pr\u00e9sident r\u00e9\u00e9lu - link2fleet","isPartOf":{"@id":"https:\/\/www.link2fleet.com\/fr\/#website"},"primaryImageOfPage":{"@id":"https:\/\/www.link2fleet.com\/ev-belgium-uitgebreid-team-met-herverkozen-voorzitter\/#primaryimage"},"image":{"@id":"https:\/\/www.link2fleet.com\/ev-belgium-uitgebreid-team-met-herverkozen-voorzitter\/#primaryimage"},"thumbnailUrl":"https:\/\/static.link2fleet.com\/wp-content\/uploads\/2025\/06\/1749759133218-e1750060729715.jpg","datePublished":"2025-06-16T06:59:54+00:00","dateModified":"2025-06-16T07:58:55+00:00","description":"EV Belgium, la f\u00e9d\u00e9ration engag\u00e9e dans la transition vers la mobilit\u00e9 z\u00e9ro \u00e9mission en Belgique \u00e9largit son \u00e9quipe et a r\u00e9\u00e9lu son pr\u00e9sident.","breadcrumb":{"@id":"https:\/\/www.link2fleet.com\/ev-belgium-uitgebreid-team-met-herverkozen-voorzitter\/#breadcrumb"},"inLanguage":"fr-FR","potentialAction":[{"@type":"ReadAction","target":["https:\/\/www.link2fleet.com\/ev-belgium-uitgebreid-team-met-herverkozen-voorzitter\/"]}]},{"@type":"ImageObject","inLanguage":"fr-FR","@id":"https:\/\/www.link2fleet.com\/ev-belgium-uitgebreid-team-met-herverkozen-voorzitter\/#primaryimage","url":"https:\/\/static.link2fleet.com\/wp-content\/uploads\/2025\/06\/1749759133218-e1750060729715.jpg","contentUrl":"https:\/\/static.link2fleet.com\/wp-content\/uploads\/2025\/06\/1749759133218-e1750060729715.jpg","width":1275,"height":1036},{"@type":"BreadcrumbList","@id":"https:\/\/www.link2fleet.com\/ev-belgium-uitgebreid-team-met-herverkozen-voorzitter\/#breadcrumb","itemListElement":[{"@type":"ListItem","position":1,"name":"Home","item":"https:\/\/www.link2fleet.com\/fr\/"},{"@type":"ListItem","position":2,"name":"EV Belgium : une \u00e9quipe qui s&#8217;agrandit et un pr\u00e9sident r\u00e9\u00e9lu"}]},{"@type":"WebSite","@id":"https:\/\/www.link2fleet.com\/fr\/#website","url":"https:\/\/www.link2fleet.com\/fr\/","name":"Link2fleet","description":"","publisher":{"@id":"https:\/\/www.link2fleet.com\/fr\/#organization"},"potentialAction":[{"@type":"SearchAction","target":{"@type":"EntryPoint","urlTemplate":"https:\/\/www.link2fleet.com\/fr\/?s={search_term_string}"},"query-input":{"@type":"PropertyValueSpecification","valueRequired":true,"valueName":"search_term_string"}}],"inLanguage":"fr-FR"},{"@type":"Organization","@id":"https:\/\/www.link2fleet.com\/fr\/#organization","name":"Link2fleet","url":"https:\/\/www.link2fleet.com\/fr\/","logo":{"@type":"ImageObject","inLanguage":"fr-FR","@id":"https:\/\/www.link2fleet.com\/fr\/#\/schema\/logo\/image\/","url":"https:\/\/static.link2fleet.com\/wp-content\/uploads\/2024\/03\/share-image.jpg","contentUrl":"https:\/\/static.link2fleet.com\/wp-content\/uploads\/2024\/03\/share-image.jpg","width":1200,"height":630,"caption":"Link2fleet"},"image":{"@id":"https:\/\/www.link2fleet.com\/fr\/#\/schema\/logo\/image\/"},"sameAs":["https:\/\/www.linkedin.com\/company\/link2fleet-belgium","https:\/\/www.youtube.com\/user\/MMMBMBE"]},{"@type":"Person","@id":"https:\/\/www.link2fleet.com\/fr\/#\/schema\/person\/877bc89c32c65772066cb11fe1e67bbf","name":"Kevin Kersemans","image":{"@type":"ImageObject","inLanguage":"fr-FR","@id":"https:\/\/secure.gravatar.com\/avatar\/b12f7d0f252688f677f4c181b6df65bf86880634bfcef3be42c82efcdb33d654?s=96&d=mm&r=g","url":"https:\/\/secure.gravatar.com\/avatar\/b12f7d0f252688f677f4c181b6df65bf86880634bfcef3be42c82efcdb33d654?s=96&d=mm&r=g","contentUrl":"https:\/\/secure.gravatar.com\/avatar\/b12f7d0f252688f677f4c181b6df65bf86880634bfcef3be42c82efcdb33d654?s=96&d=mm&r=g","caption":"Kevin Kersemans"},"description":"Kevin Kersemans is autojournalist met al enkele decennia ervaring op de teller. Zijn passie voor auto's en alles op wielen heeft hij al van kindsbeen af. Voor link2fleet volgt hij vooral de auto-actualiteit en test hij nieuwe modellen."}]}},"_links":{"self":[{"href":"https:\/\/www.link2fleet.com\/fr\/wp-json\/wp\/v2\/posts\/51027","targetHints":{"allow":["GET"]}}],"collection":[{"href":"https:\/\/www.link2fleet.com\/fr\/wp-json\/wp\/v2\/posts"}],"about":[{"href":"https:\/\/www.link2fleet.com\/fr\/wp-json\/wp\/v2\/types\/post"}],"author":[{"embeddable":true,"href":"https:\/\/www.link2fleet.com\/fr\/wp-json\/wp\/v2\/users\/49"}],"replies":[{"embeddable":true,"href":"https:\/\/www.link2fleet.com\/fr\/wp-json\/wp\/v2\/comments?post=51027"}],"version-history":[{"count":4,"href":"https:\/\/www.link2fleet.com\/fr\/wp-json\/wp\/v2\/posts\/51027\/revisions"}],"predecessor-version":[{"id":51042,"href":"https:\/\/www.link2fleet.com\/fr\/wp-json\/wp\/v2\/posts\/51027\/revisions\/51042"}],"wp:featuredmedia":[{"embeddable":true,"href":"https:\/\/www.link2fleet.com\/fr\/wp-json\/wp\/v2\/media\/50991"}],"wp:attachment":[{"href":"https:\/\/www.link2fleet.com\/fr\/wp-json\/wp\/v2\/media?parent=51027"}],"wp:term":[{"taxonomy":"category","embeddable":true,"href":"https:\/\/www.link2fleet.com\/fr\/wp-json\/wp\/v2\/categories?post=51027"},{"taxonomy":"post_tag","embeddable":true,"href":"https:\/\/www.link2fleet.com\/fr\/wp-json\/wp\/v2\/tags?post=51027"}],"curies":[{"name":"wp","href":"https:\/\/api.w.org\/{rel}","templated":true}]}}