{"id":516,"date":"2024-01-05T14:48:51","date_gmt":"2024-01-05T13:48:51","guid":{"rendered":"https:\/\/www.link2fleet.com\/skytechnics-deja-5-ans-au-service-du-developpement-de-la-mobilite-electrique\/"},"modified":"2024-01-29T11:34:27","modified_gmt":"2024-01-29T10:34:27","slug":"skytechnics-deja-5-ans-au-service-du-developpement-de-la-mobilite-electrique","status":"publish","type":"post","link":"https:\/\/www.link2fleet.com\/fr\/skytechnics-deja-5-ans-au-service-du-developpement-de-la-mobilite-electrique\/","title":{"rendered":"Skytechnics : D\u00e9j\u00e0 5 ans au service du d\u00e9veloppement de la mobilit\u00e9 \u00e9lectrique"},"content":{"rendered":"<p style=\"font-weight: 400;\"><a href=\"https:\/\/www.link2fleet.com\/wp-content\/uploads\/2023\/11\/skytechnics3.jpeg\"><img loading=\"lazy\" decoding=\"async\" class=\" wp-image-1300273 alignleft\" src=\"https:\/\/www.link2fleet.com\/wp-content\/uploads\/2023\/11\/skytechnics3-768x1024.jpeg\" alt=\"\" width=\"235\" height=\"313\" \/><\/a><\/p>\n<div>\n<p>\u201cSkytechnics est sp\u00e9cialis\u00e9e dans l\u2019installation, le placement et l\u2019entretien des bornes de recharge, indique Mohammed Taslidere, Managing Director. Nous voulons apporter notre contribution \u00e0 un avenir durable en fournissant des infrastructures de recharge de haute qualit\u00e9, de m\u00eame que des installations et entretien de qualit\u00e9.\u00a0\u00bb<\/p>\n<\/div>\n<div>\n<p>Mais ce n\u2019est pas tout. Chez Skytechnics, le client est au centre des attentions. \u00ab\u00a0Nous savons que tous les clients n\u2019ont pas les m\u00eames besoins. Nous \u00e9coutons leurs besoins et fournissons des solutions sur mesure afin d\u2019y r\u00e9pondre au mieux.\u00a0\u00bb<\/p>\n<\/div>\n<div>\n<p>Skytechnics dispose de sa propre \u00e9quipe de techniciens et compte actuellement une vingtaine de personnes en service. Ils disposent en plus de 3 implantations, \u00e0 savoir Nazareth (si\u00e8ge social), Aarschot et Floreffe. \u00ab\u00a0Notre ambition est de doubler en 2024, autant en nombre de collaborateur qu\u2019en chiffres d\u2019affaires\u00a0\u00bb, pr\u00e9cise Mohammed Taslidere.<\/p>\n<\/div>\n<p>&nbsp;<\/p>\n<div>\n<p><b>Exp\u00e9rience avec les plus grands fournisseurs<\/b><\/p>\n<\/div>\n<div>\n<p>En mati\u00e8re d\u2019infrastructure de recharge, Skytechnics travaille en collaboration avec les plus importants fournisseurs de Belgique, notamment EDI (Electric by D\u2019Ieteren), 50Five et TotalEnergies.<\/p>\n<\/div>\n<p><a href=\"https:\/\/www.link2fleet.com\/wp-content\/uploads\/2023\/11\/skytechnics2.jpeg\"><img loading=\"lazy\" decoding=\"async\" class=\"aligncenter size-large wp-image-1300275\" src=\"https:\/\/www.link2fleet.com\/wp-content\/uploads\/2023\/11\/skytechnics2-1024x576.jpeg\" alt=\"\" width=\"640\" height=\"360\" \/><\/a><\/p>\n<p>&nbsp;<\/p>\n","protected":false},"excerpt":{"rendered":"<p>\u201cSkytechnics est sp\u00e9cialis\u00e9e dans l\u2019installation, le placement et l\u2019entretien des bornes de recharge, indique Mohammed Taslidere, Managing Director. Nous voulons apporter notre contribution \u00e0 un avenir durable en fournissant des infrastructures de recharge de haute qualit\u00e9, de m\u00eame que des installations et entretien de qualit\u00e9.\u00a0\u00bb Mais ce n\u2019est pas tout. Chez Skytechnics, le client est [&hellip;]<\/p>\n","protected":false},"author":4,"featured_media":608,"comment_status":"closed","ping_status":"closed","sticky":false,"template":"","format":"standard","meta":{"_acf_changed":false,"footnotes":""},"categories":[81,91],"tags":[],"class_list":["post-516","post","type-post","status-publish","format-standard","has-post-thumbnail","hentry","category-gestion-de-carburant-et-energie","category-expertise-et-management"],"acf":[],"yoast_head":"<!-- This site is optimized with the Yoast SEO plugin v27.3 - https:\/\/yoast.com\/product\/yoast-seo-wordpress\/ -->\n<title>Skytechnics : D\u00e9j\u00e0 5 ans au service du d\u00e9veloppement de la mobilit\u00e9 \u00e9lectrique - link2fleet<\/title>\n<meta name=\"description\" content=\"L\u2019entreprise Skytechnics de Nazareth est leader du march\u00e9 en mati\u00e8re d\u2019installation d\u2019infrastructure de recharge pour les clients B2C, avec une capacit\u00e9 de 1.500 installations par\u2026\" \/>\n<meta name=\"robots\" content=\"index, follow, max-snippet:-1, max-image-preview:large, max-video-preview:-1\" \/>\n<meta property=\"og:locale\" content=\"fr_FR\" \/>\n<meta property=\"og:type\" content=\"article\" \/>\n<meta property=\"og:title\" content=\"Skytechnics : D\u00e9j\u00e0 5 ans au service du d\u00e9veloppement de la mobilit\u00e9 \u00e9lectrique - link2fleet\" \/>\n<meta property=\"og:description\" content=\"L\u2019entreprise Skytechnics de Nazareth est leader du march\u00e9 en mati\u00e8re d\u2019installation d\u2019infrastructure de recharge pour les clients B2C, avec une capacit\u00e9 de 1.500 installations par\u2026\" \/>\n<meta property=\"og:url\" content=\"https:\/\/www.link2fleet.com\/fr\/skytechnics-deja-5-ans-au-service-du-developpement-de-la-mobilite-electrique\/\" \/>\n<meta property=\"og:site_name\" content=\"link2fleet\" \/>\n<meta property=\"article:published_time\" content=\"2024-01-05T13:48:51+00:00\" \/>\n<meta property=\"article:modified_time\" content=\"2024-01-29T10:34:27+00:00\" \/>\n<meta property=\"og:image\" content=\"https:\/\/static.link2fleet.com\/wp-content\/uploads\/2024\/01\/skytechnics.png\" \/>\n\t<meta property=\"og:image:width\" content=\"1266\" \/>\n\t<meta property=\"og:image:height\" content=\"585\" \/>\n\t<meta property=\"og:image:type\" content=\"image\/png\" \/>\n<meta name=\"author\" content=\"Damien Malvetti\" \/>\n<meta name=\"twitter:card\" content=\"summary_large_image\" \/>\n<meta name=\"twitter:description\" content=\"L\u2019entreprise Skytechnics de Nazareth est leader du march\u00e9 en mati\u00e8re d\u2019installation d\u2019infrastructure de recharge pour les clients B2C, avec une capacit\u00e9 de 1.500 installations par\u2026\" \/>\n<meta name=\"twitter:label1\" content=\"\u00c9crit par\" \/>\n\t<meta name=\"twitter:data1\" content=\"Damien Malvetti\" \/>\n\t<meta name=\"twitter:label2\" content=\"Dur\u00e9e de lecture estim\u00e9e\" \/>\n\t<meta name=\"twitter:data2\" content=\"1 minute\" \/>\n<script type=\"application\/ld+json\" class=\"yoast-schema-graph\">{\"@context\":\"https:\\\/\\\/schema.org\",\"@graph\":[{\"@type\":\"Article\",\"@id\":\"https:\\\/\\\/www.link2fleet.com\\\/fr\\\/skytechnics-deja-5-ans-au-service-du-developpement-de-la-mobilite-electrique\\\/#article\",\"isPartOf\":{\"@id\":\"https:\\\/\\\/www.link2fleet.com\\\/fr\\\/skytechnics-deja-5-ans-au-service-du-developpement-de-la-mobilite-electrique\\\/\"},\"author\":{\"name\":\"Damien Malvetti\",\"@id\":\"https:\\\/\\\/www.link2fleet.com\\\/fr\\\/#\\\/schema\\\/person\\\/027cd46113c78036b3809c9a054049da\"},\"headline\":\"Skytechnics : D\u00e9j\u00e0 5 ans au service du d\u00e9veloppement de la mobilit\u00e9 \u00e9lectrique\",\"datePublished\":\"2024-01-05T13:48:51+00:00\",\"dateModified\":\"2024-01-29T10:34:27+00:00\",\"mainEntityOfPage\":{\"@id\":\"https:\\\/\\\/www.link2fleet.com\\\/fr\\\/skytechnics-deja-5-ans-au-service-du-developpement-de-la-mobilite-electrique\\\/\"},\"wordCount\":194,\"publisher\":{\"@id\":\"https:\\\/\\\/www.link2fleet.com\\\/fr\\\/#organization\"},\"image\":{\"@id\":\"https:\\\/\\\/www.link2fleet.com\\\/fr\\\/skytechnics-deja-5-ans-au-service-du-developpement-de-la-mobilite-electrique\\\/#primaryimage\"},\"thumbnailUrl\":\"https:\\\/\\\/static.link2fleet.com\\\/wp-content\\\/uploads\\\/2024\\\/01\\\/skytechnics.png\",\"articleSection\":[\"Gestion carburant et de l'\u00e9nergie\",\"Gestion de flotte\"],\"inLanguage\":\"fr-FR\"},{\"@type\":\"WebPage\",\"@id\":\"https:\\\/\\\/www.link2fleet.com\\\/fr\\\/skytechnics-deja-5-ans-au-service-du-developpement-de-la-mobilite-electrique\\\/\",\"url\":\"https:\\\/\\\/www.link2fleet.com\\\/fr\\\/skytechnics-deja-5-ans-au-service-du-developpement-de-la-mobilite-electrique\\\/\",\"name\":\"Skytechnics : D\u00e9j\u00e0 5 ans au service du d\u00e9veloppement de la mobilit\u00e9 \u00e9lectrique - link2fleet\",\"isPartOf\":{\"@id\":\"https:\\\/\\\/www.link2fleet.com\\\/fr\\\/#website\"},\"primaryImageOfPage\":{\"@id\":\"https:\\\/\\\/www.link2fleet.com\\\/fr\\\/skytechnics-deja-5-ans-au-service-du-developpement-de-la-mobilite-electrique\\\/#primaryimage\"},\"image\":{\"@id\":\"https:\\\/\\\/www.link2fleet.com\\\/fr\\\/skytechnics-deja-5-ans-au-service-du-developpement-de-la-mobilite-electrique\\\/#primaryimage\"},\"thumbnailUrl\":\"https:\\\/\\\/static.link2fleet.com\\\/wp-content\\\/uploads\\\/2024\\\/01\\\/skytechnics.png\",\"datePublished\":\"2024-01-05T13:48:51+00:00\",\"dateModified\":\"2024-01-29T10:34:27+00:00\",\"breadcrumb\":{\"@id\":\"https:\\\/\\\/www.link2fleet.com\\\/fr\\\/skytechnics-deja-5-ans-au-service-du-developpement-de-la-mobilite-electrique\\\/#breadcrumb\"},\"inLanguage\":\"fr-FR\",\"potentialAction\":[{\"@type\":\"ReadAction\",\"target\":[\"https:\\\/\\\/www.link2fleet.com\\\/fr\\\/skytechnics-deja-5-ans-au-service-du-developpement-de-la-mobilite-electrique\\\/\"]}]},{\"@type\":\"ImageObject\",\"inLanguage\":\"fr-FR\",\"@id\":\"https:\\\/\\\/www.link2fleet.com\\\/fr\\\/skytechnics-deja-5-ans-au-service-du-developpement-de-la-mobilite-electrique\\\/#primaryimage\",\"url\":\"https:\\\/\\\/static.link2fleet.com\\\/wp-content\\\/uploads\\\/2024\\\/01\\\/skytechnics.png\",\"contentUrl\":\"https:\\\/\\\/static.link2fleet.com\\\/wp-content\\\/uploads\\\/2024\\\/01\\\/skytechnics.png\",\"width\":1266,\"height\":585,\"caption\":\"||\"},{\"@type\":\"BreadcrumbList\",\"@id\":\"https:\\\/\\\/www.link2fleet.com\\\/fr\\\/skytechnics-deja-5-ans-au-service-du-developpement-de-la-mobilite-electrique\\\/#breadcrumb\",\"itemListElement\":[{\"@type\":\"ListItem\",\"position\":1,\"name\":\"Home\",\"item\":\"https:\\\/\\\/www.link2fleet.com\\\/fr\\\/\"},{\"@type\":\"ListItem\",\"position\":2,\"name\":\"Skytechnics : D\u00e9j\u00e0 5 ans au service du d\u00e9veloppement de la mobilit\u00e9 \u00e9lectrique\"}]},{\"@type\":\"WebSite\",\"@id\":\"https:\\\/\\\/www.link2fleet.com\\\/fr\\\/#website\",\"url\":\"https:\\\/\\\/www.link2fleet.com\\\/fr\\\/\",\"name\":\"Link2fleet\",\"description\":\"\",\"publisher\":{\"@id\":\"https:\\\/\\\/www.link2fleet.com\\\/fr\\\/#organization\"},\"potentialAction\":[{\"@type\":\"SearchAction\",\"target\":{\"@type\":\"EntryPoint\",\"urlTemplate\":\"https:\\\/\\\/www.link2fleet.com\\\/fr\\\/?s={search_term_string}\"},\"query-input\":{\"@type\":\"PropertyValueSpecification\",\"valueRequired\":true,\"valueName\":\"search_term_string\"}}],\"inLanguage\":\"fr-FR\"},{\"@type\":\"Organization\",\"@id\":\"https:\\\/\\\/www.link2fleet.com\\\/fr\\\/#organization\",\"name\":\"Link2fleet\",\"url\":\"https:\\\/\\\/www.link2fleet.com\\\/fr\\\/\",\"logo\":{\"@type\":\"ImageObject\",\"inLanguage\":\"fr-FR\",\"@id\":\"https:\\\/\\\/www.link2fleet.com\\\/fr\\\/#\\\/schema\\\/logo\\\/image\\\/\",\"url\":\"https:\\\/\\\/static.link2fleet.com\\\/wp-content\\\/uploads\\\/2024\\\/03\\\/share-image.jpg\",\"contentUrl\":\"https:\\\/\\\/static.link2fleet.com\\\/wp-content\\\/uploads\\\/2024\\\/03\\\/share-image.jpg\",\"width\":1200,\"height\":630,\"caption\":\"Link2fleet\"},\"image\":{\"@id\":\"https:\\\/\\\/www.link2fleet.com\\\/fr\\\/#\\\/schema\\\/logo\\\/image\\\/\"},\"sameAs\":[\"https:\\\/\\\/www.linkedin.com\\\/company\\\/link2fleet-belgium\",\"https:\\\/\\\/www.youtube.com\\\/user\\\/MMMBMBE\"]},{\"@type\":\"Person\",\"@id\":\"https:\\\/\\\/www.link2fleet.com\\\/fr\\\/#\\\/schema\\\/person\\\/027cd46113c78036b3809c9a054049da\",\"name\":\"Damien Malvetti\",\"image\":{\"@type\":\"ImageObject\",\"inLanguage\":\"fr-FR\",\"@id\":\"https:\\\/\\\/secure.gravatar.com\\\/avatar\\\/dd8cc03b49466c735f753ac37f8caa371af16dfed347456ed61f02883255eebb?s=96&d=mm&r=g\",\"url\":\"https:\\\/\\\/secure.gravatar.com\\\/avatar\\\/dd8cc03b49466c735f753ac37f8caa371af16dfed347456ed61f02883255eebb?s=96&d=mm&r=g\",\"contentUrl\":\"https:\\\/\\\/secure.gravatar.com\\\/avatar\\\/dd8cc03b49466c735f753ac37f8caa371af16dfed347456ed61f02883255eebb?s=96&d=mm&r=g\",\"caption\":\"Damien Malvetti\"},\"description\":\"Damien Malvetti is opgeleid als journalist en gepassioneerd door wagens, technologie en mobiliteit. Hij is verantwoordelijk voor de redactionele inhoud van link2fleet en beschikt over een uitgebreide kennis van de fleet-sector en elektrische mobiliteit.\",\"sameAs\":[\"https:\\\/\\\/www.linkedin.com\\\/in\\\/damien-malvetti-56601142\\\/\"]}]}<\/script>\n<!-- \/ Yoast SEO plugin. -->","yoast_head_json":{"title":"Skytechnics : D\u00e9j\u00e0 5 ans au service du d\u00e9veloppement de la mobilit\u00e9 \u00e9lectrique - link2fleet","description":"L\u2019entreprise Skytechnics de Nazareth est leader du march\u00e9 en mati\u00e8re d\u2019installation d\u2019infrastructure de recharge pour les clients B2C, avec une capacit\u00e9 de 1.500 installations par\u2026","robots":{"index":"index","follow":"follow","max-snippet":"max-snippet:-1","max-image-preview":"max-image-preview:large","max-video-preview":"max-video-preview:-1"},"og_locale":"fr_FR","og_type":"article","og_title":"Skytechnics : D\u00e9j\u00e0 5 ans au service du d\u00e9veloppement de la mobilit\u00e9 \u00e9lectrique - link2fleet","og_description":"L\u2019entreprise Skytechnics de Nazareth est leader du march\u00e9 en mati\u00e8re d\u2019installation d\u2019infrastructure de recharge pour les clients B2C, avec une capacit\u00e9 de 1.500 installations par\u2026","og_url":"https:\/\/www.link2fleet.com\/fr\/skytechnics-deja-5-ans-au-service-du-developpement-de-la-mobilite-electrique\/","og_site_name":"link2fleet","article_published_time":"2024-01-05T13:48:51+00:00","article_modified_time":"2024-01-29T10:34:27+00:00","og_image":[{"width":1266,"height":585,"url":"https:\/\/static.link2fleet.com\/wp-content\/uploads\/2024\/01\/skytechnics.png","type":"image\/png"}],"author":"Damien Malvetti","twitter_card":"summary_large_image","twitter_description":"L\u2019entreprise Skytechnics de Nazareth est leader du march\u00e9 en mati\u00e8re d\u2019installation d\u2019infrastructure de recharge pour les clients B2C, avec une capacit\u00e9 de 1.500 installations par\u2026","twitter_misc":{"\u00c9crit par":"Damien Malvetti","Dur\u00e9e de lecture estim\u00e9e":"1 minute"},"schema":{"@context":"https:\/\/schema.org","@graph":[{"@type":"Article","@id":"https:\/\/www.link2fleet.com\/fr\/skytechnics-deja-5-ans-au-service-du-developpement-de-la-mobilite-electrique\/#article","isPartOf":{"@id":"https:\/\/www.link2fleet.com\/fr\/skytechnics-deja-5-ans-au-service-du-developpement-de-la-mobilite-electrique\/"},"author":{"name":"Damien Malvetti","@id":"https:\/\/www.link2fleet.com\/fr\/#\/schema\/person\/027cd46113c78036b3809c9a054049da"},"headline":"Skytechnics : D\u00e9j\u00e0 5 ans au service du d\u00e9veloppement de la mobilit\u00e9 \u00e9lectrique","datePublished":"2024-01-05T13:48:51+00:00","dateModified":"2024-01-29T10:34:27+00:00","mainEntityOfPage":{"@id":"https:\/\/www.link2fleet.com\/fr\/skytechnics-deja-5-ans-au-service-du-developpement-de-la-mobilite-electrique\/"},"wordCount":194,"publisher":{"@id":"https:\/\/www.link2fleet.com\/fr\/#organization"},"image":{"@id":"https:\/\/www.link2fleet.com\/fr\/skytechnics-deja-5-ans-au-service-du-developpement-de-la-mobilite-electrique\/#primaryimage"},"thumbnailUrl":"https:\/\/static.link2fleet.com\/wp-content\/uploads\/2024\/01\/skytechnics.png","articleSection":["Gestion carburant et de l'\u00e9nergie","Gestion de flotte"],"inLanguage":"fr-FR"},{"@type":"WebPage","@id":"https:\/\/www.link2fleet.com\/fr\/skytechnics-deja-5-ans-au-service-du-developpement-de-la-mobilite-electrique\/","url":"https:\/\/www.link2fleet.com\/fr\/skytechnics-deja-5-ans-au-service-du-developpement-de-la-mobilite-electrique\/","name":"Skytechnics : D\u00e9j\u00e0 5 ans au service du d\u00e9veloppement de la mobilit\u00e9 \u00e9lectrique - link2fleet","isPartOf":{"@id":"https:\/\/www.link2fleet.com\/fr\/#website"},"primaryImageOfPage":{"@id":"https:\/\/www.link2fleet.com\/fr\/skytechnics-deja-5-ans-au-service-du-developpement-de-la-mobilite-electrique\/#primaryimage"},"image":{"@id":"https:\/\/www.link2fleet.com\/fr\/skytechnics-deja-5-ans-au-service-du-developpement-de-la-mobilite-electrique\/#primaryimage"},"thumbnailUrl":"https:\/\/static.link2fleet.com\/wp-content\/uploads\/2024\/01\/skytechnics.png","datePublished":"2024-01-05T13:48:51+00:00","dateModified":"2024-01-29T10:34:27+00:00","breadcrumb":{"@id":"https:\/\/www.link2fleet.com\/fr\/skytechnics-deja-5-ans-au-service-du-developpement-de-la-mobilite-electrique\/#breadcrumb"},"inLanguage":"fr-FR","potentialAction":[{"@type":"ReadAction","target":["https:\/\/www.link2fleet.com\/fr\/skytechnics-deja-5-ans-au-service-du-developpement-de-la-mobilite-electrique\/"]}]},{"@type":"ImageObject","inLanguage":"fr-FR","@id":"https:\/\/www.link2fleet.com\/fr\/skytechnics-deja-5-ans-au-service-du-developpement-de-la-mobilite-electrique\/#primaryimage","url":"https:\/\/static.link2fleet.com\/wp-content\/uploads\/2024\/01\/skytechnics.png","contentUrl":"https:\/\/static.link2fleet.com\/wp-content\/uploads\/2024\/01\/skytechnics.png","width":1266,"height":585,"caption":"||"},{"@type":"BreadcrumbList","@id":"https:\/\/www.link2fleet.com\/fr\/skytechnics-deja-5-ans-au-service-du-developpement-de-la-mobilite-electrique\/#breadcrumb","itemListElement":[{"@type":"ListItem","position":1,"name":"Home","item":"https:\/\/www.link2fleet.com\/fr\/"},{"@type":"ListItem","position":2,"name":"Skytechnics : D\u00e9j\u00e0 5 ans au service du d\u00e9veloppement de la mobilit\u00e9 \u00e9lectrique"}]},{"@type":"WebSite","@id":"https:\/\/www.link2fleet.com\/fr\/#website","url":"https:\/\/www.link2fleet.com\/fr\/","name":"Link2fleet","description":"","publisher":{"@id":"https:\/\/www.link2fleet.com\/fr\/#organization"},"potentialAction":[{"@type":"SearchAction","target":{"@type":"EntryPoint","urlTemplate":"https:\/\/www.link2fleet.com\/fr\/?s={search_term_string}"},"query-input":{"@type":"PropertyValueSpecification","valueRequired":true,"valueName":"search_term_string"}}],"inLanguage":"fr-FR"},{"@type":"Organization","@id":"https:\/\/www.link2fleet.com\/fr\/#organization","name":"Link2fleet","url":"https:\/\/www.link2fleet.com\/fr\/","logo":{"@type":"ImageObject","inLanguage":"fr-FR","@id":"https:\/\/www.link2fleet.com\/fr\/#\/schema\/logo\/image\/","url":"https:\/\/static.link2fleet.com\/wp-content\/uploads\/2024\/03\/share-image.jpg","contentUrl":"https:\/\/static.link2fleet.com\/wp-content\/uploads\/2024\/03\/share-image.jpg","width":1200,"height":630,"caption":"Link2fleet"},"image":{"@id":"https:\/\/www.link2fleet.com\/fr\/#\/schema\/logo\/image\/"},"sameAs":["https:\/\/www.linkedin.com\/company\/link2fleet-belgium","https:\/\/www.youtube.com\/user\/MMMBMBE"]},{"@type":"Person","@id":"https:\/\/www.link2fleet.com\/fr\/#\/schema\/person\/027cd46113c78036b3809c9a054049da","name":"Damien Malvetti","image":{"@type":"ImageObject","inLanguage":"fr-FR","@id":"https:\/\/secure.gravatar.com\/avatar\/dd8cc03b49466c735f753ac37f8caa371af16dfed347456ed61f02883255eebb?s=96&d=mm&r=g","url":"https:\/\/secure.gravatar.com\/avatar\/dd8cc03b49466c735f753ac37f8caa371af16dfed347456ed61f02883255eebb?s=96&d=mm&r=g","contentUrl":"https:\/\/secure.gravatar.com\/avatar\/dd8cc03b49466c735f753ac37f8caa371af16dfed347456ed61f02883255eebb?s=96&d=mm&r=g","caption":"Damien Malvetti"},"description":"Damien Malvetti is opgeleid als journalist en gepassioneerd door wagens, technologie en mobiliteit. Hij is verantwoordelijk voor de redactionele inhoud van link2fleet en beschikt over een uitgebreide kennis van de fleet-sector en elektrische mobiliteit.","sameAs":["https:\/\/www.linkedin.com\/in\/damien-malvetti-56601142\/"]}]}},"_links":{"self":[{"href":"https:\/\/www.link2fleet.com\/fr\/wp-json\/wp\/v2\/posts\/516","targetHints":{"allow":["GET"]}}],"collection":[{"href":"https:\/\/www.link2fleet.com\/fr\/wp-json\/wp\/v2\/posts"}],"about":[{"href":"https:\/\/www.link2fleet.com\/fr\/wp-json\/wp\/v2\/types\/post"}],"author":[{"embeddable":true,"href":"https:\/\/www.link2fleet.com\/fr\/wp-json\/wp\/v2\/users\/4"}],"replies":[{"embeddable":true,"href":"https:\/\/www.link2fleet.com\/fr\/wp-json\/wp\/v2\/comments?post=516"}],"version-history":[{"count":0,"href":"https:\/\/www.link2fleet.com\/fr\/wp-json\/wp\/v2\/posts\/516\/revisions"}],"wp:featuredmedia":[{"embeddable":true,"href":"https:\/\/www.link2fleet.com\/fr\/wp-json\/wp\/v2\/media\/608"}],"wp:attachment":[{"href":"https:\/\/www.link2fleet.com\/fr\/wp-json\/wp\/v2\/media?parent=516"}],"wp:term":[{"taxonomy":"category","embeddable":true,"href":"https:\/\/www.link2fleet.com\/fr\/wp-json\/wp\/v2\/categories?post=516"},{"taxonomy":"post_tag","embeddable":true,"href":"https:\/\/www.link2fleet.com\/fr\/wp-json\/wp\/v2\/tags?post=516"}],"curies":[{"name":"wp","href":"https:\/\/api.w.org\/{rel}","templated":true}]}}