{"id":5161,"date":"2021-11-11T08:51:53","date_gmt":"2021-11-11T07:51:53","guid":{"rendered":"https:\/\/www.link2fleet.com\/le-parlement-approuve-la-loi-sur-lecologisation-du-parc-automobile-dentreprise-majorite-contre-opposition-et-quatre-abstentions\/"},"modified":"2021-11-11T08:51:53","modified_gmt":"2021-11-11T07:51:53","slug":"le-parlement-approuve-la-loi-sur-lecologisation-du-parc-automobile-dentreprise-majorite-contre-opposition-et-quatre-abstentions","status":"publish","type":"post","link":"https:\/\/www.link2fleet.com\/fr\/le-parlement-approuve-la-loi-sur-lecologisation-du-parc-automobile-dentreprise-majorite-contre-opposition-et-quatre-abstentions\/","title":{"rendered":"Le Parlement approuve la loi sur l&rsquo;\u00e9cologisation du parc automobile d&rsquo;entreprise majorit\u00e9 contre opposition et quatre abstentions"},"content":{"rendered":"<p><strong>Voitures de soci\u00e9t\u00e9<\/strong><\/p>\n<p>Le gouvernement f\u00e9d\u00e9ral avait d\u00e9j\u00e0 conclu un accord au printemps 2021, qui a maintenant \u00e9t\u00e9 converti en une l\u00e9gislation compl\u00e8te et approuv\u00e9 par la Chambre mercredi 10 novembre.<\/p>\n<p><strong>En bref :<\/strong><\/p>\n<ul>\n<li>La d\u00e9ductibilit\u00e9 fiscale des voitures de soci\u00e9t\u00e9 \u00e0 carburant fossile sera port\u00e9e \u00e0 0% \u00e0 partir du 1er janvier 2026.<\/li>\n<li>Pour les commandes \u00e0 partir du 1er juillet 2023, une phase interm\u00e9diaire est pr\u00e9vue, qui ne prendra effet qu&rsquo;\u00e0 partir du 1er janvier 2025.<\/li>\n<li>Les voitures de soci\u00e9t\u00e9 sans \u00e9missions (\u00e9lectriques et \u00e0 hydrog\u00e8ne) command\u00e9es avant le 1er janvier 2027 resteront d\u00e9ductibles \u00e0 100%.<\/li>\n<li>Pour les commandes pass\u00e9es \u00e0 des dates ult\u00e9rieures, la d\u00e9ductibilit\u00e9 fiscale diminuera progressivement pour atteindre 67,5 % en 2031.<\/li>\n<\/ul>\n<p><strong>Budget de mobilit\u00e9<\/strong><\/p>\n<ul>\n<li>Outre l&rsquo;\u00e9cologisation des voitures de soci\u00e9t\u00e9, un budget mobilit\u00e9 plus souple et plus \u00e9tendu sera mis en place \u00e0 partir du 1er janvier 2022.<\/li>\n<li>Les employ\u00e9s disposant d&rsquo;une voiture de soci\u00e9t\u00e9 sont encourag\u00e9s \u00e0 opter pour des modes de transport plus \u00e9cologiques.<\/li>\n<li>Le budget est \u00e9tendu, entre autres, aux frais de stationnement pour se rendre \u00e0 la gare ou \u00e0 l&rsquo;arr\u00eat de bus.<\/li>\n<li>Une prime pour les pi\u00e9tons et des abonnements aux transports publics pour les membres de la famille des r\u00e9sidents entrent \u00e9galement dans le budget.<\/li>\n<li>Le rayon dans lequel les salari\u00e9s peuvent contribuer \u00e0 leurs frais de logement (loyer, int\u00e9r\u00eats et remboursement du capital des pr\u00eats hypoth\u00e9caires) est \u00e9tendu \u00e0 10 km.<\/li>\n<li>La p\u00e9riode d&rsquo;attente d&rsquo;au moins 36 mois pour les employeurs avant qu&rsquo;ils puissent introduire des budgets de mobilit\u00e9 est abolie.<\/li>\n<\/ul>\n<table>\n<tbody>\n<tr>\n<td><strong>Nous vous rappelons que Link2fleet organise un fleet dating Special le mardi 7 d\u00e9cembre 2021 autour de la nouvelle l\u00e9gislation et du passage \u00e0 l\u2019\u00e9lectrification.<\/strong><\/p>\n<p><strong>Les aspects fiscaux de la recharge seront \u00e9galement abord\u00e9s en d\u00e9tail. \u00a0Le moment est donc parfait, puisque tous les \u00e9l\u00e9ments de la nouvelle l\u00e9gislation sont d\u00e9sormais connus de mani\u00e8re compl\u00e8te et d\u00e9finitive et qu\u2019ils pourraient \u00e9galement avoir leur importance \u00e0 l\u2019approche du prochain salon de l\u2019automobile de 2022.<\/strong><\/p>\n<p><strong><a href=\"https:\/\/www.link2fleet.com\/fr\/dating\/events-page\/17-06-dating-special-mission-0-horizon-2026\/\">Les inscriptions peuvent se faire soit pour la session digitale soit pour la session live.\u00a0<\/a><\/strong><\/td>\n<\/tr>\n<\/tbody>\n<\/table>\n<p>&nbsp;<\/p>\n<p style=\"text-align: right;\"><strong>Michel Willems<\/strong><\/p>\n<p style=\"text-align: right;\"><strong>MOBILITAS<\/strong><\/p>\n","protected":false},"excerpt":{"rendered":"<p>Voitures de soci\u00e9t\u00e9 Le gouvernement f\u00e9d\u00e9ral avait d\u00e9j\u00e0 conclu un accord au printemps 2021, qui a maintenant \u00e9t\u00e9 converti en une l\u00e9gislation compl\u00e8te et approuv\u00e9 par la Chambre mercredi 10 novembre. En bref : La d\u00e9ductibilit\u00e9 fiscale des voitures de soci\u00e9t\u00e9 \u00e0 carburant fossile sera port\u00e9e \u00e0 0% \u00e0 partir du 1er janvier 2026. Pour [&hellip;]<\/p>\n","protected":false},"author":11,"featured_media":5162,"comment_status":"closed","ping_status":"closed","sticky":false,"template":"","format":"standard","meta":{"_acf_changed":false,"footnotes":""},"categories":[91,101],"tags":[],"class_list":["post-5161","post","type-post","status-publish","format-standard","has-post-thumbnail","hentry","category-expertise-et-management","category-tax-legal"],"acf":[],"yoast_head":"<!-- This site is optimized with the Yoast SEO plugin v27.3 - https:\/\/yoast.com\/product\/yoast-seo-wordpress\/ -->\n<title>Le Parlement approuve la loi sur l&#039;\u00e9cologisation du parc automobile d&#039;entreprise majorit\u00e9 contre opposition et quatre abstentions - link2fleet<\/title>\n<meta name=\"description\" content=\"La chambre pl\u00e9ni\u00e8re a approuv\u00e9, dans la nuit du mercredi 10 novembre, le projet de loi du ministre des Finances Vincent Van Peteghem qui devrait\u2026\" \/>\n<meta name=\"robots\" content=\"index, follow, max-snippet:-1, max-image-preview:large, max-video-preview:-1\" \/>\n<meta property=\"og:locale\" content=\"fr_FR\" \/>\n<meta property=\"og:type\" content=\"article\" \/>\n<meta property=\"og:title\" content=\"Le Parlement approuve la loi sur l&#039;\u00e9cologisation du parc automobile d&#039;entreprise majorit\u00e9 contre opposition et quatre abstentions - link2fleet\" \/>\n<meta property=\"og:description\" content=\"La chambre pl\u00e9ni\u00e8re a approuv\u00e9, dans la nuit du mercredi 10 novembre, le projet de loi du ministre des Finances Vincent Van Peteghem qui devrait\u2026\" \/>\n<meta property=\"og:url\" content=\"https:\/\/www.link2fleet.com\/fr\/le-parlement-approuve-la-loi-sur-lecologisation-du-parc-automobile-dentreprise-majorite-contre-opposition-et-quatre-abstentions\/\" \/>\n<meta property=\"og:site_name\" content=\"link2fleet\" \/>\n<meta property=\"article:published_time\" content=\"2021-11-11T07:51:53+00:00\" \/>\n<meta property=\"og:image\" content=\"https:\/\/static.link2fleet.com\/wp-content\/uploads\/2024\/03\/loivoiture.jpg\" \/>\n\t<meta property=\"og:image:width\" content=\"960\" \/>\n\t<meta property=\"og:image:height\" content=\"640\" \/>\n\t<meta property=\"og:image:type\" content=\"image\/jpeg\" \/>\n<meta name=\"author\" content=\"Michel Willems - Mobilitas\" \/>\n<meta name=\"twitter:card\" content=\"summary_large_image\" \/>\n<meta name=\"twitter:description\" content=\"La chambre pl\u00e9ni\u00e8re a approuv\u00e9, dans la nuit du mercredi 10 novembre, le projet de loi du ministre des Finances Vincent Van Peteghem qui devrait\u2026\" \/>\n<meta name=\"twitter:label1\" content=\"\u00c9crit par\" \/>\n\t<meta name=\"twitter:data1\" content=\"Michel Willems - Mobilitas\" \/>\n\t<meta name=\"twitter:label2\" content=\"Dur\u00e9e de lecture estim\u00e9e\" \/>\n\t<meta name=\"twitter:data2\" content=\"2 minutes\" \/>\n<script type=\"application\/ld+json\" class=\"yoast-schema-graph\">{\"@context\":\"https:\\\/\\\/schema.org\",\"@graph\":[{\"@type\":\"Article\",\"@id\":\"https:\\\/\\\/www.link2fleet.com\\\/fr\\\/le-parlement-approuve-la-loi-sur-lecologisation-du-parc-automobile-dentreprise-majorite-contre-opposition-et-quatre-abstentions\\\/#article\",\"isPartOf\":{\"@id\":\"https:\\\/\\\/www.link2fleet.com\\\/fr\\\/le-parlement-approuve-la-loi-sur-lecologisation-du-parc-automobile-dentreprise-majorite-contre-opposition-et-quatre-abstentions\\\/\"},\"author\":{\"name\":\"Michel Willems - Mobilitas\",\"@id\":\"https:\\\/\\\/www.link2fleet.com\\\/fr\\\/#\\\/schema\\\/person\\\/bd29f6a2c2427e85a70d3acf17303486\"},\"headline\":\"Le Parlement approuve la loi sur l&rsquo;\u00e9cologisation du parc automobile d&rsquo;entreprise majorit\u00e9 contre opposition et quatre abstentions\",\"datePublished\":\"2021-11-11T07:51:53+00:00\",\"mainEntityOfPage\":{\"@id\":\"https:\\\/\\\/www.link2fleet.com\\\/fr\\\/le-parlement-approuve-la-loi-sur-lecologisation-du-parc-automobile-dentreprise-majorite-contre-opposition-et-quatre-abstentions\\\/\"},\"wordCount\":384,\"publisher\":{\"@id\":\"https:\\\/\\\/www.link2fleet.com\\\/fr\\\/#organization\"},\"image\":{\"@id\":\"https:\\\/\\\/www.link2fleet.com\\\/fr\\\/le-parlement-approuve-la-loi-sur-lecologisation-du-parc-automobile-dentreprise-majorite-contre-opposition-et-quatre-abstentions\\\/#primaryimage\"},\"thumbnailUrl\":\"https:\\\/\\\/static.link2fleet.com\\\/wp-content\\\/uploads\\\/2024\\\/03\\\/loivoiture.jpg\",\"articleSection\":[\"Gestion de flotte\",\"Tax &amp; legal\"],\"inLanguage\":\"fr-FR\"},{\"@type\":\"WebPage\",\"@id\":\"https:\\\/\\\/www.link2fleet.com\\\/fr\\\/le-parlement-approuve-la-loi-sur-lecologisation-du-parc-automobile-dentreprise-majorite-contre-opposition-et-quatre-abstentions\\\/\",\"url\":\"https:\\\/\\\/www.link2fleet.com\\\/fr\\\/le-parlement-approuve-la-loi-sur-lecologisation-du-parc-automobile-dentreprise-majorite-contre-opposition-et-quatre-abstentions\\\/\",\"name\":\"Le Parlement approuve la loi sur l'\u00e9cologisation du parc automobile d'entreprise majorit\u00e9 contre opposition et quatre abstentions - link2fleet\",\"isPartOf\":{\"@id\":\"https:\\\/\\\/www.link2fleet.com\\\/fr\\\/#website\"},\"primaryImageOfPage\":{\"@id\":\"https:\\\/\\\/www.link2fleet.com\\\/fr\\\/le-parlement-approuve-la-loi-sur-lecologisation-du-parc-automobile-dentreprise-majorite-contre-opposition-et-quatre-abstentions\\\/#primaryimage\"},\"image\":{\"@id\":\"https:\\\/\\\/www.link2fleet.com\\\/fr\\\/le-parlement-approuve-la-loi-sur-lecologisation-du-parc-automobile-dentreprise-majorite-contre-opposition-et-quatre-abstentions\\\/#primaryimage\"},\"thumbnailUrl\":\"https:\\\/\\\/static.link2fleet.com\\\/wp-content\\\/uploads\\\/2024\\\/03\\\/loivoiture.jpg\",\"datePublished\":\"2021-11-11T07:51:53+00:00\",\"breadcrumb\":{\"@id\":\"https:\\\/\\\/www.link2fleet.com\\\/fr\\\/le-parlement-approuve-la-loi-sur-lecologisation-du-parc-automobile-dentreprise-majorite-contre-opposition-et-quatre-abstentions\\\/#breadcrumb\"},\"inLanguage\":\"fr-FR\",\"potentialAction\":[{\"@type\":\"ReadAction\",\"target\":[\"https:\\\/\\\/www.link2fleet.com\\\/fr\\\/le-parlement-approuve-la-loi-sur-lecologisation-du-parc-automobile-dentreprise-majorite-contre-opposition-et-quatre-abstentions\\\/\"]}]},{\"@type\":\"ImageObject\",\"inLanguage\":\"fr-FR\",\"@id\":\"https:\\\/\\\/www.link2fleet.com\\\/fr\\\/le-parlement-approuve-la-loi-sur-lecologisation-du-parc-automobile-dentreprise-majorite-contre-opposition-et-quatre-abstentions\\\/#primaryimage\",\"url\":\"https:\\\/\\\/static.link2fleet.com\\\/wp-content\\\/uploads\\\/2024\\\/03\\\/loivoiture.jpg\",\"contentUrl\":\"https:\\\/\\\/static.link2fleet.com\\\/wp-content\\\/uploads\\\/2024\\\/03\\\/loivoiture.jpg\",\"width\":960,\"height\":640},{\"@type\":\"BreadcrumbList\",\"@id\":\"https:\\\/\\\/www.link2fleet.com\\\/fr\\\/le-parlement-approuve-la-loi-sur-lecologisation-du-parc-automobile-dentreprise-majorite-contre-opposition-et-quatre-abstentions\\\/#breadcrumb\",\"itemListElement\":[{\"@type\":\"ListItem\",\"position\":1,\"name\":\"Home\",\"item\":\"https:\\\/\\\/www.link2fleet.com\\\/fr\\\/\"},{\"@type\":\"ListItem\",\"position\":2,\"name\":\"Le Parlement approuve la loi sur l&#8217;\u00e9cologisation du parc automobile d&#8217;entreprise majorit\u00e9 contre opposition et quatre abstentions\"}]},{\"@type\":\"WebSite\",\"@id\":\"https:\\\/\\\/www.link2fleet.com\\\/fr\\\/#website\",\"url\":\"https:\\\/\\\/www.link2fleet.com\\\/fr\\\/\",\"name\":\"Link2fleet\",\"description\":\"\",\"publisher\":{\"@id\":\"https:\\\/\\\/www.link2fleet.com\\\/fr\\\/#organization\"},\"potentialAction\":[{\"@type\":\"SearchAction\",\"target\":{\"@type\":\"EntryPoint\",\"urlTemplate\":\"https:\\\/\\\/www.link2fleet.com\\\/fr\\\/?s={search_term_string}\"},\"query-input\":{\"@type\":\"PropertyValueSpecification\",\"valueRequired\":true,\"valueName\":\"search_term_string\"}}],\"inLanguage\":\"fr-FR\"},{\"@type\":\"Organization\",\"@id\":\"https:\\\/\\\/www.link2fleet.com\\\/fr\\\/#organization\",\"name\":\"Link2fleet\",\"url\":\"https:\\\/\\\/www.link2fleet.com\\\/fr\\\/\",\"logo\":{\"@type\":\"ImageObject\",\"inLanguage\":\"fr-FR\",\"@id\":\"https:\\\/\\\/www.link2fleet.com\\\/fr\\\/#\\\/schema\\\/logo\\\/image\\\/\",\"url\":\"https:\\\/\\\/static.link2fleet.com\\\/wp-content\\\/uploads\\\/2024\\\/03\\\/share-image.jpg\",\"contentUrl\":\"https:\\\/\\\/static.link2fleet.com\\\/wp-content\\\/uploads\\\/2024\\\/03\\\/share-image.jpg\",\"width\":1200,\"height\":630,\"caption\":\"Link2fleet\"},\"image\":{\"@id\":\"https:\\\/\\\/www.link2fleet.com\\\/fr\\\/#\\\/schema\\\/logo\\\/image\\\/\"},\"sameAs\":[\"https:\\\/\\\/www.linkedin.com\\\/company\\\/link2fleet-belgium\",\"https:\\\/\\\/www.youtube.com\\\/user\\\/MMMBMBE\"]},{\"@type\":\"Person\",\"@id\":\"https:\\\/\\\/www.link2fleet.com\\\/fr\\\/#\\\/schema\\\/person\\\/bd29f6a2c2427e85a70d3acf17303486\",\"name\":\"Michel Willems - Mobilitas\",\"image\":{\"@type\":\"ImageObject\",\"inLanguage\":\"fr-FR\",\"@id\":\"https:\\\/\\\/secure.gravatar.com\\\/avatar\\\/c937de514893d5b69b3b52ee88664fd4879b786925b6742dc7891d347f167414?s=96&d=mm&r=g\",\"url\":\"https:\\\/\\\/secure.gravatar.com\\\/avatar\\\/c937de514893d5b69b3b52ee88664fd4879b786925b6742dc7891d347f167414?s=96&d=mm&r=g\",\"contentUrl\":\"https:\\\/\\\/secure.gravatar.com\\\/avatar\\\/c937de514893d5b69b3b52ee88664fd4879b786925b6742dc7891d347f167414?s=96&d=mm&r=g\",\"caption\":\"Michel Willems - Mobilitas\"}}]}<\/script>\n<!-- \/ Yoast SEO plugin. -->","yoast_head_json":{"title":"Le Parlement approuve la loi sur l'\u00e9cologisation du parc automobile d'entreprise majorit\u00e9 contre opposition et quatre abstentions - link2fleet","description":"La chambre pl\u00e9ni\u00e8re a approuv\u00e9, dans la nuit du mercredi 10 novembre, le projet de loi du ministre des Finances Vincent Van Peteghem qui devrait\u2026","robots":{"index":"index","follow":"follow","max-snippet":"max-snippet:-1","max-image-preview":"max-image-preview:large","max-video-preview":"max-video-preview:-1"},"og_locale":"fr_FR","og_type":"article","og_title":"Le Parlement approuve la loi sur l'\u00e9cologisation du parc automobile d'entreprise majorit\u00e9 contre opposition et quatre abstentions - link2fleet","og_description":"La chambre pl\u00e9ni\u00e8re a approuv\u00e9, dans la nuit du mercredi 10 novembre, le projet de loi du ministre des Finances Vincent Van Peteghem qui devrait\u2026","og_url":"https:\/\/www.link2fleet.com\/fr\/le-parlement-approuve-la-loi-sur-lecologisation-du-parc-automobile-dentreprise-majorite-contre-opposition-et-quatre-abstentions\/","og_site_name":"link2fleet","article_published_time":"2021-11-11T07:51:53+00:00","og_image":[{"width":960,"height":640,"url":"https:\/\/static.link2fleet.com\/wp-content\/uploads\/2024\/03\/loivoiture.jpg","type":"image\/jpeg"}],"author":"Michel Willems - Mobilitas","twitter_card":"summary_large_image","twitter_description":"La chambre pl\u00e9ni\u00e8re a approuv\u00e9, dans la nuit du mercredi 10 novembre, le projet de loi du ministre des Finances Vincent Van Peteghem qui devrait\u2026","twitter_misc":{"\u00c9crit par":"Michel Willems - Mobilitas","Dur\u00e9e de lecture estim\u00e9e":"2 minutes"},"schema":{"@context":"https:\/\/schema.org","@graph":[{"@type":"Article","@id":"https:\/\/www.link2fleet.com\/fr\/le-parlement-approuve-la-loi-sur-lecologisation-du-parc-automobile-dentreprise-majorite-contre-opposition-et-quatre-abstentions\/#article","isPartOf":{"@id":"https:\/\/www.link2fleet.com\/fr\/le-parlement-approuve-la-loi-sur-lecologisation-du-parc-automobile-dentreprise-majorite-contre-opposition-et-quatre-abstentions\/"},"author":{"name":"Michel Willems - Mobilitas","@id":"https:\/\/www.link2fleet.com\/fr\/#\/schema\/person\/bd29f6a2c2427e85a70d3acf17303486"},"headline":"Le Parlement approuve la loi sur l&rsquo;\u00e9cologisation du parc automobile d&rsquo;entreprise majorit\u00e9 contre opposition et quatre abstentions","datePublished":"2021-11-11T07:51:53+00:00","mainEntityOfPage":{"@id":"https:\/\/www.link2fleet.com\/fr\/le-parlement-approuve-la-loi-sur-lecologisation-du-parc-automobile-dentreprise-majorite-contre-opposition-et-quatre-abstentions\/"},"wordCount":384,"publisher":{"@id":"https:\/\/www.link2fleet.com\/fr\/#organization"},"image":{"@id":"https:\/\/www.link2fleet.com\/fr\/le-parlement-approuve-la-loi-sur-lecologisation-du-parc-automobile-dentreprise-majorite-contre-opposition-et-quatre-abstentions\/#primaryimage"},"thumbnailUrl":"https:\/\/static.link2fleet.com\/wp-content\/uploads\/2024\/03\/loivoiture.jpg","articleSection":["Gestion de flotte","Tax &amp; legal"],"inLanguage":"fr-FR"},{"@type":"WebPage","@id":"https:\/\/www.link2fleet.com\/fr\/le-parlement-approuve-la-loi-sur-lecologisation-du-parc-automobile-dentreprise-majorite-contre-opposition-et-quatre-abstentions\/","url":"https:\/\/www.link2fleet.com\/fr\/le-parlement-approuve-la-loi-sur-lecologisation-du-parc-automobile-dentreprise-majorite-contre-opposition-et-quatre-abstentions\/","name":"Le Parlement approuve la loi sur l'\u00e9cologisation du parc automobile d'entreprise majorit\u00e9 contre opposition et quatre abstentions - link2fleet","isPartOf":{"@id":"https:\/\/www.link2fleet.com\/fr\/#website"},"primaryImageOfPage":{"@id":"https:\/\/www.link2fleet.com\/fr\/le-parlement-approuve-la-loi-sur-lecologisation-du-parc-automobile-dentreprise-majorite-contre-opposition-et-quatre-abstentions\/#primaryimage"},"image":{"@id":"https:\/\/www.link2fleet.com\/fr\/le-parlement-approuve-la-loi-sur-lecologisation-du-parc-automobile-dentreprise-majorite-contre-opposition-et-quatre-abstentions\/#primaryimage"},"thumbnailUrl":"https:\/\/static.link2fleet.com\/wp-content\/uploads\/2024\/03\/loivoiture.jpg","datePublished":"2021-11-11T07:51:53+00:00","breadcrumb":{"@id":"https:\/\/www.link2fleet.com\/fr\/le-parlement-approuve-la-loi-sur-lecologisation-du-parc-automobile-dentreprise-majorite-contre-opposition-et-quatre-abstentions\/#breadcrumb"},"inLanguage":"fr-FR","potentialAction":[{"@type":"ReadAction","target":["https:\/\/www.link2fleet.com\/fr\/le-parlement-approuve-la-loi-sur-lecologisation-du-parc-automobile-dentreprise-majorite-contre-opposition-et-quatre-abstentions\/"]}]},{"@type":"ImageObject","inLanguage":"fr-FR","@id":"https:\/\/www.link2fleet.com\/fr\/le-parlement-approuve-la-loi-sur-lecologisation-du-parc-automobile-dentreprise-majorite-contre-opposition-et-quatre-abstentions\/#primaryimage","url":"https:\/\/static.link2fleet.com\/wp-content\/uploads\/2024\/03\/loivoiture.jpg","contentUrl":"https:\/\/static.link2fleet.com\/wp-content\/uploads\/2024\/03\/loivoiture.jpg","width":960,"height":640},{"@type":"BreadcrumbList","@id":"https:\/\/www.link2fleet.com\/fr\/le-parlement-approuve-la-loi-sur-lecologisation-du-parc-automobile-dentreprise-majorite-contre-opposition-et-quatre-abstentions\/#breadcrumb","itemListElement":[{"@type":"ListItem","position":1,"name":"Home","item":"https:\/\/www.link2fleet.com\/fr\/"},{"@type":"ListItem","position":2,"name":"Le Parlement approuve la loi sur l&#8217;\u00e9cologisation du parc automobile d&#8217;entreprise majorit\u00e9 contre opposition et quatre abstentions"}]},{"@type":"WebSite","@id":"https:\/\/www.link2fleet.com\/fr\/#website","url":"https:\/\/www.link2fleet.com\/fr\/","name":"Link2fleet","description":"","publisher":{"@id":"https:\/\/www.link2fleet.com\/fr\/#organization"},"potentialAction":[{"@type":"SearchAction","target":{"@type":"EntryPoint","urlTemplate":"https:\/\/www.link2fleet.com\/fr\/?s={search_term_string}"},"query-input":{"@type":"PropertyValueSpecification","valueRequired":true,"valueName":"search_term_string"}}],"inLanguage":"fr-FR"},{"@type":"Organization","@id":"https:\/\/www.link2fleet.com\/fr\/#organization","name":"Link2fleet","url":"https:\/\/www.link2fleet.com\/fr\/","logo":{"@type":"ImageObject","inLanguage":"fr-FR","@id":"https:\/\/www.link2fleet.com\/fr\/#\/schema\/logo\/image\/","url":"https:\/\/static.link2fleet.com\/wp-content\/uploads\/2024\/03\/share-image.jpg","contentUrl":"https:\/\/static.link2fleet.com\/wp-content\/uploads\/2024\/03\/share-image.jpg","width":1200,"height":630,"caption":"Link2fleet"},"image":{"@id":"https:\/\/www.link2fleet.com\/fr\/#\/schema\/logo\/image\/"},"sameAs":["https:\/\/www.linkedin.com\/company\/link2fleet-belgium","https:\/\/www.youtube.com\/user\/MMMBMBE"]},{"@type":"Person","@id":"https:\/\/www.link2fleet.com\/fr\/#\/schema\/person\/bd29f6a2c2427e85a70d3acf17303486","name":"Michel Willems - Mobilitas","image":{"@type":"ImageObject","inLanguage":"fr-FR","@id":"https:\/\/secure.gravatar.com\/avatar\/c937de514893d5b69b3b52ee88664fd4879b786925b6742dc7891d347f167414?s=96&d=mm&r=g","url":"https:\/\/secure.gravatar.com\/avatar\/c937de514893d5b69b3b52ee88664fd4879b786925b6742dc7891d347f167414?s=96&d=mm&r=g","contentUrl":"https:\/\/secure.gravatar.com\/avatar\/c937de514893d5b69b3b52ee88664fd4879b786925b6742dc7891d347f167414?s=96&d=mm&r=g","caption":"Michel Willems - Mobilitas"}}]}},"_links":{"self":[{"href":"https:\/\/www.link2fleet.com\/fr\/wp-json\/wp\/v2\/posts\/5161","targetHints":{"allow":["GET"]}}],"collection":[{"href":"https:\/\/www.link2fleet.com\/fr\/wp-json\/wp\/v2\/posts"}],"about":[{"href":"https:\/\/www.link2fleet.com\/fr\/wp-json\/wp\/v2\/types\/post"}],"author":[{"embeddable":true,"href":"https:\/\/www.link2fleet.com\/fr\/wp-json\/wp\/v2\/users\/11"}],"replies":[{"embeddable":true,"href":"https:\/\/www.link2fleet.com\/fr\/wp-json\/wp\/v2\/comments?post=5161"}],"version-history":[{"count":0,"href":"https:\/\/www.link2fleet.com\/fr\/wp-json\/wp\/v2\/posts\/5161\/revisions"}],"wp:featuredmedia":[{"embeddable":true,"href":"https:\/\/www.link2fleet.com\/fr\/wp-json\/wp\/v2\/media\/5162"}],"wp:attachment":[{"href":"https:\/\/www.link2fleet.com\/fr\/wp-json\/wp\/v2\/media?parent=5161"}],"wp:term":[{"taxonomy":"category","embeddable":true,"href":"https:\/\/www.link2fleet.com\/fr\/wp-json\/wp\/v2\/categories?post=5161"},{"taxonomy":"post_tag","embeddable":true,"href":"https:\/\/www.link2fleet.com\/fr\/wp-json\/wp\/v2\/tags?post=5161"}],"curies":[{"name":"wp","href":"https:\/\/api.w.org\/{rel}","templated":true}]}}