{"id":518,"date":"2024-01-03T17:53:18","date_gmt":"2024-01-03T16:53:18","guid":{"rendered":"https:\/\/www.link2fleet.com\/a-la-recherche-de-la-motorisation-ideale-en-2024\/"},"modified":"2024-01-29T11:34:45","modified_gmt":"2024-01-29T10:34:45","slug":"a-la-recherche-de-la-motorisation-ideale-en-2024","status":"publish","type":"post","link":"https:\/\/www.link2fleet.com\/fr\/a-la-recherche-de-la-motorisation-ideale-en-2024\/","title":{"rendered":"A la recherche de la motorisation id\u00e9ale en 2024"},"content":{"rendered":"<p><strong>Gestion de flotte en 2024<\/strong><\/p>\n<p>La gestion d&rsquo;une flotte d&rsquo;entreprise n\u00e9cessite aujourd&rsquo;hui de nouvelles comp\u00e9tences et davantage de connaissances techniques et fiscales dans le processus de choix du bon type de propulsion. Les d\u00e9fis \u00e0 relever en 2024 sont complexes. Il existe d\u00e9j\u00e0 une tendance prononc\u00e9e \u00e0 l&rsquo;\u00e9cologisation de la flotte, ne serait-ce que pour att\u00e9nuer partiellement ou totalement l&rsquo;augmentation de la fiscalit\u00e9 pour les commandes apr\u00e8s le 30 juin 2023. Diff\u00e9rents rapports obligatoires sur l&rsquo;environnement et la durabilit\u00e9 \u00e0 venir prochainement sont \u00e9galement un signal fort pour la poursuite de l&rsquo;expansion des flottes avec des v\u00e9hicules \u00e0 z\u00e9ro \u00e9mission.<\/p>\n<p>Parall\u00e8lement, des questions se posent autour de l&rsquo;\u00e9lectro-compatibilit\u00e9 de certains travailleurs qui n&rsquo;ont pas de logement individuel et\/ou ne peuvent pas charger \u00e0 domicile. De plus, l&rsquo;infrastructure de recharge dans la plupart des immeubles d&rsquo;habitation n&rsquo;est pas encore suffisamment op\u00e9rationnelle.<\/p>\n<p>Dans certains secteurs d&rsquo;activit\u00e9, les gens sont de plus en plus souvent confront\u00e9s \u00e0 une capacit\u00e9 de recharge maximale disponible insuffisante. Cela peut \u00eatre r\u00e9solu par l&rsquo;\u00e9quilibrage des charges, mais en m\u00eame temps, cela signifie que dans certaines circonstances, les temps de charge pr\u00e9d\u00e9finis ne sont pas atteints et que les employ\u00e9s partent le soir, par exemple, avec une batterie charg\u00e9e \u00e0 55 % au lieu des 85 % comme ils l\u2019avaient pr\u00e9vu.<\/p>\n<p>Cela n\u00e9cessite une planification sp\u00e9cifique pour certains profils. Pendant ce temps, les gestionnaires de flotte sont confront\u00e9s \u00e0 l&rsquo;augmentation des co\u00fbts de location ainsi qu&rsquo;\u00e0 l&rsquo;incertitude quant aux d\u00e9lais de livraison de certains mod\u00e8les. \u00c0 cela s&rsquo;ajoute la l\u00e9gislation fiscale qui taxera progressivement plus lourdement les voitures de soci\u00e9t\u00e9 command\u00e9es \u00e0 partir du 1<sup>er<\/sup> juillet 2023 dans la mesure o\u00f9 elles ne sont pas 100 % \u00e9lectriques bien que pour les v\u00e9hicules hybrides rechargeables, la facture de la contribution CO<sub>2<\/sub> ait \u00e9t\u00e9 ramen\u00e9e au niveau des v\u00e9hicules \u00e9lectriques dans une instruction sp\u00e9ciale de l&rsquo;ONSS. Le travail \u00e0 domicile combin\u00e9 \u00e0 une diminution des trajets domicile-travail peut \u00e0 son tour permettre de continuer \u00e0 proposer des mod\u00e8les haut de gamme attrayants.<\/p>\n<p><strong>Le TCO reste un guide fiscal important pour la comparaison des motorisations<\/strong><\/p>\n<p>Dans la recherche du syst\u00e8me de propulsion id\u00e9al, le terme TCO appara\u00eet rapidement. Il s&rsquo;agit d&rsquo;une m\u00e9thode de calcul des co\u00fbts et de comparaison entre des v\u00e9hicules dot\u00e9s de diff\u00e9rents type d\u2019entrainement, qui prend \u00e9galement en compte les incidences fiscales. Le raisonnement est le suivant : aujourd&rsquo;hui, les hybrides rechargeables et les propulsions \u00e9lectriques sont plus chers en frais de location mais, gr\u00e2ce \u00e0 la r\u00e9cup\u00e9ration fiscale, ils peuvent amortir partiellement ou totalement leurs co\u00fbts suppl\u00e9mentaires par rapport aux v\u00e9hicules essence\/diesel conventionnels. Cette question a fait couler beaucoup d&rsquo;encre dans le monde des flottes.<\/p>\n<p>La difficult\u00e9 r\u00e9side ici dans le fait que la m\u00e9thodologie de calcul n&rsquo;a pas \u00e9t\u00e9 officiellement \u00e9tablie. En r\u00e9alit\u00e9, diff\u00e9rentes m\u00e9thodes de calcul persistent entre les diff\u00e9rentes soci\u00e9t\u00e9s de leasing. Des termes comme TCO1, TCO2, TCO complet et TCO commercial sont utilis\u00e9s dans ce vocabulaire du leasing. Il existe bien \u00e0 partir du 1<sup>er<\/sup> janvier 2024 une m\u00e9thodologie officielle sp\u00e9cifique de calcul du TCO pour le budget mobilit\u00e9 que l&rsquo;on peut utiliser, qui correspond au mod\u00e8le TCO2.<\/p>\n<p><strong>TCO dynamique sur le plan fiscal &#8211; importance de la date de livraison<\/strong><\/p>\n<p>Les calculs de TCO pour les v\u00e9hicules command\u00e9s \u00e0 partir du 1<sup>er<\/sup> juillet 2023 sont devenus plus complexes car les deux param\u00e8tres d\u00e9ductibilit\u00e9 fiscale et contribution CO<sub>2<\/sub> changent presque chaque ann\u00e9e pendant la dur\u00e9e du contrat de location ou de la p\u00e9riode d&rsquo;utilisation. Concr\u00e8tement, cela signifie qu&rsquo;il faut tenir compte des moyennes fiscales sur la dur\u00e9e pour ces 2 param\u00e8tres. Au-del\u00e0 de la date de commande, la date de livraison va d\u00e9sormais \u00e9galement diff\u00e9rencier le r\u00e9sultat fiscal. Un hybride rechargeable command\u00e9 \u00e0 partir du 1<sup>er<\/sup> juillet 2023 et livr\u00e9 en janvier 2024 pour un contrat de 4 ans b\u00e9n\u00e9ficiera toujours d&rsquo;une d\u00e9ductibilit\u00e9 fiscale de 100\/75\/50\/25% par an, soit 62,5% en moyenne. Si le m\u00eame v\u00e9hicule est livr\u00e9 1 an plus tard en janvier 2025, la d\u00e9ductibilit\u00e9 fiscale annuelle sera de 75\/50\/25\/0%, soit 50% en moyenne. Les calculs dynamiques du co\u00fbt total de possession tiennent compte de cette variabilit\u00e9.<\/p>\n<p><strong>Le TCU comme r\u00e9f\u00e9rence de co\u00fbt final<\/strong><\/p>\n<p>L&rsquo;approche du co\u00fbt effectif d&rsquo;utilisation d&rsquo;un v\u00e9hicule (TCU = Total Cost of Use) gagne en popularit\u00e9 parmi les entreprises. Cette approche tient \u00e9galement compte du style de conduite, des frais de stationnement, des dommages de fin de contrat, etc&#8230;. En principe, le TCU n&rsquo;est connu qu&rsquo;\u00e0 la fin d&rsquo;un contrat de location. Le TCO est donc plut\u00f4t une m\u00e9thode d&rsquo;analyse prospective des co\u00fbts au d\u00e9but du contrat et du choix de la conduite. De plus en plus d&rsquo;entreprises cartographient les diff\u00e9rences entre TCU et TCO (co\u00fbts pr\u00e9con\u00e7us versus co\u00fbts r\u00e9els \u00e0 la fin du contrat) pour \u00e9tablir leurs nouvelles listes de choix et adapter leur car-policy sur la base de ces donn\u00e9es d&rsquo;exp\u00e9rience.<\/p>\n<p>L&rsquo;analyse TCU peut r\u00e9v\u00e9ler des \u00e9carts importants pour certains mod\u00e8les ou certains profils d&rsquo;utilisateurs, par exemple la consommation r\u00e9elle des hybrides rechargeables par rapport \u00e0 la consommation pr\u00e9-estim\u00e9e au d\u00e9but du contrat de leasing. En effet, des changements importants peuvent survenir au cours du contrat. Les modifications de la l\u00e9gislation fiscale, les prix de l&rsquo;\u00e9nergie, les co\u00fbts de stationnement et l&rsquo;\u00e9volution structurelle, par exemple l&rsquo;augmentation du travail \u00e0 domicile. Le style de conduite du conducteur a \u00e9galement un impact plus important sur la consommation des v\u00e9hicules hybrides rechargeables et des v\u00e9hicules 100 % \u00e9lectriques que sur celle des v\u00e9hicules classiques \u00e0 essence\/diesel. Dans les calculs a posteriori, le TCU prend \u00e9galement en compte les amendes et les cons\u00e9quences financi\u00e8res d&rsquo;un plus ou moins grand nombre de kilom\u00e8tres parcourus et les dommages de fin de contrat.<\/p>\n<p>&nbsp;<\/p>\n<p><img loading=\"lazy\" decoding=\"async\" class=\"alignleft wp-image-1303071 \" src=\"https:\/\/www.link2fleet.com\/wp-content\/uploads\/2024\/01\/Scherm\u00adafbeelding-2024-01-03-om-18.58.27.png\" alt=\"\" width=\"850\" height=\"568\" \/><\/p>\n<p><strong>Plug-in hybrides en 2024, pour quels conducteurs?<\/strong><\/p>\n<p>En 2023, la fin de l&rsquo;hybride rechargeable a \u00e9t\u00e9 annonc\u00e9e pour les commandes \u00e0 partir du 1<sup>er<\/sup> juillet 2023. Il faut admettre que la plupart des entreprises avaient d\u00e9j\u00e0 pass\u00e9 leurs commandes avant le 1<sup>er<\/sup> janvier 2023 pour devancer \u00e9galement la restriction de la d\u00e9ductibilit\u00e9 maximale de 50 % sur les frais de carburant. \u00c0 partir du 1<sup>er <\/sup>juillet 2023, on pr\u00e9voyait un plongeon s\u00e9v\u00e8re pour les v\u00e9hicules rechargeables.<\/p>\n<p>Pour les commandes \u00e0 partir du 1<sup>er<\/sup> juillet 2023, les hybrides rechargeables sont soumis \u00e0 la r\u00e9duction de la d\u00e9ductibilit\u00e9 fiscale \u00e0 partir de 2025 (d\u00e9ductibilit\u00e9 maximale de 75 % des co\u00fbts de la voiture), qui diminue encore \u00e0 0 % en 2028. Bien que les v\u00e9hicules hybrides rechargeables puissent b\u00e9n\u00e9ficier de taux bas pour la contribution CO<sub>2<\/sub> en raison de leurs faibles \u00e9missions de CO<sub>2<\/sub>, pour les commandes \u00e0 partir du 1<sup>er <\/sup>juillet 2023, ils seraient \u00e9galement affect\u00e9s par le multiplicateur qui multiplie le taux par x2,25 au cours de l&rsquo;ann\u00e9e 2023 et 2024 pour atteindre x5,5 \u00e0 partir de l&rsquo;ann\u00e9e 2027.<\/p>\n<p>C&rsquo;\u00e9tait du moins l&rsquo;intention du l\u00e9gislateur. De cette fa\u00e7on, la contribution CO<sub>2<\/sub> deviendrait le co\u00fbt le plus important du TCO, bien plus \u00e9lev\u00e9 que la perte de la d\u00e9ductibilit\u00e9 fiscale.<\/p>\n<p>Toutefois, \u00e0 la mi-2023, l&rsquo;ONSS a publi\u00e9 une instruction (2023\/2), dont le contenu a \u00e9galement \u00e9t\u00e9 repris dans l&rsquo;instruction 2023\/3, selon laquelle les hybrides rechargeables continueront \u00e0 b\u00e9n\u00e9ficier de la cotisation minimale \u00e0 l&rsquo;avenir. Celle-ci s&rsquo;\u00e9l\u00e8ve exactement \u00e0 31,99 \u20ac par mois pour 2024. Cela ne repr\u00e9sente souvent qu&rsquo;un tiers du montant pour un v\u00e9hicule similaire en version diesel ou essence, et cette diff\u00e9rence en faveur de l&rsquo;hybride rechargeable augmentera \u00e0 l&rsquo;avenir. Une autre cons\u00e9quence curieuse est le fait que cela \u00e9galise compl\u00e8tement les contributions CO2 pour les hybrides rechargeables avec celles applicables aux v\u00e9hicules 100 % \u00e9lectriques. Conclusion : les hybrides rechargeables peuvent encore \u00eatre une alternative fiscale transitoire \u00e0 part enti\u00e8re surtout pour les livraisons en 2024. Dans le m\u00eame temps, le comportement de charge et le style de conduite doivent \u00eatre \u00e9troitement surveill\u00e9s pour \u00e9viter les d\u00e9passements de co\u00fbts.<\/p>\n<p><strong>\u00a0<\/strong><\/p>\n<p><strong>Aper\u00e7u d\u00e9taill\u00e9 des contributions CO2 2024<\/strong><\/p>\n<p><strong>\u2022 V\u00e9hicules command\u00e9s jusqu&rsquo;au 30 juin 2023 et v\u00e9hicules existants dans la flotte<\/strong><\/p>\n<p>Ils suivent la formule classique (*) en fonction de leurs \u00e9missions de CO<sub>2<\/sub> et de leur type de motorisation. Aucun multiplicateur ne leur est appliqu\u00e9. Les v\u00e9hicules essence restent soumis au minimum de 31,99 \u20ac jusqu&rsquo;\u00e0 un maximum de 113 g\/km et les v\u00e9hicules diesel jusqu&rsquo;\u00e0 un maximum de 94 g\/km.<\/p>\n<p>(*) d\u00e9tails voir l&rsquo;article \u00ab\u00a0Qu&rsquo;est-ce qui va changer fiscalement dans ma flotte en 2024 ?\u00a0\u00bb dans ce num\u00e9ro.<\/p>\n<p><strong>\u2022 Multiplicateur pour les v\u00e9hicules classiques essence &amp; diesel command\u00e9s \u00e0 partir du 1<sup>er<\/sup> juillet 2023.<\/strong><\/p>\n<p>Les v\u00e9hicules classiques essence &amp; diesel command\u00e9s \u00e0 partir du 1<sup>er <\/sup>juillet 2023 subiront un multiplicateur en plus de l&rsquo;indexation annuelle. Celui-ci s&rsquo;\u00e9l\u00e8ve \u00e0 exactement 2,25 pour les commandes \u00e0 partir du 1<sup>er<\/sup> juillet 2023 au cours de l&rsquo;ann\u00e9e 2024. En pratique, cela signifie que l&rsquo;on devra payer 225 % du taux index\u00e9 de la contribution CO<sub>2<\/sub> pour ces v\u00e9hicules. Ce multiplicateur augmentera encore au cours des prochaines ann\u00e9es pour atteindre 5,5 en 2027. Il existe une exception pour les v\u00e9hicules qui seront encore tax\u00e9s au minimum de 31,99 \u20ac : le diesel jusqu&rsquo;\u00e0 79 g\/km inclus et l&rsquo;essence jusqu&rsquo;\u00e0 97 g\/km inclus.<\/p>\n<p><strong>\u2022 Full hybrides command\u00e9s \u00e0 partir du 1<sup>er<\/sup> juillet 2023<\/strong><\/p>\n<p>Certains full hybrides peuvent \u00e9galement continuer \u00e0 b\u00e9n\u00e9ficier des contributions minimales sur le CO<sub>2<\/sub> de 31,99 \u20ac par mois en 2024. \u00c9tant donn\u00e9 que les full hybrides fonctionnent \u00e0 l&rsquo;essence, cela signifie en r\u00e9alit\u00e9 que tous les full hybrides jusqu&rsquo;\u00e0 97 g\/km inclus peuvent b\u00e9n\u00e9ficier du taux minimal de 31,99 \u20ac par mois.<\/p>\n<p><strong>\u2022 Plug-in hybrides (PHEV\u2019s) command\u00e9s \u00e0 partir du 1<sup>er<\/sup> juillet 2023<\/strong><\/p>\n<p>En pratique, tous les PHEV, y compris ceux command\u00e9s \u00e0 partir du 1<sup>er <\/sup>juillet 2023, continueront \u00e0 \u00eatre soumis au minimum index\u00e9 de 31,99 \u20ac en 2024. En effet, la quasi-totalit\u00e9 des mod\u00e8les ne d\u00e9passent pas la limite maximale d&rsquo;\u00e9missions de 79 g\/km pour le diesel et de 97 g\/km pour l&rsquo;essence.<\/p>\n<p><strong>\u2022 V\u00e9hicules 100 % \u00e9lectriques et \u00e0 hydrog\u00e8ne<\/strong><\/p>\n<p>Les v\u00e9hicules 100 % \u00e9lectriques, y compris ceux command\u00e9s \u00e0 partir du 1<sup>er<\/sup> juillet 2023, resteront toujours soumis au minimum index\u00e9 de 31,99 euros en 2024. Ils continueront \u00e9galement \u00e0 b\u00e9n\u00e9ficier d&rsquo;un minimum l\u00e9g\u00e8rement augment\u00e9 les ann\u00e9es suivantes.<\/p>\n<p>&nbsp;<\/p>\n<p><img loading=\"lazy\" decoding=\"async\" class=\"alignleft wp-image-1303073 \" src=\"https:\/\/www.link2fleet.com\/wp-content\/uploads\/2024\/01\/Scherm\u00adafbeelding-2024-01-03-om-18.58.46.png\" alt=\"\" width=\"907\" height=\"1382\" \/><\/p>\n","protected":false},"excerpt":{"rendered":"<p>Gestion de flotte en 2024 La gestion d&rsquo;une flotte d&rsquo;entreprise n\u00e9cessite aujourd&rsquo;hui de nouvelles comp\u00e9tences et davantage de connaissances techniques et fiscales dans le processus de choix du bon type de propulsion. Les d\u00e9fis \u00e0 relever en 2024 sont complexes. Il existe d\u00e9j\u00e0 une tendance prononc\u00e9e \u00e0 l&rsquo;\u00e9cologisation de la flotte, ne serait-ce que pour [&hellip;]<\/p>\n","protected":false},"author":43,"featured_media":617,"comment_status":"closed","ping_status":"closed","sticky":false,"template":"","format":"standard","meta":{"_acf_changed":false,"footnotes":""},"categories":[100,91],"tags":[],"class_list":["post-518","post","type-post","status-publish","format-standard","has-post-thumbnail","hentry","category-best-practices","category-expertise-et-management"],"acf":[],"yoast_head":"<!-- This site is optimized with the Yoast SEO plugin v27.3 - https:\/\/yoast.com\/product\/yoast-seo-wordpress\/ -->\n<title>A la recherche de la motorisation id\u00e9ale en 2024 - link2fleet<\/title>\n<meta name=\"description\" content=\"Entre-temps, la phase fiscale 2 du plan Van Peteghem a commenc\u00e9 pour les commandes \u00e0 partir du 1er juillet 2023. Elle se d\u00e9roulera jusqu&rsquo;au 31\u2026\" \/>\n<meta name=\"robots\" content=\"index, follow, max-snippet:-1, max-image-preview:large, max-video-preview:-1\" \/>\n<meta property=\"og:locale\" content=\"fr_FR\" \/>\n<meta property=\"og:type\" content=\"article\" \/>\n<meta property=\"og:title\" content=\"A la recherche de la motorisation id\u00e9ale en 2024 - link2fleet\" \/>\n<meta property=\"og:description\" content=\"Entre-temps, la phase fiscale 2 du plan Van Peteghem a commenc\u00e9 pour les commandes \u00e0 partir du 1er juillet 2023. Elle se d\u00e9roulera jusqu&rsquo;au 31\u2026\" \/>\n<meta property=\"og:url\" content=\"https:\/\/www.link2fleet.com\/fr\/a-la-recherche-de-la-motorisation-ideale-en-2024\/\" \/>\n<meta property=\"og:site_name\" content=\"link2fleet\" \/>\n<meta property=\"article:published_time\" content=\"2024-01-03T16:53:18+00:00\" \/>\n<meta property=\"article:modified_time\" content=\"2024-01-29T10:34:45+00:00\" \/>\n<meta property=\"og:image\" content=\"https:\/\/static.link2fleet.com\/wp-content\/uploads\/2024\/01\/pexels-cesar-baciero-8349487-scaled-1.jpg\" \/>\n\t<meta property=\"og:image:width\" content=\"2560\" \/>\n\t<meta property=\"og:image:height\" content=\"1920\" \/>\n\t<meta property=\"og:image:type\" content=\"image\/jpeg\" \/>\n<meta name=\"author\" content=\"Jeroen Evens\" \/>\n<meta name=\"twitter:card\" content=\"summary_large_image\" \/>\n<meta name=\"twitter:description\" content=\"Entre-temps, la phase fiscale 2 du plan Van Peteghem a commenc\u00e9 pour les commandes \u00e0 partir du 1er juillet 2023. Elle se d\u00e9roulera jusqu&rsquo;au 31\u2026\" \/>\n<meta name=\"twitter:label1\" content=\"\u00c9crit par\" \/>\n\t<meta name=\"twitter:data1\" content=\"Jeroen Evens\" \/>\n\t<meta name=\"twitter:label2\" content=\"Dur\u00e9e de lecture estim\u00e9e\" \/>\n\t<meta name=\"twitter:data2\" content=\"9 minutes\" \/>\n<script type=\"application\/ld+json\" class=\"yoast-schema-graph\">{\"@context\":\"https:\\\/\\\/schema.org\",\"@graph\":[{\"@type\":\"Article\",\"@id\":\"https:\\\/\\\/www.link2fleet.com\\\/fr\\\/a-la-recherche-de-la-motorisation-ideale-en-2024\\\/#article\",\"isPartOf\":{\"@id\":\"https:\\\/\\\/www.link2fleet.com\\\/fr\\\/a-la-recherche-de-la-motorisation-ideale-en-2024\\\/\"},\"author\":{\"name\":\"Jeroen Evens\",\"@id\":\"https:\\\/\\\/www.link2fleet.com\\\/fr\\\/#\\\/schema\\\/person\\\/3f23fa5cf039e25761156c930f6bf38f\"},\"headline\":\"A la recherche de la motorisation id\u00e9ale en 2024\",\"datePublished\":\"2024-01-03T16:53:18+00:00\",\"dateModified\":\"2024-01-29T10:34:45+00:00\",\"mainEntityOfPage\":{\"@id\":\"https:\\\/\\\/www.link2fleet.com\\\/fr\\\/a-la-recherche-de-la-motorisation-ideale-en-2024\\\/\"},\"wordCount\":1782,\"publisher\":{\"@id\":\"https:\\\/\\\/www.link2fleet.com\\\/fr\\\/#organization\"},\"image\":{\"@id\":\"https:\\\/\\\/www.link2fleet.com\\\/fr\\\/a-la-recherche-de-la-motorisation-ideale-en-2024\\\/#primaryimage\"},\"thumbnailUrl\":\"https:\\\/\\\/static.link2fleet.com\\\/wp-content\\\/uploads\\\/2024\\\/01\\\/pexels-cesar-baciero-8349487-scaled-1.jpg\",\"articleSection\":[\"Best practices\",\"Gestion de flotte\"],\"inLanguage\":\"fr-FR\"},{\"@type\":\"WebPage\",\"@id\":\"https:\\\/\\\/www.link2fleet.com\\\/fr\\\/a-la-recherche-de-la-motorisation-ideale-en-2024\\\/\",\"url\":\"https:\\\/\\\/www.link2fleet.com\\\/fr\\\/a-la-recherche-de-la-motorisation-ideale-en-2024\\\/\",\"name\":\"A la recherche de la motorisation id\u00e9ale en 2024 - link2fleet\",\"isPartOf\":{\"@id\":\"https:\\\/\\\/www.link2fleet.com\\\/fr\\\/#website\"},\"primaryImageOfPage\":{\"@id\":\"https:\\\/\\\/www.link2fleet.com\\\/fr\\\/a-la-recherche-de-la-motorisation-ideale-en-2024\\\/#primaryimage\"},\"image\":{\"@id\":\"https:\\\/\\\/www.link2fleet.com\\\/fr\\\/a-la-recherche-de-la-motorisation-ideale-en-2024\\\/#primaryimage\"},\"thumbnailUrl\":\"https:\\\/\\\/static.link2fleet.com\\\/wp-content\\\/uploads\\\/2024\\\/01\\\/pexels-cesar-baciero-8349487-scaled-1.jpg\",\"datePublished\":\"2024-01-03T16:53:18+00:00\",\"dateModified\":\"2024-01-29T10:34:45+00:00\",\"breadcrumb\":{\"@id\":\"https:\\\/\\\/www.link2fleet.com\\\/fr\\\/a-la-recherche-de-la-motorisation-ideale-en-2024\\\/#breadcrumb\"},\"inLanguage\":\"fr-FR\",\"potentialAction\":[{\"@type\":\"ReadAction\",\"target\":[\"https:\\\/\\\/www.link2fleet.com\\\/fr\\\/a-la-recherche-de-la-motorisation-ideale-en-2024\\\/\"]}]},{\"@type\":\"ImageObject\",\"inLanguage\":\"fr-FR\",\"@id\":\"https:\\\/\\\/www.link2fleet.com\\\/fr\\\/a-la-recherche-de-la-motorisation-ideale-en-2024\\\/#primaryimage\",\"url\":\"https:\\\/\\\/static.link2fleet.com\\\/wp-content\\\/uploads\\\/2024\\\/01\\\/pexels-cesar-baciero-8349487-scaled-1.jpg\",\"contentUrl\":\"https:\\\/\\\/static.link2fleet.com\\\/wp-content\\\/uploads\\\/2024\\\/01\\\/pexels-cesar-baciero-8349487-scaled-1.jpg\",\"width\":2560,\"height\":1920,\"caption\":\"|||\"},{\"@type\":\"BreadcrumbList\",\"@id\":\"https:\\\/\\\/www.link2fleet.com\\\/fr\\\/a-la-recherche-de-la-motorisation-ideale-en-2024\\\/#breadcrumb\",\"itemListElement\":[{\"@type\":\"ListItem\",\"position\":1,\"name\":\"Home\",\"item\":\"https:\\\/\\\/www.link2fleet.com\\\/fr\\\/\"},{\"@type\":\"ListItem\",\"position\":2,\"name\":\"A la recherche de la motorisation id\u00e9ale en 2024\"}]},{\"@type\":\"WebSite\",\"@id\":\"https:\\\/\\\/www.link2fleet.com\\\/fr\\\/#website\",\"url\":\"https:\\\/\\\/www.link2fleet.com\\\/fr\\\/\",\"name\":\"Link2fleet\",\"description\":\"\",\"publisher\":{\"@id\":\"https:\\\/\\\/www.link2fleet.com\\\/fr\\\/#organization\"},\"potentialAction\":[{\"@type\":\"SearchAction\",\"target\":{\"@type\":\"EntryPoint\",\"urlTemplate\":\"https:\\\/\\\/www.link2fleet.com\\\/fr\\\/?s={search_term_string}\"},\"query-input\":{\"@type\":\"PropertyValueSpecification\",\"valueRequired\":true,\"valueName\":\"search_term_string\"}}],\"inLanguage\":\"fr-FR\"},{\"@type\":\"Organization\",\"@id\":\"https:\\\/\\\/www.link2fleet.com\\\/fr\\\/#organization\",\"name\":\"Link2fleet\",\"url\":\"https:\\\/\\\/www.link2fleet.com\\\/fr\\\/\",\"logo\":{\"@type\":\"ImageObject\",\"inLanguage\":\"fr-FR\",\"@id\":\"https:\\\/\\\/www.link2fleet.com\\\/fr\\\/#\\\/schema\\\/logo\\\/image\\\/\",\"url\":\"https:\\\/\\\/static.link2fleet.com\\\/wp-content\\\/uploads\\\/2024\\\/03\\\/share-image.jpg\",\"contentUrl\":\"https:\\\/\\\/static.link2fleet.com\\\/wp-content\\\/uploads\\\/2024\\\/03\\\/share-image.jpg\",\"width\":1200,\"height\":630,\"caption\":\"Link2fleet\"},\"image\":{\"@id\":\"https:\\\/\\\/www.link2fleet.com\\\/fr\\\/#\\\/schema\\\/logo\\\/image\\\/\"},\"sameAs\":[\"https:\\\/\\\/www.linkedin.com\\\/company\\\/link2fleet-belgium\",\"https:\\\/\\\/www.youtube.com\\\/user\\\/MMMBMBE\"]},{\"@type\":\"Person\",\"@id\":\"https:\\\/\\\/www.link2fleet.com\\\/fr\\\/#\\\/schema\\\/person\\\/3f23fa5cf039e25761156c930f6bf38f\",\"name\":\"Jeroen Evens\",\"image\":{\"@type\":\"ImageObject\",\"inLanguage\":\"fr-FR\",\"@id\":\"https:\\\/\\\/secure.gravatar.com\\\/avatar\\\/6e059523a84fbec54e5ec5d0f3fb4322b7b077be22b323085f823d1d7f00f32e?s=96&d=mm&r=g\",\"url\":\"https:\\\/\\\/secure.gravatar.com\\\/avatar\\\/6e059523a84fbec54e5ec5d0f3fb4322b7b077be22b323085f823d1d7f00f32e?s=96&d=mm&r=g\",\"contentUrl\":\"https:\\\/\\\/secure.gravatar.com\\\/avatar\\\/6e059523a84fbec54e5ec5d0f3fb4322b7b077be22b323085f823d1d7f00f32e?s=96&d=mm&r=g\",\"caption\":\"Jeroen Evens\"},\"description\":\"Jeroen Evens is opgeleid in de Communicatiewetenschappen (KULeuven) en is een enthousiaste volger van alles wat met mobiliteit en bedrijfswagens te maken heeft. Als freelance journalist gespecialiseerd in de fleetsector houdt hij al drie jaar lang de vinger aan de pols van de laatste ontwikkelingen in onze sector.\"}]}<\/script>\n<!-- \/ Yoast SEO plugin. -->","yoast_head_json":{"title":"A la recherche de la motorisation id\u00e9ale en 2024 - link2fleet","description":"Entre-temps, la phase fiscale 2 du plan Van Peteghem a commenc\u00e9 pour les commandes \u00e0 partir du 1er juillet 2023. Elle se d\u00e9roulera jusqu&rsquo;au 31\u2026","robots":{"index":"index","follow":"follow","max-snippet":"max-snippet:-1","max-image-preview":"max-image-preview:large","max-video-preview":"max-video-preview:-1"},"og_locale":"fr_FR","og_type":"article","og_title":"A la recherche de la motorisation id\u00e9ale en 2024 - link2fleet","og_description":"Entre-temps, la phase fiscale 2 du plan Van Peteghem a commenc\u00e9 pour les commandes \u00e0 partir du 1er juillet 2023. Elle se d\u00e9roulera jusqu&rsquo;au 31\u2026","og_url":"https:\/\/www.link2fleet.com\/fr\/a-la-recherche-de-la-motorisation-ideale-en-2024\/","og_site_name":"link2fleet","article_published_time":"2024-01-03T16:53:18+00:00","article_modified_time":"2024-01-29T10:34:45+00:00","og_image":[{"width":2560,"height":1920,"url":"https:\/\/static.link2fleet.com\/wp-content\/uploads\/2024\/01\/pexels-cesar-baciero-8349487-scaled-1.jpg","type":"image\/jpeg"}],"author":"Jeroen Evens","twitter_card":"summary_large_image","twitter_description":"Entre-temps, la phase fiscale 2 du plan Van Peteghem a commenc\u00e9 pour les commandes \u00e0 partir du 1er juillet 2023. Elle se d\u00e9roulera jusqu&rsquo;au 31\u2026","twitter_misc":{"\u00c9crit par":"Jeroen Evens","Dur\u00e9e de lecture estim\u00e9e":"9 minutes"},"schema":{"@context":"https:\/\/schema.org","@graph":[{"@type":"Article","@id":"https:\/\/www.link2fleet.com\/fr\/a-la-recherche-de-la-motorisation-ideale-en-2024\/#article","isPartOf":{"@id":"https:\/\/www.link2fleet.com\/fr\/a-la-recherche-de-la-motorisation-ideale-en-2024\/"},"author":{"name":"Jeroen Evens","@id":"https:\/\/www.link2fleet.com\/fr\/#\/schema\/person\/3f23fa5cf039e25761156c930f6bf38f"},"headline":"A la recherche de la motorisation id\u00e9ale en 2024","datePublished":"2024-01-03T16:53:18+00:00","dateModified":"2024-01-29T10:34:45+00:00","mainEntityOfPage":{"@id":"https:\/\/www.link2fleet.com\/fr\/a-la-recherche-de-la-motorisation-ideale-en-2024\/"},"wordCount":1782,"publisher":{"@id":"https:\/\/www.link2fleet.com\/fr\/#organization"},"image":{"@id":"https:\/\/www.link2fleet.com\/fr\/a-la-recherche-de-la-motorisation-ideale-en-2024\/#primaryimage"},"thumbnailUrl":"https:\/\/static.link2fleet.com\/wp-content\/uploads\/2024\/01\/pexels-cesar-baciero-8349487-scaled-1.jpg","articleSection":["Best practices","Gestion de flotte"],"inLanguage":"fr-FR"},{"@type":"WebPage","@id":"https:\/\/www.link2fleet.com\/fr\/a-la-recherche-de-la-motorisation-ideale-en-2024\/","url":"https:\/\/www.link2fleet.com\/fr\/a-la-recherche-de-la-motorisation-ideale-en-2024\/","name":"A la recherche de la motorisation id\u00e9ale en 2024 - link2fleet","isPartOf":{"@id":"https:\/\/www.link2fleet.com\/fr\/#website"},"primaryImageOfPage":{"@id":"https:\/\/www.link2fleet.com\/fr\/a-la-recherche-de-la-motorisation-ideale-en-2024\/#primaryimage"},"image":{"@id":"https:\/\/www.link2fleet.com\/fr\/a-la-recherche-de-la-motorisation-ideale-en-2024\/#primaryimage"},"thumbnailUrl":"https:\/\/static.link2fleet.com\/wp-content\/uploads\/2024\/01\/pexels-cesar-baciero-8349487-scaled-1.jpg","datePublished":"2024-01-03T16:53:18+00:00","dateModified":"2024-01-29T10:34:45+00:00","breadcrumb":{"@id":"https:\/\/www.link2fleet.com\/fr\/a-la-recherche-de-la-motorisation-ideale-en-2024\/#breadcrumb"},"inLanguage":"fr-FR","potentialAction":[{"@type":"ReadAction","target":["https:\/\/www.link2fleet.com\/fr\/a-la-recherche-de-la-motorisation-ideale-en-2024\/"]}]},{"@type":"ImageObject","inLanguage":"fr-FR","@id":"https:\/\/www.link2fleet.com\/fr\/a-la-recherche-de-la-motorisation-ideale-en-2024\/#primaryimage","url":"https:\/\/static.link2fleet.com\/wp-content\/uploads\/2024\/01\/pexels-cesar-baciero-8349487-scaled-1.jpg","contentUrl":"https:\/\/static.link2fleet.com\/wp-content\/uploads\/2024\/01\/pexels-cesar-baciero-8349487-scaled-1.jpg","width":2560,"height":1920,"caption":"|||"},{"@type":"BreadcrumbList","@id":"https:\/\/www.link2fleet.com\/fr\/a-la-recherche-de-la-motorisation-ideale-en-2024\/#breadcrumb","itemListElement":[{"@type":"ListItem","position":1,"name":"Home","item":"https:\/\/www.link2fleet.com\/fr\/"},{"@type":"ListItem","position":2,"name":"A la recherche de la motorisation id\u00e9ale en 2024"}]},{"@type":"WebSite","@id":"https:\/\/www.link2fleet.com\/fr\/#website","url":"https:\/\/www.link2fleet.com\/fr\/","name":"Link2fleet","description":"","publisher":{"@id":"https:\/\/www.link2fleet.com\/fr\/#organization"},"potentialAction":[{"@type":"SearchAction","target":{"@type":"EntryPoint","urlTemplate":"https:\/\/www.link2fleet.com\/fr\/?s={search_term_string}"},"query-input":{"@type":"PropertyValueSpecification","valueRequired":true,"valueName":"search_term_string"}}],"inLanguage":"fr-FR"},{"@type":"Organization","@id":"https:\/\/www.link2fleet.com\/fr\/#organization","name":"Link2fleet","url":"https:\/\/www.link2fleet.com\/fr\/","logo":{"@type":"ImageObject","inLanguage":"fr-FR","@id":"https:\/\/www.link2fleet.com\/fr\/#\/schema\/logo\/image\/","url":"https:\/\/static.link2fleet.com\/wp-content\/uploads\/2024\/03\/share-image.jpg","contentUrl":"https:\/\/static.link2fleet.com\/wp-content\/uploads\/2024\/03\/share-image.jpg","width":1200,"height":630,"caption":"Link2fleet"},"image":{"@id":"https:\/\/www.link2fleet.com\/fr\/#\/schema\/logo\/image\/"},"sameAs":["https:\/\/www.linkedin.com\/company\/link2fleet-belgium","https:\/\/www.youtube.com\/user\/MMMBMBE"]},{"@type":"Person","@id":"https:\/\/www.link2fleet.com\/fr\/#\/schema\/person\/3f23fa5cf039e25761156c930f6bf38f","name":"Jeroen Evens","image":{"@type":"ImageObject","inLanguage":"fr-FR","@id":"https:\/\/secure.gravatar.com\/avatar\/6e059523a84fbec54e5ec5d0f3fb4322b7b077be22b323085f823d1d7f00f32e?s=96&d=mm&r=g","url":"https:\/\/secure.gravatar.com\/avatar\/6e059523a84fbec54e5ec5d0f3fb4322b7b077be22b323085f823d1d7f00f32e?s=96&d=mm&r=g","contentUrl":"https:\/\/secure.gravatar.com\/avatar\/6e059523a84fbec54e5ec5d0f3fb4322b7b077be22b323085f823d1d7f00f32e?s=96&d=mm&r=g","caption":"Jeroen Evens"},"description":"Jeroen Evens is opgeleid in de Communicatiewetenschappen (KULeuven) en is een enthousiaste volger van alles wat met mobiliteit en bedrijfswagens te maken heeft. Als freelance journalist gespecialiseerd in de fleetsector houdt hij al drie jaar lang de vinger aan de pols van de laatste ontwikkelingen in onze sector."}]}},"_links":{"self":[{"href":"https:\/\/www.link2fleet.com\/fr\/wp-json\/wp\/v2\/posts\/518","targetHints":{"allow":["GET"]}}],"collection":[{"href":"https:\/\/www.link2fleet.com\/fr\/wp-json\/wp\/v2\/posts"}],"about":[{"href":"https:\/\/www.link2fleet.com\/fr\/wp-json\/wp\/v2\/types\/post"}],"author":[{"embeddable":true,"href":"https:\/\/www.link2fleet.com\/fr\/wp-json\/wp\/v2\/users\/43"}],"replies":[{"embeddable":true,"href":"https:\/\/www.link2fleet.com\/fr\/wp-json\/wp\/v2\/comments?post=518"}],"version-history":[{"count":0,"href":"https:\/\/www.link2fleet.com\/fr\/wp-json\/wp\/v2\/posts\/518\/revisions"}],"wp:featuredmedia":[{"embeddable":true,"href":"https:\/\/www.link2fleet.com\/fr\/wp-json\/wp\/v2\/media\/617"}],"wp:attachment":[{"href":"https:\/\/www.link2fleet.com\/fr\/wp-json\/wp\/v2\/media?parent=518"}],"wp:term":[{"taxonomy":"category","embeddable":true,"href":"https:\/\/www.link2fleet.com\/fr\/wp-json\/wp\/v2\/categories?post=518"},{"taxonomy":"post_tag","embeddable":true,"href":"https:\/\/www.link2fleet.com\/fr\/wp-json\/wp\/v2\/tags?post=518"}],"curies":[{"name":"wp","href":"https:\/\/api.w.org\/{rel}","templated":true}]}}