{"id":5186,"date":"2021-11-23T07:43:16","date_gmt":"2021-11-23T06:43:16","guid":{"rendered":"https:\/\/www.link2fleet.com\/athlon-belgium-livre-540-phev-a-pwc-belgique\/"},"modified":"2024-04-17T16:48:20","modified_gmt":"2024-04-17T14:48:20","slug":"athlon-belgium-livre-540-phev-a-pwc-belgique","status":"publish","type":"post","link":"https:\/\/www.link2fleet.com\/fr\/athlon-belgium-livre-540-phev-a-pwc-belgique\/","title":{"rendered":"Athlon Belgium livre 540 PHEV \u00e0 PwC Belgique"},"content":{"rendered":"<p><strong>Mobilit\u00e9 verte<\/strong><br \/>\nLes PHEV (plug-in hybrid electric vehicles) en tant que v\u00e9hicule de soci\u00e9t\u00e9 pr\u00e9sentent des avantages \u00e0 la fois \u00e9cologiques et \u00e9conomiques.\u00a0\u00a0Ils aident les entreprises \u00e0 r\u00e9duire leurs \u00e9missions de CO<sub>2\u00a0<\/sub>et b\u00e9n\u00e9ficient d\u2019une fiscalit\u00e9 cons\u00e9quente en Belgique gr\u00e2ce \u00e0 une d\u00e9ductibilit\u00e9 pouvant aller jusqu\u2019\u00e0 100% dans la mesure o\u00f9 ils sont consid\u00e9r\u00e9s comme de \u201cvrais\u201c hybrides rechargeables. Le v\u00e9hicule ne devra pas \u00e9mettre plus de 50 grammes de CO<sub>2\u00a0<\/sub>par kilom\u00e8tre et devra \u00eatre \u00e9quip\u00e9 d\u2019une batterie suffisamment puissante.<\/p>\n<p>En collaboration avec\u00a0BMW Group Belux,\u00a0Athlon Belgium livrera quelque 540 BMW X1 PHEV aux travailleurs de PwC.<\/p>\n<blockquote><p><em>\u201cD\u2019ici 2026, tous les nouveaux v\u00e9hicules de soci\u00e9t\u00e9 devront \u00eatre neutres en \u00e9mission. Le verdissement des parcs automobiles est donc au coeur de notre d\u00e9marche.\u00a0\u00a0Actuellement, la moiti\u00e9 de nos commandes sont des PHEV ou des EV.\u00a0\u00a0Nous sommes donc sur la bonne voie, et particuli\u00e8rement heureux que PwC s\u2019appuie sur notre expertise pour cette importante commande de PHEV.\u201d<\/em><br \/>\nEls Descamps, directeur commercial d\u2019Athlon Belgium<\/p><\/blockquote>\n<p>&nbsp;<\/p>\n<blockquote><p>Axel Smits, pr\u00e9sident de PwC Belgique : \u00ab\u00a0Ce nouvel investissement repr\u00e9sente un changement audacieux dans la mani\u00e8re dont nous modernisons l&rsquo;ensemble de notre flotte avec des voitures plus propres et plus performantes, tout en r\u00e9affirmant notre engagement en faveur de la mobilit\u00e9 durable. Il s&rsquo;agit d&rsquo;un autre grand pas en avant dans la r\u00e9duction de notre empreinte carbone globale, car nous reconnaissons que la r\u00e9duction des \u00e9missions de CO2 des voitures est essentielle pour atteindre nos ambitions \u00ab\u00a0net z\u00e9ro\u00a0\u00bb.\u00a0 Le choix de BMW correspond parfaitement \u00e0 notre vision et \u00e0 nos ambitions\u00a0\u00bb.<\/p>\n<p>Eddy Haesendonck, CEO de BMW Group Belux : \u00ab\u00a0C&rsquo;est gr\u00e2ce \u00e0 des clients comme PwC que nous rendons notre mobilit\u00e9 plus durable. Ils sont, comme toujours, parmi les pionniers lorsqu&rsquo;il s&rsquo;agit de mettre en \u0153uvre notre nouvelle technologie dans la pratique quotidienne. Ce contrat souligne une fois de plus l&rsquo;importance de la technologie hybride rechargeable en tant que phase importante de la transformation vers une \u00e9lectrification durable du parc automobile belge. Il suffit de penser aux BMW eDrive Zones dans les 10 plus grandes villes belges, o\u00f9 toutes ces BMW hybrides roulent automatiquement en mode 100% \u00e9lectrique\u00a0\u00bb.<\/p><\/blockquote>\n","protected":false},"excerpt":{"rendered":"<p>Mobilit\u00e9 verte Les PHEV (plug-in hybrid electric vehicles) en tant que v\u00e9hicule de soci\u00e9t\u00e9 pr\u00e9sentent des avantages \u00e0 la fois \u00e9cologiques et \u00e9conomiques.\u00a0\u00a0Ils aident les entreprises \u00e0 r\u00e9duire leurs \u00e9missions de CO2\u00a0et b\u00e9n\u00e9ficient d\u2019une fiscalit\u00e9 cons\u00e9quente en Belgique gr\u00e2ce \u00e0 une d\u00e9ductibilit\u00e9 pouvant aller jusqu\u2019\u00e0 100% dans la mesure o\u00f9 ils sont consid\u00e9r\u00e9s comme de [&hellip;]<\/p>\n","protected":false},"author":4,"featured_media":5187,"comment_status":"closed","ping_status":"closed","sticky":false,"template":"","format":"standard","meta":{"_acf_changed":false,"footnotes":""},"categories":[91,79],"tags":[],"class_list":["post-5186","post","type-post","status-publish","format-standard","has-post-thumbnail","hentry","category-expertise-et-management","category-societes-de-leasing"],"acf":[],"yoast_head":"<!-- This site is optimized with the Yoast SEO plugin v27.3 - https:\/\/yoast.com\/product\/yoast-seo-wordpress\/ -->\n<title>Athlon Belgium livre 540 PHEV \u00e0 PwC Belgique - link2fleet<\/title>\n<meta name=\"description\" content=\"Quelque 540 collaborateurs de PwC Belgique bient\u00f4t au volant d\u2019une Plug-in hybrid. Le week-end dernier, la soci\u00e9t\u00e9 de leasing Athlon Belgium a d\u00e9j\u00e0 livr\u00e9 une\u2026\" \/>\n<meta name=\"robots\" content=\"index, follow, max-snippet:-1, max-image-preview:large, max-video-preview:-1\" \/>\n<meta property=\"og:locale\" content=\"fr_FR\" \/>\n<meta property=\"og:type\" content=\"article\" \/>\n<meta property=\"og:title\" content=\"Athlon Belgium livre 540 PHEV \u00e0 PwC Belgique - link2fleet\" \/>\n<meta property=\"og:description\" content=\"Quelque 540 collaborateurs de PwC Belgique bient\u00f4t au volant d\u2019une Plug-in hybrid. Le week-end dernier, la soci\u00e9t\u00e9 de leasing Athlon Belgium a d\u00e9j\u00e0 livr\u00e9 une\u2026\" \/>\n<meta property=\"og:url\" content=\"https:\/\/www.link2fleet.com\/fr\/athlon-belgium-livre-540-phev-a-pwc-belgique\/\" \/>\n<meta property=\"og:site_name\" content=\"link2fleet\" \/>\n<meta property=\"article:published_time\" content=\"2021-11-23T06:43:16+00:00\" \/>\n<meta property=\"article:modified_time\" content=\"2024-04-17T14:48:20+00:00\" \/>\n<meta property=\"og:image\" content=\"https:\/\/static.link2fleet.com\/wp-content\/uploads\/2024\/03\/p90445337-highres-bmw-belux-and-pwc-11-scaled-1.jpg\" \/>\n\t<meta property=\"og:image:width\" content=\"2560\" \/>\n\t<meta property=\"og:image:height\" content=\"1707\" \/>\n\t<meta property=\"og:image:type\" content=\"image\/jpeg\" \/>\n<meta name=\"author\" content=\"Damien Malvetti\" \/>\n<meta name=\"twitter:card\" content=\"summary_large_image\" \/>\n<meta name=\"twitter:description\" content=\"Quelque 540 collaborateurs de PwC Belgique bient\u00f4t au volant d\u2019une Plug-in hybrid. Le week-end dernier, la soci\u00e9t\u00e9 de leasing Athlon Belgium a d\u00e9j\u00e0 livr\u00e9 une\u2026\" \/>\n<meta name=\"twitter:label1\" content=\"\u00c9crit par\" \/>\n\t<meta name=\"twitter:data1\" content=\"Damien Malvetti\" \/>\n\t<meta name=\"twitter:label2\" content=\"Dur\u00e9e de lecture estim\u00e9e\" \/>\n\t<meta name=\"twitter:data2\" content=\"2 minutes\" \/>\n<script type=\"application\/ld+json\" class=\"yoast-schema-graph\">{\"@context\":\"https:\\\/\\\/schema.org\",\"@graph\":[{\"@type\":\"Article\",\"@id\":\"https:\\\/\\\/www.link2fleet.com\\\/fr\\\/athlon-belgium-livre-540-phev-a-pwc-belgique\\\/#article\",\"isPartOf\":{\"@id\":\"https:\\\/\\\/www.link2fleet.com\\\/fr\\\/athlon-belgium-livre-540-phev-a-pwc-belgique\\\/\"},\"author\":{\"name\":\"Damien Malvetti\",\"@id\":\"https:\\\/\\\/www.link2fleet.com\\\/fr\\\/#\\\/schema\\\/person\\\/027cd46113c78036b3809c9a054049da\"},\"headline\":\"Athlon Belgium livre 540 PHEV \u00e0 PwC Belgique\",\"datePublished\":\"2021-11-23T06:43:16+00:00\",\"dateModified\":\"2024-04-17T14:48:20+00:00\",\"mainEntityOfPage\":{\"@id\":\"https:\\\/\\\/www.link2fleet.com\\\/fr\\\/athlon-belgium-livre-540-phev-a-pwc-belgique\\\/\"},\"wordCount\":384,\"publisher\":{\"@id\":\"https:\\\/\\\/www.link2fleet.com\\\/fr\\\/#organization\"},\"image\":{\"@id\":\"https:\\\/\\\/www.link2fleet.com\\\/fr\\\/athlon-belgium-livre-540-phev-a-pwc-belgique\\\/#primaryimage\"},\"thumbnailUrl\":\"https:\\\/\\\/static.link2fleet.com\\\/wp-content\\\/uploads\\\/2024\\\/03\\\/p90445337-highres-bmw-belux-and-pwc-11-scaled-1.jpg\",\"articleSection\":[\"Gestion de flotte\",\"Location long-terme\"],\"inLanguage\":\"fr-FR\"},{\"@type\":\"WebPage\",\"@id\":\"https:\\\/\\\/www.link2fleet.com\\\/fr\\\/athlon-belgium-livre-540-phev-a-pwc-belgique\\\/\",\"url\":\"https:\\\/\\\/www.link2fleet.com\\\/fr\\\/athlon-belgium-livre-540-phev-a-pwc-belgique\\\/\",\"name\":\"Athlon Belgium livre 540 PHEV \u00e0 PwC Belgique - link2fleet\",\"isPartOf\":{\"@id\":\"https:\\\/\\\/www.link2fleet.com\\\/fr\\\/#website\"},\"primaryImageOfPage\":{\"@id\":\"https:\\\/\\\/www.link2fleet.com\\\/fr\\\/athlon-belgium-livre-540-phev-a-pwc-belgique\\\/#primaryimage\"},\"image\":{\"@id\":\"https:\\\/\\\/www.link2fleet.com\\\/fr\\\/athlon-belgium-livre-540-phev-a-pwc-belgique\\\/#primaryimage\"},\"thumbnailUrl\":\"https:\\\/\\\/static.link2fleet.com\\\/wp-content\\\/uploads\\\/2024\\\/03\\\/p90445337-highres-bmw-belux-and-pwc-11-scaled-1.jpg\",\"datePublished\":\"2021-11-23T06:43:16+00:00\",\"dateModified\":\"2024-04-17T14:48:20+00:00\",\"breadcrumb\":{\"@id\":\"https:\\\/\\\/www.link2fleet.com\\\/fr\\\/athlon-belgium-livre-540-phev-a-pwc-belgique\\\/#breadcrumb\"},\"inLanguage\":\"fr-FR\",\"potentialAction\":[{\"@type\":\"ReadAction\",\"target\":[\"https:\\\/\\\/www.link2fleet.com\\\/fr\\\/athlon-belgium-livre-540-phev-a-pwc-belgique\\\/\"]}]},{\"@type\":\"ImageObject\",\"inLanguage\":\"fr-FR\",\"@id\":\"https:\\\/\\\/www.link2fleet.com\\\/fr\\\/athlon-belgium-livre-540-phev-a-pwc-belgique\\\/#primaryimage\",\"url\":\"https:\\\/\\\/static.link2fleet.com\\\/wp-content\\\/uploads\\\/2024\\\/03\\\/p90445337-highres-bmw-belux-and-pwc-11-scaled-1.jpg\",\"contentUrl\":\"https:\\\/\\\/static.link2fleet.com\\\/wp-content\\\/uploads\\\/2024\\\/03\\\/p90445337-highres-bmw-belux-and-pwc-11-scaled-1.jpg\",\"width\":2560,\"height\":1707,\"caption\":\"|\"},{\"@type\":\"BreadcrumbList\",\"@id\":\"https:\\\/\\\/www.link2fleet.com\\\/fr\\\/athlon-belgium-livre-540-phev-a-pwc-belgique\\\/#breadcrumb\",\"itemListElement\":[{\"@type\":\"ListItem\",\"position\":1,\"name\":\"Home\",\"item\":\"https:\\\/\\\/www.link2fleet.com\\\/fr\\\/\"},{\"@type\":\"ListItem\",\"position\":2,\"name\":\"Athlon Belgium livre 540 PHEV \u00e0 PwC Belgique\"}]},{\"@type\":\"WebSite\",\"@id\":\"https:\\\/\\\/www.link2fleet.com\\\/fr\\\/#website\",\"url\":\"https:\\\/\\\/www.link2fleet.com\\\/fr\\\/\",\"name\":\"Link2fleet\",\"description\":\"\",\"publisher\":{\"@id\":\"https:\\\/\\\/www.link2fleet.com\\\/fr\\\/#organization\"},\"potentialAction\":[{\"@type\":\"SearchAction\",\"target\":{\"@type\":\"EntryPoint\",\"urlTemplate\":\"https:\\\/\\\/www.link2fleet.com\\\/fr\\\/?s={search_term_string}\"},\"query-input\":{\"@type\":\"PropertyValueSpecification\",\"valueRequired\":true,\"valueName\":\"search_term_string\"}}],\"inLanguage\":\"fr-FR\"},{\"@type\":\"Organization\",\"@id\":\"https:\\\/\\\/www.link2fleet.com\\\/fr\\\/#organization\",\"name\":\"Link2fleet\",\"url\":\"https:\\\/\\\/www.link2fleet.com\\\/fr\\\/\",\"logo\":{\"@type\":\"ImageObject\",\"inLanguage\":\"fr-FR\",\"@id\":\"https:\\\/\\\/www.link2fleet.com\\\/fr\\\/#\\\/schema\\\/logo\\\/image\\\/\",\"url\":\"https:\\\/\\\/static.link2fleet.com\\\/wp-content\\\/uploads\\\/2024\\\/03\\\/share-image.jpg\",\"contentUrl\":\"https:\\\/\\\/static.link2fleet.com\\\/wp-content\\\/uploads\\\/2024\\\/03\\\/share-image.jpg\",\"width\":1200,\"height\":630,\"caption\":\"Link2fleet\"},\"image\":{\"@id\":\"https:\\\/\\\/www.link2fleet.com\\\/fr\\\/#\\\/schema\\\/logo\\\/image\\\/\"},\"sameAs\":[\"https:\\\/\\\/www.linkedin.com\\\/company\\\/link2fleet-belgium\",\"https:\\\/\\\/www.youtube.com\\\/user\\\/MMMBMBE\"]},{\"@type\":\"Person\",\"@id\":\"https:\\\/\\\/www.link2fleet.com\\\/fr\\\/#\\\/schema\\\/person\\\/027cd46113c78036b3809c9a054049da\",\"name\":\"Damien Malvetti\",\"image\":{\"@type\":\"ImageObject\",\"inLanguage\":\"fr-FR\",\"@id\":\"https:\\\/\\\/secure.gravatar.com\\\/avatar\\\/dd8cc03b49466c735f753ac37f8caa371af16dfed347456ed61f02883255eebb?s=96&d=mm&r=g\",\"url\":\"https:\\\/\\\/secure.gravatar.com\\\/avatar\\\/dd8cc03b49466c735f753ac37f8caa371af16dfed347456ed61f02883255eebb?s=96&d=mm&r=g\",\"contentUrl\":\"https:\\\/\\\/secure.gravatar.com\\\/avatar\\\/dd8cc03b49466c735f753ac37f8caa371af16dfed347456ed61f02883255eebb?s=96&d=mm&r=g\",\"caption\":\"Damien Malvetti\"},\"description\":\"Damien Malvetti is opgeleid als journalist en gepassioneerd door wagens, technologie en mobiliteit. Hij is verantwoordelijk voor de redactionele inhoud van link2fleet en beschikt over een uitgebreide kennis van de fleet-sector en elektrische mobiliteit.\",\"sameAs\":[\"https:\\\/\\\/www.linkedin.com\\\/in\\\/damien-malvetti-56601142\\\/\"]}]}<\/script>\n<!-- \/ Yoast SEO plugin. -->","yoast_head_json":{"title":"Athlon Belgium livre 540 PHEV \u00e0 PwC Belgique - link2fleet","description":"Quelque 540 collaborateurs de PwC Belgique bient\u00f4t au volant d\u2019une Plug-in hybrid. Le week-end dernier, la soci\u00e9t\u00e9 de leasing Athlon Belgium a d\u00e9j\u00e0 livr\u00e9 une\u2026","robots":{"index":"index","follow":"follow","max-snippet":"max-snippet:-1","max-image-preview":"max-image-preview:large","max-video-preview":"max-video-preview:-1"},"og_locale":"fr_FR","og_type":"article","og_title":"Athlon Belgium livre 540 PHEV \u00e0 PwC Belgique - link2fleet","og_description":"Quelque 540 collaborateurs de PwC Belgique bient\u00f4t au volant d\u2019une Plug-in hybrid. Le week-end dernier, la soci\u00e9t\u00e9 de leasing Athlon Belgium a d\u00e9j\u00e0 livr\u00e9 une\u2026","og_url":"https:\/\/www.link2fleet.com\/fr\/athlon-belgium-livre-540-phev-a-pwc-belgique\/","og_site_name":"link2fleet","article_published_time":"2021-11-23T06:43:16+00:00","article_modified_time":"2024-04-17T14:48:20+00:00","og_image":[{"width":2560,"height":1707,"url":"https:\/\/static.link2fleet.com\/wp-content\/uploads\/2024\/03\/p90445337-highres-bmw-belux-and-pwc-11-scaled-1.jpg","type":"image\/jpeg"}],"author":"Damien Malvetti","twitter_card":"summary_large_image","twitter_description":"Quelque 540 collaborateurs de PwC Belgique bient\u00f4t au volant d\u2019une Plug-in hybrid. Le week-end dernier, la soci\u00e9t\u00e9 de leasing Athlon Belgium a d\u00e9j\u00e0 livr\u00e9 une\u2026","twitter_misc":{"\u00c9crit par":"Damien Malvetti","Dur\u00e9e de lecture estim\u00e9e":"2 minutes"},"schema":{"@context":"https:\/\/schema.org","@graph":[{"@type":"Article","@id":"https:\/\/www.link2fleet.com\/fr\/athlon-belgium-livre-540-phev-a-pwc-belgique\/#article","isPartOf":{"@id":"https:\/\/www.link2fleet.com\/fr\/athlon-belgium-livre-540-phev-a-pwc-belgique\/"},"author":{"name":"Damien Malvetti","@id":"https:\/\/www.link2fleet.com\/fr\/#\/schema\/person\/027cd46113c78036b3809c9a054049da"},"headline":"Athlon Belgium livre 540 PHEV \u00e0 PwC Belgique","datePublished":"2021-11-23T06:43:16+00:00","dateModified":"2024-04-17T14:48:20+00:00","mainEntityOfPage":{"@id":"https:\/\/www.link2fleet.com\/fr\/athlon-belgium-livre-540-phev-a-pwc-belgique\/"},"wordCount":384,"publisher":{"@id":"https:\/\/www.link2fleet.com\/fr\/#organization"},"image":{"@id":"https:\/\/www.link2fleet.com\/fr\/athlon-belgium-livre-540-phev-a-pwc-belgique\/#primaryimage"},"thumbnailUrl":"https:\/\/static.link2fleet.com\/wp-content\/uploads\/2024\/03\/p90445337-highres-bmw-belux-and-pwc-11-scaled-1.jpg","articleSection":["Gestion de flotte","Location long-terme"],"inLanguage":"fr-FR"},{"@type":"WebPage","@id":"https:\/\/www.link2fleet.com\/fr\/athlon-belgium-livre-540-phev-a-pwc-belgique\/","url":"https:\/\/www.link2fleet.com\/fr\/athlon-belgium-livre-540-phev-a-pwc-belgique\/","name":"Athlon Belgium livre 540 PHEV \u00e0 PwC Belgique - link2fleet","isPartOf":{"@id":"https:\/\/www.link2fleet.com\/fr\/#website"},"primaryImageOfPage":{"@id":"https:\/\/www.link2fleet.com\/fr\/athlon-belgium-livre-540-phev-a-pwc-belgique\/#primaryimage"},"image":{"@id":"https:\/\/www.link2fleet.com\/fr\/athlon-belgium-livre-540-phev-a-pwc-belgique\/#primaryimage"},"thumbnailUrl":"https:\/\/static.link2fleet.com\/wp-content\/uploads\/2024\/03\/p90445337-highres-bmw-belux-and-pwc-11-scaled-1.jpg","datePublished":"2021-11-23T06:43:16+00:00","dateModified":"2024-04-17T14:48:20+00:00","breadcrumb":{"@id":"https:\/\/www.link2fleet.com\/fr\/athlon-belgium-livre-540-phev-a-pwc-belgique\/#breadcrumb"},"inLanguage":"fr-FR","potentialAction":[{"@type":"ReadAction","target":["https:\/\/www.link2fleet.com\/fr\/athlon-belgium-livre-540-phev-a-pwc-belgique\/"]}]},{"@type":"ImageObject","inLanguage":"fr-FR","@id":"https:\/\/www.link2fleet.com\/fr\/athlon-belgium-livre-540-phev-a-pwc-belgique\/#primaryimage","url":"https:\/\/static.link2fleet.com\/wp-content\/uploads\/2024\/03\/p90445337-highres-bmw-belux-and-pwc-11-scaled-1.jpg","contentUrl":"https:\/\/static.link2fleet.com\/wp-content\/uploads\/2024\/03\/p90445337-highres-bmw-belux-and-pwc-11-scaled-1.jpg","width":2560,"height":1707,"caption":"|"},{"@type":"BreadcrumbList","@id":"https:\/\/www.link2fleet.com\/fr\/athlon-belgium-livre-540-phev-a-pwc-belgique\/#breadcrumb","itemListElement":[{"@type":"ListItem","position":1,"name":"Home","item":"https:\/\/www.link2fleet.com\/fr\/"},{"@type":"ListItem","position":2,"name":"Athlon Belgium livre 540 PHEV \u00e0 PwC Belgique"}]},{"@type":"WebSite","@id":"https:\/\/www.link2fleet.com\/fr\/#website","url":"https:\/\/www.link2fleet.com\/fr\/","name":"Link2fleet","description":"","publisher":{"@id":"https:\/\/www.link2fleet.com\/fr\/#organization"},"potentialAction":[{"@type":"SearchAction","target":{"@type":"EntryPoint","urlTemplate":"https:\/\/www.link2fleet.com\/fr\/?s={search_term_string}"},"query-input":{"@type":"PropertyValueSpecification","valueRequired":true,"valueName":"search_term_string"}}],"inLanguage":"fr-FR"},{"@type":"Organization","@id":"https:\/\/www.link2fleet.com\/fr\/#organization","name":"Link2fleet","url":"https:\/\/www.link2fleet.com\/fr\/","logo":{"@type":"ImageObject","inLanguage":"fr-FR","@id":"https:\/\/www.link2fleet.com\/fr\/#\/schema\/logo\/image\/","url":"https:\/\/static.link2fleet.com\/wp-content\/uploads\/2024\/03\/share-image.jpg","contentUrl":"https:\/\/static.link2fleet.com\/wp-content\/uploads\/2024\/03\/share-image.jpg","width":1200,"height":630,"caption":"Link2fleet"},"image":{"@id":"https:\/\/www.link2fleet.com\/fr\/#\/schema\/logo\/image\/"},"sameAs":["https:\/\/www.linkedin.com\/company\/link2fleet-belgium","https:\/\/www.youtube.com\/user\/MMMBMBE"]},{"@type":"Person","@id":"https:\/\/www.link2fleet.com\/fr\/#\/schema\/person\/027cd46113c78036b3809c9a054049da","name":"Damien Malvetti","image":{"@type":"ImageObject","inLanguage":"fr-FR","@id":"https:\/\/secure.gravatar.com\/avatar\/dd8cc03b49466c735f753ac37f8caa371af16dfed347456ed61f02883255eebb?s=96&d=mm&r=g","url":"https:\/\/secure.gravatar.com\/avatar\/dd8cc03b49466c735f753ac37f8caa371af16dfed347456ed61f02883255eebb?s=96&d=mm&r=g","contentUrl":"https:\/\/secure.gravatar.com\/avatar\/dd8cc03b49466c735f753ac37f8caa371af16dfed347456ed61f02883255eebb?s=96&d=mm&r=g","caption":"Damien Malvetti"},"description":"Damien Malvetti is opgeleid als journalist en gepassioneerd door wagens, technologie en mobiliteit. Hij is verantwoordelijk voor de redactionele inhoud van link2fleet en beschikt over een uitgebreide kennis van de fleet-sector en elektrische mobiliteit.","sameAs":["https:\/\/www.linkedin.com\/in\/damien-malvetti-56601142\/"]}]}},"_links":{"self":[{"href":"https:\/\/www.link2fleet.com\/fr\/wp-json\/wp\/v2\/posts\/5186","targetHints":{"allow":["GET"]}}],"collection":[{"href":"https:\/\/www.link2fleet.com\/fr\/wp-json\/wp\/v2\/posts"}],"about":[{"href":"https:\/\/www.link2fleet.com\/fr\/wp-json\/wp\/v2\/types\/post"}],"author":[{"embeddable":true,"href":"https:\/\/www.link2fleet.com\/fr\/wp-json\/wp\/v2\/users\/4"}],"replies":[{"embeddable":true,"href":"https:\/\/www.link2fleet.com\/fr\/wp-json\/wp\/v2\/comments?post=5186"}],"version-history":[{"count":0,"href":"https:\/\/www.link2fleet.com\/fr\/wp-json\/wp\/v2\/posts\/5186\/revisions"}],"wp:featuredmedia":[{"embeddable":true,"href":"https:\/\/www.link2fleet.com\/fr\/wp-json\/wp\/v2\/media\/5187"}],"wp:attachment":[{"href":"https:\/\/www.link2fleet.com\/fr\/wp-json\/wp\/v2\/media?parent=5186"}],"wp:term":[{"taxonomy":"category","embeddable":true,"href":"https:\/\/www.link2fleet.com\/fr\/wp-json\/wp\/v2\/categories?post=5186"},{"taxonomy":"post_tag","embeddable":true,"href":"https:\/\/www.link2fleet.com\/fr\/wp-json\/wp\/v2\/tags?post=5186"}],"curies":[{"name":"wp","href":"https:\/\/api.w.org\/{rel}","templated":true}]}}