{"id":520,"date":"2024-01-07T09:54:55","date_gmt":"2024-01-07T08:54:55","guid":{"rendered":"https:\/\/www.link2fleet.com\/la-prime-flamande-a-lachat-dun-vehicule-electrique-ne-sera-disponible-qua-partir-de-fevrier-2024\/"},"modified":"2024-01-29T11:35:36","modified_gmt":"2024-01-29T10:35:36","slug":"la-prime-flamande-a-lachat-dun-vehicule-electrique-ne-sera-disponible-qua-partir-de-fevrier-2024","status":"publish","type":"post","link":"https:\/\/www.link2fleet.com\/fr\/la-prime-flamande-a-lachat-dun-vehicule-electrique-ne-sera-disponible-qua-partir-de-fevrier-2024\/","title":{"rendered":"La prime flamande \u00e0 l&rsquo;achat d&rsquo;un v\u00e9hicule \u00e9lectrique ne sera disponible qu&rsquo;\u00e0 partir de f\u00e9vrier 2024"},"content":{"rendered":"<p style=\"font-weight: 400;\">En r\u00e9alit\u00e9, les consommateurs ne pourront pas demander la prime en janvier. \u00c9tant donn\u00e9 que le budget en 2024 est provisoirement limit\u00e9 \u00e0 20 millions d&rsquo;euros (max. 4000 v\u00e9hicules sur la base d&rsquo;une prime maximale de 5000,00 euros par v\u00e9hicule, la question se pose de savoir s&rsquo;il n&rsquo;y aura pas une file d&rsquo;attente pour les demandes et un goulot d&rsquo;\u00e9tranglement selon le principe du \u00ab\u00a0premier arriv\u00e9, premier servi\u00a0\u00bb.<\/p>\n<p>&nbsp;<\/p>\n<p style=\"font-weight: 400;\"><strong>Demande de prime<\/strong><\/p>\n<p>Le gouvernement flamand pr\u00e9voir une plateforme en ligne (E-loket) pour d\u00e9clarer le v\u00e9hicule. Celle-ci n&rsquo;est pas encore op\u00e9rationnelle.<\/p>\n<p style=\"font-weight: 400;\">La d\u00e9claration doit (en principe) \u00eatre effectu\u00e9e dans les 90 jours apr\u00e8s la signature du contrat de vente.<\/p>\n<p style=\"font-weight: 400;\">Il faut envoyer une copie du compromis de vente, une preuve de paiement et un certificat d&rsquo;immatriculation scann\u00e9 dans les 90 jours suivant l&rsquo;immatriculation du v\u00e9hicule. D&rsquo;autres d\u00e9lais peuvent \u00eatre envisag\u00e9s pour les contrats de vente \u00e0 partir du 25 septembre 2023. On ne peut demander la prime qu&rsquo;une seule fois.<\/p>\n<p style=\"font-weight: 400;\">\n<p style=\"font-weight: 400;\"><strong>Paiement de la prime<\/strong><\/p>\n<p style=\"font-weight: 400;\">Le montant sera transf\u00e9r\u00e9 sur le compte bancaire.<\/p>\n<p style=\"font-weight: 400;\">La prime ne peut \u00eatre pay\u00e9e qu&rsquo;une seule fois.<\/p>\n<p>&nbsp;<\/p>\n<p style=\"font-weight: 400;\"><strong>Nouveau v\u00e9hicule<\/strong><\/p>\n<p style=\"font-weight: 400;\">Concr\u00e8tement, la prime pour les nouveaux v\u00e9hicules \u00e9lectriques est la suivante :<\/p>\n<p style=\"font-weight: 400;\">Achat en 2024\u00a0 : 5.000,00 euros<\/p>\n<p style=\"font-weight: 400;\">\u00a0\u00a0\u00a0\u00a0\u00a0\u00a0 2025 \u00a0: 4.000,00 euros<\/p>\n<p style=\"font-weight: 400;\">\u00a0\u00a0\u00a0\u00a0\u00a0\u00a0 2026 \u00a0: 3.000,00 euros<\/p>\n<p style=\"font-weight: 400;\">Le prix du nouveau v\u00e9hicule, remise comprise, \u00e9galement appel\u00e9 prix de transaction (c&rsquo;est-\u00e0-dire pas le prix catalogue) ne doit pas d\u00e9passer 40 000 \u20ac sans tenir compte de la reprise \u00e9ventuelle du v\u00e9hicule actuel<\/p>\n<p>&nbsp;<\/p>\n<p style=\"font-weight: 400;\"><strong>V\u00e9hicule d&rsquo;occasion<\/strong><\/p>\n<p style=\"font-weight: 400;\">Le prix de la facture d&rsquo;occasion, remise comprise, \u00e9galement appel\u00e9 prix de transaction (c&rsquo;est-\u00e0-dire pas le prix catalogue) ne peut pas d\u00e9passer 40 000 \u20ac sans tenir compte de la reprise \u00e9ventuelle du v\u00e9hicule actuel. Le prix catalogue initial du v\u00e9hicule ne peut pas d\u00e9passer 60 000 \u20ac. Le gouvernement fournira une liste des prix catalogue initiaux. Le v\u00e9hicule d&rsquo;occasion doit avoir au moins trois ans et sa premi\u00e8re immatriculation ne doit pas remonter \u00e0 plus de huit ans. C&rsquo;est une mauvaise nouvelle pour les concessionnaires qui ont des voitures \u00e9lectriques d&rsquo;occasion r\u00e9centes en stock.<\/p>\n<p style=\"font-weight: 400;\">Concr\u00e8tement, la prime pour les v\u00e9hicules \u00e9lectriques d&rsquo;occasion sera la suivante :<\/p>\n<p style=\"font-weight: 400;\">Achat en 2024\u00a0 : 3.000,00 euros<\/p>\n<p style=\"font-weight: 400;\">2025 \u00a0 : 2.500,00 euros<\/p>\n<p style=\"font-weight: 400;\">2026 \u00a0: 2.000,00 euros<\/p>\n<p>&nbsp;<\/p>\n<p style=\"font-weight: 400;\"><strong>Achat aupr\u00e8s d&rsquo;un garage reconnu<\/strong><\/p>\n<p style=\"font-weight: 400;\">Le v\u00e9hicule doit \u00eatre vendu par une entreprise dont l&rsquo;activit\u00e9 \u00e9conomique est la vente de v\u00e9hicules appartenant \u00e0 la cat\u00e9gorie M1 et N1, mentionn\u00e9e \u00e0 l&rsquo;article 1er \u00a71 de l&rsquo;arr\u00eat\u00e9 royal du 15 mars 1968 portant r\u00e8glement g\u00e9n\u00e9ral sur les exigences techniques auxquelles doivent satisfaire les voitures, leurs remorques, leurs pi\u00e8ces et leurs accessoires de s\u00e9curit\u00e9. Les concessionnaires automobiles \u00e9trangers ne sont pas explicitement exclus dans le projet. Mais cela doit encore \u00eatre confirm\u00e9.<\/p>\n<p>&nbsp;<\/p>\n<p style=\"font-weight: 400;\"><strong>Microcars avec 25% de r\u00e9duction<\/strong><\/p>\n<p style=\"font-weight: 400;\">Les microcars \u00a0de la cat\u00e9gorie L7e-C (quadricycles lourds ) peuvent \u00e9galement b\u00e9n\u00e9ficier de la prime. Dans ce cas, la prime est limit\u00e9e \u00e0 25 % du prix d&rsquo;achat.<\/p>\n<p style=\"font-weight: 400;\">Le prix d&rsquo;achat du mod\u00e8le BAW Pony passe par exemple ainsi \u00e0 11 696,25 \u20ac au lieu de 15 595,00 \u20ac. Un microlino, par exemple, pourrait \u00e9galement y pr\u00e9tendre.<\/p>\n<p style=\"font-weight: 400;\">D&rsquo;autres marques pr\u00e9voient aussi des microcars dans leur gamme \u00e0 l&rsquo;avenir.<\/p>\n<p>&nbsp;<\/p>\n<p style=\"font-weight: 400;\"><strong>Conservation des v\u00e9hicules<\/strong><\/p>\n<p>Le v\u00e9hicule doit rester immatricul\u00e9 au nom de la m\u00eame personne pendant au moins trois ans, afin d&rsquo;\u00e9viter les abus. La voiture doit \u00e9galement rester immatricul\u00e9e pendant trois ans \u00e0 une adresse situ\u00e9e en R\u00e9gion flamande.<\/p>\n<p style=\"font-weight: 400;\">Celui qui d\u00e9m\u00e9nage \u00e0 Bruxelles ou en Wallonie durant cette p\u00e9riode de 3 ans devra en principe rembourser (en partie) cette prime.<\/p>\n<p style=\"font-weight: 400;\">\n<p style=\"font-weight: 400;\"><strong>Pot de subventions limit\u00e9<\/strong><\/p>\n<p style=\"font-weight: 400;\">Le pot de subvention flamand est d&rsquo;abord provisoirement limit\u00e9 pour l&rsquo;exercice 2024 \u00e0 20 millions d&rsquo;euros. En 2025 et 2026, ce budget passera respectivement \u00e0 23 et 32 millions d&rsquo;euros.<\/p>\n<p style=\"font-weight: 400; text-align: right;\"><strong>Michel Willems<\/strong><\/p>\n<p style=\"font-weight: 400; text-align: right;\"><strong>MOBILITAS<\/strong><\/p>\n","protected":false},"excerpt":{"rendered":"<p>En r\u00e9alit\u00e9, les consommateurs ne pourront pas demander la prime en janvier. \u00c9tant donn\u00e9 que le budget en 2024 est provisoirement limit\u00e9 \u00e0 20 millions d&rsquo;euros (max. 4000 v\u00e9hicules sur la base d&rsquo;une prime maximale de 5000,00 euros par v\u00e9hicule, la question se pose de savoir s&rsquo;il n&rsquo;y aura pas une file d&rsquo;attente pour les [&hellip;]<\/p>\n","protected":false},"author":11,"featured_media":521,"comment_status":"closed","ping_status":"closed","sticky":false,"template":"","format":"standard","meta":{"_acf_changed":false,"footnotes":""},"categories":[91,101],"tags":[],"class_list":["post-520","post","type-post","status-publish","format-standard","has-post-thumbnail","hentry","category-expertise-et-management","category-tax-legal"],"acf":[],"yoast_head":"<!-- This site is optimized with the Yoast SEO plugin v27.3 - https:\/\/yoast.com\/product\/yoast-seo-wordpress\/ -->\n<title>La prime flamande \u00e0 l&#039;achat d&#039;un v\u00e9hicule \u00e9lectrique ne sera disponible qu&#039;\u00e0 partir de f\u00e9vrier 2024 - link2fleet<\/title>\n<meta name=\"description\" content=\"A l&rsquo;heure actuelle, il manque encore un avis du Conseil d&rsquo;Etat concernant la prime \u00e0 l&rsquo;achat d&rsquo;un v\u00e9hicule \u00e9lectrique en Flandre. La conclusion de cet\u2026\" \/>\n<meta name=\"robots\" content=\"index, follow, max-snippet:-1, max-image-preview:large, max-video-preview:-1\" \/>\n<meta property=\"og:locale\" content=\"fr_FR\" \/>\n<meta property=\"og:type\" content=\"article\" \/>\n<meta property=\"og:title\" content=\"La prime flamande \u00e0 l&#039;achat d&#039;un v\u00e9hicule \u00e9lectrique ne sera disponible qu&#039;\u00e0 partir de f\u00e9vrier 2024 - link2fleet\" \/>\n<meta property=\"og:description\" content=\"A l&rsquo;heure actuelle, il manque encore un avis du Conseil d&rsquo;Etat concernant la prime \u00e0 l&rsquo;achat d&rsquo;un v\u00e9hicule \u00e9lectrique en Flandre. La conclusion de cet\u2026\" \/>\n<meta property=\"og:url\" content=\"https:\/\/www.link2fleet.com\/fr\/la-prime-flamande-a-lachat-dun-vehicule-electrique-ne-sera-disponible-qua-partir-de-fevrier-2024\/\" \/>\n<meta property=\"og:site_name\" content=\"link2fleet\" \/>\n<meta property=\"article:published_time\" content=\"2024-01-07T08:54:55+00:00\" \/>\n<meta property=\"article:modified_time\" content=\"2024-01-29T10:35:36+00:00\" \/>\n<meta property=\"og:image\" content=\"https:\/\/static.link2fleet.com\/wp-content\/uploads\/2024\/01\/argent-voiture.jpg\" \/>\n\t<meta property=\"og:image:width\" content=\"960\" \/>\n\t<meta property=\"og:image:height\" content=\"619\" \/>\n\t<meta property=\"og:image:type\" content=\"image\/jpeg\" \/>\n<meta name=\"author\" content=\"Michel Willems - Mobilitas\" \/>\n<meta name=\"twitter:card\" content=\"summary_large_image\" \/>\n<meta name=\"twitter:description\" content=\"A l&rsquo;heure actuelle, il manque encore un avis du Conseil d&rsquo;Etat concernant la prime \u00e0 l&rsquo;achat d&rsquo;un v\u00e9hicule \u00e9lectrique en Flandre. La conclusion de cet\u2026\" \/>\n<meta name=\"twitter:label1\" content=\"\u00c9crit par\" \/>\n\t<meta name=\"twitter:data1\" content=\"Michel Willems - Mobilitas\" \/>\n\t<meta name=\"twitter:label2\" content=\"Dur\u00e9e de lecture estim\u00e9e\" \/>\n\t<meta name=\"twitter:data2\" content=\"3 minutes\" \/>\n<script type=\"application\/ld+json\" class=\"yoast-schema-graph\">{\"@context\":\"https:\\\/\\\/schema.org\",\"@graph\":[{\"@type\":\"Article\",\"@id\":\"https:\\\/\\\/www.link2fleet.com\\\/fr\\\/la-prime-flamande-a-lachat-dun-vehicule-electrique-ne-sera-disponible-qua-partir-de-fevrier-2024\\\/#article\",\"isPartOf\":{\"@id\":\"https:\\\/\\\/www.link2fleet.com\\\/fr\\\/la-prime-flamande-a-lachat-dun-vehicule-electrique-ne-sera-disponible-qua-partir-de-fevrier-2024\\\/\"},\"author\":{\"name\":\"Michel Willems - Mobilitas\",\"@id\":\"https:\\\/\\\/www.link2fleet.com\\\/fr\\\/#\\\/schema\\\/person\\\/bd29f6a2c2427e85a70d3acf17303486\"},\"headline\":\"La prime flamande \u00e0 l&rsquo;achat d&rsquo;un v\u00e9hicule \u00e9lectrique ne sera disponible qu&rsquo;\u00e0 partir de f\u00e9vrier 2024\",\"datePublished\":\"2024-01-07T08:54:55+00:00\",\"dateModified\":\"2024-01-29T10:35:36+00:00\",\"mainEntityOfPage\":{\"@id\":\"https:\\\/\\\/www.link2fleet.com\\\/fr\\\/la-prime-flamande-a-lachat-dun-vehicule-electrique-ne-sera-disponible-qua-partir-de-fevrier-2024\\\/\"},\"wordCount\":664,\"publisher\":{\"@id\":\"https:\\\/\\\/www.link2fleet.com\\\/fr\\\/#organization\"},\"image\":{\"@id\":\"https:\\\/\\\/www.link2fleet.com\\\/fr\\\/la-prime-flamande-a-lachat-dun-vehicule-electrique-ne-sera-disponible-qua-partir-de-fevrier-2024\\\/#primaryimage\"},\"thumbnailUrl\":\"https:\\\/\\\/static.link2fleet.com\\\/wp-content\\\/uploads\\\/2024\\\/01\\\/argent-voiture.jpg\",\"articleSection\":[\"Gestion de flotte\",\"Tax &amp; legal\"],\"inLanguage\":\"fr-FR\"},{\"@type\":\"WebPage\",\"@id\":\"https:\\\/\\\/www.link2fleet.com\\\/fr\\\/la-prime-flamande-a-lachat-dun-vehicule-electrique-ne-sera-disponible-qua-partir-de-fevrier-2024\\\/\",\"url\":\"https:\\\/\\\/www.link2fleet.com\\\/fr\\\/la-prime-flamande-a-lachat-dun-vehicule-electrique-ne-sera-disponible-qua-partir-de-fevrier-2024\\\/\",\"name\":\"La prime flamande \u00e0 l'achat d'un v\u00e9hicule \u00e9lectrique ne sera disponible qu'\u00e0 partir de f\u00e9vrier 2024 - link2fleet\",\"isPartOf\":{\"@id\":\"https:\\\/\\\/www.link2fleet.com\\\/fr\\\/#website\"},\"primaryImageOfPage\":{\"@id\":\"https:\\\/\\\/www.link2fleet.com\\\/fr\\\/la-prime-flamande-a-lachat-dun-vehicule-electrique-ne-sera-disponible-qua-partir-de-fevrier-2024\\\/#primaryimage\"},\"image\":{\"@id\":\"https:\\\/\\\/www.link2fleet.com\\\/fr\\\/la-prime-flamande-a-lachat-dun-vehicule-electrique-ne-sera-disponible-qua-partir-de-fevrier-2024\\\/#primaryimage\"},\"thumbnailUrl\":\"https:\\\/\\\/static.link2fleet.com\\\/wp-content\\\/uploads\\\/2024\\\/01\\\/argent-voiture.jpg\",\"datePublished\":\"2024-01-07T08:54:55+00:00\",\"dateModified\":\"2024-01-29T10:35:36+00:00\",\"breadcrumb\":{\"@id\":\"https:\\\/\\\/www.link2fleet.com\\\/fr\\\/la-prime-flamande-a-lachat-dun-vehicule-electrique-ne-sera-disponible-qua-partir-de-fevrier-2024\\\/#breadcrumb\"},\"inLanguage\":\"fr-FR\",\"potentialAction\":[{\"@type\":\"ReadAction\",\"target\":[\"https:\\\/\\\/www.link2fleet.com\\\/fr\\\/la-prime-flamande-a-lachat-dun-vehicule-electrique-ne-sera-disponible-qua-partir-de-fevrier-2024\\\/\"]}]},{\"@type\":\"ImageObject\",\"inLanguage\":\"fr-FR\",\"@id\":\"https:\\\/\\\/www.link2fleet.com\\\/fr\\\/la-prime-flamande-a-lachat-dun-vehicule-electrique-ne-sera-disponible-qua-partir-de-fevrier-2024\\\/#primaryimage\",\"url\":\"https:\\\/\\\/static.link2fleet.com\\\/wp-content\\\/uploads\\\/2024\\\/01\\\/argent-voiture.jpg\",\"contentUrl\":\"https:\\\/\\\/static.link2fleet.com\\\/wp-content\\\/uploads\\\/2024\\\/01\\\/argent-voiture.jpg\",\"width\":960,\"height\":619},{\"@type\":\"BreadcrumbList\",\"@id\":\"https:\\\/\\\/www.link2fleet.com\\\/fr\\\/la-prime-flamande-a-lachat-dun-vehicule-electrique-ne-sera-disponible-qua-partir-de-fevrier-2024\\\/#breadcrumb\",\"itemListElement\":[{\"@type\":\"ListItem\",\"position\":1,\"name\":\"Home\",\"item\":\"https:\\\/\\\/www.link2fleet.com\\\/fr\\\/\"},{\"@type\":\"ListItem\",\"position\":2,\"name\":\"La prime flamande \u00e0 l&#8217;achat d&#8217;un v\u00e9hicule \u00e9lectrique ne sera disponible qu&#8217;\u00e0 partir de f\u00e9vrier 2024\"}]},{\"@type\":\"WebSite\",\"@id\":\"https:\\\/\\\/www.link2fleet.com\\\/fr\\\/#website\",\"url\":\"https:\\\/\\\/www.link2fleet.com\\\/fr\\\/\",\"name\":\"Link2fleet\",\"description\":\"\",\"publisher\":{\"@id\":\"https:\\\/\\\/www.link2fleet.com\\\/fr\\\/#organization\"},\"potentialAction\":[{\"@type\":\"SearchAction\",\"target\":{\"@type\":\"EntryPoint\",\"urlTemplate\":\"https:\\\/\\\/www.link2fleet.com\\\/fr\\\/?s={search_term_string}\"},\"query-input\":{\"@type\":\"PropertyValueSpecification\",\"valueRequired\":true,\"valueName\":\"search_term_string\"}}],\"inLanguage\":\"fr-FR\"},{\"@type\":\"Organization\",\"@id\":\"https:\\\/\\\/www.link2fleet.com\\\/fr\\\/#organization\",\"name\":\"Link2fleet\",\"url\":\"https:\\\/\\\/www.link2fleet.com\\\/fr\\\/\",\"logo\":{\"@type\":\"ImageObject\",\"inLanguage\":\"fr-FR\",\"@id\":\"https:\\\/\\\/www.link2fleet.com\\\/fr\\\/#\\\/schema\\\/logo\\\/image\\\/\",\"url\":\"https:\\\/\\\/static.link2fleet.com\\\/wp-content\\\/uploads\\\/2024\\\/03\\\/share-image.jpg\",\"contentUrl\":\"https:\\\/\\\/static.link2fleet.com\\\/wp-content\\\/uploads\\\/2024\\\/03\\\/share-image.jpg\",\"width\":1200,\"height\":630,\"caption\":\"Link2fleet\"},\"image\":{\"@id\":\"https:\\\/\\\/www.link2fleet.com\\\/fr\\\/#\\\/schema\\\/logo\\\/image\\\/\"},\"sameAs\":[\"https:\\\/\\\/www.linkedin.com\\\/company\\\/link2fleet-belgium\",\"https:\\\/\\\/www.youtube.com\\\/user\\\/MMMBMBE\"]},{\"@type\":\"Person\",\"@id\":\"https:\\\/\\\/www.link2fleet.com\\\/fr\\\/#\\\/schema\\\/person\\\/bd29f6a2c2427e85a70d3acf17303486\",\"name\":\"Michel Willems - Mobilitas\",\"image\":{\"@type\":\"ImageObject\",\"inLanguage\":\"fr-FR\",\"@id\":\"https:\\\/\\\/secure.gravatar.com\\\/avatar\\\/c937de514893d5b69b3b52ee88664fd4879b786925b6742dc7891d347f167414?s=96&d=mm&r=g\",\"url\":\"https:\\\/\\\/secure.gravatar.com\\\/avatar\\\/c937de514893d5b69b3b52ee88664fd4879b786925b6742dc7891d347f167414?s=96&d=mm&r=g\",\"contentUrl\":\"https:\\\/\\\/secure.gravatar.com\\\/avatar\\\/c937de514893d5b69b3b52ee88664fd4879b786925b6742dc7891d347f167414?s=96&d=mm&r=g\",\"caption\":\"Michel Willems - Mobilitas\"}}]}<\/script>\n<!-- \/ Yoast SEO plugin. -->","yoast_head_json":{"title":"La prime flamande \u00e0 l'achat d'un v\u00e9hicule \u00e9lectrique ne sera disponible qu'\u00e0 partir de f\u00e9vrier 2024 - link2fleet","description":"A l&rsquo;heure actuelle, il manque encore un avis du Conseil d&rsquo;Etat concernant la prime \u00e0 l&rsquo;achat d&rsquo;un v\u00e9hicule \u00e9lectrique en Flandre. La conclusion de cet\u2026","robots":{"index":"index","follow":"follow","max-snippet":"max-snippet:-1","max-image-preview":"max-image-preview:large","max-video-preview":"max-video-preview:-1"},"og_locale":"fr_FR","og_type":"article","og_title":"La prime flamande \u00e0 l'achat d'un v\u00e9hicule \u00e9lectrique ne sera disponible qu'\u00e0 partir de f\u00e9vrier 2024 - link2fleet","og_description":"A l&rsquo;heure actuelle, il manque encore un avis du Conseil d&rsquo;Etat concernant la prime \u00e0 l&rsquo;achat d&rsquo;un v\u00e9hicule \u00e9lectrique en Flandre. La conclusion de cet\u2026","og_url":"https:\/\/www.link2fleet.com\/fr\/la-prime-flamande-a-lachat-dun-vehicule-electrique-ne-sera-disponible-qua-partir-de-fevrier-2024\/","og_site_name":"link2fleet","article_published_time":"2024-01-07T08:54:55+00:00","article_modified_time":"2024-01-29T10:35:36+00:00","og_image":[{"width":960,"height":619,"url":"https:\/\/static.link2fleet.com\/wp-content\/uploads\/2024\/01\/argent-voiture.jpg","type":"image\/jpeg"}],"author":"Michel Willems - Mobilitas","twitter_card":"summary_large_image","twitter_description":"A l&rsquo;heure actuelle, il manque encore un avis du Conseil d&rsquo;Etat concernant la prime \u00e0 l&rsquo;achat d&rsquo;un v\u00e9hicule \u00e9lectrique en Flandre. La conclusion de cet\u2026","twitter_misc":{"\u00c9crit par":"Michel Willems - Mobilitas","Dur\u00e9e de lecture estim\u00e9e":"3 minutes"},"schema":{"@context":"https:\/\/schema.org","@graph":[{"@type":"Article","@id":"https:\/\/www.link2fleet.com\/fr\/la-prime-flamande-a-lachat-dun-vehicule-electrique-ne-sera-disponible-qua-partir-de-fevrier-2024\/#article","isPartOf":{"@id":"https:\/\/www.link2fleet.com\/fr\/la-prime-flamande-a-lachat-dun-vehicule-electrique-ne-sera-disponible-qua-partir-de-fevrier-2024\/"},"author":{"name":"Michel Willems - Mobilitas","@id":"https:\/\/www.link2fleet.com\/fr\/#\/schema\/person\/bd29f6a2c2427e85a70d3acf17303486"},"headline":"La prime flamande \u00e0 l&rsquo;achat d&rsquo;un v\u00e9hicule \u00e9lectrique ne sera disponible qu&rsquo;\u00e0 partir de f\u00e9vrier 2024","datePublished":"2024-01-07T08:54:55+00:00","dateModified":"2024-01-29T10:35:36+00:00","mainEntityOfPage":{"@id":"https:\/\/www.link2fleet.com\/fr\/la-prime-flamande-a-lachat-dun-vehicule-electrique-ne-sera-disponible-qua-partir-de-fevrier-2024\/"},"wordCount":664,"publisher":{"@id":"https:\/\/www.link2fleet.com\/fr\/#organization"},"image":{"@id":"https:\/\/www.link2fleet.com\/fr\/la-prime-flamande-a-lachat-dun-vehicule-electrique-ne-sera-disponible-qua-partir-de-fevrier-2024\/#primaryimage"},"thumbnailUrl":"https:\/\/static.link2fleet.com\/wp-content\/uploads\/2024\/01\/argent-voiture.jpg","articleSection":["Gestion de flotte","Tax &amp; legal"],"inLanguage":"fr-FR"},{"@type":"WebPage","@id":"https:\/\/www.link2fleet.com\/fr\/la-prime-flamande-a-lachat-dun-vehicule-electrique-ne-sera-disponible-qua-partir-de-fevrier-2024\/","url":"https:\/\/www.link2fleet.com\/fr\/la-prime-flamande-a-lachat-dun-vehicule-electrique-ne-sera-disponible-qua-partir-de-fevrier-2024\/","name":"La prime flamande \u00e0 l'achat d'un v\u00e9hicule \u00e9lectrique ne sera disponible qu'\u00e0 partir de f\u00e9vrier 2024 - link2fleet","isPartOf":{"@id":"https:\/\/www.link2fleet.com\/fr\/#website"},"primaryImageOfPage":{"@id":"https:\/\/www.link2fleet.com\/fr\/la-prime-flamande-a-lachat-dun-vehicule-electrique-ne-sera-disponible-qua-partir-de-fevrier-2024\/#primaryimage"},"image":{"@id":"https:\/\/www.link2fleet.com\/fr\/la-prime-flamande-a-lachat-dun-vehicule-electrique-ne-sera-disponible-qua-partir-de-fevrier-2024\/#primaryimage"},"thumbnailUrl":"https:\/\/static.link2fleet.com\/wp-content\/uploads\/2024\/01\/argent-voiture.jpg","datePublished":"2024-01-07T08:54:55+00:00","dateModified":"2024-01-29T10:35:36+00:00","breadcrumb":{"@id":"https:\/\/www.link2fleet.com\/fr\/la-prime-flamande-a-lachat-dun-vehicule-electrique-ne-sera-disponible-qua-partir-de-fevrier-2024\/#breadcrumb"},"inLanguage":"fr-FR","potentialAction":[{"@type":"ReadAction","target":["https:\/\/www.link2fleet.com\/fr\/la-prime-flamande-a-lachat-dun-vehicule-electrique-ne-sera-disponible-qua-partir-de-fevrier-2024\/"]}]},{"@type":"ImageObject","inLanguage":"fr-FR","@id":"https:\/\/www.link2fleet.com\/fr\/la-prime-flamande-a-lachat-dun-vehicule-electrique-ne-sera-disponible-qua-partir-de-fevrier-2024\/#primaryimage","url":"https:\/\/static.link2fleet.com\/wp-content\/uploads\/2024\/01\/argent-voiture.jpg","contentUrl":"https:\/\/static.link2fleet.com\/wp-content\/uploads\/2024\/01\/argent-voiture.jpg","width":960,"height":619},{"@type":"BreadcrumbList","@id":"https:\/\/www.link2fleet.com\/fr\/la-prime-flamande-a-lachat-dun-vehicule-electrique-ne-sera-disponible-qua-partir-de-fevrier-2024\/#breadcrumb","itemListElement":[{"@type":"ListItem","position":1,"name":"Home","item":"https:\/\/www.link2fleet.com\/fr\/"},{"@type":"ListItem","position":2,"name":"La prime flamande \u00e0 l&#8217;achat d&#8217;un v\u00e9hicule \u00e9lectrique ne sera disponible qu&#8217;\u00e0 partir de f\u00e9vrier 2024"}]},{"@type":"WebSite","@id":"https:\/\/www.link2fleet.com\/fr\/#website","url":"https:\/\/www.link2fleet.com\/fr\/","name":"Link2fleet","description":"","publisher":{"@id":"https:\/\/www.link2fleet.com\/fr\/#organization"},"potentialAction":[{"@type":"SearchAction","target":{"@type":"EntryPoint","urlTemplate":"https:\/\/www.link2fleet.com\/fr\/?s={search_term_string}"},"query-input":{"@type":"PropertyValueSpecification","valueRequired":true,"valueName":"search_term_string"}}],"inLanguage":"fr-FR"},{"@type":"Organization","@id":"https:\/\/www.link2fleet.com\/fr\/#organization","name":"Link2fleet","url":"https:\/\/www.link2fleet.com\/fr\/","logo":{"@type":"ImageObject","inLanguage":"fr-FR","@id":"https:\/\/www.link2fleet.com\/fr\/#\/schema\/logo\/image\/","url":"https:\/\/static.link2fleet.com\/wp-content\/uploads\/2024\/03\/share-image.jpg","contentUrl":"https:\/\/static.link2fleet.com\/wp-content\/uploads\/2024\/03\/share-image.jpg","width":1200,"height":630,"caption":"Link2fleet"},"image":{"@id":"https:\/\/www.link2fleet.com\/fr\/#\/schema\/logo\/image\/"},"sameAs":["https:\/\/www.linkedin.com\/company\/link2fleet-belgium","https:\/\/www.youtube.com\/user\/MMMBMBE"]},{"@type":"Person","@id":"https:\/\/www.link2fleet.com\/fr\/#\/schema\/person\/bd29f6a2c2427e85a70d3acf17303486","name":"Michel Willems - Mobilitas","image":{"@type":"ImageObject","inLanguage":"fr-FR","@id":"https:\/\/secure.gravatar.com\/avatar\/c937de514893d5b69b3b52ee88664fd4879b786925b6742dc7891d347f167414?s=96&d=mm&r=g","url":"https:\/\/secure.gravatar.com\/avatar\/c937de514893d5b69b3b52ee88664fd4879b786925b6742dc7891d347f167414?s=96&d=mm&r=g","contentUrl":"https:\/\/secure.gravatar.com\/avatar\/c937de514893d5b69b3b52ee88664fd4879b786925b6742dc7891d347f167414?s=96&d=mm&r=g","caption":"Michel Willems - Mobilitas"}}]}},"_links":{"self":[{"href":"https:\/\/www.link2fleet.com\/fr\/wp-json\/wp\/v2\/posts\/520","targetHints":{"allow":["GET"]}}],"collection":[{"href":"https:\/\/www.link2fleet.com\/fr\/wp-json\/wp\/v2\/posts"}],"about":[{"href":"https:\/\/www.link2fleet.com\/fr\/wp-json\/wp\/v2\/types\/post"}],"author":[{"embeddable":true,"href":"https:\/\/www.link2fleet.com\/fr\/wp-json\/wp\/v2\/users\/11"}],"replies":[{"embeddable":true,"href":"https:\/\/www.link2fleet.com\/fr\/wp-json\/wp\/v2\/comments?post=520"}],"version-history":[{"count":0,"href":"https:\/\/www.link2fleet.com\/fr\/wp-json\/wp\/v2\/posts\/520\/revisions"}],"wp:featuredmedia":[{"embeddable":true,"href":"https:\/\/www.link2fleet.com\/fr\/wp-json\/wp\/v2\/media\/521"}],"wp:attachment":[{"href":"https:\/\/www.link2fleet.com\/fr\/wp-json\/wp\/v2\/media?parent=520"}],"wp:term":[{"taxonomy":"category","embeddable":true,"href":"https:\/\/www.link2fleet.com\/fr\/wp-json\/wp\/v2\/categories?post=520"},{"taxonomy":"post_tag","embeddable":true,"href":"https:\/\/www.link2fleet.com\/fr\/wp-json\/wp\/v2\/tags?post=520"}],"curies":[{"name":"wp","href":"https:\/\/api.w.org\/{rel}","templated":true}]}}