{"id":523,"date":"2024-01-07T10:14:43","date_gmt":"2024-01-07T09:14:43","guid":{"rendered":"https:\/\/www.link2fleet.com\/pour-le-choix-dune-voiture-electrique-une-prime-a-plus-dimpact-que-les-zones-a-faibles-emissions\/"},"modified":"2024-01-29T11:35:37","modified_gmt":"2024-01-29T10:35:37","slug":"pour-le-choix-dune-voiture-electrique-une-prime-a-plus-dimpact-que-les-zones-a-faibles-emissions","status":"publish","type":"post","link":"https:\/\/www.link2fleet.com\/fr\/pour-le-choix-dune-voiture-electrique-une-prime-a-plus-dimpact-que-les-zones-a-faibles-emissions\/","title":{"rendered":"Pour le choix d&rsquo;une voiture \u00e9lectrique, une prime a plus d&rsquo;impact que les zones \u00e0 faibles \u00e9missions"},"content":{"rendered":"<p><strong>Un trimestre important pour les ventes aux particuliers<\/strong><br \/>\nChaque premier trimestre est un indicateur important pour le secteur automobile belge. En effet, au cours des trois premiers mois, environ un tiers du total annuel des ventes est r\u00e9alis\u00e9 aupr\u00e8s des clients particuliers. Suite \u00e0 la crise du COVID-19 et aux probl\u00e8mes de livraison qui l&rsquo;ont accompagn\u00e9e, cette part priv\u00e9e est tomb\u00e9e \u00e0 33% \u00e0 peine, contre 67% pour les voitures immatricul\u00e9es au nom d&rsquo;une soci\u00e9t\u00e9 (de leasing). Il est donc temps que la part priv\u00e9e du march\u00e9<br \/>\ndes voitures neuves reprenne des couleurs.<\/p>\n<p><strong>Janvier : stocks, promotions et conseils<\/strong><br \/>\n\u00ab M\u00eame sans salon en 2024, le mois de janvier demeure une p\u00e9riode id\u00e9ale pour l&rsquo;achat d&rsquo;une voiture neuve par les particuliers, explique Andreas Cremer, Administrateur d\u00e9l\u00e9gu\u00e9 de FEBIAC. Les usines automobiles tournent \u00e0 nouveau \u00e0 plein r\u00e9gime maintenant que toutes les pi\u00e8ces sont \u00e0 nouveau disponibles. Les importateurs des diff\u00e9rentes marques proposent des conditions int\u00e9ressantes, tant pour les voitures de stock que pour les voitures neuves. Nous recomman-<br \/>\ndons donc \u00e0 chacun de se rendre au showroom pour d\u00e9couvrir la voiture de ses r\u00eaves&#8230; et la commander. \u00bb<br \/>\n\u00ab Une r\u00e9cente \u00e9tude de march\u00e9 de TRAXIO illustre que les consommateurs sont beaucoup plus dispos\u00e9s \u00e0 acheter une voiture neuves que lors des ann\u00e9es pr\u00e9c\u00e9dentes, et que les visites dans les showrooms sont le canal d&rsquo;information le plus important \u00e0 presque tous les stades du processus de d\u00e9cision, poursuit Filip Rylant, porte-parole chez TRAXIO. Le secteur des garages est donc pr\u00eat \u00e0 conseiller et \u00e0 aider les clients. En effet, lors du choix d&rsquo;une nouvelle voiture, des conseils avis\u00e9s sont n\u00e9cessaires, qui tiennent compte \u00e0 la fois du profil d&rsquo;utilisation du client et du budget dont il dispose. \u00bb<\/p>\n<p>&nbsp;<\/p>\n<p><strong>Pour l&rsquo;achat d&rsquo;une voiture \u00e9lectrique, une prime constitue un incitant plus important que la zone \u00e0 faibles \u00e9missions<\/strong><br \/>\nLe succ\u00e8s grandissant de la voiture \u00e9lectrique est d\u00fb \u00e0 90 % aux v\u00e9hicules d&rsquo;entreprise ou de location. Les consommateurs ne mordent pas \u00e0 l&rsquo;hame\u00e7on. Ou plut\u00f4t, \u00ab\u00a0pas encore\u00a0\u00bb.<\/p>\n<p>La Flandre a d\u00e9j\u00e0 pr\u00e9vu un budget pour soutenir les acheteurs priv\u00e9s lors de l&rsquo;achat d&rsquo;une voiture \u00e9lectrique neuve ou d&rsquo;occasion. Une enqu\u00eate r\u00e9cente de TRAXIO d\u00e9montre que l&rsquo;introduction d&rsquo;une prime pourrait \u00eatre un stimulant positif pour 37 % des personnes interrog\u00e9es. Ajoutez \u00e0 cela les 10 % qui \u00e9taient d\u00e9j\u00e0 convaincus d&rsquo;acheter de toute fa\u00e7on une voiture \u00e9lectrique et vous constaterez imm\u00e9diatement que les esprits commencent \u00e0 m\u00fbrir petit \u00e0 petit, avec pr\u00e8s de la moiti\u00e9 des personnes interrog\u00e9es qui tendent vers l&rsquo;\u00e9lectromobilit\u00e9.<br \/>\nIl est par ailleurs remarquable que le stimulus positif d&rsquo;une prime (36%) l&#8217;emporte de loin sur l&rsquo;impact controvers\u00e9 des zones \u00e0 faibles \u00e9missions (19%).<\/p>\n<p><a href=\"https:\/\/www.link2fleet.com\/wp-content\/uploads\/2024\/01\/mobia-impact-prima-FR.png\"><img loading=\"lazy\" decoding=\"async\" class=\"aligncenter size-large wp-image-1303138\" src=\"https:\/\/www.link2fleet.com\/wp-content\/uploads\/2024\/01\/mobia-impact-prima-FR-1024x443.png\" alt=\"\" width=\"640\" height=\"277\" \/><\/a> <a href=\"https:\/\/www.link2fleet.com\/wp-content\/uploads\/2024\/01\/mobia-impact-ZBE-FR.png\"><img loading=\"lazy\" decoding=\"async\" class=\"alignright size-medium wp-image-1303140\" src=\"https:\/\/www.link2fleet.com\/wp-content\/uploads\/2024\/01\/mobia-impact-ZBE-FR-300x141.png\" alt=\"\" width=\"300\" height=\"141\" \/><\/a><\/p>\n","protected":false},"excerpt":{"rendered":"<p>Un trimestre important pour les ventes aux particuliers Chaque premier trimestre est un indicateur important pour le secteur automobile belge. En effet, au cours des trois premiers mois, environ un tiers du total annuel des ventes est r\u00e9alis\u00e9 aupr\u00e8s des clients particuliers. Suite \u00e0 la crise du COVID-19 et aux probl\u00e8mes de livraison qui l&rsquo;ont [&hellip;]<\/p>\n","protected":false},"author":4,"featured_media":642,"comment_status":"closed","ping_status":"closed","sticky":false,"template":"","format":"standard","meta":{"_acf_changed":false,"footnotes":""},"categories":[95,91],"tags":[],"class_list":["post-523","post","type-post","status-publish","format-standard","has-post-thumbnail","hentry","category-organisations-professionnelles-federations-experts","category-expertise-et-management"],"acf":[],"yoast_head":"<!-- This site is optimized with the Yoast SEO plugin v27.3 - https:\/\/yoast.com\/product\/yoast-seo-wordpress\/ -->\n<title>Pour le choix d&#039;une voiture \u00e9lectrique, une prime a plus d&#039;impact que les zones \u00e0 faibles \u00e9missions - link2fleet<\/title>\n<meta name=\"description\" content=\"Aucun salon de l&rsquo;automobile traditionnel n&rsquo;aura lieu en Belgique en janvier 2024. N\u00e9anmoins, janvier reste le mois des conditions salon par excellence dans l&rsquo;esprit des\u2026\" \/>\n<meta name=\"robots\" content=\"index, follow, max-snippet:-1, max-image-preview:large, max-video-preview:-1\" \/>\n<meta property=\"og:locale\" content=\"fr_FR\" \/>\n<meta property=\"og:type\" content=\"article\" \/>\n<meta property=\"og:title\" content=\"Pour le choix d&#039;une voiture \u00e9lectrique, une prime a plus d&#039;impact que les zones \u00e0 faibles \u00e9missions - link2fleet\" \/>\n<meta property=\"og:description\" content=\"Aucun salon de l&rsquo;automobile traditionnel n&rsquo;aura lieu en Belgique en janvier 2024. N\u00e9anmoins, janvier reste le mois des conditions salon par excellence dans l&rsquo;esprit des\u2026\" \/>\n<meta property=\"og:url\" content=\"https:\/\/www.link2fleet.com\/fr\/pour-le-choix-dune-voiture-electrique-une-prime-a-plus-dimpact-que-les-zones-a-faibles-emissions\/\" \/>\n<meta property=\"og:site_name\" content=\"link2fleet\" \/>\n<meta property=\"article:published_time\" content=\"2024-01-07T09:14:43+00:00\" \/>\n<meta property=\"article:modified_time\" content=\"2024-01-29T10:35:37+00:00\" \/>\n<meta property=\"og:image\" content=\"https:\/\/static.link2fleet.com\/wp-content\/uploads\/2024\/01\/ev-van-charging-plugging-3-scaled-1.jpeg\" \/>\n\t<meta property=\"og:image:width\" content=\"2560\" \/>\n\t<meta property=\"og:image:height\" content=\"1707\" \/>\n\t<meta property=\"og:image:type\" content=\"image\/jpeg\" \/>\n<meta name=\"author\" content=\"Damien Malvetti\" \/>\n<meta name=\"twitter:card\" content=\"summary_large_image\" \/>\n<meta name=\"twitter:description\" content=\"Aucun salon de l&rsquo;automobile traditionnel n&rsquo;aura lieu en Belgique en janvier 2024. N\u00e9anmoins, janvier reste le mois des conditions salon par excellence dans l&rsquo;esprit des\u2026\" \/>\n<meta name=\"twitter:label1\" content=\"\u00c9crit par\" \/>\n\t<meta name=\"twitter:data1\" content=\"Damien Malvetti\" \/>\n\t<meta name=\"twitter:label2\" content=\"Dur\u00e9e de lecture estim\u00e9e\" \/>\n\t<meta name=\"twitter:data2\" content=\"2 minutes\" \/>\n<script type=\"application\/ld+json\" class=\"yoast-schema-graph\">{\"@context\":\"https:\\\/\\\/schema.org\",\"@graph\":[{\"@type\":\"Article\",\"@id\":\"https:\\\/\\\/www.link2fleet.com\\\/fr\\\/pour-le-choix-dune-voiture-electrique-une-prime-a-plus-dimpact-que-les-zones-a-faibles-emissions\\\/#article\",\"isPartOf\":{\"@id\":\"https:\\\/\\\/www.link2fleet.com\\\/fr\\\/pour-le-choix-dune-voiture-electrique-une-prime-a-plus-dimpact-que-les-zones-a-faibles-emissions\\\/\"},\"author\":{\"name\":\"Damien Malvetti\",\"@id\":\"https:\\\/\\\/www.link2fleet.com\\\/fr\\\/#\\\/schema\\\/person\\\/027cd46113c78036b3809c9a054049da\"},\"headline\":\"Pour le choix d&rsquo;une voiture \u00e9lectrique, une prime a plus d&rsquo;impact que les zones \u00e0 faibles \u00e9missions\",\"datePublished\":\"2024-01-07T09:14:43+00:00\",\"dateModified\":\"2024-01-29T10:35:37+00:00\",\"mainEntityOfPage\":{\"@id\":\"https:\\\/\\\/www.link2fleet.com\\\/fr\\\/pour-le-choix-dune-voiture-electrique-une-prime-a-plus-dimpact-que-les-zones-a-faibles-emissions\\\/\"},\"wordCount\":494,\"publisher\":{\"@id\":\"https:\\\/\\\/www.link2fleet.com\\\/fr\\\/#organization\"},\"image\":{\"@id\":\"https:\\\/\\\/www.link2fleet.com\\\/fr\\\/pour-le-choix-dune-voiture-electrique-une-prime-a-plus-dimpact-que-les-zones-a-faibles-emissions\\\/#primaryimage\"},\"thumbnailUrl\":\"https:\\\/\\\/static.link2fleet.com\\\/wp-content\\\/uploads\\\/2024\\\/01\\\/ev-van-charging-plugging-3-scaled-1.jpeg\",\"articleSection\":[\"Expertise et f\u00e9d\u00e9rations\",\"Gestion de flotte\"],\"inLanguage\":\"fr-FR\"},{\"@type\":\"WebPage\",\"@id\":\"https:\\\/\\\/www.link2fleet.com\\\/fr\\\/pour-le-choix-dune-voiture-electrique-une-prime-a-plus-dimpact-que-les-zones-a-faibles-emissions\\\/\",\"url\":\"https:\\\/\\\/www.link2fleet.com\\\/fr\\\/pour-le-choix-dune-voiture-electrique-une-prime-a-plus-dimpact-que-les-zones-a-faibles-emissions\\\/\",\"name\":\"Pour le choix d'une voiture \u00e9lectrique, une prime a plus d'impact que les zones \u00e0 faibles \u00e9missions - link2fleet\",\"isPartOf\":{\"@id\":\"https:\\\/\\\/www.link2fleet.com\\\/fr\\\/#website\"},\"primaryImageOfPage\":{\"@id\":\"https:\\\/\\\/www.link2fleet.com\\\/fr\\\/pour-le-choix-dune-voiture-electrique-une-prime-a-plus-dimpact-que-les-zones-a-faibles-emissions\\\/#primaryimage\"},\"image\":{\"@id\":\"https:\\\/\\\/www.link2fleet.com\\\/fr\\\/pour-le-choix-dune-voiture-electrique-une-prime-a-plus-dimpact-que-les-zones-a-faibles-emissions\\\/#primaryimage\"},\"thumbnailUrl\":\"https:\\\/\\\/static.link2fleet.com\\\/wp-content\\\/uploads\\\/2024\\\/01\\\/ev-van-charging-plugging-3-scaled-1.jpeg\",\"datePublished\":\"2024-01-07T09:14:43+00:00\",\"dateModified\":\"2024-01-29T10:35:37+00:00\",\"breadcrumb\":{\"@id\":\"https:\\\/\\\/www.link2fleet.com\\\/fr\\\/pour-le-choix-dune-voiture-electrique-une-prime-a-plus-dimpact-que-les-zones-a-faibles-emissions\\\/#breadcrumb\"},\"inLanguage\":\"fr-FR\",\"potentialAction\":[{\"@type\":\"ReadAction\",\"target\":[\"https:\\\/\\\/www.link2fleet.com\\\/fr\\\/pour-le-choix-dune-voiture-electrique-une-prime-a-plus-dimpact-que-les-zones-a-faibles-emissions\\\/\"]}]},{\"@type\":\"ImageObject\",\"inLanguage\":\"fr-FR\",\"@id\":\"https:\\\/\\\/www.link2fleet.com\\\/fr\\\/pour-le-choix-dune-voiture-electrique-une-prime-a-plus-dimpact-que-les-zones-a-faibles-emissions\\\/#primaryimage\",\"url\":\"https:\\\/\\\/static.link2fleet.com\\\/wp-content\\\/uploads\\\/2024\\\/01\\\/ev-van-charging-plugging-3-scaled-1.jpeg\",\"contentUrl\":\"https:\\\/\\\/static.link2fleet.com\\\/wp-content\\\/uploads\\\/2024\\\/01\\\/ev-van-charging-plugging-3-scaled-1.jpeg\",\"width\":2560,\"height\":1707,\"caption\":\"||||\"},{\"@type\":\"BreadcrumbList\",\"@id\":\"https:\\\/\\\/www.link2fleet.com\\\/fr\\\/pour-le-choix-dune-voiture-electrique-une-prime-a-plus-dimpact-que-les-zones-a-faibles-emissions\\\/#breadcrumb\",\"itemListElement\":[{\"@type\":\"ListItem\",\"position\":1,\"name\":\"Home\",\"item\":\"https:\\\/\\\/www.link2fleet.com\\\/fr\\\/\"},{\"@type\":\"ListItem\",\"position\":2,\"name\":\"Pour le choix d&#8217;une voiture \u00e9lectrique, une prime a plus d&#8217;impact que les zones \u00e0 faibles \u00e9missions\"}]},{\"@type\":\"WebSite\",\"@id\":\"https:\\\/\\\/www.link2fleet.com\\\/fr\\\/#website\",\"url\":\"https:\\\/\\\/www.link2fleet.com\\\/fr\\\/\",\"name\":\"Link2fleet\",\"description\":\"\",\"publisher\":{\"@id\":\"https:\\\/\\\/www.link2fleet.com\\\/fr\\\/#organization\"},\"potentialAction\":[{\"@type\":\"SearchAction\",\"target\":{\"@type\":\"EntryPoint\",\"urlTemplate\":\"https:\\\/\\\/www.link2fleet.com\\\/fr\\\/?s={search_term_string}\"},\"query-input\":{\"@type\":\"PropertyValueSpecification\",\"valueRequired\":true,\"valueName\":\"search_term_string\"}}],\"inLanguage\":\"fr-FR\"},{\"@type\":\"Organization\",\"@id\":\"https:\\\/\\\/www.link2fleet.com\\\/fr\\\/#organization\",\"name\":\"Link2fleet\",\"url\":\"https:\\\/\\\/www.link2fleet.com\\\/fr\\\/\",\"logo\":{\"@type\":\"ImageObject\",\"inLanguage\":\"fr-FR\",\"@id\":\"https:\\\/\\\/www.link2fleet.com\\\/fr\\\/#\\\/schema\\\/logo\\\/image\\\/\",\"url\":\"https:\\\/\\\/static.link2fleet.com\\\/wp-content\\\/uploads\\\/2024\\\/03\\\/share-image.jpg\",\"contentUrl\":\"https:\\\/\\\/static.link2fleet.com\\\/wp-content\\\/uploads\\\/2024\\\/03\\\/share-image.jpg\",\"width\":1200,\"height\":630,\"caption\":\"Link2fleet\"},\"image\":{\"@id\":\"https:\\\/\\\/www.link2fleet.com\\\/fr\\\/#\\\/schema\\\/logo\\\/image\\\/\"},\"sameAs\":[\"https:\\\/\\\/www.linkedin.com\\\/company\\\/link2fleet-belgium\",\"https:\\\/\\\/www.youtube.com\\\/user\\\/MMMBMBE\"]},{\"@type\":\"Person\",\"@id\":\"https:\\\/\\\/www.link2fleet.com\\\/fr\\\/#\\\/schema\\\/person\\\/027cd46113c78036b3809c9a054049da\",\"name\":\"Damien Malvetti\",\"image\":{\"@type\":\"ImageObject\",\"inLanguage\":\"fr-FR\",\"@id\":\"https:\\\/\\\/secure.gravatar.com\\\/avatar\\\/dd8cc03b49466c735f753ac37f8caa371af16dfed347456ed61f02883255eebb?s=96&d=mm&r=g\",\"url\":\"https:\\\/\\\/secure.gravatar.com\\\/avatar\\\/dd8cc03b49466c735f753ac37f8caa371af16dfed347456ed61f02883255eebb?s=96&d=mm&r=g\",\"contentUrl\":\"https:\\\/\\\/secure.gravatar.com\\\/avatar\\\/dd8cc03b49466c735f753ac37f8caa371af16dfed347456ed61f02883255eebb?s=96&d=mm&r=g\",\"caption\":\"Damien Malvetti\"},\"description\":\"Damien Malvetti is opgeleid als journalist en gepassioneerd door wagens, technologie en mobiliteit. Hij is verantwoordelijk voor de redactionele inhoud van link2fleet en beschikt over een uitgebreide kennis van de fleet-sector en elektrische mobiliteit.\",\"sameAs\":[\"https:\\\/\\\/www.linkedin.com\\\/in\\\/damien-malvetti-56601142\\\/\"]}]}<\/script>\n<!-- \/ Yoast SEO plugin. -->","yoast_head_json":{"title":"Pour le choix d'une voiture \u00e9lectrique, une prime a plus d'impact que les zones \u00e0 faibles \u00e9missions - link2fleet","description":"Aucun salon de l&rsquo;automobile traditionnel n&rsquo;aura lieu en Belgique en janvier 2024. N\u00e9anmoins, janvier reste le mois des conditions salon par excellence dans l&rsquo;esprit des\u2026","robots":{"index":"index","follow":"follow","max-snippet":"max-snippet:-1","max-image-preview":"max-image-preview:large","max-video-preview":"max-video-preview:-1"},"og_locale":"fr_FR","og_type":"article","og_title":"Pour le choix d'une voiture \u00e9lectrique, une prime a plus d'impact que les zones \u00e0 faibles \u00e9missions - link2fleet","og_description":"Aucun salon de l&rsquo;automobile traditionnel n&rsquo;aura lieu en Belgique en janvier 2024. N\u00e9anmoins, janvier reste le mois des conditions salon par excellence dans l&rsquo;esprit des\u2026","og_url":"https:\/\/www.link2fleet.com\/fr\/pour-le-choix-dune-voiture-electrique-une-prime-a-plus-dimpact-que-les-zones-a-faibles-emissions\/","og_site_name":"link2fleet","article_published_time":"2024-01-07T09:14:43+00:00","article_modified_time":"2024-01-29T10:35:37+00:00","og_image":[{"width":2560,"height":1707,"url":"https:\/\/static.link2fleet.com\/wp-content\/uploads\/2024\/01\/ev-van-charging-plugging-3-scaled-1.jpeg","type":"image\/jpeg"}],"author":"Damien Malvetti","twitter_card":"summary_large_image","twitter_description":"Aucun salon de l&rsquo;automobile traditionnel n&rsquo;aura lieu en Belgique en janvier 2024. N\u00e9anmoins, janvier reste le mois des conditions salon par excellence dans l&rsquo;esprit des\u2026","twitter_misc":{"\u00c9crit par":"Damien Malvetti","Dur\u00e9e de lecture estim\u00e9e":"2 minutes"},"schema":{"@context":"https:\/\/schema.org","@graph":[{"@type":"Article","@id":"https:\/\/www.link2fleet.com\/fr\/pour-le-choix-dune-voiture-electrique-une-prime-a-plus-dimpact-que-les-zones-a-faibles-emissions\/#article","isPartOf":{"@id":"https:\/\/www.link2fleet.com\/fr\/pour-le-choix-dune-voiture-electrique-une-prime-a-plus-dimpact-que-les-zones-a-faibles-emissions\/"},"author":{"name":"Damien Malvetti","@id":"https:\/\/www.link2fleet.com\/fr\/#\/schema\/person\/027cd46113c78036b3809c9a054049da"},"headline":"Pour le choix d&rsquo;une voiture \u00e9lectrique, une prime a plus d&rsquo;impact que les zones \u00e0 faibles \u00e9missions","datePublished":"2024-01-07T09:14:43+00:00","dateModified":"2024-01-29T10:35:37+00:00","mainEntityOfPage":{"@id":"https:\/\/www.link2fleet.com\/fr\/pour-le-choix-dune-voiture-electrique-une-prime-a-plus-dimpact-que-les-zones-a-faibles-emissions\/"},"wordCount":494,"publisher":{"@id":"https:\/\/www.link2fleet.com\/fr\/#organization"},"image":{"@id":"https:\/\/www.link2fleet.com\/fr\/pour-le-choix-dune-voiture-electrique-une-prime-a-plus-dimpact-que-les-zones-a-faibles-emissions\/#primaryimage"},"thumbnailUrl":"https:\/\/static.link2fleet.com\/wp-content\/uploads\/2024\/01\/ev-van-charging-plugging-3-scaled-1.jpeg","articleSection":["Expertise et f\u00e9d\u00e9rations","Gestion de flotte"],"inLanguage":"fr-FR"},{"@type":"WebPage","@id":"https:\/\/www.link2fleet.com\/fr\/pour-le-choix-dune-voiture-electrique-une-prime-a-plus-dimpact-que-les-zones-a-faibles-emissions\/","url":"https:\/\/www.link2fleet.com\/fr\/pour-le-choix-dune-voiture-electrique-une-prime-a-plus-dimpact-que-les-zones-a-faibles-emissions\/","name":"Pour le choix d'une voiture \u00e9lectrique, une prime a plus d'impact que les zones \u00e0 faibles \u00e9missions - link2fleet","isPartOf":{"@id":"https:\/\/www.link2fleet.com\/fr\/#website"},"primaryImageOfPage":{"@id":"https:\/\/www.link2fleet.com\/fr\/pour-le-choix-dune-voiture-electrique-une-prime-a-plus-dimpact-que-les-zones-a-faibles-emissions\/#primaryimage"},"image":{"@id":"https:\/\/www.link2fleet.com\/fr\/pour-le-choix-dune-voiture-electrique-une-prime-a-plus-dimpact-que-les-zones-a-faibles-emissions\/#primaryimage"},"thumbnailUrl":"https:\/\/static.link2fleet.com\/wp-content\/uploads\/2024\/01\/ev-van-charging-plugging-3-scaled-1.jpeg","datePublished":"2024-01-07T09:14:43+00:00","dateModified":"2024-01-29T10:35:37+00:00","breadcrumb":{"@id":"https:\/\/www.link2fleet.com\/fr\/pour-le-choix-dune-voiture-electrique-une-prime-a-plus-dimpact-que-les-zones-a-faibles-emissions\/#breadcrumb"},"inLanguage":"fr-FR","potentialAction":[{"@type":"ReadAction","target":["https:\/\/www.link2fleet.com\/fr\/pour-le-choix-dune-voiture-electrique-une-prime-a-plus-dimpact-que-les-zones-a-faibles-emissions\/"]}]},{"@type":"ImageObject","inLanguage":"fr-FR","@id":"https:\/\/www.link2fleet.com\/fr\/pour-le-choix-dune-voiture-electrique-une-prime-a-plus-dimpact-que-les-zones-a-faibles-emissions\/#primaryimage","url":"https:\/\/static.link2fleet.com\/wp-content\/uploads\/2024\/01\/ev-van-charging-plugging-3-scaled-1.jpeg","contentUrl":"https:\/\/static.link2fleet.com\/wp-content\/uploads\/2024\/01\/ev-van-charging-plugging-3-scaled-1.jpeg","width":2560,"height":1707,"caption":"||||"},{"@type":"BreadcrumbList","@id":"https:\/\/www.link2fleet.com\/fr\/pour-le-choix-dune-voiture-electrique-une-prime-a-plus-dimpact-que-les-zones-a-faibles-emissions\/#breadcrumb","itemListElement":[{"@type":"ListItem","position":1,"name":"Home","item":"https:\/\/www.link2fleet.com\/fr\/"},{"@type":"ListItem","position":2,"name":"Pour le choix d&#8217;une voiture \u00e9lectrique, une prime a plus d&#8217;impact que les zones \u00e0 faibles \u00e9missions"}]},{"@type":"WebSite","@id":"https:\/\/www.link2fleet.com\/fr\/#website","url":"https:\/\/www.link2fleet.com\/fr\/","name":"Link2fleet","description":"","publisher":{"@id":"https:\/\/www.link2fleet.com\/fr\/#organization"},"potentialAction":[{"@type":"SearchAction","target":{"@type":"EntryPoint","urlTemplate":"https:\/\/www.link2fleet.com\/fr\/?s={search_term_string}"},"query-input":{"@type":"PropertyValueSpecification","valueRequired":true,"valueName":"search_term_string"}}],"inLanguage":"fr-FR"},{"@type":"Organization","@id":"https:\/\/www.link2fleet.com\/fr\/#organization","name":"Link2fleet","url":"https:\/\/www.link2fleet.com\/fr\/","logo":{"@type":"ImageObject","inLanguage":"fr-FR","@id":"https:\/\/www.link2fleet.com\/fr\/#\/schema\/logo\/image\/","url":"https:\/\/static.link2fleet.com\/wp-content\/uploads\/2024\/03\/share-image.jpg","contentUrl":"https:\/\/static.link2fleet.com\/wp-content\/uploads\/2024\/03\/share-image.jpg","width":1200,"height":630,"caption":"Link2fleet"},"image":{"@id":"https:\/\/www.link2fleet.com\/fr\/#\/schema\/logo\/image\/"},"sameAs":["https:\/\/www.linkedin.com\/company\/link2fleet-belgium","https:\/\/www.youtube.com\/user\/MMMBMBE"]},{"@type":"Person","@id":"https:\/\/www.link2fleet.com\/fr\/#\/schema\/person\/027cd46113c78036b3809c9a054049da","name":"Damien Malvetti","image":{"@type":"ImageObject","inLanguage":"fr-FR","@id":"https:\/\/secure.gravatar.com\/avatar\/dd8cc03b49466c735f753ac37f8caa371af16dfed347456ed61f02883255eebb?s=96&d=mm&r=g","url":"https:\/\/secure.gravatar.com\/avatar\/dd8cc03b49466c735f753ac37f8caa371af16dfed347456ed61f02883255eebb?s=96&d=mm&r=g","contentUrl":"https:\/\/secure.gravatar.com\/avatar\/dd8cc03b49466c735f753ac37f8caa371af16dfed347456ed61f02883255eebb?s=96&d=mm&r=g","caption":"Damien Malvetti"},"description":"Damien Malvetti is opgeleid als journalist en gepassioneerd door wagens, technologie en mobiliteit. Hij is verantwoordelijk voor de redactionele inhoud van link2fleet en beschikt over een uitgebreide kennis van de fleet-sector en elektrische mobiliteit.","sameAs":["https:\/\/www.linkedin.com\/in\/damien-malvetti-56601142\/"]}]}},"_links":{"self":[{"href":"https:\/\/www.link2fleet.com\/fr\/wp-json\/wp\/v2\/posts\/523","targetHints":{"allow":["GET"]}}],"collection":[{"href":"https:\/\/www.link2fleet.com\/fr\/wp-json\/wp\/v2\/posts"}],"about":[{"href":"https:\/\/www.link2fleet.com\/fr\/wp-json\/wp\/v2\/types\/post"}],"author":[{"embeddable":true,"href":"https:\/\/www.link2fleet.com\/fr\/wp-json\/wp\/v2\/users\/4"}],"replies":[{"embeddable":true,"href":"https:\/\/www.link2fleet.com\/fr\/wp-json\/wp\/v2\/comments?post=523"}],"version-history":[{"count":0,"href":"https:\/\/www.link2fleet.com\/fr\/wp-json\/wp\/v2\/posts\/523\/revisions"}],"wp:featuredmedia":[{"embeddable":true,"href":"https:\/\/www.link2fleet.com\/fr\/wp-json\/wp\/v2\/media\/642"}],"wp:attachment":[{"href":"https:\/\/www.link2fleet.com\/fr\/wp-json\/wp\/v2\/media?parent=523"}],"wp:term":[{"taxonomy":"category","embeddable":true,"href":"https:\/\/www.link2fleet.com\/fr\/wp-json\/wp\/v2\/categories?post=523"},{"taxonomy":"post_tag","embeddable":true,"href":"https:\/\/www.link2fleet.com\/fr\/wp-json\/wp\/v2\/tags?post=523"}],"curies":[{"name":"wp","href":"https:\/\/api.w.org\/{rel}","templated":true}]}}