{"id":525,"date":"2024-01-09T07:48:33","date_gmt":"2024-01-09T06:48:33","guid":{"rendered":"https:\/\/www.link2fleet.com\/analyse-du-marche-auto-2023-67-des-voitures-neuves-etaient-des-voitures-de-societe\/"},"modified":"2024-01-29T11:36:50","modified_gmt":"2024-01-29T10:36:50","slug":"analyse-du-marche-auto-2023-67-des-voitures-neuves-etaient-des-voitures-de-societe","status":"publish","type":"post","link":"https:\/\/www.link2fleet.com\/fr\/analyse-du-marche-auto-2023-67-des-voitures-neuves-etaient-des-voitures-de-societe\/","title":{"rendered":"Analyse du march\u00e9 auto 2023: 67% des voitures neuves \u00e9taient des voitures de soci\u00e9t\u00e9"},"content":{"rendered":"<div class=\"page\" title=\"Page 1\">\n<div class=\"section\">\n<div class=\"layoutArea\">\n<div class=\"column\">\n<p>476.675 voitures neuves et 689.107 voitures de seconde main ont e\u0301te\u0301 immatricule\u0301es en Belgique en 2023. Ces deux marche\u0301s affichent des progressions respectives de 30,1% et 7,3% et portent a\u0300 1.165.845 le nombre de voitures immatricule\u0301es en Belgique en 2023 (+16,1% par rapport a\u0300 2022).<\/p>\n<p>67% des voitures neuves (324.475 unite\u0301s) immatricule\u0301es en 2023 l&rsquo;ont e\u0301te\u0301 par des entreprises, ce qui constitue un record absolu et est 25% plus e\u0301leve\u0301 que lors d&rsquo;une anne\u0301e dite \u00ab\u00a0normale\u00a0\u00bb. Dans le de\u0301tail, 37% des voitures de socie\u0301te\u0301 ont e\u0301te\u0301 immatricule\u0301es par le secteur du leasing ope\u0301rationnel et de la location tandis que 30% e\u0301taient des voitures de socie\u0301te\u0301 en achat propre ou en leasing financier.<\/p>\n<p><a href=\"https:\/\/www.link2fleet.com\/wp-content\/uploads\/2024\/01\/Febiac-evolution-immatriculations-2023.png\"><img loading=\"lazy\" decoding=\"async\" class=\"aligncenter  wp-image-1303177\" src=\"https:\/\/www.link2fleet.com\/wp-content\/uploads\/2024\/01\/Febiac-evolution-immatriculations-2023.png\" alt=\"\" width=\"426\" height=\"475\" \/><\/a><\/p>\n<p>&nbsp;<\/p>\n<p><strong>Pre\u0300s d&rsquo;une voiture neuve sur deux est e\u0301lectrifie\u0301e !<\/strong><\/p>\n<p>Fortement influence\u0301 par le marche\u0301 des voitures de socie\u0301te\u0301, le marche\u0301 des voitures neuves a e\u0301tabli un nouveau record en matie\u0300re d&rsquo;e\u0301lectrification. En 2023, les motorisations thermiques (essence et diesel) traditionnelles ont continue\u0301 de perdre des parts de marche\u0301 (-14,3%) au be\u0301ne\u0301fice des motorisations e\u0301lectrifie\u0301es. Jamais, en effet, les motorisations hybrides (PHEV + HEV) et e\u0301lectriques (BEV) n&rsquo;ont e\u0301te\u0301 aussi repre\u0301sente\u0301es dans les immatriculations annuelles de voitures neuves, pre\u0300s d&rsquo;une voiture neuve sur deux embarquant une motorisation a\u0300 batterie et plus de quatre sur dix e\u0301tant rechargeable via une prise de courant.<\/p>\n<div class=\"page\" title=\"Page 1\">\n<div class=\"section\">\n<div class=\"layoutArea\">\n<div class=\"column\">\n<p>Le marche\u0301 des voitures d&rsquo;occasion a e\u0301volue\u0301 favorablement en 2023, gra\u0302ce notamment a\u0300 une plus grande disponibilite\u0301 des ve\u0301hicules et a\u0300 des prix en stagnation, voire en le\u0301ge\u0300re baisse. 89% des voitures d&rsquo;occasion ont e\u0301te\u0301 immatricule\u0301es par des particuliers qui de\u0301laissent le diesel (35,6%) et optent de plus en plus pour des moteurs a\u0300 essence (54,0%). Les voitures e\u0301lectriques d&rsquo;occasion restent un phe\u0301nome\u0300ne marginal (1,8 %). L&rsquo;a\u0302ge me\u0301dian des ve\u0301hicules d&rsquo;occasion est passe\u0301 a\u0300 7 ans et 11 mois. Bruxelles a fortement recule\u0301 (de 10% a\u0300 8%), tandis que la Flandre (54%) et la Wallonie (38%) ont progresse\u0301 de 1% chacune.<\/p>\n<p><a href=\"https:\/\/www.link2fleet.com\/wp-content\/uploads\/2024\/01\/febiac-immat-type-motorisations.png\"><img loading=\"lazy\" decoding=\"async\" class=\"aligncenter  wp-image-1303179\" src=\"https:\/\/www.link2fleet.com\/wp-content\/uploads\/2024\/01\/febiac-immat-type-motorisations.png\" alt=\"\" width=\"464\" height=\"391\" \/><\/a><\/p>\n<\/div>\n<p>&nbsp;<\/p>\n<div class=\"column\">\n<div class=\"page\" title=\"Page 2\">\n<div class=\"section\">\n<div class=\"layoutArea\">\n<div class=\"column\">\n<p><strong>Anne\u0301e record pour les voitures de socie\u0301te\u0301<\/strong><\/p>\n<div class=\"page\" title=\"Page 2\">\n<div class=\"section\">\n<div class=\"layoutArea\">\n<div class=\"column\">\n<p>L&rsquo;excellente sante\u0301 du marche\u0301 des voitures de socie\u0301te\u0301 s&rsquo;explique par un rattrapage dans la livraison des ve\u0301hicules neufs; par une augmentation temporaire de la demande de ve\u0301hicules a\u0300 moteur thermique, principalement des ve\u0301hicules hybrides rechargeables, en raison du changement de fiscalite\u0301 intervenu le 1er juillet dernier; mais e\u0301galement par la croissance continue du parc de voitures de socie\u0301te\u0301. En effet, en 2023, le nombre de voitures immatricule\u0301es au nom d&rsquo;une socie\u0301te\u0301 a augmente\u0301 de 7% par rapport a\u0300 2022.<\/p>\n<p>Les commandes de nouvelles voitures de socie\u0301te\u0301 ont e\u0301te\u0301 tre\u0300s fluides au cours des six premiers mois de l&rsquo;anne\u0301e, en partie en raison de l&rsquo;e\u0301volution du contexte fiscal. Si 26% des voitures de socie\u0301te\u0301 immatricule\u0301es en 2023 e\u0301taient entie\u0300rement e\u0301lectriques (BEV), cette proportion est passe\u0301e a\u0300 80% pour les voitures de socie\u0301te\u0301 commande\u0301es au second semestre 2023. La voiture de socie\u0301te\u0301 reste donc la locomotive de la de\u0301carbonisation du marche\u0301 automobile en Belgique, comme l&rsquo;illustre la re\u0301partition des immatriculations par type de motorisation aupre\u0300s des diffe\u0301rents proprie\u0301taires. Des 148.541 voitures neuves immatricule\u0301es en 2023 par des particuliers, 73,5% e\u0301taient des voitures essence (67%) ou diesel (6,5%), contre 14,1% de voitures hybrides auto-rechargeables (HEV) et &#8211; seulement &#8211; 5,3% d&rsquo;e\u0301lectriques (BEV) et 5,1% d&rsquo;hybrides rechargeables (PHEV). Du co\u0302te\u0301 des voitures de socie\u0301te\u0301, si l&rsquo;essence restait encore majoritaire (31%) parmi les 328.134 immatriculations, les motorisations e\u0301lectrifie\u0301es combine\u0301es y repre\u0301sentaient 59,2% du marche\u0301. Un chiffre appele\u0301 a\u0300 croi\u0302tre a\u0300 nouveau au cours des prochains mois.<\/p>\n<p><a href=\"https:\/\/www.link2fleet.com\/wp-content\/uploads\/2024\/01\/febiac-voitures-neuves-par-type-de-proprio.png\"><img loading=\"lazy\" decoding=\"async\" class=\"aligncenter  wp-image-1303181\" src=\"https:\/\/www.link2fleet.com\/wp-content\/uploads\/2024\/01\/febiac-voitures-neuves-par-type-de-proprio.png\" alt=\"\" width=\"431\" height=\"334\" \/><\/a><\/p>\n<div class=\"page\" title=\"Page 2\">\n<div class=\"section\">\n<div class=\"layoutArea\">\n<div class=\"column\">\n<p>&nbsp;<\/p>\n<p><strong>Nouveau plancher des e\u0301missions moyennes de CO2 des voitures neuves<\/strong><\/p>\n<div class=\"page\" title=\"Page 2\">\n<div class=\"section\">\n<div class=\"layoutArea\">\n<div class=\"column\">\n<p>L&rsquo;e\u0301lectrification toujours plus forte du marche\u0301 permet au niveau moyen des e\u0301missions de CO2 des voitures neuves d&rsquo;atteindre un nouveau plancher historique : 79 gr\/km alors qu&rsquo;il e\u0301tait encore de 105 gr\/km fin 2022 et de 130,7 gr\/ km fin 2020.<\/p>\n<\/div>\n<div class=\"page\" title=\"Page 2\">\n<div class=\"section\">\n<div class=\"layoutArea\">\n<div class=\"column\">\n<p>&nbsp;<\/p>\n<p><strong>E\u0301volution des marche\u0301s en 2024<\/strong><\/p>\n<p>MOBIA s&rsquo;attend a\u0300 ce que le premier trimestre soit pre\u0301ponde\u0301rant pour le marche\u0301 des voitures neuves. Le succe\u0300s des conditions Salon maintenues en janvier puis l&rsquo;organisation de l&rsquo;Automotive eMotion Summit en fe\u0301vrier donneront le ton de l&rsquo;exercice 2024 et permettront de dresser un pronostique re\u0301aliste.<\/p>\n<p>Le marche\u0301 des voitures d&rsquo;occasion devrait se maintenir a\u0300 un niveau e\u0301leve\u0301. Avec l&rsquo;augmentation des livraisons de voitures neuves, l&rsquo;afflux sur le marche\u0301 des voitures d&rsquo;occasion s&rsquo;accroi\u0302t, ce qui permet non seulement d&rsquo;offrir un plus grand choix aux clients mais aussi de re\u0301duire encore la pression sur les prix.<\/p>\n<p>Au niveau des voitures de socie\u0301te\u0301, MOBIA pre\u0301voit une poursuite du rattrapage des livraisons des commandes en cours au cours du premier semestre 2024 avec un re\u0301sultat final proche de celui de 2023 (320.000 unite\u0301s). A\u0300 partir de la mi- 2024, la part des BEV augmentera solidement pour atteindre 60% de parts de marche\u0301 sur l&rsquo;ensemble de l&rsquo;anne\u0301e.<\/p>\n<\/div>\n<p><a href=\"https:\/\/www.link2fleet.com\/wp-content\/uploads\/2024\/01\/febiac-analyse-FR_3.jpg\"><img loading=\"lazy\" decoding=\"async\" class=\"aligncenter size-full wp-image-1303175\" src=\"https:\/\/www.link2fleet.com\/wp-content\/uploads\/2024\/01\/febiac-analyse-FR_3.jpg\" alt=\"\" width=\"595\" height=\"841\" \/><\/a><\/p>\n<\/div>\n<\/div>\n<\/div>\n<\/div>\n<\/div>\n<\/div>\n<\/div>\n<\/div>\n<\/div>\n<\/div>\n<\/div>\n<\/div>\n<\/div>\n<\/div>\n<\/div>\n<\/div>\n<\/div>\n<\/div>\n<\/div>\n<\/div>\n<\/div>\n<\/div>\n<\/div>\n<\/div>\n<\/div>\n<\/div>\n","protected":false},"excerpt":{"rendered":"<p>476.675 voitures neuves et 689.107 voitures de seconde main ont e\u0301te\u0301 immatricule\u0301es en Belgique en 2023. Ces deux marche\u0301s affichent des progressions respectives de 30,1% et 7,3% et portent a\u0300 1.165.845 le nombre de voitures immatricule\u0301es en Belgique en 2023 (+16,1% par rapport a\u0300 2022). 67% des voitures neuves (324.475 unite\u0301s) immatricule\u0301es en 2023 l&rsquo;ont [&hellip;]<\/p>\n","protected":false},"author":4,"featured_media":656,"comment_status":"closed","ping_status":"closed","sticky":false,"template":"","format":"standard","meta":{"_acf_changed":false,"footnotes":""},"categories":[95,91],"tags":[],"class_list":["post-525","post","type-post","status-publish","format-standard","has-post-thumbnail","hentry","category-organisations-professionnelles-federations-experts","category-expertise-et-management"],"acf":[],"yoast_head":"<!-- This site is optimized with the Yoast SEO plugin v27.3 - https:\/\/yoast.com\/product\/yoast-seo-wordpress\/ -->\n<title>Analyse du march\u00e9 auto 2023: 67% des voitures neuves \u00e9taient des voitures de soci\u00e9t\u00e9 - link2fleet<\/title>\n<meta name=\"description\" content=\"476.675 voitures neuves ont \u00e9t\u00e9 immatricul\u00e9es en 2023, un r\u00e9sultat proche de la moyenne du march\u00e9 sur les 10 derni\u00e8res ann\u00e9es. Pr\u00e8s d&rsquo;une voiture neuve\u2026\" \/>\n<meta name=\"robots\" content=\"index, follow, max-snippet:-1, max-image-preview:large, max-video-preview:-1\" \/>\n<meta property=\"og:locale\" content=\"fr_FR\" \/>\n<meta property=\"og:type\" content=\"article\" \/>\n<meta property=\"og:title\" content=\"Analyse du march\u00e9 auto 2023: 67% des voitures neuves \u00e9taient des voitures de soci\u00e9t\u00e9 - link2fleet\" \/>\n<meta property=\"og:description\" content=\"476.675 voitures neuves ont \u00e9t\u00e9 immatricul\u00e9es en 2023, un r\u00e9sultat proche de la moyenne du march\u00e9 sur les 10 derni\u00e8res ann\u00e9es. Pr\u00e8s d&rsquo;une voiture neuve\u2026\" \/>\n<meta property=\"og:url\" content=\"https:\/\/www.link2fleet.com\/fr\/analyse-du-marche-auto-2023-67-des-voitures-neuves-etaient-des-voitures-de-societe\/\" \/>\n<meta property=\"og:site_name\" content=\"link2fleet\" \/>\n<meta property=\"article:published_time\" content=\"2024-01-09T06:48:33+00:00\" \/>\n<meta property=\"article:modified_time\" content=\"2024-01-29T10:36:50+00:00\" \/>\n<meta property=\"og:image\" content=\"https:\/\/static.link2fleet.com\/wp-content\/uploads\/2024\/01\/flotte-drivy.jpg\" \/>\n\t<meta property=\"og:image:width\" content=\"452\" \/>\n\t<meta property=\"og:image:height\" content=\"301\" \/>\n\t<meta property=\"og:image:type\" content=\"image\/jpeg\" \/>\n<meta name=\"author\" content=\"Damien Malvetti\" \/>\n<meta name=\"twitter:card\" content=\"summary_large_image\" \/>\n<meta name=\"twitter:description\" content=\"476.675 voitures neuves ont \u00e9t\u00e9 immatricul\u00e9es en 2023, un r\u00e9sultat proche de la moyenne du march\u00e9 sur les 10 derni\u00e8res ann\u00e9es. Pr\u00e8s d&rsquo;une voiture neuve\u2026\" \/>\n<meta name=\"twitter:label1\" content=\"\u00c9crit par\" \/>\n\t<meta name=\"twitter:data1\" content=\"Damien Malvetti\" \/>\n\t<meta name=\"twitter:label2\" content=\"Dur\u00e9e de lecture estim\u00e9e\" \/>\n\t<meta name=\"twitter:data2\" content=\"4 minutes\" \/>\n<script type=\"application\/ld+json\" class=\"yoast-schema-graph\">{\"@context\":\"https:\\\/\\\/schema.org\",\"@graph\":[{\"@type\":\"Article\",\"@id\":\"https:\\\/\\\/www.link2fleet.com\\\/fr\\\/analyse-du-marche-auto-2023-67-des-voitures-neuves-etaient-des-voitures-de-societe\\\/#article\",\"isPartOf\":{\"@id\":\"https:\\\/\\\/www.link2fleet.com\\\/fr\\\/analyse-du-marche-auto-2023-67-des-voitures-neuves-etaient-des-voitures-de-societe\\\/\"},\"author\":{\"name\":\"Damien Malvetti\",\"@id\":\"https:\\\/\\\/www.link2fleet.com\\\/fr\\\/#\\\/schema\\\/person\\\/027cd46113c78036b3809c9a054049da\"},\"headline\":\"Analyse du march\u00e9 auto 2023: 67% des voitures neuves \u00e9taient des voitures de soci\u00e9t\u00e9\",\"datePublished\":\"2024-01-09T06:48:33+00:00\",\"dateModified\":\"2024-01-29T10:36:50+00:00\",\"mainEntityOfPage\":{\"@id\":\"https:\\\/\\\/www.link2fleet.com\\\/fr\\\/analyse-du-marche-auto-2023-67-des-voitures-neuves-etaient-des-voitures-de-societe\\\/\"},\"wordCount\":867,\"publisher\":{\"@id\":\"https:\\\/\\\/www.link2fleet.com\\\/fr\\\/#organization\"},\"image\":{\"@id\":\"https:\\\/\\\/www.link2fleet.com\\\/fr\\\/analyse-du-marche-auto-2023-67-des-voitures-neuves-etaient-des-voitures-de-societe\\\/#primaryimage\"},\"thumbnailUrl\":\"https:\\\/\\\/static.link2fleet.com\\\/wp-content\\\/uploads\\\/2024\\\/01\\\/flotte-drivy.jpg\",\"articleSection\":[\"Expertise et f\u00e9d\u00e9rations\",\"Gestion de flotte\"],\"inLanguage\":\"fr-FR\"},{\"@type\":\"WebPage\",\"@id\":\"https:\\\/\\\/www.link2fleet.com\\\/fr\\\/analyse-du-marche-auto-2023-67-des-voitures-neuves-etaient-des-voitures-de-societe\\\/\",\"url\":\"https:\\\/\\\/www.link2fleet.com\\\/fr\\\/analyse-du-marche-auto-2023-67-des-voitures-neuves-etaient-des-voitures-de-societe\\\/\",\"name\":\"Analyse du march\u00e9 auto 2023: 67% des voitures neuves \u00e9taient des voitures de soci\u00e9t\u00e9 - link2fleet\",\"isPartOf\":{\"@id\":\"https:\\\/\\\/www.link2fleet.com\\\/fr\\\/#website\"},\"primaryImageOfPage\":{\"@id\":\"https:\\\/\\\/www.link2fleet.com\\\/fr\\\/analyse-du-marche-auto-2023-67-des-voitures-neuves-etaient-des-voitures-de-societe\\\/#primaryimage\"},\"image\":{\"@id\":\"https:\\\/\\\/www.link2fleet.com\\\/fr\\\/analyse-du-marche-auto-2023-67-des-voitures-neuves-etaient-des-voitures-de-societe\\\/#primaryimage\"},\"thumbnailUrl\":\"https:\\\/\\\/static.link2fleet.com\\\/wp-content\\\/uploads\\\/2024\\\/01\\\/flotte-drivy.jpg\",\"datePublished\":\"2024-01-09T06:48:33+00:00\",\"dateModified\":\"2024-01-29T10:36:50+00:00\",\"breadcrumb\":{\"@id\":\"https:\\\/\\\/www.link2fleet.com\\\/fr\\\/analyse-du-marche-auto-2023-67-des-voitures-neuves-etaient-des-voitures-de-societe\\\/#breadcrumb\"},\"inLanguage\":\"fr-FR\",\"potentialAction\":[{\"@type\":\"ReadAction\",\"target\":[\"https:\\\/\\\/www.link2fleet.com\\\/fr\\\/analyse-du-marche-auto-2023-67-des-voitures-neuves-etaient-des-voitures-de-societe\\\/\"]}]},{\"@type\":\"ImageObject\",\"inLanguage\":\"fr-FR\",\"@id\":\"https:\\\/\\\/www.link2fleet.com\\\/fr\\\/analyse-du-marche-auto-2023-67-des-voitures-neuves-etaient-des-voitures-de-societe\\\/#primaryimage\",\"url\":\"https:\\\/\\\/static.link2fleet.com\\\/wp-content\\\/uploads\\\/2024\\\/01\\\/flotte-drivy.jpg\",\"contentUrl\":\"https:\\\/\\\/static.link2fleet.com\\\/wp-content\\\/uploads\\\/2024\\\/01\\\/flotte-drivy.jpg\",\"width\":452,\"height\":301,\"caption\":\"||||||||\"},{\"@type\":\"BreadcrumbList\",\"@id\":\"https:\\\/\\\/www.link2fleet.com\\\/fr\\\/analyse-du-marche-auto-2023-67-des-voitures-neuves-etaient-des-voitures-de-societe\\\/#breadcrumb\",\"itemListElement\":[{\"@type\":\"ListItem\",\"position\":1,\"name\":\"Home\",\"item\":\"https:\\\/\\\/www.link2fleet.com\\\/fr\\\/\"},{\"@type\":\"ListItem\",\"position\":2,\"name\":\"Analyse du march\u00e9 auto 2023: 67% des voitures neuves \u00e9taient des voitures de soci\u00e9t\u00e9\"}]},{\"@type\":\"WebSite\",\"@id\":\"https:\\\/\\\/www.link2fleet.com\\\/fr\\\/#website\",\"url\":\"https:\\\/\\\/www.link2fleet.com\\\/fr\\\/\",\"name\":\"Link2fleet\",\"description\":\"\",\"publisher\":{\"@id\":\"https:\\\/\\\/www.link2fleet.com\\\/fr\\\/#organization\"},\"potentialAction\":[{\"@type\":\"SearchAction\",\"target\":{\"@type\":\"EntryPoint\",\"urlTemplate\":\"https:\\\/\\\/www.link2fleet.com\\\/fr\\\/?s={search_term_string}\"},\"query-input\":{\"@type\":\"PropertyValueSpecification\",\"valueRequired\":true,\"valueName\":\"search_term_string\"}}],\"inLanguage\":\"fr-FR\"},{\"@type\":\"Organization\",\"@id\":\"https:\\\/\\\/www.link2fleet.com\\\/fr\\\/#organization\",\"name\":\"Link2fleet\",\"url\":\"https:\\\/\\\/www.link2fleet.com\\\/fr\\\/\",\"logo\":{\"@type\":\"ImageObject\",\"inLanguage\":\"fr-FR\",\"@id\":\"https:\\\/\\\/www.link2fleet.com\\\/fr\\\/#\\\/schema\\\/logo\\\/image\\\/\",\"url\":\"https:\\\/\\\/static.link2fleet.com\\\/wp-content\\\/uploads\\\/2024\\\/03\\\/share-image.jpg\",\"contentUrl\":\"https:\\\/\\\/static.link2fleet.com\\\/wp-content\\\/uploads\\\/2024\\\/03\\\/share-image.jpg\",\"width\":1200,\"height\":630,\"caption\":\"Link2fleet\"},\"image\":{\"@id\":\"https:\\\/\\\/www.link2fleet.com\\\/fr\\\/#\\\/schema\\\/logo\\\/image\\\/\"},\"sameAs\":[\"https:\\\/\\\/www.linkedin.com\\\/company\\\/link2fleet-belgium\",\"https:\\\/\\\/www.youtube.com\\\/user\\\/MMMBMBE\"]},{\"@type\":\"Person\",\"@id\":\"https:\\\/\\\/www.link2fleet.com\\\/fr\\\/#\\\/schema\\\/person\\\/027cd46113c78036b3809c9a054049da\",\"name\":\"Damien Malvetti\",\"image\":{\"@type\":\"ImageObject\",\"inLanguage\":\"fr-FR\",\"@id\":\"https:\\\/\\\/secure.gravatar.com\\\/avatar\\\/dd8cc03b49466c735f753ac37f8caa371af16dfed347456ed61f02883255eebb?s=96&d=mm&r=g\",\"url\":\"https:\\\/\\\/secure.gravatar.com\\\/avatar\\\/dd8cc03b49466c735f753ac37f8caa371af16dfed347456ed61f02883255eebb?s=96&d=mm&r=g\",\"contentUrl\":\"https:\\\/\\\/secure.gravatar.com\\\/avatar\\\/dd8cc03b49466c735f753ac37f8caa371af16dfed347456ed61f02883255eebb?s=96&d=mm&r=g\",\"caption\":\"Damien Malvetti\"},\"description\":\"Damien Malvetti is opgeleid als journalist en gepassioneerd door wagens, technologie en mobiliteit. Hij is verantwoordelijk voor de redactionele inhoud van link2fleet en beschikt over een uitgebreide kennis van de fleet-sector en elektrische mobiliteit.\",\"sameAs\":[\"https:\\\/\\\/www.linkedin.com\\\/in\\\/damien-malvetti-56601142\\\/\"]}]}<\/script>\n<!-- \/ Yoast SEO plugin. -->","yoast_head_json":{"title":"Analyse du march\u00e9 auto 2023: 67% des voitures neuves \u00e9taient des voitures de soci\u00e9t\u00e9 - link2fleet","description":"476.675 voitures neuves ont \u00e9t\u00e9 immatricul\u00e9es en 2023, un r\u00e9sultat proche de la moyenne du march\u00e9 sur les 10 derni\u00e8res ann\u00e9es. Pr\u00e8s d&rsquo;une voiture neuve\u2026","robots":{"index":"index","follow":"follow","max-snippet":"max-snippet:-1","max-image-preview":"max-image-preview:large","max-video-preview":"max-video-preview:-1"},"og_locale":"fr_FR","og_type":"article","og_title":"Analyse du march\u00e9 auto 2023: 67% des voitures neuves \u00e9taient des voitures de soci\u00e9t\u00e9 - link2fleet","og_description":"476.675 voitures neuves ont \u00e9t\u00e9 immatricul\u00e9es en 2023, un r\u00e9sultat proche de la moyenne du march\u00e9 sur les 10 derni\u00e8res ann\u00e9es. Pr\u00e8s d&rsquo;une voiture neuve\u2026","og_url":"https:\/\/www.link2fleet.com\/fr\/analyse-du-marche-auto-2023-67-des-voitures-neuves-etaient-des-voitures-de-societe\/","og_site_name":"link2fleet","article_published_time":"2024-01-09T06:48:33+00:00","article_modified_time":"2024-01-29T10:36:50+00:00","og_image":[{"width":452,"height":301,"url":"https:\/\/static.link2fleet.com\/wp-content\/uploads\/2024\/01\/flotte-drivy.jpg","type":"image\/jpeg"}],"author":"Damien Malvetti","twitter_card":"summary_large_image","twitter_description":"476.675 voitures neuves ont \u00e9t\u00e9 immatricul\u00e9es en 2023, un r\u00e9sultat proche de la moyenne du march\u00e9 sur les 10 derni\u00e8res ann\u00e9es. Pr\u00e8s d&rsquo;une voiture neuve\u2026","twitter_misc":{"\u00c9crit par":"Damien Malvetti","Dur\u00e9e de lecture estim\u00e9e":"4 minutes"},"schema":{"@context":"https:\/\/schema.org","@graph":[{"@type":"Article","@id":"https:\/\/www.link2fleet.com\/fr\/analyse-du-marche-auto-2023-67-des-voitures-neuves-etaient-des-voitures-de-societe\/#article","isPartOf":{"@id":"https:\/\/www.link2fleet.com\/fr\/analyse-du-marche-auto-2023-67-des-voitures-neuves-etaient-des-voitures-de-societe\/"},"author":{"name":"Damien Malvetti","@id":"https:\/\/www.link2fleet.com\/fr\/#\/schema\/person\/027cd46113c78036b3809c9a054049da"},"headline":"Analyse du march\u00e9 auto 2023: 67% des voitures neuves \u00e9taient des voitures de soci\u00e9t\u00e9","datePublished":"2024-01-09T06:48:33+00:00","dateModified":"2024-01-29T10:36:50+00:00","mainEntityOfPage":{"@id":"https:\/\/www.link2fleet.com\/fr\/analyse-du-marche-auto-2023-67-des-voitures-neuves-etaient-des-voitures-de-societe\/"},"wordCount":867,"publisher":{"@id":"https:\/\/www.link2fleet.com\/fr\/#organization"},"image":{"@id":"https:\/\/www.link2fleet.com\/fr\/analyse-du-marche-auto-2023-67-des-voitures-neuves-etaient-des-voitures-de-societe\/#primaryimage"},"thumbnailUrl":"https:\/\/static.link2fleet.com\/wp-content\/uploads\/2024\/01\/flotte-drivy.jpg","articleSection":["Expertise et f\u00e9d\u00e9rations","Gestion de flotte"],"inLanguage":"fr-FR"},{"@type":"WebPage","@id":"https:\/\/www.link2fleet.com\/fr\/analyse-du-marche-auto-2023-67-des-voitures-neuves-etaient-des-voitures-de-societe\/","url":"https:\/\/www.link2fleet.com\/fr\/analyse-du-marche-auto-2023-67-des-voitures-neuves-etaient-des-voitures-de-societe\/","name":"Analyse du march\u00e9 auto 2023: 67% des voitures neuves \u00e9taient des voitures de soci\u00e9t\u00e9 - link2fleet","isPartOf":{"@id":"https:\/\/www.link2fleet.com\/fr\/#website"},"primaryImageOfPage":{"@id":"https:\/\/www.link2fleet.com\/fr\/analyse-du-marche-auto-2023-67-des-voitures-neuves-etaient-des-voitures-de-societe\/#primaryimage"},"image":{"@id":"https:\/\/www.link2fleet.com\/fr\/analyse-du-marche-auto-2023-67-des-voitures-neuves-etaient-des-voitures-de-societe\/#primaryimage"},"thumbnailUrl":"https:\/\/static.link2fleet.com\/wp-content\/uploads\/2024\/01\/flotte-drivy.jpg","datePublished":"2024-01-09T06:48:33+00:00","dateModified":"2024-01-29T10:36:50+00:00","breadcrumb":{"@id":"https:\/\/www.link2fleet.com\/fr\/analyse-du-marche-auto-2023-67-des-voitures-neuves-etaient-des-voitures-de-societe\/#breadcrumb"},"inLanguage":"fr-FR","potentialAction":[{"@type":"ReadAction","target":["https:\/\/www.link2fleet.com\/fr\/analyse-du-marche-auto-2023-67-des-voitures-neuves-etaient-des-voitures-de-societe\/"]}]},{"@type":"ImageObject","inLanguage":"fr-FR","@id":"https:\/\/www.link2fleet.com\/fr\/analyse-du-marche-auto-2023-67-des-voitures-neuves-etaient-des-voitures-de-societe\/#primaryimage","url":"https:\/\/static.link2fleet.com\/wp-content\/uploads\/2024\/01\/flotte-drivy.jpg","contentUrl":"https:\/\/static.link2fleet.com\/wp-content\/uploads\/2024\/01\/flotte-drivy.jpg","width":452,"height":301,"caption":"||||||||"},{"@type":"BreadcrumbList","@id":"https:\/\/www.link2fleet.com\/fr\/analyse-du-marche-auto-2023-67-des-voitures-neuves-etaient-des-voitures-de-societe\/#breadcrumb","itemListElement":[{"@type":"ListItem","position":1,"name":"Home","item":"https:\/\/www.link2fleet.com\/fr\/"},{"@type":"ListItem","position":2,"name":"Analyse du march\u00e9 auto 2023: 67% des voitures neuves \u00e9taient des voitures de soci\u00e9t\u00e9"}]},{"@type":"WebSite","@id":"https:\/\/www.link2fleet.com\/fr\/#website","url":"https:\/\/www.link2fleet.com\/fr\/","name":"Link2fleet","description":"","publisher":{"@id":"https:\/\/www.link2fleet.com\/fr\/#organization"},"potentialAction":[{"@type":"SearchAction","target":{"@type":"EntryPoint","urlTemplate":"https:\/\/www.link2fleet.com\/fr\/?s={search_term_string}"},"query-input":{"@type":"PropertyValueSpecification","valueRequired":true,"valueName":"search_term_string"}}],"inLanguage":"fr-FR"},{"@type":"Organization","@id":"https:\/\/www.link2fleet.com\/fr\/#organization","name":"Link2fleet","url":"https:\/\/www.link2fleet.com\/fr\/","logo":{"@type":"ImageObject","inLanguage":"fr-FR","@id":"https:\/\/www.link2fleet.com\/fr\/#\/schema\/logo\/image\/","url":"https:\/\/static.link2fleet.com\/wp-content\/uploads\/2024\/03\/share-image.jpg","contentUrl":"https:\/\/static.link2fleet.com\/wp-content\/uploads\/2024\/03\/share-image.jpg","width":1200,"height":630,"caption":"Link2fleet"},"image":{"@id":"https:\/\/www.link2fleet.com\/fr\/#\/schema\/logo\/image\/"},"sameAs":["https:\/\/www.linkedin.com\/company\/link2fleet-belgium","https:\/\/www.youtube.com\/user\/MMMBMBE"]},{"@type":"Person","@id":"https:\/\/www.link2fleet.com\/fr\/#\/schema\/person\/027cd46113c78036b3809c9a054049da","name":"Damien Malvetti","image":{"@type":"ImageObject","inLanguage":"fr-FR","@id":"https:\/\/secure.gravatar.com\/avatar\/dd8cc03b49466c735f753ac37f8caa371af16dfed347456ed61f02883255eebb?s=96&d=mm&r=g","url":"https:\/\/secure.gravatar.com\/avatar\/dd8cc03b49466c735f753ac37f8caa371af16dfed347456ed61f02883255eebb?s=96&d=mm&r=g","contentUrl":"https:\/\/secure.gravatar.com\/avatar\/dd8cc03b49466c735f753ac37f8caa371af16dfed347456ed61f02883255eebb?s=96&d=mm&r=g","caption":"Damien Malvetti"},"description":"Damien Malvetti is opgeleid als journalist en gepassioneerd door wagens, technologie en mobiliteit. Hij is verantwoordelijk voor de redactionele inhoud van link2fleet en beschikt over een uitgebreide kennis van de fleet-sector en elektrische mobiliteit.","sameAs":["https:\/\/www.linkedin.com\/in\/damien-malvetti-56601142\/"]}]}},"_links":{"self":[{"href":"https:\/\/www.link2fleet.com\/fr\/wp-json\/wp\/v2\/posts\/525","targetHints":{"allow":["GET"]}}],"collection":[{"href":"https:\/\/www.link2fleet.com\/fr\/wp-json\/wp\/v2\/posts"}],"about":[{"href":"https:\/\/www.link2fleet.com\/fr\/wp-json\/wp\/v2\/types\/post"}],"author":[{"embeddable":true,"href":"https:\/\/www.link2fleet.com\/fr\/wp-json\/wp\/v2\/users\/4"}],"replies":[{"embeddable":true,"href":"https:\/\/www.link2fleet.com\/fr\/wp-json\/wp\/v2\/comments?post=525"}],"version-history":[{"count":0,"href":"https:\/\/www.link2fleet.com\/fr\/wp-json\/wp\/v2\/posts\/525\/revisions"}],"wp:featuredmedia":[{"embeddable":true,"href":"https:\/\/www.link2fleet.com\/fr\/wp-json\/wp\/v2\/media\/656"}],"wp:attachment":[{"href":"https:\/\/www.link2fleet.com\/fr\/wp-json\/wp\/v2\/media?parent=525"}],"wp:term":[{"taxonomy":"category","embeddable":true,"href":"https:\/\/www.link2fleet.com\/fr\/wp-json\/wp\/v2\/categories?post=525"},{"taxonomy":"post_tag","embeddable":true,"href":"https:\/\/www.link2fleet.com\/fr\/wp-json\/wp\/v2\/tags?post=525"}],"curies":[{"name":"wp","href":"https:\/\/api.w.org\/{rel}","templated":true}]}}